{"id":10092,"date":"2024-06-20T10:52:44","date_gmt":"2024-06-20T08:52:44","guid":{"rendered":"https:\/\/footdavant.fr\/actualites\/nouvelles-du-transfert-de-barcelone-les-geants-de-la-liga-soumissionnent-pour-recruter-la-star-de-manchester-united\/"},"modified":"2024-06-20T10:52:45","modified_gmt":"2024-06-20T08:52:45","slug":"nouvelles-du-transfert-de-barcelone-les-geants-de-la-liga-soumissionnent-pour-recruter-la-star-de-manchester-united","status":"publish","type":"post","link":"https:\/\/footdavant.fr\/actualites\/nouvelles-du-transfert-de-barcelone-les-geants-de-la-liga-soumissionnent-pour-recruter-la-star-de-manchester-united\/","title":{"rendered":"Nouvelles du transfert de Barcelone: \u200b\u200bles g\u00e9ants de la Liga \u00ab soumissionnent \u00bb pour recruter la star de Manchester United"},"content":{"rendered":"<p>Barcelone consid\u00e8re le milieu de terrain de Manchester United Kobbie Mainoo comme l&#39;une des principales cibles de transfert cet \u00e9t\u00e9, selon un rapport.<\/p>\n<div id=\"article_body\" itemprop=\"articleBody\">\n<h3 class=\"firstPara\">\n<strong class=\"autotag\">Barcelone<\/strong> auraient acc\u00e9l\u00e9r\u00e9 leur int\u00e9r\u00eat pour <strong class=\"autotag\">Kobbie Mainoo<\/strong>l&#39;\u00e9quipe de la Liga \u00e9tant d\u00e9termin\u00e9e \u00e0 signer le <strong class=\"autotag\">Manchester United<\/strong> jeune lors du mercato de cet \u00e9t\u00e9.<\/h3>\n<p>Le joueur de 19 ans, qui fait actuellement partie de l&#39;\u00e9quipe d&#39;Angleterre \u00e0 l&#39;Euro 2024, a repr\u00e9sent\u00e9 les Diables Rouges \u00e0 32 reprises au cours de la campagne 2023-24, marquant cinq buts et enregistrant une passe d\u00e9cisive.<\/p>\n<p>Mainoo a inscrit trois buts et une passe d\u00e9cisive en 24 matches de Premier League, tandis qu&#39;il a marqu\u00e9 deux fois en six matches de FA Cup, notamment en finale contre Manchester City. <strong class=\"autotag\">Erik Ten Hag<\/strong>L&#39;\u00e9quipe de a remport\u00e9 le troph\u00e9e.<\/p>\n<p>L&#39;adolescent a un contrat \u00e0 Old Trafford jusqu&#39;en juin 2027, mais Man United serait d\u00e9termin\u00e9 \u00e0 lui signer un nouveau contrat, qui comprendrait une augmentation de salaire significative.<\/p>\n<p>On ne pense pas que Mainoo ait l&#39;intention de quitter les Diables Rouges, mais des sp\u00e9culations ont r\u00e9cemment eu lieu autour d&#39;un int\u00e9r\u00eat potentiel de Barcelone pendant le march\u00e9 d&#39;\u00e9t\u00e9.<\/p>\n<p class=\"imgI\">\n<h2 class=\"k3\">Barcelone \u00ab\u00a0veut amener Mainoo au Camp Nou\u00a0\u00bb<\/h2>\n<p>Un rapport r\u00e9cent affirmait que Barcelone \u00e9tait pr\u00eat \u00e0 offrir \u00e0 Man United 10 millions d&#39;euros (8,5 millions de livres sterling) plus l&#39;attaquant br\u00e9silien. <strong class=\"autotag\">Raphinha<\/strong> en \u00e9change de Mainoo cet \u00e9t\u00e9.<\/p>\n<p>Selon le journaliste <strong class=\"autotag\">Sacha Tavolieri<\/strong>il y a un int\u00e9r\u00eat significatif de la part de Barcelone, Man United \u00e9tant inform\u00e9 que l&#39;\u00e9quipe catalane souhaite signer son prodige cet \u00e9t\u00e9.<\/p>\n<p>Tavolieri affirme que les Red Devils sont actuellement en pourparlers avec les repr\u00e9sentants de Mainoo au sujet d&#39;un nouveau contrat, le club \u00e9tant d\u00e9termin\u00e9 \u00e0 assurer son avenir.<\/p>\n<p>L&#39;Anglais, issu du syst\u00e8me de jeunesse de Man United, a fait ses d\u00e9buts dans l&#39;\u00e9quipe premi\u00e8re en 2023, terminant la campagne 2022-23 avec trois apparitions avant de percer pleinement la saison derni\u00e8re.<\/p>\n<p class=\"imgI\"><img decoding=\"async\" loading=\"lazy\" class=\"l\" src=\"https:\/\/footdavant.fr\/actualites\/wp-content\/uploads\/2024\/06\/1718873564_658_Nouvelles-du-transfert-de-Barcelone-\u200b\u200bles-geants-de-la-Liga.JPG\" title=\"Le milieu de terrain de Manchester United Kobbie Mainoo le 22 juillet 2023\" alt=\"Le milieu de terrain de Manchester United Kobbie Mainoo le 22 juillet 2023\" width=\"640\" height=\"480\"><\/p>\n<h2 class=\"k3\">Comment la situation va-t-elle \u00e9voluer ?<\/h2>\n<p>Si Man United a l\u2019ambition de revenir \u00e0 ses anciennes gloires, il lui suffit alors de garder Mainoo, plus que tout autre joueur de l\u2019\u00e9quipe.<\/p>\n<p>L&#39;adolescent a \u00e9t\u00e9 la lumi\u00e8re brillante de l&#39;\u00e9quipe lors d&#39;une campagne 2023-24 difficile, et ce n&#39;\u00e9tait pas une surprise lorsqu&#39;il a \u00e9t\u00e9 nomm\u00e9 dans l&#39;\u00e9quipe d&#39;Angleterre pour le Championnat d&#39;Europe.<\/p>\n<p>Man United devra d\u00e9placer des joueurs cet \u00e9t\u00e9 pour des raisons financi\u00e8res, mais toute discussion sur un d\u00e9part de Mainoo doit \u00eatre imm\u00e9diatement interrompue par le club.<\/p>\n<p>Il est \u00e9galement difficile d\u2019imaginer que Barcelone puisse r\u00e9unir le type d\u2019argent n\u00e9cessaire pour recruter l\u2019un des meilleurs jeunes talents du football mondial.<\/p>\n<p>En cons\u00e9quence, un nouveau contrat pour Mainoo devrait \u00eatre le r\u00e9sultat de la situation, Man United \u00e9tant susceptible de faire une annonce plus tard cette ann\u00e9e, car les n\u00e9gociations sur un nouvel accord ne s&#39;acc\u00e9l\u00e9reront qu&#39;apr\u00e8s l&#39;Euro 2024.<\/p>\n<\/div>\n","protected":false},"excerpt":{"rendered":"<p>Barcelone consid\u00e8re le milieu de terrain de Manchester United Kobbie Mainoo comme l&#39;une des principales cibles de transfert cet \u00e9t\u00e9, selon un rapport. Barcelone auraient<\/p>\n","protected":false},"author":1,"featured_media":10093,"comment_status":"closed","ping_status":"","sticky":false,"template":"","format":"standard","meta":{"footnotes":""},"categories":[5],"tags":[130,4740,93,1704,11,461,51,1284,5425,1621,700,13],"yoast_head":"<!-- This site is optimized with the Yoast SEO plugin v21.0 - https:\/\/yoast.com\/wordpress\/plugins\/seo\/ -->\n<title>Nouvelles du transfert de Barcelone: \u200b\u200bles g\u00e9ants de la Liga \u00ab soumissionnent \u00bb pour recruter la star de Manchester United<\/title>\n<meta name=\"robots\" content=\"index, follow, max-snippet:-1, max-image-preview:large, max-video-preview:-1\" \/>\n<link rel=\"canonical\" href=\"https:\/\/footdavant.fr\/actualites\/nouvelles-du-transfert-de-barcelone-les-geants-de-la-liga-soumissionnent-pour-recruter-la-star-de-manchester-united\/\" \/>\n<meta property=\"og:locale\" content=\"fr_FR\" \/>\n<meta property=\"og:type\" content=\"article\" \/>\n<meta property=\"og:title\" content=\"Nouvelles du transfert de Barcelone: \u200b\u200bles g\u00e9ants de la Liga \u00ab soumissionnent \u00bb pour recruter la star de Manchester United\" \/>\n<meta property=\"og:description\" content=\"Barcelone consid\u00e8re le milieu de terrain de Manchester United Kobbie Mainoo comme l&#039;une des principales cibles de transfert cet \u00e9t\u00e9, selon un rapport. Barcelone auraient\" \/>\n<meta property=\"og:url\" content=\"https:\/\/footdavant.fr\/actualites\/nouvelles-du-transfert-de-barcelone-les-geants-de-la-liga-soumissionnent-pour-recruter-la-star-de-manchester-united\/\" \/>\n<meta property=\"og:site_name\" content=\"Foot d&#039;avant\" \/>\n<meta property=\"article:publisher\" content=\"https:\/\/www.facebook.com\/Footdavant\/\" \/>\n<meta property=\"article:published_time\" content=\"2024-06-20T08:52:44+00:00\" \/>\n<meta property=\"article:modified_time\" content=\"2024-06-20T08:52:45+00:00\" \/>\n<meta property=\"og:image\" content=\"https:\/\/footdavant.fr\/actualites\/wp-content\/uploads\/2024\/06\/Nouvelles-du-transfert-de-Barcelone-\u200b\u200bles-geants-de-la-Liga.JPG\" \/>\n\t<meta property=\"og:image:width\" content=\"640\" \/>\n\t<meta property=\"og:image:height\" content=\"480\" \/>\n\t<meta property=\"og:image:type\" content=\"image\/jpeg\" \/>\n<meta name=\"author\" content=\"Cl\u00e9ment\" \/>\n<meta name=\"twitter:card\" content=\"summary_large_image\" \/>\n<meta name=\"twitter:creator\" content=\"@FootdavantFr\" \/>\n<meta name=\"twitter:site\" content=\"@FootdavantFr\" \/>\n<meta name=\"twitter:label1\" content=\"\u00c9crit par\" \/>\n\t<meta name=\"twitter:data1\" content=\"Cl\u00e9ment\" \/>\n\t<meta name=\"twitter:label2\" content=\"Dur\u00e9e de lecture estim\u00e9e\" \/>\n\t<meta name=\"twitter:data2\" content=\"3 minutes\" \/>\n<script type=\"application\/ld+json\" class=\"yoast-schema-graph\">{\"@context\":\"https:\/\/schema.org\",\"@graph\":[{\"@type\":\"Article\",\"@id\":\"https:\/\/footdavant.fr\/actualites\/nouvelles-du-transfert-de-barcelone-les-geants-de-la-liga-soumissionnent-pour-recruter-la-star-de-manchester-united\/#article\",\"isPartOf\":{\"@id\":\"https:\/\/footdavant.fr\/actualites\/nouvelles-du-transfert-de-barcelone-les-geants-de-la-liga-soumissionnent-pour-recruter-la-star-de-manchester-united\/\"},\"author\":{\"name\":\"Cl\u00e9ment\",\"@id\":\"https:\/\/footdavant.fr\/actualites\/#\/schema\/person\/bc222566d95871b37e597b3ed3ba5e1d\"},\"headline\":\"Nouvelles du transfert de Barcelone: \u200b\u200bles g\u00e9ants de la Liga \u00ab soumissionnent \u00bb pour recruter la star de Manchester United\",\"datePublished\":\"2024-06-20T08:52:44+00:00\",\"dateModified\":\"2024-06-20T08:52:45+00:00\",\"mainEntityOfPage\":{\"@id\":\"https:\/\/footdavant.fr\/actualites\/nouvelles-du-transfert-de-barcelone-les-geants-de-la-liga-soumissionnent-pour-recruter-la-star-de-manchester-united\/\"},\"wordCount\":534,\"publisher\":{\"@id\":\"https:\/\/footdavant.fr\/actualites\/#organization\"},\"keywords\":[\"Barcelone\",\"g\u00e9ants\",\"les\",\"Liga\",\"Manchester\",\"Nouvelles\",\"pour\",\"recruter\",\"soumissionnent\",\"Star\",\"transfert\",\"United\"],\"articleSection\":[\"Premier League\"],\"inLanguage\":\"fr-FR\"},{\"@type\":\"WebPage\",\"@id\":\"https:\/\/footdavant.fr\/actualites\/nouvelles-du-transfert-de-barcelone-les-geants-de-la-liga-soumissionnent-pour-recruter-la-star-de-manchester-united\/\",\"url\":\"https:\/\/footdavant.fr\/actualites\/nouvelles-du-transfert-de-barcelone-les-geants-de-la-liga-soumissionnent-pour-recruter-la-star-de-manchester-united\/\",\"name\":\"Nouvelles du transfert de Barcelone: \u200b\u200bles g\u00e9ants de la Liga \u00ab soumissionnent \u00bb pour recruter la star de Manchester United\",\"isPartOf\":{\"@id\":\"https:\/\/footdavant.fr\/actualites\/#website\"},\"datePublished\":\"2024-06-20T08:52:44+00:00\",\"dateModified\":\"2024-06-20T08:52:45+00:00\",\"breadcrumb\":{\"@id\":\"https:\/\/footdavant.fr\/actualites\/nouvelles-du-transfert-de-barcelone-les-geants-de-la-liga-soumissionnent-pour-recruter-la-star-de-manchester-united\/#breadcrumb\"},\"inLanguage\":\"fr-FR\",\"potentialAction\":[{\"@type\":\"ReadAction\",\"target\":[\"https:\/\/footdavant.fr\/actualites\/nouvelles-du-transfert-de-barcelone-les-geants-de-la-liga-soumissionnent-pour-recruter-la-star-de-manchester-united\/\"]}]},{\"@type\":\"BreadcrumbList\",\"@id\":\"https:\/\/footdavant.fr\/actualites\/nouvelles-du-transfert-de-barcelone-les-geants-de-la-liga-soumissionnent-pour-recruter-la-star-de-manchester-united\/#breadcrumb\",\"itemListElement\":[{\"@type\":\"ListItem\",\"position\":1,\"name\":\"Accueil\",\"item\":\"https:\/\/footdavant.fr\/actualites\/\"},{\"@type\":\"ListItem\",\"position\":2,\"name\":\"Nouvelles du transfert de Barcelone: \u200b\u200bles g\u00e9ants de la Liga \u00ab soumissionnent \u00bb pour recruter la star de Manchester United\"}]},{\"@type\":\"WebSite\",\"@id\":\"https:\/\/footdavant.fr\/actualites\/#website\",\"url\":\"https:\/\/footdavant.fr\/actualites\/\",\"name\":\"Foot d'avant\",\"description\":\"\",\"publisher\":{\"@id\":\"https:\/\/footdavant.fr\/actualites\/#organization\"},\"potentialAction\":[{\"@type\":\"SearchAction\",\"target\":{\"@type\":\"EntryPoint\",\"urlTemplate\":\"https:\/\/footdavant.fr\/actualites\/?s={search_term_string}\"},\"query-input\":\"required name=search_term_string\"}],\"inLanguage\":\"fr-FR\"},{\"@type\":\"Organization\",\"@id\":\"https:\/\/footdavant.fr\/actualites\/#organization\",\"name\":\"Foot d'avant\",\"url\":\"https:\/\/footdavant.fr\/actualites\/\",\"logo\":{\"@type\":\"ImageObject\",\"inLanguage\":\"fr-FR\",\"@id\":\"https:\/\/footdavant.fr\/actualites\/#\/schema\/logo\/image\/\",\"url\":\"https:\/\/footdavant.fr\/actualites\/wp-content\/uploads\/2023\/09\/Copy-of-FootDavant-Logo.png\",\"contentUrl\":\"https:\/\/footdavant.fr\/actualites\/wp-content\/uploads\/2023\/09\/Copy-of-FootDavant-Logo.png\",\"width\":936,\"height\":549,\"caption\":\"Foot d'avant\"},\"image\":{\"@id\":\"https:\/\/footdavant.fr\/actualites\/#\/schema\/logo\/image\/\"},\"sameAs\":[\"https:\/\/www.facebook.com\/Footdavant\/\",\"https:\/\/twitter.com\/FootdavantFr\",\"https:\/\/www.instagram.com\/footdavant.fr\/\"]},{\"@type\":\"Person\",\"@id\":\"https:\/\/footdavant.fr\/actualites\/#\/schema\/person\/bc222566d95871b37e597b3ed3ba5e1d\",\"name\":\"Cl\u00e9ment\",\"image\":{\"@type\":\"ImageObject\",\"inLanguage\":\"fr-FR\",\"@id\":\"https:\/\/footdavant.fr\/actualites\/#\/schema\/person\/image\/\",\"url\":\"https:\/\/secure.gravatar.com\/avatar\/7728b29aac2719421e1a9159b2254c44?s=96&d=mm&r=g\",\"contentUrl\":\"https:\/\/secure.gravatar.com\/avatar\/7728b29aac2719421e1a9159b2254c44?s=96&d=mm&r=g\",\"caption\":\"Cl\u00e9ment\"},\"sameAs\":[\"https:\/\/footdavant.fr\/\"]}]}<\/script>\n<!-- \/ Yoast SEO plugin. -->","yoast_head_json":{"title":"Nouvelles du transfert de Barcelone: \u200b\u200bles g\u00e9ants de la Liga \u00ab soumissionnent \u00bb pour recruter la star de Manchester United","robots":{"index":"index","follow":"follow","max-snippet":"max-snippet:-1","max-image-preview":"max-image-preview:large","max-video-preview":"max-video-preview:-1"},"canonical":"https:\/\/footdavant.fr\/actualites\/nouvelles-du-transfert-de-barcelone-les-geants-de-la-liga-soumissionnent-pour-recruter-la-star-de-manchester-united\/","og_locale":"fr_FR","og_type":"article","og_title":"Nouvelles du transfert de Barcelone: \u200b\u200bles g\u00e9ants de la Liga \u00ab soumissionnent \u00bb pour recruter la star de Manchester United","og_description":"Barcelone consid\u00e8re le milieu de terrain de Manchester United Kobbie Mainoo comme l&#39;une des principales cibles de transfert cet \u00e9t\u00e9, selon un rapport. Barcelone auraient","og_url":"https:\/\/footdavant.fr\/actualites\/nouvelles-du-transfert-de-barcelone-les-geants-de-la-liga-soumissionnent-pour-recruter-la-star-de-manchester-united\/","og_site_name":"Foot d&#039;avant","article_publisher":"https:\/\/www.facebook.com\/Footdavant\/","article_published_time":"2024-06-20T08:52:44+00:00","article_modified_time":"2024-06-20T08:52:45+00:00","og_image":[{"width":640,"height":480,"url":"https:\/\/footdavant.fr\/actualites\/wp-content\/uploads\/2024\/06\/Nouvelles-du-transfert-de-Barcelone-\u200b\u200bles-geants-de-la-Liga.JPG","type":"image\/jpeg"}],"author":"Cl\u00e9ment","twitter_card":"summary_large_image","twitter_creator":"@FootdavantFr","twitter_site":"@FootdavantFr","twitter_misc":{"\u00c9crit par":"Cl\u00e9ment","Dur\u00e9e de lecture estim\u00e9e":"3 minutes"},"schema":{"@context":"https:\/\/schema.org","@graph":[{"@type":"Article","@id":"https:\/\/footdavant.fr\/actualites\/nouvelles-du-transfert-de-barcelone-les-geants-de-la-liga-soumissionnent-pour-recruter-la-star-de-manchester-united\/#article","isPartOf":{"@id":"https:\/\/footdavant.fr\/actualites\/nouvelles-du-transfert-de-barcelone-les-geants-de-la-liga-soumissionnent-pour-recruter-la-star-de-manchester-united\/"},"author":{"name":"Cl\u00e9ment","@id":"https:\/\/footdavant.fr\/actualites\/#\/schema\/person\/bc222566d95871b37e597b3ed3ba5e1d"},"headline":"Nouvelles du transfert de Barcelone: \u200b\u200bles g\u00e9ants de la Liga \u00ab soumissionnent \u00bb pour recruter la star de Manchester United","datePublished":"2024-06-20T08:52:44+00:00","dateModified":"2024-06-20T08:52:45+00:00","mainEntityOfPage":{"@id":"https:\/\/footdavant.fr\/actualites\/nouvelles-du-transfert-de-barcelone-les-geants-de-la-liga-soumissionnent-pour-recruter-la-star-de-manchester-united\/"},"wordCount":534,"publisher":{"@id":"https:\/\/footdavant.fr\/actualites\/#organization"},"keywords":["Barcelone","g\u00e9ants","les","Liga","Manchester","Nouvelles","pour","recruter","soumissionnent","Star","transfert","United"],"articleSection":["Premier League"],"inLanguage":"fr-FR"},{"@type":"WebPage","@id":"https:\/\/footdavant.fr\/actualites\/nouvelles-du-transfert-de-barcelone-les-geants-de-la-liga-soumissionnent-pour-recruter-la-star-de-manchester-united\/","url":"https:\/\/footdavant.fr\/actualites\/nouvelles-du-transfert-de-barcelone-les-geants-de-la-liga-soumissionnent-pour-recruter-la-star-de-manchester-united\/","name":"Nouvelles du transfert de Barcelone: \u200b\u200bles g\u00e9ants de la Liga \u00ab soumissionnent \u00bb pour recruter la star de Manchester United","isPartOf":{"@id":"https:\/\/footdavant.fr\/actualites\/#website"},"datePublished":"2024-06-20T08:52:44+00:00","dateModified":"2024-06-20T08:52:45+00:00","breadcrumb":{"@id":"https:\/\/footdavant.fr\/actualites\/nouvelles-du-transfert-de-barcelone-les-geants-de-la-liga-soumissionnent-pour-recruter-la-star-de-manchester-united\/#breadcrumb"},"inLanguage":"fr-FR","potentialAction":[{"@type":"ReadAction","target":["https:\/\/footdavant.fr\/actualites\/nouvelles-du-transfert-de-barcelone-les-geants-de-la-liga-soumissionnent-pour-recruter-la-star-de-manchester-united\/"]}]},{"@type":"BreadcrumbList","@id":"https:\/\/footdavant.fr\/actualites\/nouvelles-du-transfert-de-barcelone-les-geants-de-la-liga-soumissionnent-pour-recruter-la-star-de-manchester-united\/#breadcrumb","itemListElement":[{"@type":"ListItem","position":1,"name":"Accueil","item":"https:\/\/footdavant.fr\/actualites\/"},{"@type":"ListItem","position":2,"name":"Nouvelles du transfert de Barcelone: \u200b\u200bles g\u00e9ants de la Liga \u00ab soumissionnent \u00bb pour recruter la star de Manchester United"}]},{"@type":"WebSite","@id":"https:\/\/footdavant.fr\/actualites\/#website","url":"https:\/\/footdavant.fr\/actualites\/","name":"Foot d'avant","description":"","publisher":{"@id":"https:\/\/footdavant.fr\/actualites\/#organization"},"potentialAction":[{"@type":"SearchAction","target":{"@type":"EntryPoint","urlTemplate":"https:\/\/footdavant.fr\/actualites\/?s={search_term_string}"},"query-input":"required name=search_term_string"}],"inLanguage":"fr-FR"},{"@type":"Organization","@id":"https:\/\/footdavant.fr\/actualites\/#organization","name":"Foot d'avant","url":"https:\/\/footdavant.fr\/actualites\/","logo":{"@type":"ImageObject","inLanguage":"fr-FR","@id":"https:\/\/footdavant.fr\/actualites\/#\/schema\/logo\/image\/","url":"https:\/\/footdavant.fr\/actualites\/wp-content\/uploads\/2023\/09\/Copy-of-FootDavant-Logo.png","contentUrl":"https:\/\/footdavant.fr\/actualites\/wp-content\/uploads\/2023\/09\/Copy-of-FootDavant-Logo.png","width":936,"height":549,"caption":"Foot d'avant"},"image":{"@id":"https:\/\/footdavant.fr\/actualites\/#\/schema\/logo\/image\/"},"sameAs":["https:\/\/www.facebook.com\/Footdavant\/","https:\/\/twitter.com\/FootdavantFr","https:\/\/www.instagram.com\/footdavant.fr\/"]},{"@type":"Person","@id":"https:\/\/footdavant.fr\/actualites\/#\/schema\/person\/bc222566d95871b37e597b3ed3ba5e1d","name":"Cl\u00e9ment","image":{"@type":"ImageObject","inLanguage":"fr-FR","@id":"https:\/\/footdavant.fr\/actualites\/#\/schema\/person\/image\/","url":"https:\/\/secure.gravatar.com\/avatar\/7728b29aac2719421e1a9159b2254c44?s=96&d=mm&r=g","contentUrl":"https:\/\/secure.gravatar.com\/avatar\/7728b29aac2719421e1a9159b2254c44?s=96&d=mm&r=g","caption":"Cl\u00e9ment"},"sameAs":["https:\/\/footdavant.fr\/"]}]}},"_links":{"self":[{"href":"https:\/\/footdavant.fr\/actualites\/wp-json\/wp\/v2\/posts\/10092"}],"collection":[{"href":"https:\/\/footdavant.fr\/actualites\/wp-json\/wp\/v2\/posts"}],"about":[{"href":"https:\/\/footdavant.fr\/actualites\/wp-json\/wp\/v2\/types\/post"}],"author":[{"embeddable":true,"href":"https:\/\/footdavant.fr\/actualites\/wp-json\/wp\/v2\/users\/1"}],"replies":[{"embeddable":true,"href":"https:\/\/footdavant.fr\/actualites\/wp-json\/wp\/v2\/comments?post=10092"}],"version-history":[{"count":1,"href":"https:\/\/footdavant.fr\/actualites\/wp-json\/wp\/v2\/posts\/10092\/revisions"}],"predecessor-version":[{"id":10094,"href":"https:\/\/footdavant.fr\/actualites\/wp-json\/wp\/v2\/posts\/10092\/revisions\/10094"}],"wp:featuredmedia":[{"embeddable":true,"href":"https:\/\/footdavant.fr\/actualites\/wp-json\/wp\/v2\/media\/10093"}],"wp:attachment":[{"href":"https:\/\/footdavant.fr\/actualites\/wp-json\/wp\/v2\/media?parent=10092"}],"wp:term":[{"taxonomy":"category","embeddable":true,"href":"https:\/\/footdavant.fr\/actualites\/wp-json\/wp\/v2\/categories?post=10092"},{"taxonomy":"post_tag","embeddable":true,"href":"https:\/\/footdavant.fr\/actualites\/wp-json\/wp\/v2\/tags?post=10092"}],"curies":[{"name":"wp","href":"https:\/\/api.w.org\/{rel}","templated":true}]}}