{"id":10205,"date":"2024-06-23T16:49:57","date_gmt":"2024-06-23T14:49:57","guid":{"rendered":"https:\/\/footdavant.fr\/actualites\/alex-caruso-a-ete-echange-au-thunder-doklahoma-city\/"},"modified":"2024-06-23T16:49:58","modified_gmt":"2024-06-23T14:49:58","slug":"alex-caruso-a-ete-echange-au-thunder-doklahoma-city","status":"publish","type":"post","link":"https:\/\/footdavant.fr\/actualites\/alex-caruso-a-ete-echange-au-thunder-doklahoma-city\/","title":{"rendered":"Alex Caruso a \u00e9t\u00e9 \u00e9chang\u00e9 au Thunder d&#39;Oklahoma City"},"content":{"rendered":"<div>\n<p>Selon Adrian Wojnarowski d&#39;ESPN, le Thunder a \u00e9chang\u00e9 Josh Giddey aux Bulls en \u00e9change d&#39;Alex Caruso.  Giddey a perdu sa place de titulaire face \u00e0 Isaiah Joe pour les deux derniers matchs \u00e9liminatoires de l&#39;OKC en 2024. Le directeur g\u00e9n\u00e9ral Sam Presti convoitait depuis longtemps Alex Caruso et Chicago \u00e9tait pr\u00eat \u00e0 conclure un accord.  Le Thunder compte d\u00e9sormais deux des meilleurs d\u00e9fenseurs de la ligue, Alex Caruso et Luguentz Dort.<\/p>\n<h2>Alex Caruso contribuera \u00e0 apporter un autre niveau d&#39;intensit\u00e9 \u00e0 la d\u00e9fense du Thunder en 2024-2025<\/h2>\n<blockquote class=\"twitter-tweet\">\n<p dir=\"ltr\" lang=\"en\">RUPTURE : Les Chicago Bulls \u00e9changent le double garde d\u00e9fensif Alex Caruso au Thunder d&#39;Oklahoma City contre le garde Josh Giddey, ont indiqu\u00e9 des sources \u00e0 ESPN. <a rel=\"nofollow\" href=\"https:\/\/t.co\/V3t12MA3Uo\">pic.twitter.com\/V3t12MA3Uo<\/a><\/p>\n<p>\u2013Adrian Wojnarowski (@wojespn) <a rel=\"nofollow\" href=\"https:\/\/twitter.com\/wojespn\/status\/1803897811894964336?ref_src=twsrc%5Etfw\">20 juin 2024<\/a><\/p>\n<\/blockquote>\n<p>Lors du rep\u00eachage de la NBA 2021, le Thunder d&#39;Oklahoma City a utilis\u00e9 le sixi\u00e8me choix au classement g\u00e9n\u00e9ral sur Josh Giddey.  Au cours de sa deuxi\u00e8me saison avec l&#39;\u00e9quipe en 2022-23, Giddey a am\u00e9lior\u00e9 ses points et ses rebonds par match.  Cependant, ses moyennes ont pris du recul la saison derni\u00e8re malgr\u00e9 un sommet en carri\u00e8re de 80 matchs pour le Thunder.  Le directeur g\u00e9n\u00e9ral Sam Presti a estim\u00e9 que l&#39;\u00e9quipe pourrait utiliser une mise \u00e0 niveau pour remplacer Giddey et les Bulls \u00e9taient pr\u00eats \u00e0 conclure un accord.<\/p>\n<p>D\u00e9sormais, Alex Caruso est membre du Thunder et fera partie int\u00e9grante de leur identit\u00e9 d\u00e9fensive.  Au cours des trois derni\u00e8res saisons, Caruso \u00e9tait membre des Chicago Bulls.  Il a sign\u00e9 un contrat de 36,9 millions de dollars sur quatre ans avec Chicago.  Caruso se dirige vers la derni\u00e8re saison de son contrat.  Le joueur de 20 ans a \u00e9t\u00e9 l\u2019un des acteurs les plus convoit\u00e9s au cours des derni\u00e8res saisons.  Il ne vous \u00e9patera jamais chaque soir avec ses comp\u00e9tences offensives.  Cependant, vous savez que Caruso va \u00eatre un ravageur du c\u00f4t\u00e9 d\u00e9fensif et quelqu&#39;un sur lequel votre \u00e9quipe peut compter.<\/p>\n<blockquote class=\"twitter-tweet\">\n<p dir=\"ltr\" lang=\"en\">Alex Caruso, sans doute le meilleur d\u00e9fenseur de la NBA<\/p>\n<p>Mesures d\u2019impact ELITE.  Cr\u00e9ation d&#39;\u00e9v\u00e9nements d\u00e9fensifs malades.  Un perturbateur de rythme de tous les temps.  82 passes vol\u00e9es (la plupart par minute en NBA).  Navigateur \u00e0 \u00e9cran physique.  Bonne chance pour poster sur un switch.  ET une menace de transition et un jeu de tir ponctuel. <a rel=\"nofollow\" href=\"https:\/\/t.co\/3rTOTBGoLv\">pic.twitter.com\/3rTOTBGoLv<\/a><\/p>\n<p>\u2013 Universit\u00e9 NBA (@NBA_University) <a rel=\"nofollow\" href=\"https:\/\/twitter.com\/NBA_University\/status\/1803970179480662262?ref_src=twsrc%5Etfw\">21 juin 2024<\/a><\/p>\n<\/blockquote>\n<p>Au cours de sa carri\u00e8re de sept ans dans la NBA, Alex Caruso a jusqu&#39;\u00e0 pr\u00e9sent deux s\u00e9lections All-Defensive.  Ils sont venus lors de chacune de ses deux derni\u00e8res saisons.  Caruso a fait partie de la premi\u00e8re \u00e9quipe enti\u00e8rement d\u00e9fensive en 2022-23 et de la deuxi\u00e8me \u00e9quipe enti\u00e8rement d\u00e9fensive en 2023-24.  D\u00e9sormais, les Bulls disposent de trois d\u00e9fenseurs de haut niveau, Alex Caruso, Luguentz Dort et Shai Gilgeous-Alexander.  Attendez-vous \u00e0 ce que le Thunder soit l&#39;une des meilleures \u00e9quipes d\u00e9fensives de la NBA la saison prochaine.<\/p>\n<\/p><\/div>\n<p><script async src=\"https:\/\/platform.twitter.com\/widgets.js\" charset=\"utf-8\"><\/script><\/p>\n","protected":false},"excerpt":{"rendered":"<p>Selon Adrian Wojnarowski d&#39;ESPN, le Thunder a \u00e9chang\u00e9 Josh Giddey aux Bulls en \u00e9change d&#39;Alex Caruso. Giddey a perdu sa place de titulaire face \u00e0<\/p>\n","protected":false},"author":1,"featured_media":10206,"comment_status":"closed","ping_status":"","sticky":false,"template":"","format":"standard","meta":{"footnotes":""},"categories":[3],"tags":[1914,5478,27,5480,526,776,5479],"yoast_head":"<!-- This site is optimized with the Yoast SEO plugin v21.0 - https:\/\/yoast.com\/wordpress\/plugins\/seo\/ -->\n<title>Alex Caruso a \u00e9t\u00e9 \u00e9chang\u00e9 au Thunder d&#039;Oklahoma City<\/title>\n<meta name=\"robots\" content=\"index, follow, max-snippet:-1, max-image-preview:large, max-video-preview:-1\" \/>\n<link rel=\"canonical\" href=\"https:\/\/footdavant.fr\/actualites\/alex-caruso-a-ete-echange-au-thunder-doklahoma-city\/\" \/>\n<meta property=\"og:locale\" content=\"fr_FR\" \/>\n<meta property=\"og:type\" content=\"article\" \/>\n<meta property=\"og:title\" content=\"Alex Caruso a \u00e9t\u00e9 \u00e9chang\u00e9 au Thunder d&#039;Oklahoma City\" \/>\n<meta property=\"og:description\" content=\"Selon Adrian Wojnarowski d&#039;ESPN, le Thunder a \u00e9chang\u00e9 Josh Giddey aux Bulls en \u00e9change d&#039;Alex Caruso. Giddey a perdu sa place de titulaire face \u00e0\" \/>\n<meta property=\"og:url\" content=\"https:\/\/footdavant.fr\/actualites\/alex-caruso-a-ete-echange-au-thunder-doklahoma-city\/\" \/>\n<meta property=\"og:site_name\" content=\"Foot d&#039;avant\" \/>\n<meta property=\"article:publisher\" content=\"https:\/\/www.facebook.com\/Footdavant\/\" \/>\n<meta property=\"article:published_time\" content=\"2024-06-23T14:49:57+00:00\" \/>\n<meta property=\"article:modified_time\" content=\"2024-06-23T14:49:58+00:00\" \/>\n<meta property=\"og:image\" content=\"https:\/\/footdavant.fr\/actualites\/wp-content\/uploads\/2024\/06\/Alex-Caruso-a-ete-echange-au-Thunder-d39Oklahoma-City.jpg\" \/>\n\t<meta property=\"og:image:width\" content=\"696\" \/>\n\t<meta property=\"og:image:height\" content=\"391\" \/>\n\t<meta property=\"og:image:type\" content=\"image\/jpeg\" \/>\n<meta name=\"author\" content=\"Cl\u00e9ment\" \/>\n<meta name=\"twitter:card\" content=\"summary_large_image\" \/>\n<meta name=\"twitter:creator\" content=\"@FootdavantFr\" \/>\n<meta name=\"twitter:site\" content=\"@FootdavantFr\" \/>\n<meta name=\"twitter:label1\" content=\"\u00c9crit par\" \/>\n\t<meta name=\"twitter:data1\" content=\"Cl\u00e9ment\" \/>\n\t<meta name=\"twitter:label2\" content=\"Dur\u00e9e de lecture estim\u00e9e\" \/>\n\t<meta name=\"twitter:data2\" content=\"3 minutes\" \/>\n<script type=\"application\/ld+json\" class=\"yoast-schema-graph\">{\"@context\":\"https:\/\/schema.org\",\"@graph\":[{\"@type\":\"Article\",\"@id\":\"https:\/\/footdavant.fr\/actualites\/alex-caruso-a-ete-echange-au-thunder-doklahoma-city\/#article\",\"isPartOf\":{\"@id\":\"https:\/\/footdavant.fr\/actualites\/alex-caruso-a-ete-echange-au-thunder-doklahoma-city\/\"},\"author\":{\"name\":\"Cl\u00e9ment\",\"@id\":\"https:\/\/footdavant.fr\/actualites\/#\/schema\/person\/bc222566d95871b37e597b3ed3ba5e1d\"},\"headline\":\"Alex Caruso a \u00e9t\u00e9 \u00e9chang\u00e9 au Thunder d&#39;Oklahoma City\",\"datePublished\":\"2024-06-23T14:49:57+00:00\",\"dateModified\":\"2024-06-23T14:49:58+00:00\",\"mainEntityOfPage\":{\"@id\":\"https:\/\/footdavant.fr\/actualites\/alex-caruso-a-ete-echange-au-thunder-doklahoma-city\/\"},\"wordCount\":520,\"publisher\":{\"@id\":\"https:\/\/footdavant.fr\/actualites\/#organization\"},\"keywords\":[\"Alex\",\"Caruso\",\"City\",\"d39Oklahoma\",\"\u00e9chang\u00e9\",\"\u00e9t\u00e9\",\"Thunder\"],\"articleSection\":[\"Football\"],\"inLanguage\":\"fr-FR\"},{\"@type\":\"WebPage\",\"@id\":\"https:\/\/footdavant.fr\/actualites\/alex-caruso-a-ete-echange-au-thunder-doklahoma-city\/\",\"url\":\"https:\/\/footdavant.fr\/actualites\/alex-caruso-a-ete-echange-au-thunder-doklahoma-city\/\",\"name\":\"Alex Caruso a \u00e9t\u00e9 \u00e9chang\u00e9 au Thunder d&#39;Oklahoma City\",\"isPartOf\":{\"@id\":\"https:\/\/footdavant.fr\/actualites\/#website\"},\"datePublished\":\"2024-06-23T14:49:57+00:00\",\"dateModified\":\"2024-06-23T14:49:58+00:00\",\"breadcrumb\":{\"@id\":\"https:\/\/footdavant.fr\/actualites\/alex-caruso-a-ete-echange-au-thunder-doklahoma-city\/#breadcrumb\"},\"inLanguage\":\"fr-FR\",\"potentialAction\":[{\"@type\":\"ReadAction\",\"target\":[\"https:\/\/footdavant.fr\/actualites\/alex-caruso-a-ete-echange-au-thunder-doklahoma-city\/\"]}]},{\"@type\":\"BreadcrumbList\",\"@id\":\"https:\/\/footdavant.fr\/actualites\/alex-caruso-a-ete-echange-au-thunder-doklahoma-city\/#breadcrumb\",\"itemListElement\":[{\"@type\":\"ListItem\",\"position\":1,\"name\":\"Accueil\",\"item\":\"https:\/\/footdavant.fr\/actualites\/\"},{\"@type\":\"ListItem\",\"position\":2,\"name\":\"Alex Caruso a \u00e9t\u00e9 \u00e9chang\u00e9 au Thunder d&#39;Oklahoma City\"}]},{\"@type\":\"WebSite\",\"@id\":\"https:\/\/footdavant.fr\/actualites\/#website\",\"url\":\"https:\/\/footdavant.fr\/actualites\/\",\"name\":\"Foot d'avant\",\"description\":\"\",\"publisher\":{\"@id\":\"https:\/\/footdavant.fr\/actualites\/#organization\"},\"potentialAction\":[{\"@type\":\"SearchAction\",\"target\":{\"@type\":\"EntryPoint\",\"urlTemplate\":\"https:\/\/footdavant.fr\/actualites\/?s={search_term_string}\"},\"query-input\":\"required name=search_term_string\"}],\"inLanguage\":\"fr-FR\"},{\"@type\":\"Organization\",\"@id\":\"https:\/\/footdavant.fr\/actualites\/#organization\",\"name\":\"Foot d'avant\",\"url\":\"https:\/\/footdavant.fr\/actualites\/\",\"logo\":{\"@type\":\"ImageObject\",\"inLanguage\":\"fr-FR\",\"@id\":\"https:\/\/footdavant.fr\/actualites\/#\/schema\/logo\/image\/\",\"url\":\"https:\/\/footdavant.fr\/actualites\/wp-content\/uploads\/2023\/09\/Copy-of-FootDavant-Logo.png\",\"contentUrl\":\"https:\/\/footdavant.fr\/actualites\/wp-content\/uploads\/2023\/09\/Copy-of-FootDavant-Logo.png\",\"width\":936,\"height\":549,\"caption\":\"Foot d'avant\"},\"image\":{\"@id\":\"https:\/\/footdavant.fr\/actualites\/#\/schema\/logo\/image\/\"},\"sameAs\":[\"https:\/\/www.facebook.com\/Footdavant\/\",\"https:\/\/twitter.com\/FootdavantFr\",\"https:\/\/www.instagram.com\/footdavant.fr\/\"]},{\"@type\":\"Person\",\"@id\":\"https:\/\/footdavant.fr\/actualites\/#\/schema\/person\/bc222566d95871b37e597b3ed3ba5e1d\",\"name\":\"Cl\u00e9ment\",\"image\":{\"@type\":\"ImageObject\",\"inLanguage\":\"fr-FR\",\"@id\":\"https:\/\/footdavant.fr\/actualites\/#\/schema\/person\/image\/\",\"url\":\"https:\/\/secure.gravatar.com\/avatar\/7728b29aac2719421e1a9159b2254c44?s=96&d=mm&r=g\",\"contentUrl\":\"https:\/\/secure.gravatar.com\/avatar\/7728b29aac2719421e1a9159b2254c44?s=96&d=mm&r=g\",\"caption\":\"Cl\u00e9ment\"},\"sameAs\":[\"https:\/\/footdavant.fr\/\"]}]}<\/script>\n<!-- \/ Yoast SEO plugin. -->","yoast_head_json":{"title":"Alex Caruso a \u00e9t\u00e9 \u00e9chang\u00e9 au Thunder d&#39;Oklahoma City","robots":{"index":"index","follow":"follow","max-snippet":"max-snippet:-1","max-image-preview":"max-image-preview:large","max-video-preview":"max-video-preview:-1"},"canonical":"https:\/\/footdavant.fr\/actualites\/alex-caruso-a-ete-echange-au-thunder-doklahoma-city\/","og_locale":"fr_FR","og_type":"article","og_title":"Alex Caruso a \u00e9t\u00e9 \u00e9chang\u00e9 au Thunder d&#39;Oklahoma City","og_description":"Selon Adrian Wojnarowski d&#39;ESPN, le Thunder a \u00e9chang\u00e9 Josh Giddey aux Bulls en \u00e9change d&#39;Alex Caruso. Giddey a perdu sa place de titulaire face \u00e0","og_url":"https:\/\/footdavant.fr\/actualites\/alex-caruso-a-ete-echange-au-thunder-doklahoma-city\/","og_site_name":"Foot d&#039;avant","article_publisher":"https:\/\/www.facebook.com\/Footdavant\/","article_published_time":"2024-06-23T14:49:57+00:00","article_modified_time":"2024-06-23T14:49:58+00:00","og_image":[{"width":696,"height":391,"url":"https:\/\/footdavant.fr\/actualites\/wp-content\/uploads\/2024\/06\/Alex-Caruso-a-ete-echange-au-Thunder-d39Oklahoma-City.jpg","type":"image\/jpeg"}],"author":"Cl\u00e9ment","twitter_card":"summary_large_image","twitter_creator":"@FootdavantFr","twitter_site":"@FootdavantFr","twitter_misc":{"\u00c9crit par":"Cl\u00e9ment","Dur\u00e9e de lecture estim\u00e9e":"3 minutes"},"schema":{"@context":"https:\/\/schema.org","@graph":[{"@type":"Article","@id":"https:\/\/footdavant.fr\/actualites\/alex-caruso-a-ete-echange-au-thunder-doklahoma-city\/#article","isPartOf":{"@id":"https:\/\/footdavant.fr\/actualites\/alex-caruso-a-ete-echange-au-thunder-doklahoma-city\/"},"author":{"name":"Cl\u00e9ment","@id":"https:\/\/footdavant.fr\/actualites\/#\/schema\/person\/bc222566d95871b37e597b3ed3ba5e1d"},"headline":"Alex Caruso a \u00e9t\u00e9 \u00e9chang\u00e9 au Thunder d&#39;Oklahoma City","datePublished":"2024-06-23T14:49:57+00:00","dateModified":"2024-06-23T14:49:58+00:00","mainEntityOfPage":{"@id":"https:\/\/footdavant.fr\/actualites\/alex-caruso-a-ete-echange-au-thunder-doklahoma-city\/"},"wordCount":520,"publisher":{"@id":"https:\/\/footdavant.fr\/actualites\/#organization"},"keywords":["Alex","Caruso","City","d39Oklahoma","\u00e9chang\u00e9","\u00e9t\u00e9","Thunder"],"articleSection":["Football"],"inLanguage":"fr-FR"},{"@type":"WebPage","@id":"https:\/\/footdavant.fr\/actualites\/alex-caruso-a-ete-echange-au-thunder-doklahoma-city\/","url":"https:\/\/footdavant.fr\/actualites\/alex-caruso-a-ete-echange-au-thunder-doklahoma-city\/","name":"Alex Caruso a \u00e9t\u00e9 \u00e9chang\u00e9 au Thunder d&#39;Oklahoma City","isPartOf":{"@id":"https:\/\/footdavant.fr\/actualites\/#website"},"datePublished":"2024-06-23T14:49:57+00:00","dateModified":"2024-06-23T14:49:58+00:00","breadcrumb":{"@id":"https:\/\/footdavant.fr\/actualites\/alex-caruso-a-ete-echange-au-thunder-doklahoma-city\/#breadcrumb"},"inLanguage":"fr-FR","potentialAction":[{"@type":"ReadAction","target":["https:\/\/footdavant.fr\/actualites\/alex-caruso-a-ete-echange-au-thunder-doklahoma-city\/"]}]},{"@type":"BreadcrumbList","@id":"https:\/\/footdavant.fr\/actualites\/alex-caruso-a-ete-echange-au-thunder-doklahoma-city\/#breadcrumb","itemListElement":[{"@type":"ListItem","position":1,"name":"Accueil","item":"https:\/\/footdavant.fr\/actualites\/"},{"@type":"ListItem","position":2,"name":"Alex Caruso a \u00e9t\u00e9 \u00e9chang\u00e9 au Thunder d&#39;Oklahoma City"}]},{"@type":"WebSite","@id":"https:\/\/footdavant.fr\/actualites\/#website","url":"https:\/\/footdavant.fr\/actualites\/","name":"Foot d'avant","description":"","publisher":{"@id":"https:\/\/footdavant.fr\/actualites\/#organization"},"potentialAction":[{"@type":"SearchAction","target":{"@type":"EntryPoint","urlTemplate":"https:\/\/footdavant.fr\/actualites\/?s={search_term_string}"},"query-input":"required name=search_term_string"}],"inLanguage":"fr-FR"},{"@type":"Organization","@id":"https:\/\/footdavant.fr\/actualites\/#organization","name":"Foot d'avant","url":"https:\/\/footdavant.fr\/actualites\/","logo":{"@type":"ImageObject","inLanguage":"fr-FR","@id":"https:\/\/footdavant.fr\/actualites\/#\/schema\/logo\/image\/","url":"https:\/\/footdavant.fr\/actualites\/wp-content\/uploads\/2023\/09\/Copy-of-FootDavant-Logo.png","contentUrl":"https:\/\/footdavant.fr\/actualites\/wp-content\/uploads\/2023\/09\/Copy-of-FootDavant-Logo.png","width":936,"height":549,"caption":"Foot d'avant"},"image":{"@id":"https:\/\/footdavant.fr\/actualites\/#\/schema\/logo\/image\/"},"sameAs":["https:\/\/www.facebook.com\/Footdavant\/","https:\/\/twitter.com\/FootdavantFr","https:\/\/www.instagram.com\/footdavant.fr\/"]},{"@type":"Person","@id":"https:\/\/footdavant.fr\/actualites\/#\/schema\/person\/bc222566d95871b37e597b3ed3ba5e1d","name":"Cl\u00e9ment","image":{"@type":"ImageObject","inLanguage":"fr-FR","@id":"https:\/\/footdavant.fr\/actualites\/#\/schema\/person\/image\/","url":"https:\/\/secure.gravatar.com\/avatar\/7728b29aac2719421e1a9159b2254c44?s=96&d=mm&r=g","contentUrl":"https:\/\/secure.gravatar.com\/avatar\/7728b29aac2719421e1a9159b2254c44?s=96&d=mm&r=g","caption":"Cl\u00e9ment"},"sameAs":["https:\/\/footdavant.fr\/"]}]}},"_links":{"self":[{"href":"https:\/\/footdavant.fr\/actualites\/wp-json\/wp\/v2\/posts\/10205"}],"collection":[{"href":"https:\/\/footdavant.fr\/actualites\/wp-json\/wp\/v2\/posts"}],"about":[{"href":"https:\/\/footdavant.fr\/actualites\/wp-json\/wp\/v2\/types\/post"}],"author":[{"embeddable":true,"href":"https:\/\/footdavant.fr\/actualites\/wp-json\/wp\/v2\/users\/1"}],"replies":[{"embeddable":true,"href":"https:\/\/footdavant.fr\/actualites\/wp-json\/wp\/v2\/comments?post=10205"}],"version-history":[{"count":1,"href":"https:\/\/footdavant.fr\/actualites\/wp-json\/wp\/v2\/posts\/10205\/revisions"}],"predecessor-version":[{"id":10207,"href":"https:\/\/footdavant.fr\/actualites\/wp-json\/wp\/v2\/posts\/10205\/revisions\/10207"}],"wp:featuredmedia":[{"embeddable":true,"href":"https:\/\/footdavant.fr\/actualites\/wp-json\/wp\/v2\/media\/10206"}],"wp:attachment":[{"href":"https:\/\/footdavant.fr\/actualites\/wp-json\/wp\/v2\/media?parent=10205"}],"wp:term":[{"taxonomy":"category","embeddable":true,"href":"https:\/\/footdavant.fr\/actualites\/wp-json\/wp\/v2\/categories?post=10205"},{"taxonomy":"post_tag","embeddable":true,"href":"https:\/\/footdavant.fr\/actualites\/wp-json\/wp\/v2\/tags?post=10205"}],"curies":[{"name":"wp","href":"https:\/\/api.w.org\/{rel}","templated":true}]}}