{"id":1031,"date":"2023-11-16T22:48:44","date_gmt":"2023-11-16T21:48:44","guid":{"rendered":"https:\/\/footdavant.fr\/actualites\/guardiola-ouvre-la-porte-a-phillips-pour-rejoindre-son-rival-du-pl\/"},"modified":"2023-11-16T22:48:44","modified_gmt":"2023-11-16T21:48:44","slug":"guardiola-ouvre-la-porte-a-phillips-pour-rejoindre-son-rival-du-pl","status":"publish","type":"post","link":"https:\/\/footdavant.fr\/actualites\/guardiola-ouvre-la-porte-a-phillips-pour-rejoindre-son-rival-du-pl\/","title":{"rendered":"Guardiola ouvre la porte \u00e0 Phillips pour rejoindre son rival du PL"},"content":{"rendered":"<p>Le patron de Manchester City, Pep Guardiola, laisse entendre qu&rsquo;il n&rsquo;aurait pas de probl\u00e8me avec un joueur en disgr\u00e2ce, tel que Kalvin Phillips, rejoignant un rival de Premier League.<\/p>\n<div id=\"article_body\" itemprop=\"articleBody\">\n<h3 class=\"firstPara\">\n<strong class=\"autotag\">Pep Guardiola<\/strong> a laiss\u00e9 entendre que <strong class=\"autotag\">Manchester City<\/strong> serait consid\u00e9r\u00e9 comme \u00ab\u00a0un petit club\u00a0\u00bb s&rsquo;il emp\u00eachait l&rsquo;un de ses joueurs de rejoindre un rival de Premier League.<\/h3>\n<p>City a remport\u00e9 le tripl\u00e9 la saison derni\u00e8re, d\u00e9fendant sa couronne de Premier League, remportant la FA Cup et soulevant le troph\u00e9e de la Ligue des Champions pour la premi\u00e8re fois de son histoire.<\/p>\n<p>Et ce, malgr\u00e9 le fait que City ait donn\u00e9 son feu vert \u00e0 des joueurs tr\u00e8s appr\u00e9ci\u00e9s pour rejoindre leurs ennemis en Angleterre, avec <strong class=\"autotag\">Alexandre Zinchenko<\/strong> et <strong class=\"autotag\">Gabriel J\u00e9sus<\/strong> joindre <strong class=\"autotag\">Arsenal<\/strong> et <strong class=\"autotag\">Raheem Sterling<\/strong> passer \u00e0 Chelsea.<\/p>\n<p>Lors du dernier mercato, <strong class=\"autotag\">Cole Palmer<\/strong> a \u00e9galement \u00e9t\u00e9 autoris\u00e9 \u00e0 rejoindre les Blues et le dernier joueur li\u00e9 \u00e0 un d\u00e9part du stade Etihad est <strong class=\"autotag\">Kalvin Phillips<\/strong>.<\/p>\n<p>Bien qu\u2019il ait co\u00fbt\u00e9 42 millions de livres sterling en 2022, l\u2019international anglais n\u2019a effectu\u00e9 que deux d\u00e9parts en Premier League, Guardiola ayant d\u00e9j\u00e0 reconnu que le joueur de 27 ans pourrait d\u00e9m\u00e9nager ailleurs en janvier.<\/p>\n<p class=\"imgI\">\n<p>Alors qu&rsquo;un large \u00e9ventail de clubs &#8211; nationaux et \u00e9trangers &#8211; ont \u00e9t\u00e9 li\u00e9s \u00e0 Phillips, il a \u00e9t\u00e9 all\u00e9gu\u00e9 que City ne voudrait pas lui permettre de rejoindre l&rsquo;un de ses plus grands challengers pour un autre titre de haut niveau.<\/p>\n<p>Toutefois, parlant la semaine derni\u00e8re, comme l&rsquo;a cit\u00e9 <em>parlerSPORT<\/em>Guardiola a d\u00e9clar\u00e9 qu&rsquo;il n&#8217;emp\u00eacherait jamais un joueur de rejoindre un autre club si cela convenait \u00e0 toutes les parties.<\/p>\n<p>L&rsquo;Espagnol a d\u00e9clar\u00e9 : \u00ab\u00a0Jamais. Jamais [would I stand in the way].  De mon point de vue, je l&rsquo;ai dit \u00e0 plusieurs reprises au club.  Je donne mon avis au club et ils d\u00e9cident si le transfert convient aux deux parties et au joueur.<\/p>\n<p>\u00ab\u00a0Pourquoi ? Je pense que cela signifie que vous \u00eates un petit club. Les grands clubs, ils s&rsquo;en moquent. Ils prennent des d\u00e9cisions dans l&rsquo;int\u00e9r\u00eat des trois parties, des joueurs et des deux clubs \u2013 et parfois des agents. Donc ce n&rsquo;est vraiment pas un probl\u00e8me. .\u200c<\/p>\n<p class=\"imgI\"><img decoding=\"async\" loading=\"lazy\" class=\"l\" src=\"https:\/\/footdavant.fr\/actualites\/wp-content\/uploads\/2023\/11\/1700171324_73_Guardiola-ouvre-la-porte-a-Phillips-pour-rejoindre-son-rival.jpg\" title=\"Pep Guardiola, manager de Manchester City, photographi\u00e9 apr\u00e8s le match du 8 octobre 2023\" alt=\"Pep Guardiola, manager de Manchester City, photographi\u00e9 apr\u00e8s le match du 8 octobre 2023\" width=\"640\" height=\"480\"><\/p>\n<p>\u00ab\u00a0S&rsquo;ils veulent aller \u00e0 Chelsea ou [Manchester] United ou, je ne sais pas, <strong class=\"autotag\">Liverpool<\/strong>, peu importe, quel est le probl\u00e8me ?  Ils sont heureux d\u2019\u00eatre l\u00e0 et le club est content du transfert.<\/p>\n<p>\u00ab\u00a0L&rsquo;autre club est content du montant qu&rsquo;il d\u00e9pense, donc \u00e7a va. Un autre joueur viendra nous rejoindre et nous continuons dans le bon esprit et la bonne humeur.\u00a0\u00bb<\/p>\n<p>Un rapport r\u00e9cent sugg\u00e9rait que la destination pr\u00e9f\u00e9r\u00e9e de Phillips \u00e0 ce stade \u00e9tait <strong class=\"autotag\">Newcastle United<\/strong>qui sont \u00e0 la recherche d&rsquo;un rempla\u00e7ant pour <strong class=\"autotag\">Sandro Tonali<\/strong>.<\/p>\n<p>Liverpool, Arsenal et <strong class=\"autotag\">Juve<\/strong> ont \u00e9galement \u00e9t\u00e9 cr\u00e9dit\u00e9s comme admirateurs de Phillips, qui n&rsquo;a pas encore r\u00e9ussi \u00e0 monter sur le terrain alors que City jouait un match nul classique 4-4 contre Chelsea dimanche.<\/p>\n<\/div>\n","protected":false},"excerpt":{"rendered":"<p>Le patron de Manchester City, Pep Guardiola, laisse entendre qu&rsquo;il n&rsquo;aurait pas de probl\u00e8me avec un joueur en disgr\u00e2ce, tel que Kalvin Phillips, rejoignant un<\/p>\n","protected":false},"author":1,"featured_media":1032,"comment_status":"closed","ping_status":"","sticky":false,"template":"","format":"standard","meta":{"footnotes":""},"categories":[5],"tags":[8,593,118,594,51,309,1191,86],"yoast_head":"<!-- This site is optimized with the Yoast SEO plugin v21.0 - https:\/\/yoast.com\/wordpress\/plugins\/seo\/ -->\n<title>Guardiola ouvre la porte \u00e0 Phillips pour rejoindre son rival du PL<\/title>\n<meta name=\"robots\" content=\"index, follow, max-snippet:-1, max-image-preview:large, max-video-preview:-1\" \/>\n<link rel=\"canonical\" href=\"https:\/\/footdavant.fr\/actualites\/guardiola-ouvre-la-porte-a-phillips-pour-rejoindre-son-rival-du-pl\/\" \/>\n<meta property=\"og:locale\" content=\"fr_FR\" \/>\n<meta property=\"og:type\" content=\"article\" \/>\n<meta property=\"og:title\" content=\"Guardiola ouvre la porte \u00e0 Phillips pour rejoindre son rival du PL\" \/>\n<meta property=\"og:description\" content=\"Le patron de Manchester City, Pep Guardiola, laisse entendre qu&rsquo;il n&rsquo;aurait pas de probl\u00e8me avec un joueur en disgr\u00e2ce, tel que Kalvin Phillips, rejoignant un\" \/>\n<meta property=\"og:url\" content=\"https:\/\/footdavant.fr\/actualites\/guardiola-ouvre-la-porte-a-phillips-pour-rejoindre-son-rival-du-pl\/\" \/>\n<meta property=\"og:site_name\" content=\"Foot d&#039;avant\" \/>\n<meta property=\"article:publisher\" content=\"https:\/\/www.facebook.com\/Footdavant\/\" \/>\n<meta property=\"article:published_time\" content=\"2023-11-16T21:48:44+00:00\" \/>\n<meta property=\"og:image\" content=\"https:\/\/footdavant.fr\/actualites\/wp-content\/uploads\/2023\/11\/Guardiola-ouvre-la-porte-a-Phillips-pour-rejoindre-son-rival.jpg\" \/>\n\t<meta property=\"og:image:width\" content=\"640\" \/>\n\t<meta property=\"og:image:height\" content=\"480\" \/>\n\t<meta property=\"og:image:type\" content=\"image\/jpeg\" \/>\n<meta name=\"author\" content=\"Cl\u00e9ment\" \/>\n<meta name=\"twitter:card\" content=\"summary_large_image\" \/>\n<meta name=\"twitter:creator\" content=\"@FootdavantFr\" \/>\n<meta name=\"twitter:site\" content=\"@FootdavantFr\" \/>\n<meta name=\"twitter:label1\" content=\"\u00c9crit par\" \/>\n\t<meta name=\"twitter:data1\" content=\"Cl\u00e9ment\" \/>\n\t<meta name=\"twitter:label2\" content=\"Dur\u00e9e de lecture estim\u00e9e\" \/>\n\t<meta name=\"twitter:data2\" content=\"2 minutes\" \/>\n<script type=\"application\/ld+json\" class=\"yoast-schema-graph\">{\"@context\":\"https:\/\/schema.org\",\"@graph\":[{\"@type\":\"Article\",\"@id\":\"https:\/\/footdavant.fr\/actualites\/guardiola-ouvre-la-porte-a-phillips-pour-rejoindre-son-rival-du-pl\/#article\",\"isPartOf\":{\"@id\":\"https:\/\/footdavant.fr\/actualites\/guardiola-ouvre-la-porte-a-phillips-pour-rejoindre-son-rival-du-pl\/\"},\"author\":{\"name\":\"Cl\u00e9ment\",\"@id\":\"https:\/\/footdavant.fr\/actualites\/#\/schema\/person\/bc222566d95871b37e597b3ed3ba5e1d\"},\"headline\":\"Guardiola ouvre la porte \u00e0 Phillips pour rejoindre son rival du PL\",\"datePublished\":\"2023-11-16T21:48:44+00:00\",\"dateModified\":\"2023-11-16T21:48:44+00:00\",\"mainEntityOfPage\":{\"@id\":\"https:\/\/footdavant.fr\/actualites\/guardiola-ouvre-la-porte-a-phillips-pour-rejoindre-son-rival-du-pl\/\"},\"wordCount\":508,\"publisher\":{\"@id\":\"https:\/\/footdavant.fr\/actualites\/#organization\"},\"keywords\":[\"Guardiola\",\"ouvre\",\"Phillips\",\"porte\",\"pour\",\"rejoindre\",\"rival\",\"son\"],\"articleSection\":[\"Premier League\"],\"inLanguage\":\"fr-FR\"},{\"@type\":\"WebPage\",\"@id\":\"https:\/\/footdavant.fr\/actualites\/guardiola-ouvre-la-porte-a-phillips-pour-rejoindre-son-rival-du-pl\/\",\"url\":\"https:\/\/footdavant.fr\/actualites\/guardiola-ouvre-la-porte-a-phillips-pour-rejoindre-son-rival-du-pl\/\",\"name\":\"Guardiola ouvre la porte \u00e0 Phillips pour rejoindre son rival du PL\",\"isPartOf\":{\"@id\":\"https:\/\/footdavant.fr\/actualites\/#website\"},\"datePublished\":\"2023-11-16T21:48:44+00:00\",\"dateModified\":\"2023-11-16T21:48:44+00:00\",\"breadcrumb\":{\"@id\":\"https:\/\/footdavant.fr\/actualites\/guardiola-ouvre-la-porte-a-phillips-pour-rejoindre-son-rival-du-pl\/#breadcrumb\"},\"inLanguage\":\"fr-FR\",\"potentialAction\":[{\"@type\":\"ReadAction\",\"target\":[\"https:\/\/footdavant.fr\/actualites\/guardiola-ouvre-la-porte-a-phillips-pour-rejoindre-son-rival-du-pl\/\"]}]},{\"@type\":\"BreadcrumbList\",\"@id\":\"https:\/\/footdavant.fr\/actualites\/guardiola-ouvre-la-porte-a-phillips-pour-rejoindre-son-rival-du-pl\/#breadcrumb\",\"itemListElement\":[{\"@type\":\"ListItem\",\"position\":1,\"name\":\"Accueil\",\"item\":\"https:\/\/footdavant.fr\/actualites\/\"},{\"@type\":\"ListItem\",\"position\":2,\"name\":\"Guardiola ouvre la porte \u00e0 Phillips pour rejoindre son rival du PL\"}]},{\"@type\":\"WebSite\",\"@id\":\"https:\/\/footdavant.fr\/actualites\/#website\",\"url\":\"https:\/\/footdavant.fr\/actualites\/\",\"name\":\"Foot d'avant\",\"description\":\"\",\"publisher\":{\"@id\":\"https:\/\/footdavant.fr\/actualites\/#organization\"},\"potentialAction\":[{\"@type\":\"SearchAction\",\"target\":{\"@type\":\"EntryPoint\",\"urlTemplate\":\"https:\/\/footdavant.fr\/actualites\/?s={search_term_string}\"},\"query-input\":\"required name=search_term_string\"}],\"inLanguage\":\"fr-FR\"},{\"@type\":\"Organization\",\"@id\":\"https:\/\/footdavant.fr\/actualites\/#organization\",\"name\":\"Foot d'avant\",\"url\":\"https:\/\/footdavant.fr\/actualites\/\",\"logo\":{\"@type\":\"ImageObject\",\"inLanguage\":\"fr-FR\",\"@id\":\"https:\/\/footdavant.fr\/actualites\/#\/schema\/logo\/image\/\",\"url\":\"https:\/\/footdavant.fr\/actualites\/wp-content\/uploads\/2023\/09\/Copy-of-FootDavant-Logo.png\",\"contentUrl\":\"https:\/\/footdavant.fr\/actualites\/wp-content\/uploads\/2023\/09\/Copy-of-FootDavant-Logo.png\",\"width\":936,\"height\":549,\"caption\":\"Foot d'avant\"},\"image\":{\"@id\":\"https:\/\/footdavant.fr\/actualites\/#\/schema\/logo\/image\/\"},\"sameAs\":[\"https:\/\/www.facebook.com\/Footdavant\/\",\"https:\/\/twitter.com\/FootdavantFr\",\"https:\/\/www.instagram.com\/footdavant.fr\/\"]},{\"@type\":\"Person\",\"@id\":\"https:\/\/footdavant.fr\/actualites\/#\/schema\/person\/bc222566d95871b37e597b3ed3ba5e1d\",\"name\":\"Cl\u00e9ment\",\"image\":{\"@type\":\"ImageObject\",\"inLanguage\":\"fr-FR\",\"@id\":\"https:\/\/footdavant.fr\/actualites\/#\/schema\/person\/image\/\",\"url\":\"https:\/\/secure.gravatar.com\/avatar\/7728b29aac2719421e1a9159b2254c44?s=96&d=mm&r=g\",\"contentUrl\":\"https:\/\/secure.gravatar.com\/avatar\/7728b29aac2719421e1a9159b2254c44?s=96&d=mm&r=g\",\"caption\":\"Cl\u00e9ment\"},\"sameAs\":[\"https:\/\/footdavant.fr\/\"]}]}<\/script>\n<!-- \/ Yoast SEO plugin. -->","yoast_head_json":{"title":"Guardiola ouvre la porte \u00e0 Phillips pour rejoindre son rival du PL","robots":{"index":"index","follow":"follow","max-snippet":"max-snippet:-1","max-image-preview":"max-image-preview:large","max-video-preview":"max-video-preview:-1"},"canonical":"https:\/\/footdavant.fr\/actualites\/guardiola-ouvre-la-porte-a-phillips-pour-rejoindre-son-rival-du-pl\/","og_locale":"fr_FR","og_type":"article","og_title":"Guardiola ouvre la porte \u00e0 Phillips pour rejoindre son rival du PL","og_description":"Le patron de Manchester City, Pep Guardiola, laisse entendre qu&rsquo;il n&rsquo;aurait pas de probl\u00e8me avec un joueur en disgr\u00e2ce, tel que Kalvin Phillips, rejoignant un","og_url":"https:\/\/footdavant.fr\/actualites\/guardiola-ouvre-la-porte-a-phillips-pour-rejoindre-son-rival-du-pl\/","og_site_name":"Foot d&#039;avant","article_publisher":"https:\/\/www.facebook.com\/Footdavant\/","article_published_time":"2023-11-16T21:48:44+00:00","og_image":[{"width":640,"height":480,"url":"https:\/\/footdavant.fr\/actualites\/wp-content\/uploads\/2023\/11\/Guardiola-ouvre-la-porte-a-Phillips-pour-rejoindre-son-rival.jpg","type":"image\/jpeg"}],"author":"Cl\u00e9ment","twitter_card":"summary_large_image","twitter_creator":"@FootdavantFr","twitter_site":"@FootdavantFr","twitter_misc":{"\u00c9crit par":"Cl\u00e9ment","Dur\u00e9e de lecture estim\u00e9e":"2 minutes"},"schema":{"@context":"https:\/\/schema.org","@graph":[{"@type":"Article","@id":"https:\/\/footdavant.fr\/actualites\/guardiola-ouvre-la-porte-a-phillips-pour-rejoindre-son-rival-du-pl\/#article","isPartOf":{"@id":"https:\/\/footdavant.fr\/actualites\/guardiola-ouvre-la-porte-a-phillips-pour-rejoindre-son-rival-du-pl\/"},"author":{"name":"Cl\u00e9ment","@id":"https:\/\/footdavant.fr\/actualites\/#\/schema\/person\/bc222566d95871b37e597b3ed3ba5e1d"},"headline":"Guardiola ouvre la porte \u00e0 Phillips pour rejoindre son rival du PL","datePublished":"2023-11-16T21:48:44+00:00","dateModified":"2023-11-16T21:48:44+00:00","mainEntityOfPage":{"@id":"https:\/\/footdavant.fr\/actualites\/guardiola-ouvre-la-porte-a-phillips-pour-rejoindre-son-rival-du-pl\/"},"wordCount":508,"publisher":{"@id":"https:\/\/footdavant.fr\/actualites\/#organization"},"keywords":["Guardiola","ouvre","Phillips","porte","pour","rejoindre","rival","son"],"articleSection":["Premier League"],"inLanguage":"fr-FR"},{"@type":"WebPage","@id":"https:\/\/footdavant.fr\/actualites\/guardiola-ouvre-la-porte-a-phillips-pour-rejoindre-son-rival-du-pl\/","url":"https:\/\/footdavant.fr\/actualites\/guardiola-ouvre-la-porte-a-phillips-pour-rejoindre-son-rival-du-pl\/","name":"Guardiola ouvre la porte \u00e0 Phillips pour rejoindre son rival du PL","isPartOf":{"@id":"https:\/\/footdavant.fr\/actualites\/#website"},"datePublished":"2023-11-16T21:48:44+00:00","dateModified":"2023-11-16T21:48:44+00:00","breadcrumb":{"@id":"https:\/\/footdavant.fr\/actualites\/guardiola-ouvre-la-porte-a-phillips-pour-rejoindre-son-rival-du-pl\/#breadcrumb"},"inLanguage":"fr-FR","potentialAction":[{"@type":"ReadAction","target":["https:\/\/footdavant.fr\/actualites\/guardiola-ouvre-la-porte-a-phillips-pour-rejoindre-son-rival-du-pl\/"]}]},{"@type":"BreadcrumbList","@id":"https:\/\/footdavant.fr\/actualites\/guardiola-ouvre-la-porte-a-phillips-pour-rejoindre-son-rival-du-pl\/#breadcrumb","itemListElement":[{"@type":"ListItem","position":1,"name":"Accueil","item":"https:\/\/footdavant.fr\/actualites\/"},{"@type":"ListItem","position":2,"name":"Guardiola ouvre la porte \u00e0 Phillips pour rejoindre son rival du PL"}]},{"@type":"WebSite","@id":"https:\/\/footdavant.fr\/actualites\/#website","url":"https:\/\/footdavant.fr\/actualites\/","name":"Foot d'avant","description":"","publisher":{"@id":"https:\/\/footdavant.fr\/actualites\/#organization"},"potentialAction":[{"@type":"SearchAction","target":{"@type":"EntryPoint","urlTemplate":"https:\/\/footdavant.fr\/actualites\/?s={search_term_string}"},"query-input":"required name=search_term_string"}],"inLanguage":"fr-FR"},{"@type":"Organization","@id":"https:\/\/footdavant.fr\/actualites\/#organization","name":"Foot d'avant","url":"https:\/\/footdavant.fr\/actualites\/","logo":{"@type":"ImageObject","inLanguage":"fr-FR","@id":"https:\/\/footdavant.fr\/actualites\/#\/schema\/logo\/image\/","url":"https:\/\/footdavant.fr\/actualites\/wp-content\/uploads\/2023\/09\/Copy-of-FootDavant-Logo.png","contentUrl":"https:\/\/footdavant.fr\/actualites\/wp-content\/uploads\/2023\/09\/Copy-of-FootDavant-Logo.png","width":936,"height":549,"caption":"Foot d'avant"},"image":{"@id":"https:\/\/footdavant.fr\/actualites\/#\/schema\/logo\/image\/"},"sameAs":["https:\/\/www.facebook.com\/Footdavant\/","https:\/\/twitter.com\/FootdavantFr","https:\/\/www.instagram.com\/footdavant.fr\/"]},{"@type":"Person","@id":"https:\/\/footdavant.fr\/actualites\/#\/schema\/person\/bc222566d95871b37e597b3ed3ba5e1d","name":"Cl\u00e9ment","image":{"@type":"ImageObject","inLanguage":"fr-FR","@id":"https:\/\/footdavant.fr\/actualites\/#\/schema\/person\/image\/","url":"https:\/\/secure.gravatar.com\/avatar\/7728b29aac2719421e1a9159b2254c44?s=96&d=mm&r=g","contentUrl":"https:\/\/secure.gravatar.com\/avatar\/7728b29aac2719421e1a9159b2254c44?s=96&d=mm&r=g","caption":"Cl\u00e9ment"},"sameAs":["https:\/\/footdavant.fr\/"]}]}},"_links":{"self":[{"href":"https:\/\/footdavant.fr\/actualites\/wp-json\/wp\/v2\/posts\/1031"}],"collection":[{"href":"https:\/\/footdavant.fr\/actualites\/wp-json\/wp\/v2\/posts"}],"about":[{"href":"https:\/\/footdavant.fr\/actualites\/wp-json\/wp\/v2\/types\/post"}],"author":[{"embeddable":true,"href":"https:\/\/footdavant.fr\/actualites\/wp-json\/wp\/v2\/users\/1"}],"replies":[{"embeddable":true,"href":"https:\/\/footdavant.fr\/actualites\/wp-json\/wp\/v2\/comments?post=1031"}],"version-history":[{"count":1,"href":"https:\/\/footdavant.fr\/actualites\/wp-json\/wp\/v2\/posts\/1031\/revisions"}],"predecessor-version":[{"id":1033,"href":"https:\/\/footdavant.fr\/actualites\/wp-json\/wp\/v2\/posts\/1031\/revisions\/1033"}],"wp:featuredmedia":[{"embeddable":true,"href":"https:\/\/footdavant.fr\/actualites\/wp-json\/wp\/v2\/media\/1032"}],"wp:attachment":[{"href":"https:\/\/footdavant.fr\/actualites\/wp-json\/wp\/v2\/media?parent=1031"}],"wp:term":[{"taxonomy":"category","embeddable":true,"href":"https:\/\/footdavant.fr\/actualites\/wp-json\/wp\/v2\/categories?post=1031"},{"taxonomy":"post_tag","embeddable":true,"href":"https:\/\/footdavant.fr\/actualites\/wp-json\/wp\/v2\/tags?post=1031"}],"curies":[{"name":"wp","href":"https:\/\/api.w.org\/{rel}","templated":true}]}}