{"id":104,"date":"2023-10-31T19:51:54","date_gmt":"2023-10-31T18:51:54","guid":{"rendered":"https:\/\/footdavant.fr\/actualites\/oli-mcburnie-de-sheffield-united-exclu-pendant-semaines-en-raison-dune-blessure-a-laine\/"},"modified":"2023-10-31T19:51:55","modified_gmt":"2023-10-31T18:51:55","slug":"oli-mcburnie-de-sheffield-united-exclu-pendant-semaines-en-raison-dune-blessure-a-laine","status":"publish","type":"post","link":"https:\/\/footdavant.fr\/actualites\/oli-mcburnie-de-sheffield-united-exclu-pendant-semaines-en-raison-dune-blessure-a-laine\/","title":{"rendered":"Oli McBurnie de Sheffield United exclu pendant \u00ab\u00a0semaines\u00a0\u00bb en raison d&rsquo;une blessure \u00e0 l&rsquo;aine"},"content":{"rendered":"<p>L&rsquo;entra\u00eeneur-chef de Sheffield United, Paul Heckingbottom, confirme qu&rsquo;Oli McBurnie sera absent pendant \u00ab des semaines \u00bb en raison d&rsquo;une blessure \u00e0 l&rsquo;aine contract\u00e9e lors de la d\u00e9faite contre Manchester United.<\/p>\n<div id=\"article_body\" itemprop=\"articleBody\">\n<h3 class=\"firstPara\">\n<strong class=\"autotag\">Sheffield United<\/strong> ont confirm\u00e9 que l&rsquo;attaquant <strong class=\"autotag\">Oli McBurnie<\/strong> est mis \u00e0 l&rsquo;\u00e9cart pour une p\u00e9riode en raison d&rsquo;une blessure \u00e0 l&rsquo;aine subie plus t\u00f4t dans le mois.<\/h3>\n<p>Le joueur de 27 ans est une figure importante pour les Blades depuis leur retour en Premier League, disputant six matches de championnat et fournissant deux buts.<\/p>\n<p>McBurnie a particip\u00e9 38 fois &#8211; dont 25 depuis le d\u00e9but &#8211; alors que <strong class=\"autotag\">Paul Heckingbottom<\/strong>Les hommes de ont obtenu une promotion automatique du championnat la saison derni\u00e8re, l&rsquo;attaquant marquant 13 buts lors de la campagne 2022-23.<\/p>\n<p>Malgr\u00e9 son importance pour Sheffield United, l&rsquo;ancien joueur de Swansea City n&rsquo;a r\u00e9ussi \u00e0 int\u00e9grer aucune \u00e9quipe \u00e9cossaise depuis mai 2021 \u2013 une t\u00e2che rendue plus difficile par l&rsquo;ajout de <strong class=\"autotag\">Che Adams<\/strong> \u00e0 <strong class=\"autotag\">Steve Clarke<\/strong>les rangs.<\/p>\n<p>Apr\u00e8s la d\u00e9faite 5-0 de Sheffield United \u00e0 l&rsquo;Emirates Stadium contre Arsenal samedi apr\u00e8s-midi, le manager sous pression Heckingbottom a fait le point sur la forme physique de McBurnie.<\/p>\n<p class=\"imgI\">\n<p>\u00ab\u00a0Il s&rsquo;est bless\u00e9 \u00e0 l&rsquo;aine. Cela prendra des semaines et il ne sera pas disponible pour le match. [next] week-end\u00a0\u00bb, a expliqu\u00e9 Heckingbottom lors de sa conf\u00e9rence de presse d&rsquo;apr\u00e8s-match au nord de Londres.<\/p>\n<p>Les Blades ont commenc\u00e9 avec un ancien jeune de Liverpool <strong class=\"autotag\">Rhian Brewster<\/strong> menant seul la ligne contre les Gunners en raison de l&rsquo;absence de McBurnie, et les visiteurs n&rsquo;ont pas constitu\u00e9 une menace importante pour <strong class=\"autotag\">David Raya<\/strong>l&rsquo;objectif.<\/p>\n<p>Les hommes de Heckingbottom n&rsquo;ont r\u00e9ussi que deux tirs pendant toute la dur\u00e9e du combat contre <strong class=\"autotag\">Mikel Arteta<\/strong>du c\u00f4t\u00e9 de l&rsquo;\u00e9quipe, dont aucun n&rsquo;a trouv\u00e9 le chemin des filets.<\/p>\n<p>McBurnie s&rsquo;est bless\u00e9 \u00e0 l&rsquo;aine lors de la d\u00e9faite 2-1 contre Manchester United \u00e0 Bramall Lane le week-end dernier, lorsque le joueur de 27 ans a \u00e9galis\u00e9 les Blades sur penalty \u00e0 la 34e minute.<\/p>\n<p>L&rsquo;attaquant \u00e9tait visiblement conscient du probl\u00e8me \u00e0 l&rsquo;aine lorsqu&rsquo;il effectuait le coup de pied \u00e0 12 m\u00e8tres, et a ensuite \u00e9t\u00e9 expuls\u00e9 en deuxi\u00e8me p\u00e9riode, remplac\u00e9 par Brewster susmentionn\u00e9.<\/p>\n<p class=\"imgI\"><img decoding=\"async\" loading=\"lazy\" class=\"l\" src=\"https:\/\/footdavant.fr\/actualites\/wp-content\/uploads\/2023\/10\/1698778314_219_Oli-McBurnie-de-Sheffield-United-exclu-pendant-semaines-en-raison.jpg\" title=\"Le manager de Sheffield United, Paul Heckingbottom, r\u00e9agit le 30 septembre 2023\" alt=\"Le manager de Sheffield United, Paul Heckingbottom, r\u00e9agit le 30 septembre 2023\" width=\"640\" height=\"480\"><\/p>\n<p>Sheffield United sera donc priv\u00e9 des services de McBurnie pour la visite des Wolverhampton Wanderers samedi prochain \u2013 une \u00e9quipe avec laquelle les Blades pourraient se battre pour \u00e9viter de finir parmi les trois derniers.<\/p>\n<p>Alors que son contrat \u00e0 Bramall Lane expire cet \u00e9t\u00e9, il a \u00e9t\u00e9 rapport\u00e9 que l&rsquo;attaquant \u00e9cossais pourrait passer aux Rangers \u00e0 la fin de la saison.<\/p>\n<p>Apr\u00e8s un apr\u00e8s-midi difficile aux Emirats qui a n\u00e9cessit\u00e9 un examen plus approfondi de l&rsquo;entra\u00eeneur-chef Heckingbottom, les Blades sont enracin\u00e9s au bas du classement de l&rsquo;\u00e9lite, n&rsquo;ayant r\u00e9colt\u00e9 qu&rsquo;un seul point lors de leurs 10 premiers matches.<\/p>\n<p>Le d\u00e9but de saison du club du Yorkshire en Premier League est le pire de l&rsquo;histoire de la division, et une seule autre \u00e9quipe \u2013 Sheffield United en 2020-21 \u2013 n&rsquo;a pas r\u00e9ussi \u00e0 enregistrer plus de points que l&rsquo;\u00e9quipe de Heckingbottom lors des 10 premi\u00e8res comp\u00e9titions.<\/p>\n<\/div>\n","protected":false},"excerpt":{"rendered":"<p>L&rsquo;entra\u00eeneur-chef de Sheffield United, Paul Heckingbottom, confirme qu&rsquo;Oli McBurnie sera absent pendant \u00ab des semaines \u00bb en raison d&rsquo;une blessure \u00e0 l&rsquo;aine contract\u00e9e lors de<\/p>\n","protected":false},"author":1,"featured_media":105,"comment_status":"closed","ping_status":"","sticky":false,"template":"","format":"standard","meta":{"footnotes":""},"categories":[5],"tags":[15,183,180,184,178,177,131,182,181,179,13],"yoast_head":"<!-- This site is optimized with the Yoast SEO plugin v21.0 - https:\/\/yoast.com\/wordpress\/plugins\/seo\/ -->\n<title>Oli McBurnie de Sheffield United exclu pendant \u00ab\u00a0semaines\u00a0\u00bb en raison d&#039;une blessure \u00e0 l&#039;aine<\/title>\n<meta name=\"robots\" content=\"index, follow, max-snippet:-1, max-image-preview:large, max-video-preview:-1\" \/>\n<link rel=\"canonical\" href=\"https:\/\/footdavant.fr\/actualites\/oli-mcburnie-de-sheffield-united-exclu-pendant-semaines-en-raison-dune-blessure-a-laine\/\" \/>\n<meta property=\"og:locale\" content=\"fr_FR\" \/>\n<meta property=\"og:type\" content=\"article\" \/>\n<meta property=\"og:title\" content=\"Oli McBurnie de Sheffield United exclu pendant \u00ab\u00a0semaines\u00a0\u00bb en raison d&#039;une blessure \u00e0 l&#039;aine\" \/>\n<meta property=\"og:description\" content=\"L&rsquo;entra\u00eeneur-chef de Sheffield United, Paul Heckingbottom, confirme qu&rsquo;Oli McBurnie sera absent pendant \u00ab des semaines \u00bb en raison d&rsquo;une blessure \u00e0 l&rsquo;aine contract\u00e9e lors de\" \/>\n<meta property=\"og:url\" content=\"https:\/\/footdavant.fr\/actualites\/oli-mcburnie-de-sheffield-united-exclu-pendant-semaines-en-raison-dune-blessure-a-laine\/\" \/>\n<meta property=\"og:site_name\" content=\"Foot d&#039;avant\" \/>\n<meta property=\"article:publisher\" content=\"https:\/\/www.facebook.com\/Footdavant\/\" \/>\n<meta property=\"article:published_time\" content=\"2023-10-31T18:51:54+00:00\" \/>\n<meta property=\"article:modified_time\" content=\"2023-10-31T18:51:55+00:00\" \/>\n<meta property=\"og:image\" content=\"https:\/\/footdavant.fr\/actualites\/wp-content\/uploads\/2023\/10\/Oli-McBurnie-de-Sheffield-United-exclu-pendant-semaines-en-raison.jpg\" \/>\n\t<meta property=\"og:image:width\" content=\"640\" \/>\n\t<meta property=\"og:image:height\" content=\"480\" \/>\n\t<meta property=\"og:image:type\" content=\"image\/jpeg\" \/>\n<meta name=\"author\" content=\"Cl\u00e9ment\" \/>\n<meta name=\"twitter:card\" content=\"summary_large_image\" \/>\n<meta name=\"twitter:creator\" content=\"@FootdavantFr\" \/>\n<meta name=\"twitter:site\" content=\"@FootdavantFr\" \/>\n<meta name=\"twitter:label1\" content=\"\u00c9crit par\" \/>\n\t<meta name=\"twitter:data1\" content=\"Cl\u00e9ment\" \/>\n\t<meta name=\"twitter:label2\" content=\"Dur\u00e9e de lecture estim\u00e9e\" \/>\n\t<meta name=\"twitter:data2\" content=\"3 minutes\" \/>\n<script type=\"application\/ld+json\" class=\"yoast-schema-graph\">{\"@context\":\"https:\/\/schema.org\",\"@graph\":[{\"@type\":\"Article\",\"@id\":\"https:\/\/footdavant.fr\/actualites\/oli-mcburnie-de-sheffield-united-exclu-pendant-semaines-en-raison-dune-blessure-a-laine\/#article\",\"isPartOf\":{\"@id\":\"https:\/\/footdavant.fr\/actualites\/oli-mcburnie-de-sheffield-united-exclu-pendant-semaines-en-raison-dune-blessure-a-laine\/\"},\"author\":{\"name\":\"Cl\u00e9ment\",\"@id\":\"https:\/\/footdavant.fr\/actualites\/#\/schema\/person\/bc222566d95871b37e597b3ed3ba5e1d\"},\"headline\":\"Oli McBurnie de Sheffield United exclu pendant \u00ab\u00a0semaines\u00a0\u00bb en raison d&rsquo;une blessure \u00e0 l&rsquo;aine\",\"datePublished\":\"2023-10-31T18:51:54+00:00\",\"dateModified\":\"2023-10-31T18:51:55+00:00\",\"mainEntityOfPage\":{\"@id\":\"https:\/\/footdavant.fr\/actualites\/oli-mcburnie-de-sheffield-united-exclu-pendant-semaines-en-raison-dune-blessure-a-laine\/\"},\"wordCount\":516,\"publisher\":{\"@id\":\"https:\/\/footdavant.fr\/actualites\/#organization\"},\"keywords\":[\"Blessure\",\"dune\",\"exclu\",\"laine\",\"McBurnie\",\"Oli\",\"pendant\",\"raison\",\"semaines\",\"Sheffield\",\"United\"],\"articleSection\":[\"Premier League\"],\"inLanguage\":\"fr-FR\"},{\"@type\":\"WebPage\",\"@id\":\"https:\/\/footdavant.fr\/actualites\/oli-mcburnie-de-sheffield-united-exclu-pendant-semaines-en-raison-dune-blessure-a-laine\/\",\"url\":\"https:\/\/footdavant.fr\/actualites\/oli-mcburnie-de-sheffield-united-exclu-pendant-semaines-en-raison-dune-blessure-a-laine\/\",\"name\":\"Oli McBurnie de Sheffield United exclu pendant \u00ab\u00a0semaines\u00a0\u00bb en raison d'une blessure \u00e0 l'aine\",\"isPartOf\":{\"@id\":\"https:\/\/footdavant.fr\/actualites\/#website\"},\"datePublished\":\"2023-10-31T18:51:54+00:00\",\"dateModified\":\"2023-10-31T18:51:55+00:00\",\"breadcrumb\":{\"@id\":\"https:\/\/footdavant.fr\/actualites\/oli-mcburnie-de-sheffield-united-exclu-pendant-semaines-en-raison-dune-blessure-a-laine\/#breadcrumb\"},\"inLanguage\":\"fr-FR\",\"potentialAction\":[{\"@type\":\"ReadAction\",\"target\":[\"https:\/\/footdavant.fr\/actualites\/oli-mcburnie-de-sheffield-united-exclu-pendant-semaines-en-raison-dune-blessure-a-laine\/\"]}]},{\"@type\":\"BreadcrumbList\",\"@id\":\"https:\/\/footdavant.fr\/actualites\/oli-mcburnie-de-sheffield-united-exclu-pendant-semaines-en-raison-dune-blessure-a-laine\/#breadcrumb\",\"itemListElement\":[{\"@type\":\"ListItem\",\"position\":1,\"name\":\"Accueil\",\"item\":\"https:\/\/footdavant.fr\/actualites\/\"},{\"@type\":\"ListItem\",\"position\":2,\"name\":\"Oli McBurnie de Sheffield United exclu pendant \u00ab\u00a0semaines\u00a0\u00bb en raison d&rsquo;une blessure \u00e0 l&rsquo;aine\"}]},{\"@type\":\"WebSite\",\"@id\":\"https:\/\/footdavant.fr\/actualites\/#website\",\"url\":\"https:\/\/footdavant.fr\/actualites\/\",\"name\":\"Foot d'avant\",\"description\":\"\",\"publisher\":{\"@id\":\"https:\/\/footdavant.fr\/actualites\/#organization\"},\"potentialAction\":[{\"@type\":\"SearchAction\",\"target\":{\"@type\":\"EntryPoint\",\"urlTemplate\":\"https:\/\/footdavant.fr\/actualites\/?s={search_term_string}\"},\"query-input\":\"required name=search_term_string\"}],\"inLanguage\":\"fr-FR\"},{\"@type\":\"Organization\",\"@id\":\"https:\/\/footdavant.fr\/actualites\/#organization\",\"name\":\"Foot d'avant\",\"url\":\"https:\/\/footdavant.fr\/actualites\/\",\"logo\":{\"@type\":\"ImageObject\",\"inLanguage\":\"fr-FR\",\"@id\":\"https:\/\/footdavant.fr\/actualites\/#\/schema\/logo\/image\/\",\"url\":\"https:\/\/footdavant.fr\/actualites\/wp-content\/uploads\/2023\/09\/Copy-of-FootDavant-Logo.png\",\"contentUrl\":\"https:\/\/footdavant.fr\/actualites\/wp-content\/uploads\/2023\/09\/Copy-of-FootDavant-Logo.png\",\"width\":936,\"height\":549,\"caption\":\"Foot d'avant\"},\"image\":{\"@id\":\"https:\/\/footdavant.fr\/actualites\/#\/schema\/logo\/image\/\"},\"sameAs\":[\"https:\/\/www.facebook.com\/Footdavant\/\",\"https:\/\/twitter.com\/FootdavantFr\",\"https:\/\/www.instagram.com\/footdavant.fr\/\"]},{\"@type\":\"Person\",\"@id\":\"https:\/\/footdavant.fr\/actualites\/#\/schema\/person\/bc222566d95871b37e597b3ed3ba5e1d\",\"name\":\"Cl\u00e9ment\",\"image\":{\"@type\":\"ImageObject\",\"inLanguage\":\"fr-FR\",\"@id\":\"https:\/\/footdavant.fr\/actualites\/#\/schema\/person\/image\/\",\"url\":\"https:\/\/secure.gravatar.com\/avatar\/7728b29aac2719421e1a9159b2254c44?s=96&d=mm&r=g\",\"contentUrl\":\"https:\/\/secure.gravatar.com\/avatar\/7728b29aac2719421e1a9159b2254c44?s=96&d=mm&r=g\",\"caption\":\"Cl\u00e9ment\"},\"sameAs\":[\"https:\/\/footdavant.fr\/\"]}]}<\/script>\n<!-- \/ Yoast SEO plugin. -->","yoast_head_json":{"title":"Oli McBurnie de Sheffield United exclu pendant \u00ab\u00a0semaines\u00a0\u00bb en raison d'une blessure \u00e0 l'aine","robots":{"index":"index","follow":"follow","max-snippet":"max-snippet:-1","max-image-preview":"max-image-preview:large","max-video-preview":"max-video-preview:-1"},"canonical":"https:\/\/footdavant.fr\/actualites\/oli-mcburnie-de-sheffield-united-exclu-pendant-semaines-en-raison-dune-blessure-a-laine\/","og_locale":"fr_FR","og_type":"article","og_title":"Oli McBurnie de Sheffield United exclu pendant \u00ab\u00a0semaines\u00a0\u00bb en raison d'une blessure \u00e0 l'aine","og_description":"L&rsquo;entra\u00eeneur-chef de Sheffield United, Paul Heckingbottom, confirme qu&rsquo;Oli McBurnie sera absent pendant \u00ab des semaines \u00bb en raison d&rsquo;une blessure \u00e0 l&rsquo;aine contract\u00e9e lors de","og_url":"https:\/\/footdavant.fr\/actualites\/oli-mcburnie-de-sheffield-united-exclu-pendant-semaines-en-raison-dune-blessure-a-laine\/","og_site_name":"Foot d&#039;avant","article_publisher":"https:\/\/www.facebook.com\/Footdavant\/","article_published_time":"2023-10-31T18:51:54+00:00","article_modified_time":"2023-10-31T18:51:55+00:00","og_image":[{"width":640,"height":480,"url":"https:\/\/footdavant.fr\/actualites\/wp-content\/uploads\/2023\/10\/Oli-McBurnie-de-Sheffield-United-exclu-pendant-semaines-en-raison.jpg","type":"image\/jpeg"}],"author":"Cl\u00e9ment","twitter_card":"summary_large_image","twitter_creator":"@FootdavantFr","twitter_site":"@FootdavantFr","twitter_misc":{"\u00c9crit par":"Cl\u00e9ment","Dur\u00e9e de lecture estim\u00e9e":"3 minutes"},"schema":{"@context":"https:\/\/schema.org","@graph":[{"@type":"Article","@id":"https:\/\/footdavant.fr\/actualites\/oli-mcburnie-de-sheffield-united-exclu-pendant-semaines-en-raison-dune-blessure-a-laine\/#article","isPartOf":{"@id":"https:\/\/footdavant.fr\/actualites\/oli-mcburnie-de-sheffield-united-exclu-pendant-semaines-en-raison-dune-blessure-a-laine\/"},"author":{"name":"Cl\u00e9ment","@id":"https:\/\/footdavant.fr\/actualites\/#\/schema\/person\/bc222566d95871b37e597b3ed3ba5e1d"},"headline":"Oli McBurnie de Sheffield United exclu pendant \u00ab\u00a0semaines\u00a0\u00bb en raison d&rsquo;une blessure \u00e0 l&rsquo;aine","datePublished":"2023-10-31T18:51:54+00:00","dateModified":"2023-10-31T18:51:55+00:00","mainEntityOfPage":{"@id":"https:\/\/footdavant.fr\/actualites\/oli-mcburnie-de-sheffield-united-exclu-pendant-semaines-en-raison-dune-blessure-a-laine\/"},"wordCount":516,"publisher":{"@id":"https:\/\/footdavant.fr\/actualites\/#organization"},"keywords":["Blessure","dune","exclu","laine","McBurnie","Oli","pendant","raison","semaines","Sheffield","United"],"articleSection":["Premier League"],"inLanguage":"fr-FR"},{"@type":"WebPage","@id":"https:\/\/footdavant.fr\/actualites\/oli-mcburnie-de-sheffield-united-exclu-pendant-semaines-en-raison-dune-blessure-a-laine\/","url":"https:\/\/footdavant.fr\/actualites\/oli-mcburnie-de-sheffield-united-exclu-pendant-semaines-en-raison-dune-blessure-a-laine\/","name":"Oli McBurnie de Sheffield United exclu pendant \u00ab\u00a0semaines\u00a0\u00bb en raison d'une blessure \u00e0 l'aine","isPartOf":{"@id":"https:\/\/footdavant.fr\/actualites\/#website"},"datePublished":"2023-10-31T18:51:54+00:00","dateModified":"2023-10-31T18:51:55+00:00","breadcrumb":{"@id":"https:\/\/footdavant.fr\/actualites\/oli-mcburnie-de-sheffield-united-exclu-pendant-semaines-en-raison-dune-blessure-a-laine\/#breadcrumb"},"inLanguage":"fr-FR","potentialAction":[{"@type":"ReadAction","target":["https:\/\/footdavant.fr\/actualites\/oli-mcburnie-de-sheffield-united-exclu-pendant-semaines-en-raison-dune-blessure-a-laine\/"]}]},{"@type":"BreadcrumbList","@id":"https:\/\/footdavant.fr\/actualites\/oli-mcburnie-de-sheffield-united-exclu-pendant-semaines-en-raison-dune-blessure-a-laine\/#breadcrumb","itemListElement":[{"@type":"ListItem","position":1,"name":"Accueil","item":"https:\/\/footdavant.fr\/actualites\/"},{"@type":"ListItem","position":2,"name":"Oli McBurnie de Sheffield United exclu pendant \u00ab\u00a0semaines\u00a0\u00bb en raison d&rsquo;une blessure \u00e0 l&rsquo;aine"}]},{"@type":"WebSite","@id":"https:\/\/footdavant.fr\/actualites\/#website","url":"https:\/\/footdavant.fr\/actualites\/","name":"Foot d'avant","description":"","publisher":{"@id":"https:\/\/footdavant.fr\/actualites\/#organization"},"potentialAction":[{"@type":"SearchAction","target":{"@type":"EntryPoint","urlTemplate":"https:\/\/footdavant.fr\/actualites\/?s={search_term_string}"},"query-input":"required name=search_term_string"}],"inLanguage":"fr-FR"},{"@type":"Organization","@id":"https:\/\/footdavant.fr\/actualites\/#organization","name":"Foot d'avant","url":"https:\/\/footdavant.fr\/actualites\/","logo":{"@type":"ImageObject","inLanguage":"fr-FR","@id":"https:\/\/footdavant.fr\/actualites\/#\/schema\/logo\/image\/","url":"https:\/\/footdavant.fr\/actualites\/wp-content\/uploads\/2023\/09\/Copy-of-FootDavant-Logo.png","contentUrl":"https:\/\/footdavant.fr\/actualites\/wp-content\/uploads\/2023\/09\/Copy-of-FootDavant-Logo.png","width":936,"height":549,"caption":"Foot d'avant"},"image":{"@id":"https:\/\/footdavant.fr\/actualites\/#\/schema\/logo\/image\/"},"sameAs":["https:\/\/www.facebook.com\/Footdavant\/","https:\/\/twitter.com\/FootdavantFr","https:\/\/www.instagram.com\/footdavant.fr\/"]},{"@type":"Person","@id":"https:\/\/footdavant.fr\/actualites\/#\/schema\/person\/bc222566d95871b37e597b3ed3ba5e1d","name":"Cl\u00e9ment","image":{"@type":"ImageObject","inLanguage":"fr-FR","@id":"https:\/\/footdavant.fr\/actualites\/#\/schema\/person\/image\/","url":"https:\/\/secure.gravatar.com\/avatar\/7728b29aac2719421e1a9159b2254c44?s=96&d=mm&r=g","contentUrl":"https:\/\/secure.gravatar.com\/avatar\/7728b29aac2719421e1a9159b2254c44?s=96&d=mm&r=g","caption":"Cl\u00e9ment"},"sameAs":["https:\/\/footdavant.fr\/"]}]}},"_links":{"self":[{"href":"https:\/\/footdavant.fr\/actualites\/wp-json\/wp\/v2\/posts\/104"}],"collection":[{"href":"https:\/\/footdavant.fr\/actualites\/wp-json\/wp\/v2\/posts"}],"about":[{"href":"https:\/\/footdavant.fr\/actualites\/wp-json\/wp\/v2\/types\/post"}],"author":[{"embeddable":true,"href":"https:\/\/footdavant.fr\/actualites\/wp-json\/wp\/v2\/users\/1"}],"replies":[{"embeddable":true,"href":"https:\/\/footdavant.fr\/actualites\/wp-json\/wp\/v2\/comments?post=104"}],"version-history":[{"count":1,"href":"https:\/\/footdavant.fr\/actualites\/wp-json\/wp\/v2\/posts\/104\/revisions"}],"predecessor-version":[{"id":106,"href":"https:\/\/footdavant.fr\/actualites\/wp-json\/wp\/v2\/posts\/104\/revisions\/106"}],"wp:featuredmedia":[{"embeddable":true,"href":"https:\/\/footdavant.fr\/actualites\/wp-json\/wp\/v2\/media\/105"}],"wp:attachment":[{"href":"https:\/\/footdavant.fr\/actualites\/wp-json\/wp\/v2\/media?parent=104"}],"wp:term":[{"taxonomy":"category","embeddable":true,"href":"https:\/\/footdavant.fr\/actualites\/wp-json\/wp\/v2\/categories?post=104"},{"taxonomy":"post_tag","embeddable":true,"href":"https:\/\/footdavant.fr\/actualites\/wp-json\/wp\/v2\/tags?post=104"}],"curies":[{"name":"wp","href":"https:\/\/api.w.org\/{rel}","templated":true}]}}