{"id":10407,"date":"2024-06-29T12:50:42","date_gmt":"2024-06-29T10:50:42","guid":{"rendered":"https:\/\/footdavant.fr\/actualites\/les-mavs-ont-echange-tim-hardaway-jr-aux-pistons-en-echange-de-quentin-grimes\/"},"modified":"2024-06-29T12:50:42","modified_gmt":"2024-06-29T10:50:42","slug":"les-mavs-ont-echange-tim-hardaway-jr-aux-pistons-en-echange-de-quentin-grimes","status":"publish","type":"post","link":"https:\/\/footdavant.fr\/actualites\/les-mavs-ont-echange-tim-hardaway-jr-aux-pistons-en-echange-de-quentin-grimes\/","title":{"rendered":"Les Mavs ont \u00e9chang\u00e9 Tim Hardaway Jr. aux Pistons en \u00e9change de Quentin Grimes"},"content":{"rendered":"<div>\n<p>Un joueur qui a \u00e9t\u00e9 utilis\u00e9 avec parcimonie ces s\u00e9ries \u00e9liminatoires \u00e9tait le v\u00e9t\u00e9ran SG Tim Hardaway Jr. Il n&#39;a tout simplement pas jou\u00e9 \u00e0 la hauteur de son niveau lors des s\u00e9ries \u00e9liminatoires de 2024 et cela a nui aux Mavericks.  Ils avaient besoin de sa production en dehors du banc lorsque Kyrie et Luka n&#39;\u00e9taient pas de la partie.  Selon Adrian Wojnarowski d&#39;ESPN, les Mavs ont \u00e9chang\u00e9 Tim Hardaway Jr et trois choix de deuxi\u00e8me ronde aux Pistons en \u00e9change de Quentin Grimes.<\/p>\n<h2>Quentin Grimes peut \u00eatre un acteur de qualit\u00e9 pour les Dallas Mavericks<\/h2>\n<blockquote class=\"twitter-tweet\">\n<p dir=\"ltr\" lang=\"en\">Dallas a \u00e9chang\u00e9 Tim Hardaway Jr. et trois choix de deuxi\u00e8me tour \u00e0 Detroit contre Quentin Grimes, ont indiqu\u00e9 des sources \u00e0 ESPN.<\/p>\n<p>\u2013Adrian Wojnarowski (@wojespn) <a rel=\"nofollow\" href=\"https:\/\/twitter.com\/wojespn\/status\/1806690611619385842?ref_src=twsrc%5Etfw\">28 juin 2024<\/a><\/p>\n<\/blockquote>\n<p>Au cours des six derni\u00e8res saisons, Tim Hardaway Jr. a \u00e9t\u00e9 un joueur de r\u00f4le solide pour les Dallas Mavericks. Le joueur de 32 ans vient de terminer sa 11e saison professionnelle. Il a jou\u00e9 352 matchs en carri\u00e8re pour les Mavs et a \u00e9t\u00e9 titulaire 183 fois. La saison derni\u00e8re, Hardaway a obtenu une moyenne de (14,4) points, (3,2) rebonds et (1,8) passes d\u00e9cisives par match. Pas terrible pour environ 26 minutes par match. Cependant, Hardaway Jr. a eu beaucoup de difficult\u00e9s en s\u00e9ries \u00e9liminatoires pour Dallas.<\/p>\n<p>L&#39;entra\u00eeneur principal Jason Kidd ne l&#39;a utilis\u00e9 que dans 14 de leurs 22 matchs de s\u00e9ries \u00e9liminatoires. Lorsqu&#39;il a jou\u00e9, c&#39;\u00e9tait une moyenne de seulement (12,7) minutes par match. De plus, il a obtenu une moyenne de (4,4) points par match au cours de ces s\u00e9ries \u00e9liminatoires (0,379 %). Avec l&#39;horrible saison qu&#39;il a connue, c&#39;\u00e9tait suffisant pour que les Mavs sentent qu&#39;ils devaient faire une mise \u00e0 niveau. C&#39;est pourquoi ils ont fait un \u00e9change avec les Pistosn pour le beaucoup plus jeune Quentin Grimes qui a une tonne de potentiel d\u00e9verrouill\u00e9.<\/p>\n<blockquote class=\"twitter-tweet\">\n<p dir=\"ltr\" lang=\"en\">RUPTURE:<\/p>\n<p>Dallas re\u00e7oit :<br \/>Quentin Grim\u00e8s<\/p>\n<p>D\u00e9troit re\u00e7oit :<br \/>Tim Hardaway Jr.<br \/>trois choix de deuxi\u00e8me tour<\/p>\n<p>(Via <a rel=\"nofollow\" href=\"https:\/\/twitter.com\/wojespn?ref_src=twsrc%5Etfw\">@wojespn<\/a> ) <a rel=\"nofollow\" href=\"https:\/\/t.co\/Lmlq3m5b0H\">pic.twitter.com\/Lmlq3m5b0H<\/a><\/p>\n<p>\u2014 NBACentral (@TheDunkCentral) <a rel=\"nofollow\" href=\"https:\/\/twitter.com\/TheDunkCentral\/status\/1806691023772340380?ref_src=twsrc%5Etfw\">28 juin 2024<\/a><\/p>\n<\/blockquote>\n<p>Quentin Grimes est dans la ligue depuis trois saisons et il a d\u00e9but\u00e9 sa carri\u00e8re avec les Knicks de New York.  Grimes \u00e9tait le 25e choix des Knicks en 2021. La saison derni\u00e8re, Grimes a \u00e9t\u00e9 \u00e9chang\u00e9 \u00e0 la date limite par New York aux Pistons.  Le joueur de 24 ans a \u00e9t\u00e9 utilis\u00e9 avec parcimonie par les Pistons, disputant seulement six matchs.  Heureusement, Grimes prend un nouveau d\u00e9part cette intersaison et il se dirige vers Dallas.  Grimes est une am\u00e9lioration pour les Mavs par rapport \u00e0 Tim Hardaway Jr. Il quittera le banc pour Dallas la saison prochaine et sera un garde en rotation dans leur alignement.<\/p>\n<\/p><\/div>\n<p><script async src=\"https:\/\/platform.twitter.com\/widgets.js\" charset=\"utf-8\"><\/script><\/p>\n","protected":false},"excerpt":{"rendered":"<p>Un joueur qui a \u00e9t\u00e9 utilis\u00e9 avec parcimonie ces s\u00e9ries \u00e9liminatoires \u00e9tait le v\u00e9t\u00e9ran SG Tim Hardaway Jr. Il n&#39;a tout simplement pas jou\u00e9 \u00e0<\/p>\n","protected":false},"author":1,"featured_media":10408,"comment_status":"closed","ping_status":"","sticky":false,"template":"","format":"standard","meta":{"footnotes":""},"categories":[3],"tags":[305,526,5558,5556,93,5555,244,1319,5557,3748],"yoast_head":"<!-- This site is optimized with the Yoast SEO plugin v21.0 - https:\/\/yoast.com\/wordpress\/plugins\/seo\/ -->\n<title>Les Mavs ont \u00e9chang\u00e9 Tim Hardaway Jr. aux Pistons en \u00e9change de Quentin Grimes<\/title>\n<meta name=\"robots\" content=\"index, follow, max-snippet:-1, max-image-preview:large, max-video-preview:-1\" \/>\n<link rel=\"canonical\" href=\"https:\/\/footdavant.fr\/actualites\/les-mavs-ont-echange-tim-hardaway-jr-aux-pistons-en-echange-de-quentin-grimes\/\" \/>\n<meta property=\"og:locale\" content=\"fr_FR\" \/>\n<meta property=\"og:type\" content=\"article\" \/>\n<meta property=\"og:title\" content=\"Les Mavs ont \u00e9chang\u00e9 Tim Hardaway Jr. aux Pistons en \u00e9change de Quentin Grimes\" \/>\n<meta property=\"og:description\" content=\"Un joueur qui a \u00e9t\u00e9 utilis\u00e9 avec parcimonie ces s\u00e9ries \u00e9liminatoires \u00e9tait le v\u00e9t\u00e9ran SG Tim Hardaway Jr. Il n&#039;a tout simplement pas jou\u00e9 \u00e0\" \/>\n<meta property=\"og:url\" content=\"https:\/\/footdavant.fr\/actualites\/les-mavs-ont-echange-tim-hardaway-jr-aux-pistons-en-echange-de-quentin-grimes\/\" \/>\n<meta property=\"og:site_name\" content=\"Foot d&#039;avant\" \/>\n<meta property=\"article:publisher\" content=\"https:\/\/www.facebook.com\/Footdavant\/\" \/>\n<meta property=\"article:published_time\" content=\"2024-06-29T10:50:42+00:00\" \/>\n<meta property=\"og:image\" content=\"https:\/\/footdavant.fr\/actualites\/wp-content\/uploads\/2024\/06\/Les-Mavs-ont-echange-Tim-Hardaway-Jr-aux-Pistons-en.jpg\" \/>\n\t<meta property=\"og:image:width\" content=\"696\" \/>\n\t<meta property=\"og:image:height\" content=\"464\" \/>\n\t<meta property=\"og:image:type\" content=\"image\/jpeg\" \/>\n<meta name=\"author\" content=\"Cl\u00e9ment\" \/>\n<meta name=\"twitter:card\" content=\"summary_large_image\" \/>\n<meta name=\"twitter:creator\" content=\"@FootdavantFr\" \/>\n<meta name=\"twitter:site\" content=\"@FootdavantFr\" \/>\n<meta name=\"twitter:label1\" content=\"\u00c9crit par\" \/>\n\t<meta name=\"twitter:data1\" content=\"Cl\u00e9ment\" \/>\n\t<meta name=\"twitter:label2\" content=\"Dur\u00e9e de lecture estim\u00e9e\" \/>\n\t<meta name=\"twitter:data2\" content=\"2 minutes\" \/>\n<script type=\"application\/ld+json\" class=\"yoast-schema-graph\">{\"@context\":\"https:\/\/schema.org\",\"@graph\":[{\"@type\":\"Article\",\"@id\":\"https:\/\/footdavant.fr\/actualites\/les-mavs-ont-echange-tim-hardaway-jr-aux-pistons-en-echange-de-quentin-grimes\/#article\",\"isPartOf\":{\"@id\":\"https:\/\/footdavant.fr\/actualites\/les-mavs-ont-echange-tim-hardaway-jr-aux-pistons-en-echange-de-quentin-grimes\/\"},\"author\":{\"name\":\"Cl\u00e9ment\",\"@id\":\"https:\/\/footdavant.fr\/actualites\/#\/schema\/person\/bc222566d95871b37e597b3ed3ba5e1d\"},\"headline\":\"Les Mavs ont \u00e9chang\u00e9 Tim Hardaway Jr. aux Pistons en \u00e9change de Quentin Grimes\",\"datePublished\":\"2024-06-29T10:50:42+00:00\",\"dateModified\":\"2024-06-29T10:50:42+00:00\",\"mainEntityOfPage\":{\"@id\":\"https:\/\/footdavant.fr\/actualites\/les-mavs-ont-echange-tim-hardaway-jr-aux-pistons-en-echange-de-quentin-grimes\/\"},\"wordCount\":471,\"publisher\":{\"@id\":\"https:\/\/footdavant.fr\/actualites\/#organization\"},\"keywords\":[\"aux\",\"\u00e9chang\u00e9\",\"Grimes\",\"Hardaway\",\"les\",\"Mavs\",\"ont\",\"Pistons\",\"Quentin\",\"Tim\"],\"articleSection\":[\"Football\"],\"inLanguage\":\"fr-FR\"},{\"@type\":\"WebPage\",\"@id\":\"https:\/\/footdavant.fr\/actualites\/les-mavs-ont-echange-tim-hardaway-jr-aux-pistons-en-echange-de-quentin-grimes\/\",\"url\":\"https:\/\/footdavant.fr\/actualites\/les-mavs-ont-echange-tim-hardaway-jr-aux-pistons-en-echange-de-quentin-grimes\/\",\"name\":\"Les Mavs ont \u00e9chang\u00e9 Tim Hardaway Jr. aux Pistons en \u00e9change de Quentin Grimes\",\"isPartOf\":{\"@id\":\"https:\/\/footdavant.fr\/actualites\/#website\"},\"datePublished\":\"2024-06-29T10:50:42+00:00\",\"dateModified\":\"2024-06-29T10:50:42+00:00\",\"breadcrumb\":{\"@id\":\"https:\/\/footdavant.fr\/actualites\/les-mavs-ont-echange-tim-hardaway-jr-aux-pistons-en-echange-de-quentin-grimes\/#breadcrumb\"},\"inLanguage\":\"fr-FR\",\"potentialAction\":[{\"@type\":\"ReadAction\",\"target\":[\"https:\/\/footdavant.fr\/actualites\/les-mavs-ont-echange-tim-hardaway-jr-aux-pistons-en-echange-de-quentin-grimes\/\"]}]},{\"@type\":\"BreadcrumbList\",\"@id\":\"https:\/\/footdavant.fr\/actualites\/les-mavs-ont-echange-tim-hardaway-jr-aux-pistons-en-echange-de-quentin-grimes\/#breadcrumb\",\"itemListElement\":[{\"@type\":\"ListItem\",\"position\":1,\"name\":\"Accueil\",\"item\":\"https:\/\/footdavant.fr\/actualites\/\"},{\"@type\":\"ListItem\",\"position\":2,\"name\":\"Les Mavs ont \u00e9chang\u00e9 Tim Hardaway Jr. aux Pistons en \u00e9change de Quentin Grimes\"}]},{\"@type\":\"WebSite\",\"@id\":\"https:\/\/footdavant.fr\/actualites\/#website\",\"url\":\"https:\/\/footdavant.fr\/actualites\/\",\"name\":\"Foot d'avant\",\"description\":\"\",\"publisher\":{\"@id\":\"https:\/\/footdavant.fr\/actualites\/#organization\"},\"potentialAction\":[{\"@type\":\"SearchAction\",\"target\":{\"@type\":\"EntryPoint\",\"urlTemplate\":\"https:\/\/footdavant.fr\/actualites\/?s={search_term_string}\"},\"query-input\":\"required name=search_term_string\"}],\"inLanguage\":\"fr-FR\"},{\"@type\":\"Organization\",\"@id\":\"https:\/\/footdavant.fr\/actualites\/#organization\",\"name\":\"Foot d'avant\",\"url\":\"https:\/\/footdavant.fr\/actualites\/\",\"logo\":{\"@type\":\"ImageObject\",\"inLanguage\":\"fr-FR\",\"@id\":\"https:\/\/footdavant.fr\/actualites\/#\/schema\/logo\/image\/\",\"url\":\"https:\/\/footdavant.fr\/actualites\/wp-content\/uploads\/2023\/09\/Copy-of-FootDavant-Logo.png\",\"contentUrl\":\"https:\/\/footdavant.fr\/actualites\/wp-content\/uploads\/2023\/09\/Copy-of-FootDavant-Logo.png\",\"width\":936,\"height\":549,\"caption\":\"Foot d'avant\"},\"image\":{\"@id\":\"https:\/\/footdavant.fr\/actualites\/#\/schema\/logo\/image\/\"},\"sameAs\":[\"https:\/\/www.facebook.com\/Footdavant\/\",\"https:\/\/twitter.com\/FootdavantFr\",\"https:\/\/www.instagram.com\/footdavant.fr\/\"]},{\"@type\":\"Person\",\"@id\":\"https:\/\/footdavant.fr\/actualites\/#\/schema\/person\/bc222566d95871b37e597b3ed3ba5e1d\",\"name\":\"Cl\u00e9ment\",\"image\":{\"@type\":\"ImageObject\",\"inLanguage\":\"fr-FR\",\"@id\":\"https:\/\/footdavant.fr\/actualites\/#\/schema\/person\/image\/\",\"url\":\"https:\/\/secure.gravatar.com\/avatar\/7728b29aac2719421e1a9159b2254c44?s=96&d=mm&r=g\",\"contentUrl\":\"https:\/\/secure.gravatar.com\/avatar\/7728b29aac2719421e1a9159b2254c44?s=96&d=mm&r=g\",\"caption\":\"Cl\u00e9ment\"},\"sameAs\":[\"https:\/\/footdavant.fr\/\"]}]}<\/script>\n<!-- \/ Yoast SEO plugin. -->","yoast_head_json":{"title":"Les Mavs ont \u00e9chang\u00e9 Tim Hardaway Jr. aux Pistons en \u00e9change de Quentin Grimes","robots":{"index":"index","follow":"follow","max-snippet":"max-snippet:-1","max-image-preview":"max-image-preview:large","max-video-preview":"max-video-preview:-1"},"canonical":"https:\/\/footdavant.fr\/actualites\/les-mavs-ont-echange-tim-hardaway-jr-aux-pistons-en-echange-de-quentin-grimes\/","og_locale":"fr_FR","og_type":"article","og_title":"Les Mavs ont \u00e9chang\u00e9 Tim Hardaway Jr. aux Pistons en \u00e9change de Quentin Grimes","og_description":"Un joueur qui a \u00e9t\u00e9 utilis\u00e9 avec parcimonie ces s\u00e9ries \u00e9liminatoires \u00e9tait le v\u00e9t\u00e9ran SG Tim Hardaway Jr. Il n&#39;a tout simplement pas jou\u00e9 \u00e0","og_url":"https:\/\/footdavant.fr\/actualites\/les-mavs-ont-echange-tim-hardaway-jr-aux-pistons-en-echange-de-quentin-grimes\/","og_site_name":"Foot d&#039;avant","article_publisher":"https:\/\/www.facebook.com\/Footdavant\/","article_published_time":"2024-06-29T10:50:42+00:00","og_image":[{"width":696,"height":464,"url":"https:\/\/footdavant.fr\/actualites\/wp-content\/uploads\/2024\/06\/Les-Mavs-ont-echange-Tim-Hardaway-Jr-aux-Pistons-en.jpg","type":"image\/jpeg"}],"author":"Cl\u00e9ment","twitter_card":"summary_large_image","twitter_creator":"@FootdavantFr","twitter_site":"@FootdavantFr","twitter_misc":{"\u00c9crit par":"Cl\u00e9ment","Dur\u00e9e de lecture estim\u00e9e":"2 minutes"},"schema":{"@context":"https:\/\/schema.org","@graph":[{"@type":"Article","@id":"https:\/\/footdavant.fr\/actualites\/les-mavs-ont-echange-tim-hardaway-jr-aux-pistons-en-echange-de-quentin-grimes\/#article","isPartOf":{"@id":"https:\/\/footdavant.fr\/actualites\/les-mavs-ont-echange-tim-hardaway-jr-aux-pistons-en-echange-de-quentin-grimes\/"},"author":{"name":"Cl\u00e9ment","@id":"https:\/\/footdavant.fr\/actualites\/#\/schema\/person\/bc222566d95871b37e597b3ed3ba5e1d"},"headline":"Les Mavs ont \u00e9chang\u00e9 Tim Hardaway Jr. aux Pistons en \u00e9change de Quentin Grimes","datePublished":"2024-06-29T10:50:42+00:00","dateModified":"2024-06-29T10:50:42+00:00","mainEntityOfPage":{"@id":"https:\/\/footdavant.fr\/actualites\/les-mavs-ont-echange-tim-hardaway-jr-aux-pistons-en-echange-de-quentin-grimes\/"},"wordCount":471,"publisher":{"@id":"https:\/\/footdavant.fr\/actualites\/#organization"},"keywords":["aux","\u00e9chang\u00e9","Grimes","Hardaway","les","Mavs","ont","Pistons","Quentin","Tim"],"articleSection":["Football"],"inLanguage":"fr-FR"},{"@type":"WebPage","@id":"https:\/\/footdavant.fr\/actualites\/les-mavs-ont-echange-tim-hardaway-jr-aux-pistons-en-echange-de-quentin-grimes\/","url":"https:\/\/footdavant.fr\/actualites\/les-mavs-ont-echange-tim-hardaway-jr-aux-pistons-en-echange-de-quentin-grimes\/","name":"Les Mavs ont \u00e9chang\u00e9 Tim Hardaway Jr. aux Pistons en \u00e9change de Quentin Grimes","isPartOf":{"@id":"https:\/\/footdavant.fr\/actualites\/#website"},"datePublished":"2024-06-29T10:50:42+00:00","dateModified":"2024-06-29T10:50:42+00:00","breadcrumb":{"@id":"https:\/\/footdavant.fr\/actualites\/les-mavs-ont-echange-tim-hardaway-jr-aux-pistons-en-echange-de-quentin-grimes\/#breadcrumb"},"inLanguage":"fr-FR","potentialAction":[{"@type":"ReadAction","target":["https:\/\/footdavant.fr\/actualites\/les-mavs-ont-echange-tim-hardaway-jr-aux-pistons-en-echange-de-quentin-grimes\/"]}]},{"@type":"BreadcrumbList","@id":"https:\/\/footdavant.fr\/actualites\/les-mavs-ont-echange-tim-hardaway-jr-aux-pistons-en-echange-de-quentin-grimes\/#breadcrumb","itemListElement":[{"@type":"ListItem","position":1,"name":"Accueil","item":"https:\/\/footdavant.fr\/actualites\/"},{"@type":"ListItem","position":2,"name":"Les Mavs ont \u00e9chang\u00e9 Tim Hardaway Jr. aux Pistons en \u00e9change de Quentin Grimes"}]},{"@type":"WebSite","@id":"https:\/\/footdavant.fr\/actualites\/#website","url":"https:\/\/footdavant.fr\/actualites\/","name":"Foot d'avant","description":"","publisher":{"@id":"https:\/\/footdavant.fr\/actualites\/#organization"},"potentialAction":[{"@type":"SearchAction","target":{"@type":"EntryPoint","urlTemplate":"https:\/\/footdavant.fr\/actualites\/?s={search_term_string}"},"query-input":"required name=search_term_string"}],"inLanguage":"fr-FR"},{"@type":"Organization","@id":"https:\/\/footdavant.fr\/actualites\/#organization","name":"Foot d'avant","url":"https:\/\/footdavant.fr\/actualites\/","logo":{"@type":"ImageObject","inLanguage":"fr-FR","@id":"https:\/\/footdavant.fr\/actualites\/#\/schema\/logo\/image\/","url":"https:\/\/footdavant.fr\/actualites\/wp-content\/uploads\/2023\/09\/Copy-of-FootDavant-Logo.png","contentUrl":"https:\/\/footdavant.fr\/actualites\/wp-content\/uploads\/2023\/09\/Copy-of-FootDavant-Logo.png","width":936,"height":549,"caption":"Foot d'avant"},"image":{"@id":"https:\/\/footdavant.fr\/actualites\/#\/schema\/logo\/image\/"},"sameAs":["https:\/\/www.facebook.com\/Footdavant\/","https:\/\/twitter.com\/FootdavantFr","https:\/\/www.instagram.com\/footdavant.fr\/"]},{"@type":"Person","@id":"https:\/\/footdavant.fr\/actualites\/#\/schema\/person\/bc222566d95871b37e597b3ed3ba5e1d","name":"Cl\u00e9ment","image":{"@type":"ImageObject","inLanguage":"fr-FR","@id":"https:\/\/footdavant.fr\/actualites\/#\/schema\/person\/image\/","url":"https:\/\/secure.gravatar.com\/avatar\/7728b29aac2719421e1a9159b2254c44?s=96&d=mm&r=g","contentUrl":"https:\/\/secure.gravatar.com\/avatar\/7728b29aac2719421e1a9159b2254c44?s=96&d=mm&r=g","caption":"Cl\u00e9ment"},"sameAs":["https:\/\/footdavant.fr\/"]}]}},"_links":{"self":[{"href":"https:\/\/footdavant.fr\/actualites\/wp-json\/wp\/v2\/posts\/10407"}],"collection":[{"href":"https:\/\/footdavant.fr\/actualites\/wp-json\/wp\/v2\/posts"}],"about":[{"href":"https:\/\/footdavant.fr\/actualites\/wp-json\/wp\/v2\/types\/post"}],"author":[{"embeddable":true,"href":"https:\/\/footdavant.fr\/actualites\/wp-json\/wp\/v2\/users\/1"}],"replies":[{"embeddable":true,"href":"https:\/\/footdavant.fr\/actualites\/wp-json\/wp\/v2\/comments?post=10407"}],"version-history":[{"count":1,"href":"https:\/\/footdavant.fr\/actualites\/wp-json\/wp\/v2\/posts\/10407\/revisions"}],"predecessor-version":[{"id":10409,"href":"https:\/\/footdavant.fr\/actualites\/wp-json\/wp\/v2\/posts\/10407\/revisions\/10409"}],"wp:featuredmedia":[{"embeddable":true,"href":"https:\/\/footdavant.fr\/actualites\/wp-json\/wp\/v2\/media\/10408"}],"wp:attachment":[{"href":"https:\/\/footdavant.fr\/actualites\/wp-json\/wp\/v2\/media?parent=10407"}],"wp:term":[{"taxonomy":"category","embeddable":true,"href":"https:\/\/footdavant.fr\/actualites\/wp-json\/wp\/v2\/categories?post=10407"},{"taxonomy":"post_tag","embeddable":true,"href":"https:\/\/footdavant.fr\/actualites\/wp-json\/wp\/v2\/tags?post=10407"}],"curies":[{"name":"wp","href":"https:\/\/api.w.org\/{rel}","templated":true}]}}