{"id":1043,"date":"2023-11-17T04:49:25","date_gmt":"2023-11-17T03:49:25","guid":{"rendered":"https:\/\/footdavant.fr\/actualites\/harry-maguire-heureux-detre-reste-a-manchester-united\/"},"modified":"2023-11-17T04:49:26","modified_gmt":"2023-11-17T03:49:26","slug":"harry-maguire-heureux-detre-reste-a-manchester-united","status":"publish","type":"post","link":"https:\/\/footdavant.fr\/actualites\/harry-maguire-heureux-detre-reste-a-manchester-united\/","title":{"rendered":"Harry Maguire heureux d&rsquo;\u00eatre rest\u00e9 \u00e0 Manchester United"},"content":{"rendered":"<p>Le d\u00e9fenseur central de Manchester United, Harry Maguire, estime qu&rsquo;il a fait le bon choix en restant \u00e0 Old Trafford au milieu de son r\u00e9cent retour en forme dans la ligne arri\u00e8re d&rsquo;Erik ten Hag.<\/p>\n<div id=\"article_body\" itemprop=\"articleBody\">\n<h3 class=\"firstPara\">Rajeuni <strong class=\"autotag\">Manchester United<\/strong> d\u00e9fenseur <strong class=\"autotag\">Harry Maguire<\/strong> estime qu&rsquo;il a pris la bonne d\u00e9cision de rester et de se battre pour sa place \u00e0 Old Trafford.<\/h3>\n<p>L&rsquo;arriv\u00e9e de <strong class=\"autotag\">Erik Ten Hag<\/strong> semble marquer la fin de la carri\u00e8re de Maguire chez les Red Devils, car il a \u00e9t\u00e9 rel\u00e9gu\u00e9 \u00e0 un r\u00f4le sporadique dans l&rsquo;\u00e9quipe derri\u00e8re le duo de premier choix. <strong class=\"autotag\">Rapha\u00ebl Varane<\/strong> et <strong class=\"autotag\">Lisandro Martinez<\/strong>.<\/p>\n<p><strong class=\"autotag\">Victor Lindelof<\/strong> et d\u00e9fenseur central de fortune <strong class=\"autotag\">Luc Shaw<\/strong> \u00e9taient \u00e9galement au-dessus de Maguire dans l&rsquo;ordre hi\u00e9rarchique, alors que Man United a mis fin \u00e0 sa s\u00e9cheresse de troph\u00e9es en Coupe EFL et a conserv\u00e9 17 feuilles blanches, un sommet de la ligue dans l&rsquo;\u00e9lite.<\/p>\n<p>Maguire perdant \u00e9galement le poste de capitaine face \u00e0 <strong class=\"autotag\">Bruno Fernandes<\/strong>tous les signes pointaient vers un transfert ailleurs dans la fen\u00eatre estivale, et un passage \u00e0 West Ham United semblait \u00eatre envisag\u00e9.<\/p>\n<p>Cependant, les pourparlers entre les deux parties ont finalement \u00e9chou\u00e9, car Maguire a toujours insist\u00e9 pour rester et gagner le droit de jouer pour Ten Hag, qui a \u00e9galement re-sign\u00e9. <strong class=\"autotag\">Jonny Evans<\/strong> sur un contrat d&rsquo;un an apr\u00e8s sa lib\u00e9ration de Leicester City.<\/p>\n<p class=\"imgI\">\n<p>Maguire a commenc\u00e9 la saison sur le banc, mais les Red Devils ont perdu Martinez \u00e0 cause d&rsquo;une aggravation de son pr\u00e9c\u00e9dent probl\u00e8me de pied, tandis que Varane a \u00e9galement perdu la faveur suite \u00e0 ses propres probl\u00e8mes de forme physique.<\/p>\n<p>En cons\u00e9quence, Maguire a d\u00e9but\u00e9 les sept matchs de Man United depuis d\u00e9but octobre et a \u00e9t\u00e9 salu\u00e9 pour un certain nombre de performances solides, marquant le but vainqueur lors d&rsquo;une victoire 1-0 contre Copenhague en Ligue des Champions pour le premier triomphe europ\u00e9en des Diables Rouges. de la saison.<\/p>\n<p>Le joueur de 30 ans a \u00e9galement aid\u00e9 l&rsquo;\u00e9quipe de Ten Hag \u00e0 conserver ses cages inviol\u00e9es cons\u00e9cutives en Premier League lors de victoires 1-0 contre Luton Town et Fulham, compl\u00e9tant les 90 dans ce dernier malgr\u00e9 une blessure \u00e0 la t\u00eate.<\/p>\n<p>S&rsquo;exprimant apr\u00e8s la victoire contre Luton ce week-end, Maguire a affirm\u00e9 qu&rsquo;il lui suffisait de rester en forme pour encha\u00eener une s\u00e9quence de matchs, et qu&rsquo;il \u00ab\u00a0aime vraiment\u00a0\u00bb jouer pour les Red Devils.<\/p>\n<p>\u00ab\u00a0J&rsquo;ai jou\u00e9 quelques matchs l&rsquo;ann\u00e9e derni\u00e8re, mais je n&rsquo;en ai tout simplement pas jou\u00e9 autant que je l&rsquo;aurais souhait\u00e9\u00a0\u00bb <em>BBC Sport<\/em> cite l&rsquo;ancien d\u00e9fenseur de Leicester City.<\/p>\n<p class=\"imgI\"><img decoding=\"async\" loading=\"lazy\" class=\"l\" src=\"https:\/\/footdavant.fr\/actualites\/wp-content\/uploads\/2023\/11\/1700192965_366_Harry-Maguire-heureux-detre-reste-a-Manchester-United.JPG\" title=\"Le d\u00e9fenseur central de Manchester United, Harry Maguire, le 21 octobre 2023\" alt=\"Le d\u00e9fenseur central de Manchester United, Harry Maguire, le 21 octobre 2023\" width=\"640\" height=\"480\"><\/p>\n<p>\u00ab\u00a0J&rsquo;ai eu deux ou trois occasions de disputer une s\u00e9rie de matchs, mais je suis tomb\u00e9 en panne \u00e0 cause d&rsquo;une maladie et d&rsquo;une blessure \u00e0 deux reprises, donc je n&rsquo;ai jamais eu le rythme et je n&rsquo;ai jamais eu la s\u00e9rie de matchs pour pouvoir faire mes preuves aupr\u00e8s du manager. J&rsquo;ai vraiment J&rsquo;aime jouer pour ce club et j&rsquo;\u00e9tais pr\u00eat \u00e0 rester et \u00e0 me battre pour ma place.\u00a0\u00bb<\/p>\n<p>Au milieu de ses difficult\u00e9s pendant des minutes au niveau du club, Maguire est rest\u00e9 un pilier du patron anglais <strong class=\"autotag\">Gareth Southgate<\/strong>m\u00eame s&rsquo;il reconna\u00eet avoir \u00e9t\u00e9 confront\u00e9 \u00e0 une concurrence f\u00e9roce pour les places \u00e0 Old Trafford.<\/p>\n<p>\u00ab\u00a0Vous utilisez votre exp\u00e9rience et les souvenirs que vous avez. J&rsquo;ai d\u00fb travailler dur \u00e0 l&rsquo;entra\u00eenement pour m&rsquo;assurer d&rsquo;\u00eatre pr\u00eat\u00a0\u00bb, a ajout\u00e9 Maguire.  \u00ab\u00a0On parlait beaucoup de moi parce que je ne jouais pas, mais je jouais bien pour mon pays, je suis all\u00e9 \u00e0 la Coupe du Monde et j&rsquo;ai toujours pens\u00e9 que ma forme \u00e9tait l\u00e0.<\/p>\n<p>\u00ab\u00a0Mais je suis confront\u00e9 \u00e0 des d\u00e9fenseurs centraux de haut niveau et l&rsquo;ann\u00e9e derni\u00e8re, ils ont jou\u00e9 \u00e0 merveille, donc je n&rsquo;ai pas eu autant d&rsquo;opportunit\u00e9s que je l&rsquo;aurais souhait\u00e9. Ce club exige une comp\u00e9tition pour les places et c&rsquo;est ce que nous avons dans mon \u00e9quipe. position.\u00a0\u00bb<\/p>\n<p>Maguire reste sous contrat avec Man United jusqu&rsquo;en 2025 avec la possibilit\u00e9 d&rsquo;une ann\u00e9e suppl\u00e9mentaire, et le d\u00e9fenseur compte d\u00e9sormais huit buts et six passes d\u00e9cisives en 186 matchs pour le club depuis son arriv\u00e9e de 80 millions de livres sterling en 2019.<\/p>\n<p>L&rsquo;international anglais rejoindra d\u00e9sormais l&rsquo;\u00e9quipe des Trois Lions pour ses deux derniers matchs de qualification pour l&rsquo;Euro 2024 contre Malte (17 novembre) et la Mac\u00e9doine du Nord (20 novembre) alors que les hommes de Southgate cherchent \u00e0 sceller une premi\u00e8re place dans le groupe C.<\/p>\n<\/div>\n","protected":false},"excerpt":{"rendered":"<p>Le d\u00e9fenseur central de Manchester United, Harry Maguire, estime qu&rsquo;il a fait le bon choix en restant \u00e0 Old Trafford au milieu de son r\u00e9cent<\/p>\n","protected":false},"author":1,"featured_media":1044,"comment_status":"closed","ping_status":"","sticky":false,"template":"","format":"standard","meta":{"footnotes":""},"categories":[5],"tags":[1207,32,1206,33,11,808,13],"yoast_head":"<!-- This site is optimized with the Yoast SEO plugin v21.0 - https:\/\/yoast.com\/wordpress\/plugins\/seo\/ -->\n<title>Harry Maguire heureux d&#039;\u00eatre rest\u00e9 \u00e0 Manchester United<\/title>\n<meta name=\"robots\" content=\"index, follow, max-snippet:-1, max-image-preview:large, max-video-preview:-1\" \/>\n<link rel=\"canonical\" href=\"https:\/\/footdavant.fr\/actualites\/harry-maguire-heureux-detre-reste-a-manchester-united\/\" \/>\n<meta property=\"og:locale\" content=\"fr_FR\" \/>\n<meta property=\"og:type\" content=\"article\" \/>\n<meta property=\"og:title\" content=\"Harry Maguire heureux d&#039;\u00eatre rest\u00e9 \u00e0 Manchester United\" \/>\n<meta property=\"og:description\" content=\"Le d\u00e9fenseur central de Manchester United, Harry Maguire, estime qu&rsquo;il a fait le bon choix en restant \u00e0 Old Trafford au milieu de son r\u00e9cent\" \/>\n<meta property=\"og:url\" content=\"https:\/\/footdavant.fr\/actualites\/harry-maguire-heureux-detre-reste-a-manchester-united\/\" \/>\n<meta property=\"og:site_name\" content=\"Foot d&#039;avant\" \/>\n<meta property=\"article:publisher\" content=\"https:\/\/www.facebook.com\/Footdavant\/\" \/>\n<meta property=\"article:published_time\" content=\"2023-11-17T03:49:25+00:00\" \/>\n<meta property=\"article:modified_time\" content=\"2023-11-17T03:49:26+00:00\" \/>\n<meta property=\"og:image\" content=\"https:\/\/footdavant.fr\/actualites\/wp-content\/uploads\/2023\/11\/Harry-Maguire-heureux-detre-reste-a-Manchester-United.JPG\" \/>\n\t<meta property=\"og:image:width\" content=\"640\" \/>\n\t<meta property=\"og:image:height\" content=\"480\" \/>\n\t<meta property=\"og:image:type\" content=\"image\/jpeg\" \/>\n<meta name=\"author\" content=\"Cl\u00e9ment\" \/>\n<meta name=\"twitter:card\" content=\"summary_large_image\" \/>\n<meta name=\"twitter:creator\" content=\"@FootdavantFr\" \/>\n<meta name=\"twitter:site\" content=\"@FootdavantFr\" \/>\n<meta name=\"twitter:label1\" content=\"\u00c9crit par\" \/>\n\t<meta name=\"twitter:data1\" content=\"Cl\u00e9ment\" \/>\n\t<meta name=\"twitter:label2\" content=\"Dur\u00e9e de lecture estim\u00e9e\" \/>\n\t<meta name=\"twitter:data2\" content=\"4 minutes\" \/>\n<script type=\"application\/ld+json\" class=\"yoast-schema-graph\">{\"@context\":\"https:\/\/schema.org\",\"@graph\":[{\"@type\":\"Article\",\"@id\":\"https:\/\/footdavant.fr\/actualites\/harry-maguire-heureux-detre-reste-a-manchester-united\/#article\",\"isPartOf\":{\"@id\":\"https:\/\/footdavant.fr\/actualites\/harry-maguire-heureux-detre-reste-a-manchester-united\/\"},\"author\":{\"name\":\"Cl\u00e9ment\",\"@id\":\"https:\/\/footdavant.fr\/actualites\/#\/schema\/person\/bc222566d95871b37e597b3ed3ba5e1d\"},\"headline\":\"Harry Maguire heureux d&rsquo;\u00eatre rest\u00e9 \u00e0 Manchester United\",\"datePublished\":\"2023-11-17T03:49:25+00:00\",\"dateModified\":\"2023-11-17T03:49:26+00:00\",\"mainEntityOfPage\":{\"@id\":\"https:\/\/footdavant.fr\/actualites\/harry-maguire-heureux-detre-reste-a-manchester-united\/\"},\"wordCount\":759,\"publisher\":{\"@id\":\"https:\/\/footdavant.fr\/actualites\/#organization\"},\"keywords\":[\"d\u00eatre\",\"Harry\",\"heureux\",\"Maguire\",\"Manchester\",\"reste\",\"United\"],\"articleSection\":[\"Premier League\"],\"inLanguage\":\"fr-FR\"},{\"@type\":\"WebPage\",\"@id\":\"https:\/\/footdavant.fr\/actualites\/harry-maguire-heureux-detre-reste-a-manchester-united\/\",\"url\":\"https:\/\/footdavant.fr\/actualites\/harry-maguire-heureux-detre-reste-a-manchester-united\/\",\"name\":\"Harry Maguire heureux d'\u00eatre rest\u00e9 \u00e0 Manchester United\",\"isPartOf\":{\"@id\":\"https:\/\/footdavant.fr\/actualites\/#website\"},\"datePublished\":\"2023-11-17T03:49:25+00:00\",\"dateModified\":\"2023-11-17T03:49:26+00:00\",\"breadcrumb\":{\"@id\":\"https:\/\/footdavant.fr\/actualites\/harry-maguire-heureux-detre-reste-a-manchester-united\/#breadcrumb\"},\"inLanguage\":\"fr-FR\",\"potentialAction\":[{\"@type\":\"ReadAction\",\"target\":[\"https:\/\/footdavant.fr\/actualites\/harry-maguire-heureux-detre-reste-a-manchester-united\/\"]}]},{\"@type\":\"BreadcrumbList\",\"@id\":\"https:\/\/footdavant.fr\/actualites\/harry-maguire-heureux-detre-reste-a-manchester-united\/#breadcrumb\",\"itemListElement\":[{\"@type\":\"ListItem\",\"position\":1,\"name\":\"Accueil\",\"item\":\"https:\/\/footdavant.fr\/actualites\/\"},{\"@type\":\"ListItem\",\"position\":2,\"name\":\"Harry Maguire heureux d&rsquo;\u00eatre rest\u00e9 \u00e0 Manchester United\"}]},{\"@type\":\"WebSite\",\"@id\":\"https:\/\/footdavant.fr\/actualites\/#website\",\"url\":\"https:\/\/footdavant.fr\/actualites\/\",\"name\":\"Foot d'avant\",\"description\":\"\",\"publisher\":{\"@id\":\"https:\/\/footdavant.fr\/actualites\/#organization\"},\"potentialAction\":[{\"@type\":\"SearchAction\",\"target\":{\"@type\":\"EntryPoint\",\"urlTemplate\":\"https:\/\/footdavant.fr\/actualites\/?s={search_term_string}\"},\"query-input\":\"required name=search_term_string\"}],\"inLanguage\":\"fr-FR\"},{\"@type\":\"Organization\",\"@id\":\"https:\/\/footdavant.fr\/actualites\/#organization\",\"name\":\"Foot d'avant\",\"url\":\"https:\/\/footdavant.fr\/actualites\/\",\"logo\":{\"@type\":\"ImageObject\",\"inLanguage\":\"fr-FR\",\"@id\":\"https:\/\/footdavant.fr\/actualites\/#\/schema\/logo\/image\/\",\"url\":\"https:\/\/footdavant.fr\/actualites\/wp-content\/uploads\/2023\/09\/Copy-of-FootDavant-Logo.png\",\"contentUrl\":\"https:\/\/footdavant.fr\/actualites\/wp-content\/uploads\/2023\/09\/Copy-of-FootDavant-Logo.png\",\"width\":936,\"height\":549,\"caption\":\"Foot d'avant\"},\"image\":{\"@id\":\"https:\/\/footdavant.fr\/actualites\/#\/schema\/logo\/image\/\"},\"sameAs\":[\"https:\/\/www.facebook.com\/Footdavant\/\",\"https:\/\/twitter.com\/FootdavantFr\",\"https:\/\/www.instagram.com\/footdavant.fr\/\"]},{\"@type\":\"Person\",\"@id\":\"https:\/\/footdavant.fr\/actualites\/#\/schema\/person\/bc222566d95871b37e597b3ed3ba5e1d\",\"name\":\"Cl\u00e9ment\",\"image\":{\"@type\":\"ImageObject\",\"inLanguage\":\"fr-FR\",\"@id\":\"https:\/\/footdavant.fr\/actualites\/#\/schema\/person\/image\/\",\"url\":\"https:\/\/secure.gravatar.com\/avatar\/7728b29aac2719421e1a9159b2254c44?s=96&d=mm&r=g\",\"contentUrl\":\"https:\/\/secure.gravatar.com\/avatar\/7728b29aac2719421e1a9159b2254c44?s=96&d=mm&r=g\",\"caption\":\"Cl\u00e9ment\"},\"sameAs\":[\"https:\/\/footdavant.fr\/\"]}]}<\/script>\n<!-- \/ Yoast SEO plugin. -->","yoast_head_json":{"title":"Harry Maguire heureux d'\u00eatre rest\u00e9 \u00e0 Manchester United","robots":{"index":"index","follow":"follow","max-snippet":"max-snippet:-1","max-image-preview":"max-image-preview:large","max-video-preview":"max-video-preview:-1"},"canonical":"https:\/\/footdavant.fr\/actualites\/harry-maguire-heureux-detre-reste-a-manchester-united\/","og_locale":"fr_FR","og_type":"article","og_title":"Harry Maguire heureux d'\u00eatre rest\u00e9 \u00e0 Manchester United","og_description":"Le d\u00e9fenseur central de Manchester United, Harry Maguire, estime qu&rsquo;il a fait le bon choix en restant \u00e0 Old Trafford au milieu de son r\u00e9cent","og_url":"https:\/\/footdavant.fr\/actualites\/harry-maguire-heureux-detre-reste-a-manchester-united\/","og_site_name":"Foot d&#039;avant","article_publisher":"https:\/\/www.facebook.com\/Footdavant\/","article_published_time":"2023-11-17T03:49:25+00:00","article_modified_time":"2023-11-17T03:49:26+00:00","og_image":[{"width":640,"height":480,"url":"https:\/\/footdavant.fr\/actualites\/wp-content\/uploads\/2023\/11\/Harry-Maguire-heureux-detre-reste-a-Manchester-United.JPG","type":"image\/jpeg"}],"author":"Cl\u00e9ment","twitter_card":"summary_large_image","twitter_creator":"@FootdavantFr","twitter_site":"@FootdavantFr","twitter_misc":{"\u00c9crit par":"Cl\u00e9ment","Dur\u00e9e de lecture estim\u00e9e":"4 minutes"},"schema":{"@context":"https:\/\/schema.org","@graph":[{"@type":"Article","@id":"https:\/\/footdavant.fr\/actualites\/harry-maguire-heureux-detre-reste-a-manchester-united\/#article","isPartOf":{"@id":"https:\/\/footdavant.fr\/actualites\/harry-maguire-heureux-detre-reste-a-manchester-united\/"},"author":{"name":"Cl\u00e9ment","@id":"https:\/\/footdavant.fr\/actualites\/#\/schema\/person\/bc222566d95871b37e597b3ed3ba5e1d"},"headline":"Harry Maguire heureux d&rsquo;\u00eatre rest\u00e9 \u00e0 Manchester United","datePublished":"2023-11-17T03:49:25+00:00","dateModified":"2023-11-17T03:49:26+00:00","mainEntityOfPage":{"@id":"https:\/\/footdavant.fr\/actualites\/harry-maguire-heureux-detre-reste-a-manchester-united\/"},"wordCount":759,"publisher":{"@id":"https:\/\/footdavant.fr\/actualites\/#organization"},"keywords":["d\u00eatre","Harry","heureux","Maguire","Manchester","reste","United"],"articleSection":["Premier League"],"inLanguage":"fr-FR"},{"@type":"WebPage","@id":"https:\/\/footdavant.fr\/actualites\/harry-maguire-heureux-detre-reste-a-manchester-united\/","url":"https:\/\/footdavant.fr\/actualites\/harry-maguire-heureux-detre-reste-a-manchester-united\/","name":"Harry Maguire heureux d'\u00eatre rest\u00e9 \u00e0 Manchester United","isPartOf":{"@id":"https:\/\/footdavant.fr\/actualites\/#website"},"datePublished":"2023-11-17T03:49:25+00:00","dateModified":"2023-11-17T03:49:26+00:00","breadcrumb":{"@id":"https:\/\/footdavant.fr\/actualites\/harry-maguire-heureux-detre-reste-a-manchester-united\/#breadcrumb"},"inLanguage":"fr-FR","potentialAction":[{"@type":"ReadAction","target":["https:\/\/footdavant.fr\/actualites\/harry-maguire-heureux-detre-reste-a-manchester-united\/"]}]},{"@type":"BreadcrumbList","@id":"https:\/\/footdavant.fr\/actualites\/harry-maguire-heureux-detre-reste-a-manchester-united\/#breadcrumb","itemListElement":[{"@type":"ListItem","position":1,"name":"Accueil","item":"https:\/\/footdavant.fr\/actualites\/"},{"@type":"ListItem","position":2,"name":"Harry Maguire heureux d&rsquo;\u00eatre rest\u00e9 \u00e0 Manchester United"}]},{"@type":"WebSite","@id":"https:\/\/footdavant.fr\/actualites\/#website","url":"https:\/\/footdavant.fr\/actualites\/","name":"Foot d'avant","description":"","publisher":{"@id":"https:\/\/footdavant.fr\/actualites\/#organization"},"potentialAction":[{"@type":"SearchAction","target":{"@type":"EntryPoint","urlTemplate":"https:\/\/footdavant.fr\/actualites\/?s={search_term_string}"},"query-input":"required name=search_term_string"}],"inLanguage":"fr-FR"},{"@type":"Organization","@id":"https:\/\/footdavant.fr\/actualites\/#organization","name":"Foot d'avant","url":"https:\/\/footdavant.fr\/actualites\/","logo":{"@type":"ImageObject","inLanguage":"fr-FR","@id":"https:\/\/footdavant.fr\/actualites\/#\/schema\/logo\/image\/","url":"https:\/\/footdavant.fr\/actualites\/wp-content\/uploads\/2023\/09\/Copy-of-FootDavant-Logo.png","contentUrl":"https:\/\/footdavant.fr\/actualites\/wp-content\/uploads\/2023\/09\/Copy-of-FootDavant-Logo.png","width":936,"height":549,"caption":"Foot d'avant"},"image":{"@id":"https:\/\/footdavant.fr\/actualites\/#\/schema\/logo\/image\/"},"sameAs":["https:\/\/www.facebook.com\/Footdavant\/","https:\/\/twitter.com\/FootdavantFr","https:\/\/www.instagram.com\/footdavant.fr\/"]},{"@type":"Person","@id":"https:\/\/footdavant.fr\/actualites\/#\/schema\/person\/bc222566d95871b37e597b3ed3ba5e1d","name":"Cl\u00e9ment","image":{"@type":"ImageObject","inLanguage":"fr-FR","@id":"https:\/\/footdavant.fr\/actualites\/#\/schema\/person\/image\/","url":"https:\/\/secure.gravatar.com\/avatar\/7728b29aac2719421e1a9159b2254c44?s=96&d=mm&r=g","contentUrl":"https:\/\/secure.gravatar.com\/avatar\/7728b29aac2719421e1a9159b2254c44?s=96&d=mm&r=g","caption":"Cl\u00e9ment"},"sameAs":["https:\/\/footdavant.fr\/"]}]}},"_links":{"self":[{"href":"https:\/\/footdavant.fr\/actualites\/wp-json\/wp\/v2\/posts\/1043"}],"collection":[{"href":"https:\/\/footdavant.fr\/actualites\/wp-json\/wp\/v2\/posts"}],"about":[{"href":"https:\/\/footdavant.fr\/actualites\/wp-json\/wp\/v2\/types\/post"}],"author":[{"embeddable":true,"href":"https:\/\/footdavant.fr\/actualites\/wp-json\/wp\/v2\/users\/1"}],"replies":[{"embeddable":true,"href":"https:\/\/footdavant.fr\/actualites\/wp-json\/wp\/v2\/comments?post=1043"}],"version-history":[{"count":1,"href":"https:\/\/footdavant.fr\/actualites\/wp-json\/wp\/v2\/posts\/1043\/revisions"}],"predecessor-version":[{"id":1045,"href":"https:\/\/footdavant.fr\/actualites\/wp-json\/wp\/v2\/posts\/1043\/revisions\/1045"}],"wp:featuredmedia":[{"embeddable":true,"href":"https:\/\/footdavant.fr\/actualites\/wp-json\/wp\/v2\/media\/1044"}],"wp:attachment":[{"href":"https:\/\/footdavant.fr\/actualites\/wp-json\/wp\/v2\/media?parent=1043"}],"wp:term":[{"taxonomy":"category","embeddable":true,"href":"https:\/\/footdavant.fr\/actualites\/wp-json\/wp\/v2\/categories?post=1043"},{"taxonomy":"post_tag","embeddable":true,"href":"https:\/\/footdavant.fr\/actualites\/wp-json\/wp\/v2\/tags?post=1043"}],"curies":[{"name":"wp","href":"https:\/\/api.w.org\/{rel}","templated":true}]}}