{"id":1049,"date":"2023-11-17T07:57:10","date_gmt":"2023-11-17T06:57:10","guid":{"rendered":"https:\/\/footdavant.fr\/actualites\/chelsea-envisage-t-il-une-decision-pour-roony-bardghji-de-copenhague\/"},"modified":"2023-11-17T07:57:11","modified_gmt":"2023-11-17T06:57:11","slug":"chelsea-envisage-t-il-une-decision-pour-roony-bardghji-de-copenhague","status":"publish","type":"post","link":"https:\/\/footdavant.fr\/actualites\/chelsea-envisage-t-il-une-decision-pour-roony-bardghji-de-copenhague\/","title":{"rendered":"Chelsea envisage-t-il une d\u00e9cision pour Roony Bardghji de Copenhague ?"},"content":{"rendered":"<p>Chelsea envisagerait de recruter l&rsquo;attaquant de Copenhague Roony Bardghji, 17 ans, qui est \u00e9galement sur le radar de Newcastle United et de Nice.<\/p>\n<div id=\"article_body\" itemprop=\"articleBody\">\n<h3 class=\"firstPara\">\n<strong class=\"autotag\">Chelsea<\/strong> envisageraient de d\u00e9m\u00e9nager pour un jeune de 17 ans <strong class=\"autotag\">Copenhague<\/strong> attaquant <strong class=\"autotag\">Roony Bardghji<\/strong> suite aux exploits de l&rsquo;adolescent en Ligue des champions contre Manchester United.<\/h3>\n<p>Deux semaines apr\u00e8s une victoire sans int\u00e9r\u00eat 1-0 contre les champions du Danemark, o\u00f9 <strong class=\"autotag\">Andr\u00e9 Onana<\/strong> a \u00e9t\u00e9 contraint \u00e0 un arr\u00eat sur penalty de derni\u00e8re minute, <strong class=\"autotag\">Erik Ten Hag<\/strong>Les hommes de sont sortis du mauvais c\u00f4t\u00e9 sur un score de 4-3 pour la deuxi\u00e8me fois en Ligue des Champions cette saison.<\/p>\n<p>Bardghji \u00e9tait un rempla\u00e7ant inutilis\u00e9 lors de la d\u00e9faite serr\u00e9e de son \u00e9quipe \u00e0 Old Trafford, mais il a quitt\u00e9 le banc lors du match retour et a marqu\u00e9 un but spectaculaire \u00e0 la 87e minute pour Copenhague, condamnant Man United \u00e0 sa troisi\u00e8me d\u00e9faite en quatre comp\u00e9titions europ\u00e9ennes cette saison.<\/p>\n<p>Le but d\u00e9cisif de l&rsquo;ailier dans le Groupe A \u00e9tait d\u00e9j\u00e0 son 10e en 23 matches seniors toutes comp\u00e9titions confondues lors de la campagne en cours, apr\u00e8s avoir \u00e9galement inscrit sept buts en Superliga danoise en 15 matches jusqu&rsquo;\u00e0 pr\u00e9sent.<\/p>\n<p>Depuis qu&rsquo;il a \u00e9t\u00e9 promu dans l&rsquo;\u00e9quipe senior de Copenhague en janvier 2022, Bardghji \u2013 qui f\u00eatera ses 18 ans mercredi \u2013 a marqu\u00e9 15 fois en 66 matches pour les g\u00e9ants danois, en plus de contribuer une passe d\u00e9cisive.<\/p>\n<p class=\"imgI\">\n<p>Bardghji est n\u00e9 \u00e0 Kowe\u00eft City mais repr\u00e9sente la Su\u00e8de au niveau international. L&rsquo;ailier a d\u00e9j\u00e0 jou\u00e9 cinq fois pour les moins de 21 ans, marquant un but lors d&rsquo;une victoire amicale contre l&rsquo;\u00c9cosse en mars.<\/p>\n<p>Selon un m\u00e9dia danois <em>Conseils<\/em> &#8211; via <em>Le soleil<\/em> &#8211; Chelsea a pris go\u00fbt \u00e0 l&rsquo;ailier de Copenhague, dont le contrat actuel avec les \u00e9ternels champions danois court jusqu&rsquo;au r\u00e9veillon du Nouvel An 2025.<\/p>\n<p>Cependant, une fois que Bardghji aura 18 ans cette semaine, il sera en mesure de conclure un nouvel accord am\u00e9lior\u00e9 avec son club actuel, qui souhaite naturellement le lier \u00e0 de nouvelles conditions.<\/p>\n<p>Chelsea n&rsquo;est cependant pas la seule \u00e9quipe de Premier League \u00e0 garder un \u0153il sur les performances de Bardghji, car <strong class=\"autotag\">Newcastle United<\/strong> et <strong class=\"autotag\">Palais de Cristal<\/strong> sont pr\u00eats \u00e0 offrir une rude concurrence lors du mercato estival.<\/p>\n<p>De plus, tenue fran\u00e7aise <strong class=\"autotag\">Bon<\/strong> &#8211; d\u00e9tenu par Sir, un actionnaire potentiel de Man United <strong class=\"autotag\">Jim Ratcliffe<\/strong> &#8211; veulent \u00e9galement \u00e9loigner Bardghji de la Scandinavie, et les Aiglons seraient en t\u00eate de file.<\/p>\n<p class=\"imgI\"><img decoding=\"async\" loading=\"lazy\" class=\"l\" src=\"https:\/\/footdavant.fr\/actualites\/wp-content\/uploads\/2023\/11\/1700204230_178_Chelsea-envisage-t-il-une-decision-pour-Roony-Bardghji-de-Copenhague.JPG\" title=\"Le pr\u00e9sident d'Ineos, Jim Ratcliffe, le 17 mars 2023\" alt=\"Le pr\u00e9sident d'Ineos, Jim Ratcliffe, le 17 mars 2023\" width=\"640\" height=\"480\"><\/p>\n<p>Copenhague se serait r\u00e9sign\u00e9 \u00e0 perdre son prot\u00e9g\u00e9 adolescent en 2024, mais ils pr\u00e9voient d&rsquo;en tirer profit au cours de l&rsquo;\u00e9t\u00e9 plut\u00f4t qu&rsquo;en janvier alors qu&rsquo;ils s&rsquo;efforcent de faire des vagues lors des huiti\u00e8mes de finale de la Ligue des champions ou de la Ligue Europa.<\/p>\n<p>Malgr\u00e9 l&rsquo;int\u00e9r\u00eat de Nice, rien ne laisse penser que Man United pourrait entrer dans la course pour le joueur qui l&rsquo;a soumis \u00e0 une autre soir\u00e9e de Ligue des Champions ch\u00e2tiante, malgr\u00e9 le manque de production de ses ailiers lors de la campagne en cours.<\/p>\n<p>Pendant ce temps, Chelsea a r\u00e9approvisionn\u00e9 son d\u00e9partement offensif avec de nombreux jeunes ailiers en 2023, ajoutant <strong class=\"autotag\">Mykha\u00eflo Mudryk<\/strong>, <strong class=\"autotag\">Noni Madueke<\/strong>, <strong class=\"autotag\">Diego Moreira<\/strong>, <strong class=\"autotag\">Cole Palmer<\/strong> et <strong class=\"autotag\">Angelo<\/strong> \u00e0 leurs rangs.<\/p>\n<p>Les premi\u00e8res retrouvailles de Palmer avec Manchester City dimanche se sont termin\u00e9es avec l&rsquo;international anglais des moins de 21 ans marquant un penalty dans le temps additionnel pour r\u00e9cup\u00e9rer un point dans un match nul 4-4 avec les champions, laissant Chelsea 10e du classement avant la tr\u00eave internationale.<\/p>\n<\/div>\n","protected":false},"excerpt":{"rendered":"<p>Chelsea envisagerait de recruter l&rsquo;attaquant de Copenhague Roony Bardghji, 17 ans, qui est \u00e9galement sur le radar de Newcastle United et de Nice. Chelsea envisageraient<\/p>\n","protected":false},"author":1,"featured_media":1050,"comment_status":"closed","ping_status":"","sticky":false,"template":"","format":"standard","meta":{"footnotes":""},"categories":[5],"tags":[1212,171,198,497,262,51,1211,92],"yoast_head":"<!-- This site is optimized with the Yoast SEO plugin v21.0 - https:\/\/yoast.com\/wordpress\/plugins\/seo\/ -->\n<title>Chelsea envisage-t-il une d\u00e9cision pour Roony Bardghji de Copenhague ?<\/title>\n<meta name=\"robots\" content=\"index, follow, max-snippet:-1, max-image-preview:large, max-video-preview:-1\" \/>\n<link rel=\"canonical\" href=\"https:\/\/footdavant.fr\/actualites\/chelsea-envisage-t-il-une-decision-pour-roony-bardghji-de-copenhague\/\" \/>\n<meta property=\"og:locale\" content=\"fr_FR\" \/>\n<meta property=\"og:type\" content=\"article\" \/>\n<meta property=\"og:title\" content=\"Chelsea envisage-t-il une d\u00e9cision pour Roony Bardghji de Copenhague ?\" \/>\n<meta property=\"og:description\" content=\"Chelsea envisagerait de recruter l&rsquo;attaquant de Copenhague Roony Bardghji, 17 ans, qui est \u00e9galement sur le radar de Newcastle United et de Nice. Chelsea envisageraient\" \/>\n<meta property=\"og:url\" content=\"https:\/\/footdavant.fr\/actualites\/chelsea-envisage-t-il-une-decision-pour-roony-bardghji-de-copenhague\/\" \/>\n<meta property=\"og:site_name\" content=\"Foot d&#039;avant\" \/>\n<meta property=\"article:publisher\" content=\"https:\/\/www.facebook.com\/Footdavant\/\" \/>\n<meta property=\"article:published_time\" content=\"2023-11-17T06:57:10+00:00\" \/>\n<meta property=\"article:modified_time\" content=\"2023-11-17T06:57:11+00:00\" \/>\n<meta property=\"og:image\" content=\"https:\/\/footdavant.fr\/actualites\/wp-content\/uploads\/2023\/11\/Chelsea-envisage-t-il-une-decision-pour-Roony-Bardghji-de-Copenhague.JPG\" \/>\n\t<meta property=\"og:image:width\" content=\"640\" \/>\n\t<meta property=\"og:image:height\" content=\"480\" \/>\n\t<meta property=\"og:image:type\" content=\"image\/jpeg\" \/>\n<meta name=\"author\" content=\"Cl\u00e9ment\" \/>\n<meta name=\"twitter:card\" content=\"summary_large_image\" \/>\n<meta name=\"twitter:creator\" content=\"@FootdavantFr\" \/>\n<meta name=\"twitter:site\" content=\"@FootdavantFr\" \/>\n<meta name=\"twitter:label1\" content=\"\u00c9crit par\" \/>\n\t<meta name=\"twitter:data1\" content=\"Cl\u00e9ment\" \/>\n\t<meta name=\"twitter:label2\" content=\"Dur\u00e9e de lecture estim\u00e9e\" \/>\n\t<meta name=\"twitter:data2\" content=\"3 minutes\" \/>\n<script type=\"application\/ld+json\" class=\"yoast-schema-graph\">{\"@context\":\"https:\/\/schema.org\",\"@graph\":[{\"@type\":\"Article\",\"@id\":\"https:\/\/footdavant.fr\/actualites\/chelsea-envisage-t-il-une-decision-pour-roony-bardghji-de-copenhague\/#article\",\"isPartOf\":{\"@id\":\"https:\/\/footdavant.fr\/actualites\/chelsea-envisage-t-il-une-decision-pour-roony-bardghji-de-copenhague\/\"},\"author\":{\"name\":\"Cl\u00e9ment\",\"@id\":\"https:\/\/footdavant.fr\/actualites\/#\/schema\/person\/bc222566d95871b37e597b3ed3ba5e1d\"},\"headline\":\"Chelsea envisage-t-il une d\u00e9cision pour Roony Bardghji de Copenhague ?\",\"datePublished\":\"2023-11-17T06:57:10+00:00\",\"dateModified\":\"2023-11-17T06:57:11+00:00\",\"mainEntityOfPage\":{\"@id\":\"https:\/\/footdavant.fr\/actualites\/chelsea-envisage-t-il-une-decision-pour-roony-bardghji-de-copenhague\/\"},\"wordCount\":612,\"publisher\":{\"@id\":\"https:\/\/footdavant.fr\/actualites\/#organization\"},\"keywords\":[\"Bardghji\",\"Chelsea\",\"Copenhague\",\"d\u00e9cision\",\"envisagetil\",\"pour\",\"Roony\",\"une\"],\"articleSection\":[\"Premier League\"],\"inLanguage\":\"fr-FR\"},{\"@type\":\"WebPage\",\"@id\":\"https:\/\/footdavant.fr\/actualites\/chelsea-envisage-t-il-une-decision-pour-roony-bardghji-de-copenhague\/\",\"url\":\"https:\/\/footdavant.fr\/actualites\/chelsea-envisage-t-il-une-decision-pour-roony-bardghji-de-copenhague\/\",\"name\":\"Chelsea envisage-t-il une d\u00e9cision pour Roony Bardghji de Copenhague ?\",\"isPartOf\":{\"@id\":\"https:\/\/footdavant.fr\/actualites\/#website\"},\"datePublished\":\"2023-11-17T06:57:10+00:00\",\"dateModified\":\"2023-11-17T06:57:11+00:00\",\"breadcrumb\":{\"@id\":\"https:\/\/footdavant.fr\/actualites\/chelsea-envisage-t-il-une-decision-pour-roony-bardghji-de-copenhague\/#breadcrumb\"},\"inLanguage\":\"fr-FR\",\"potentialAction\":[{\"@type\":\"ReadAction\",\"target\":[\"https:\/\/footdavant.fr\/actualites\/chelsea-envisage-t-il-une-decision-pour-roony-bardghji-de-copenhague\/\"]}]},{\"@type\":\"BreadcrumbList\",\"@id\":\"https:\/\/footdavant.fr\/actualites\/chelsea-envisage-t-il-une-decision-pour-roony-bardghji-de-copenhague\/#breadcrumb\",\"itemListElement\":[{\"@type\":\"ListItem\",\"position\":1,\"name\":\"Accueil\",\"item\":\"https:\/\/footdavant.fr\/actualites\/\"},{\"@type\":\"ListItem\",\"position\":2,\"name\":\"Chelsea envisage-t-il une d\u00e9cision pour Roony Bardghji de Copenhague ?\"}]},{\"@type\":\"WebSite\",\"@id\":\"https:\/\/footdavant.fr\/actualites\/#website\",\"url\":\"https:\/\/footdavant.fr\/actualites\/\",\"name\":\"Foot d'avant\",\"description\":\"\",\"publisher\":{\"@id\":\"https:\/\/footdavant.fr\/actualites\/#organization\"},\"potentialAction\":[{\"@type\":\"SearchAction\",\"target\":{\"@type\":\"EntryPoint\",\"urlTemplate\":\"https:\/\/footdavant.fr\/actualites\/?s={search_term_string}\"},\"query-input\":\"required name=search_term_string\"}],\"inLanguage\":\"fr-FR\"},{\"@type\":\"Organization\",\"@id\":\"https:\/\/footdavant.fr\/actualites\/#organization\",\"name\":\"Foot d'avant\",\"url\":\"https:\/\/footdavant.fr\/actualites\/\",\"logo\":{\"@type\":\"ImageObject\",\"inLanguage\":\"fr-FR\",\"@id\":\"https:\/\/footdavant.fr\/actualites\/#\/schema\/logo\/image\/\",\"url\":\"https:\/\/footdavant.fr\/actualites\/wp-content\/uploads\/2023\/09\/Copy-of-FootDavant-Logo.png\",\"contentUrl\":\"https:\/\/footdavant.fr\/actualites\/wp-content\/uploads\/2023\/09\/Copy-of-FootDavant-Logo.png\",\"width\":936,\"height\":549,\"caption\":\"Foot d'avant\"},\"image\":{\"@id\":\"https:\/\/footdavant.fr\/actualites\/#\/schema\/logo\/image\/\"},\"sameAs\":[\"https:\/\/www.facebook.com\/Footdavant\/\",\"https:\/\/twitter.com\/FootdavantFr\",\"https:\/\/www.instagram.com\/footdavant.fr\/\"]},{\"@type\":\"Person\",\"@id\":\"https:\/\/footdavant.fr\/actualites\/#\/schema\/person\/bc222566d95871b37e597b3ed3ba5e1d\",\"name\":\"Cl\u00e9ment\",\"image\":{\"@type\":\"ImageObject\",\"inLanguage\":\"fr-FR\",\"@id\":\"https:\/\/footdavant.fr\/actualites\/#\/schema\/person\/image\/\",\"url\":\"https:\/\/secure.gravatar.com\/avatar\/7728b29aac2719421e1a9159b2254c44?s=96&d=mm&r=g\",\"contentUrl\":\"https:\/\/secure.gravatar.com\/avatar\/7728b29aac2719421e1a9159b2254c44?s=96&d=mm&r=g\",\"caption\":\"Cl\u00e9ment\"},\"sameAs\":[\"https:\/\/footdavant.fr\/\"]}]}<\/script>\n<!-- \/ Yoast SEO plugin. -->","yoast_head_json":{"title":"Chelsea envisage-t-il une d\u00e9cision pour Roony Bardghji de Copenhague ?","robots":{"index":"index","follow":"follow","max-snippet":"max-snippet:-1","max-image-preview":"max-image-preview:large","max-video-preview":"max-video-preview:-1"},"canonical":"https:\/\/footdavant.fr\/actualites\/chelsea-envisage-t-il-une-decision-pour-roony-bardghji-de-copenhague\/","og_locale":"fr_FR","og_type":"article","og_title":"Chelsea envisage-t-il une d\u00e9cision pour Roony Bardghji de Copenhague ?","og_description":"Chelsea envisagerait de recruter l&rsquo;attaquant de Copenhague Roony Bardghji, 17 ans, qui est \u00e9galement sur le radar de Newcastle United et de Nice. Chelsea envisageraient","og_url":"https:\/\/footdavant.fr\/actualites\/chelsea-envisage-t-il-une-decision-pour-roony-bardghji-de-copenhague\/","og_site_name":"Foot d&#039;avant","article_publisher":"https:\/\/www.facebook.com\/Footdavant\/","article_published_time":"2023-11-17T06:57:10+00:00","article_modified_time":"2023-11-17T06:57:11+00:00","og_image":[{"width":640,"height":480,"url":"https:\/\/footdavant.fr\/actualites\/wp-content\/uploads\/2023\/11\/Chelsea-envisage-t-il-une-decision-pour-Roony-Bardghji-de-Copenhague.JPG","type":"image\/jpeg"}],"author":"Cl\u00e9ment","twitter_card":"summary_large_image","twitter_creator":"@FootdavantFr","twitter_site":"@FootdavantFr","twitter_misc":{"\u00c9crit par":"Cl\u00e9ment","Dur\u00e9e de lecture estim\u00e9e":"3 minutes"},"schema":{"@context":"https:\/\/schema.org","@graph":[{"@type":"Article","@id":"https:\/\/footdavant.fr\/actualites\/chelsea-envisage-t-il-une-decision-pour-roony-bardghji-de-copenhague\/#article","isPartOf":{"@id":"https:\/\/footdavant.fr\/actualites\/chelsea-envisage-t-il-une-decision-pour-roony-bardghji-de-copenhague\/"},"author":{"name":"Cl\u00e9ment","@id":"https:\/\/footdavant.fr\/actualites\/#\/schema\/person\/bc222566d95871b37e597b3ed3ba5e1d"},"headline":"Chelsea envisage-t-il une d\u00e9cision pour Roony Bardghji de Copenhague ?","datePublished":"2023-11-17T06:57:10+00:00","dateModified":"2023-11-17T06:57:11+00:00","mainEntityOfPage":{"@id":"https:\/\/footdavant.fr\/actualites\/chelsea-envisage-t-il-une-decision-pour-roony-bardghji-de-copenhague\/"},"wordCount":612,"publisher":{"@id":"https:\/\/footdavant.fr\/actualites\/#organization"},"keywords":["Bardghji","Chelsea","Copenhague","d\u00e9cision","envisagetil","pour","Roony","une"],"articleSection":["Premier League"],"inLanguage":"fr-FR"},{"@type":"WebPage","@id":"https:\/\/footdavant.fr\/actualites\/chelsea-envisage-t-il-une-decision-pour-roony-bardghji-de-copenhague\/","url":"https:\/\/footdavant.fr\/actualites\/chelsea-envisage-t-il-une-decision-pour-roony-bardghji-de-copenhague\/","name":"Chelsea envisage-t-il une d\u00e9cision pour Roony Bardghji de Copenhague ?","isPartOf":{"@id":"https:\/\/footdavant.fr\/actualites\/#website"},"datePublished":"2023-11-17T06:57:10+00:00","dateModified":"2023-11-17T06:57:11+00:00","breadcrumb":{"@id":"https:\/\/footdavant.fr\/actualites\/chelsea-envisage-t-il-une-decision-pour-roony-bardghji-de-copenhague\/#breadcrumb"},"inLanguage":"fr-FR","potentialAction":[{"@type":"ReadAction","target":["https:\/\/footdavant.fr\/actualites\/chelsea-envisage-t-il-une-decision-pour-roony-bardghji-de-copenhague\/"]}]},{"@type":"BreadcrumbList","@id":"https:\/\/footdavant.fr\/actualites\/chelsea-envisage-t-il-une-decision-pour-roony-bardghji-de-copenhague\/#breadcrumb","itemListElement":[{"@type":"ListItem","position":1,"name":"Accueil","item":"https:\/\/footdavant.fr\/actualites\/"},{"@type":"ListItem","position":2,"name":"Chelsea envisage-t-il une d\u00e9cision pour Roony Bardghji de Copenhague ?"}]},{"@type":"WebSite","@id":"https:\/\/footdavant.fr\/actualites\/#website","url":"https:\/\/footdavant.fr\/actualites\/","name":"Foot d'avant","description":"","publisher":{"@id":"https:\/\/footdavant.fr\/actualites\/#organization"},"potentialAction":[{"@type":"SearchAction","target":{"@type":"EntryPoint","urlTemplate":"https:\/\/footdavant.fr\/actualites\/?s={search_term_string}"},"query-input":"required name=search_term_string"}],"inLanguage":"fr-FR"},{"@type":"Organization","@id":"https:\/\/footdavant.fr\/actualites\/#organization","name":"Foot d'avant","url":"https:\/\/footdavant.fr\/actualites\/","logo":{"@type":"ImageObject","inLanguage":"fr-FR","@id":"https:\/\/footdavant.fr\/actualites\/#\/schema\/logo\/image\/","url":"https:\/\/footdavant.fr\/actualites\/wp-content\/uploads\/2023\/09\/Copy-of-FootDavant-Logo.png","contentUrl":"https:\/\/footdavant.fr\/actualites\/wp-content\/uploads\/2023\/09\/Copy-of-FootDavant-Logo.png","width":936,"height":549,"caption":"Foot d'avant"},"image":{"@id":"https:\/\/footdavant.fr\/actualites\/#\/schema\/logo\/image\/"},"sameAs":["https:\/\/www.facebook.com\/Footdavant\/","https:\/\/twitter.com\/FootdavantFr","https:\/\/www.instagram.com\/footdavant.fr\/"]},{"@type":"Person","@id":"https:\/\/footdavant.fr\/actualites\/#\/schema\/person\/bc222566d95871b37e597b3ed3ba5e1d","name":"Cl\u00e9ment","image":{"@type":"ImageObject","inLanguage":"fr-FR","@id":"https:\/\/footdavant.fr\/actualites\/#\/schema\/person\/image\/","url":"https:\/\/secure.gravatar.com\/avatar\/7728b29aac2719421e1a9159b2254c44?s=96&d=mm&r=g","contentUrl":"https:\/\/secure.gravatar.com\/avatar\/7728b29aac2719421e1a9159b2254c44?s=96&d=mm&r=g","caption":"Cl\u00e9ment"},"sameAs":["https:\/\/footdavant.fr\/"]}]}},"_links":{"self":[{"href":"https:\/\/footdavant.fr\/actualites\/wp-json\/wp\/v2\/posts\/1049"}],"collection":[{"href":"https:\/\/footdavant.fr\/actualites\/wp-json\/wp\/v2\/posts"}],"about":[{"href":"https:\/\/footdavant.fr\/actualites\/wp-json\/wp\/v2\/types\/post"}],"author":[{"embeddable":true,"href":"https:\/\/footdavant.fr\/actualites\/wp-json\/wp\/v2\/users\/1"}],"replies":[{"embeddable":true,"href":"https:\/\/footdavant.fr\/actualites\/wp-json\/wp\/v2\/comments?post=1049"}],"version-history":[{"count":1,"href":"https:\/\/footdavant.fr\/actualites\/wp-json\/wp\/v2\/posts\/1049\/revisions"}],"predecessor-version":[{"id":1051,"href":"https:\/\/footdavant.fr\/actualites\/wp-json\/wp\/v2\/posts\/1049\/revisions\/1051"}],"wp:featuredmedia":[{"embeddable":true,"href":"https:\/\/footdavant.fr\/actualites\/wp-json\/wp\/v2\/media\/1050"}],"wp:attachment":[{"href":"https:\/\/footdavant.fr\/actualites\/wp-json\/wp\/v2\/media?parent=1049"}],"wp:term":[{"taxonomy":"category","embeddable":true,"href":"https:\/\/footdavant.fr\/actualites\/wp-json\/wp\/v2\/categories?post=1049"},{"taxonomy":"post_tag","embeddable":true,"href":"https:\/\/footdavant.fr\/actualites\/wp-json\/wp\/v2\/tags?post=1049"}],"curies":[{"name":"wp","href":"https:\/\/api.w.org\/{rel}","templated":true}]}}