{"id":10566,"date":"2024-07-04T00:48:50","date_gmt":"2024-07-03T22:48:50","guid":{"rendered":"https:\/\/footdavant.fr\/actualites\/un-defenseur-lie-a-liverpool-evoque-des-discussions-potentielles-sur-un-transfert-cet-ete\/"},"modified":"2024-07-04T00:48:50","modified_gmt":"2024-07-03T22:48:50","slug":"un-defenseur-lie-a-liverpool-evoque-des-discussions-potentielles-sur-un-transfert-cet-ete","status":"publish","type":"post","link":"https:\/\/footdavant.fr\/actualites\/un-defenseur-lie-a-liverpool-evoque-des-discussions-potentielles-sur-un-transfert-cet-ete\/","title":{"rendered":"Un d\u00e9fenseur li\u00e9 \u00e0 Liverpool \u00e9voque des \u00ab discussions \u00bb potentielles sur un transfert cet \u00e9t\u00e9"},"content":{"rendered":"<p><\/p>\n<div id=\"article-body\">\n<!-- Article Start --><\/p>\n<p>Les dirigeants de Liverpool pourraient \u00eatre tr\u00e8s intrigu\u00e9s par les r\u00e9cents commentaires faits par un joueur qui serait int\u00e9ress\u00e9 par Anfield.<\/p>\n<p>Les Reds envisagent un \u00e9ventuel transfert estival pour le d\u00e9fenseur de Nottingham Forest Murillo (Football Insider), l&#39;\u00e9quipe de City Ground ayant d\u00fb \u00e9carter les inqui\u00e9tudes concernant les r\u00e8gles de rentabilit\u00e9 et de durabilit\u00e9 (PSR), en particulier apr\u00e8s leur d\u00e9duction de points la saison derni\u00e8re.<\/p>\n<p>Le Br\u00e9silien, qui aura 22 ans demain, s&#39;est entretenu avec Benjamin Back sur le podcast Benja Me Mucho lorsqu&#39;il a \u00e9voqu\u00e9 les sp\u00e9culations entourant son avenir, alors que des informations selon lesquelles son club aurait r\u00e9cemment \u00e9t\u00e9 approch\u00e9 par Chelsea.<\/p>\n<p>Le joueur a d\u00e9clar\u00e9 (via Liverpool Echo) : <\/p>\n<\/p>\n<p>Bien que les commentaires de Murillo ne rentrent pas vraiment dans la cat\u00e9gorie d&#39;un appel du type \u00ab venez me chercher \u00bb, ils laissent n\u00e9anmoins la porte entrouverte \u00e0 des \u00e9quipes comme Liverpool qui pourraient bondir si une opportunit\u00e9 se pr\u00e9sente.<\/p>\n<p>Le d\u00e9fenseur de Forest fait partie d&#39;une s\u00e9rie de d\u00e9fenseurs centraux que les Reds rechercheraient, et il pourrait combler le vide d&#39;une option gaucher dans cette zone du terrain.<\/p>\n<\/p>\n<p>Le fait d&#39;avoir \u00e9t\u00e9 nomm\u00e9 joueur de la saison de son club illustre la qualit\u00e9 de ses performances lors de sa premi\u00e8re ann\u00e9e dans le football anglais, et il s&#39;est class\u00e9 parmi les 3 % des meilleurs joueurs de position dans les cinq principales ligues europ\u00e9ennes en 2023\/24 pour les dribbles r\u00e9ussis (0,65) et les d\u00e9gagements effectu\u00e9s (6,07) par 90 minutes (FBref).<\/p>\n<p>Ses scores pour d&#39;autres param\u00e8tres cl\u00e9s ont consid\u00e9rablement fluctu\u00e9, ce qui sugg\u00e8re que Murillo a encore quelques facettes de son jeu \u00e0 am\u00e9liorer, mais il m\u00e9rite certainement d&#39;\u00eatre pris en consid\u00e9ration dans la recherche par Liverpool d&#39;un nouveau d\u00e9fenseur central.<\/p>\n<p>Richard Hughes va-t-il tenter de marquer suite aux derniers commentaires du d\u00e9fenseur ? Seul le temps nous le dira\u2026<\/p>\n<\/p>\n<p><span class=\"embed-youtube\" style=\"text-align:center; display: block;\"><\/span><\/p>\n<p><!-- Article End -->\t\t\t\t<\/div>\n<p><script async src=\"\/\/www.instagram.com\/embed.js\"><\/script><\/p>\n","protected":false},"excerpt":{"rendered":"<p>Les dirigeants de Liverpool pourraient \u00eatre tr\u00e8s intrigu\u00e9s par les r\u00e9cents commentaires faits par un joueur qui serait int\u00e9ress\u00e9 par Anfield. Les Reds envisagent un<\/p>\n","protected":false},"author":1,"featured_media":2590,"comment_status":"closed","ping_status":"","sticky":false,"template":"","format":"standard","meta":{"footnotes":""},"categories":[3],"tags":[775,928,12,713,776,1533,301,53,5604,103,700],"yoast_head":"<!-- This site is optimized with the Yoast SEO plugin v21.0 - https:\/\/yoast.com\/wordpress\/plugins\/seo\/ -->\n<title>Un d\u00e9fenseur li\u00e9 \u00e0 Liverpool \u00e9voque des \u00ab discussions \u00bb potentielles sur un transfert cet \u00e9t\u00e9<\/title>\n<meta name=\"robots\" content=\"index, follow, max-snippet:-1, max-image-preview:large, max-video-preview:-1\" \/>\n<link rel=\"canonical\" href=\"https:\/\/footdavant.fr\/actualites\/un-defenseur-lie-a-liverpool-evoque-des-discussions-potentielles-sur-un-transfert-cet-ete\/\" \/>\n<meta property=\"og:locale\" content=\"fr_FR\" \/>\n<meta property=\"og:type\" content=\"article\" \/>\n<meta property=\"og:title\" content=\"Un d\u00e9fenseur li\u00e9 \u00e0 Liverpool \u00e9voque des \u00ab discussions \u00bb potentielles sur un transfert cet \u00e9t\u00e9\" \/>\n<meta property=\"og:description\" content=\"Les dirigeants de Liverpool pourraient \u00eatre tr\u00e8s intrigu\u00e9s par les r\u00e9cents commentaires faits par un joueur qui serait int\u00e9ress\u00e9 par Anfield. Les Reds envisagent un\" \/>\n<meta property=\"og:url\" content=\"https:\/\/footdavant.fr\/actualites\/un-defenseur-lie-a-liverpool-evoque-des-discussions-potentielles-sur-un-transfert-cet-ete\/\" \/>\n<meta property=\"og:site_name\" content=\"Foot d&#039;avant\" \/>\n<meta property=\"article:publisher\" content=\"https:\/\/www.facebook.com\/Footdavant\/\" \/>\n<meta property=\"article:published_time\" content=\"2024-07-03T22:48:50+00:00\" \/>\n<meta property=\"og:image\" content=\"https:\/\/footdavant.fr\/actualites\/wp-content\/uploads\/2023\/12\/Las-de-Liverpool-est-determine-a-repousser-linteret-saoudien-et-scaled.jpg\" \/>\n\t<meta property=\"og:image:width\" content=\"2560\" \/>\n\t<meta property=\"og:image:height\" content=\"1707\" \/>\n\t<meta property=\"og:image:type\" content=\"image\/jpeg\" \/>\n<meta name=\"author\" content=\"Cl\u00e9ment\" \/>\n<meta name=\"twitter:card\" content=\"summary_large_image\" \/>\n<meta name=\"twitter:creator\" content=\"@FootdavantFr\" \/>\n<meta name=\"twitter:site\" content=\"@FootdavantFr\" \/>\n<meta name=\"twitter:label1\" content=\"\u00c9crit par\" \/>\n\t<meta name=\"twitter:data1\" content=\"Cl\u00e9ment\" \/>\n\t<meta name=\"twitter:label2\" content=\"Dur\u00e9e de lecture estim\u00e9e\" \/>\n\t<meta name=\"twitter:data2\" content=\"2 minutes\" \/>\n<script type=\"application\/ld+json\" class=\"yoast-schema-graph\">{\"@context\":\"https:\/\/schema.org\",\"@graph\":[{\"@type\":\"Article\",\"@id\":\"https:\/\/footdavant.fr\/actualites\/un-defenseur-lie-a-liverpool-evoque-des-discussions-potentielles-sur-un-transfert-cet-ete\/#article\",\"isPartOf\":{\"@id\":\"https:\/\/footdavant.fr\/actualites\/un-defenseur-lie-a-liverpool-evoque-des-discussions-potentielles-sur-un-transfert-cet-ete\/\"},\"author\":{\"name\":\"Cl\u00e9ment\",\"@id\":\"https:\/\/footdavant.fr\/actualites\/#\/schema\/person\/bc222566d95871b37e597b3ed3ba5e1d\"},\"headline\":\"Un d\u00e9fenseur li\u00e9 \u00e0 Liverpool \u00e9voque des \u00ab discussions \u00bb potentielles sur un transfert cet \u00e9t\u00e9\",\"datePublished\":\"2024-07-03T22:48:50+00:00\",\"dateModified\":\"2024-07-03T22:48:50+00:00\",\"mainEntityOfPage\":{\"@id\":\"https:\/\/footdavant.fr\/actualites\/un-defenseur-lie-a-liverpool-evoque-des-discussions-potentielles-sur-un-transfert-cet-ete\/\"},\"wordCount\":351,\"publisher\":{\"@id\":\"https:\/\/footdavant.fr\/actualites\/#organization\"},\"keywords\":[\"cet\",\"d\u00e9fenseur\",\"des\",\"discussions\",\"\u00e9t\u00e9\",\"\u00e9voqu\u00e9\",\"li\u00e9\",\"Liverpool\",\"potentielles\",\"sur\",\"transfert\"],\"articleSection\":[\"Football\"],\"inLanguage\":\"fr-FR\"},{\"@type\":\"WebPage\",\"@id\":\"https:\/\/footdavant.fr\/actualites\/un-defenseur-lie-a-liverpool-evoque-des-discussions-potentielles-sur-un-transfert-cet-ete\/\",\"url\":\"https:\/\/footdavant.fr\/actualites\/un-defenseur-lie-a-liverpool-evoque-des-discussions-potentielles-sur-un-transfert-cet-ete\/\",\"name\":\"Un d\u00e9fenseur li\u00e9 \u00e0 Liverpool \u00e9voque des \u00ab discussions \u00bb potentielles sur un transfert cet \u00e9t\u00e9\",\"isPartOf\":{\"@id\":\"https:\/\/footdavant.fr\/actualites\/#website\"},\"datePublished\":\"2024-07-03T22:48:50+00:00\",\"dateModified\":\"2024-07-03T22:48:50+00:00\",\"breadcrumb\":{\"@id\":\"https:\/\/footdavant.fr\/actualites\/un-defenseur-lie-a-liverpool-evoque-des-discussions-potentielles-sur-un-transfert-cet-ete\/#breadcrumb\"},\"inLanguage\":\"fr-FR\",\"potentialAction\":[{\"@type\":\"ReadAction\",\"target\":[\"https:\/\/footdavant.fr\/actualites\/un-defenseur-lie-a-liverpool-evoque-des-discussions-potentielles-sur-un-transfert-cet-ete\/\"]}]},{\"@type\":\"BreadcrumbList\",\"@id\":\"https:\/\/footdavant.fr\/actualites\/un-defenseur-lie-a-liverpool-evoque-des-discussions-potentielles-sur-un-transfert-cet-ete\/#breadcrumb\",\"itemListElement\":[{\"@type\":\"ListItem\",\"position\":1,\"name\":\"Accueil\",\"item\":\"https:\/\/footdavant.fr\/actualites\/\"},{\"@type\":\"ListItem\",\"position\":2,\"name\":\"Un d\u00e9fenseur li\u00e9 \u00e0 Liverpool \u00e9voque des \u00ab discussions \u00bb potentielles sur un transfert cet \u00e9t\u00e9\"}]},{\"@type\":\"WebSite\",\"@id\":\"https:\/\/footdavant.fr\/actualites\/#website\",\"url\":\"https:\/\/footdavant.fr\/actualites\/\",\"name\":\"Foot d'avant\",\"description\":\"\",\"publisher\":{\"@id\":\"https:\/\/footdavant.fr\/actualites\/#organization\"},\"potentialAction\":[{\"@type\":\"SearchAction\",\"target\":{\"@type\":\"EntryPoint\",\"urlTemplate\":\"https:\/\/footdavant.fr\/actualites\/?s={search_term_string}\"},\"query-input\":\"required name=search_term_string\"}],\"inLanguage\":\"fr-FR\"},{\"@type\":\"Organization\",\"@id\":\"https:\/\/footdavant.fr\/actualites\/#organization\",\"name\":\"Foot d'avant\",\"url\":\"https:\/\/footdavant.fr\/actualites\/\",\"logo\":{\"@type\":\"ImageObject\",\"inLanguage\":\"fr-FR\",\"@id\":\"https:\/\/footdavant.fr\/actualites\/#\/schema\/logo\/image\/\",\"url\":\"https:\/\/footdavant.fr\/actualites\/wp-content\/uploads\/2023\/09\/Copy-of-FootDavant-Logo.png\",\"contentUrl\":\"https:\/\/footdavant.fr\/actualites\/wp-content\/uploads\/2023\/09\/Copy-of-FootDavant-Logo.png\",\"width\":936,\"height\":549,\"caption\":\"Foot d'avant\"},\"image\":{\"@id\":\"https:\/\/footdavant.fr\/actualites\/#\/schema\/logo\/image\/\"},\"sameAs\":[\"https:\/\/www.facebook.com\/Footdavant\/\",\"https:\/\/twitter.com\/FootdavantFr\",\"https:\/\/www.instagram.com\/footdavant.fr\/\"]},{\"@type\":\"Person\",\"@id\":\"https:\/\/footdavant.fr\/actualites\/#\/schema\/person\/bc222566d95871b37e597b3ed3ba5e1d\",\"name\":\"Cl\u00e9ment\",\"image\":{\"@type\":\"ImageObject\",\"inLanguage\":\"fr-FR\",\"@id\":\"https:\/\/footdavant.fr\/actualites\/#\/schema\/person\/image\/\",\"url\":\"https:\/\/secure.gravatar.com\/avatar\/7728b29aac2719421e1a9159b2254c44?s=96&d=mm&r=g\",\"contentUrl\":\"https:\/\/secure.gravatar.com\/avatar\/7728b29aac2719421e1a9159b2254c44?s=96&d=mm&r=g\",\"caption\":\"Cl\u00e9ment\"},\"sameAs\":[\"https:\/\/footdavant.fr\/\"]}]}<\/script>\n<!-- \/ Yoast SEO plugin. -->","yoast_head_json":{"title":"Un d\u00e9fenseur li\u00e9 \u00e0 Liverpool \u00e9voque des \u00ab discussions \u00bb potentielles sur un transfert cet \u00e9t\u00e9","robots":{"index":"index","follow":"follow","max-snippet":"max-snippet:-1","max-image-preview":"max-image-preview:large","max-video-preview":"max-video-preview:-1"},"canonical":"https:\/\/footdavant.fr\/actualites\/un-defenseur-lie-a-liverpool-evoque-des-discussions-potentielles-sur-un-transfert-cet-ete\/","og_locale":"fr_FR","og_type":"article","og_title":"Un d\u00e9fenseur li\u00e9 \u00e0 Liverpool \u00e9voque des \u00ab discussions \u00bb potentielles sur un transfert cet \u00e9t\u00e9","og_description":"Les dirigeants de Liverpool pourraient \u00eatre tr\u00e8s intrigu\u00e9s par les r\u00e9cents commentaires faits par un joueur qui serait int\u00e9ress\u00e9 par Anfield. Les Reds envisagent un","og_url":"https:\/\/footdavant.fr\/actualites\/un-defenseur-lie-a-liverpool-evoque-des-discussions-potentielles-sur-un-transfert-cet-ete\/","og_site_name":"Foot d&#039;avant","article_publisher":"https:\/\/www.facebook.com\/Footdavant\/","article_published_time":"2024-07-03T22:48:50+00:00","og_image":[{"width":2560,"height":1707,"url":"https:\/\/footdavant.fr\/actualites\/wp-content\/uploads\/2023\/12\/Las-de-Liverpool-est-determine-a-repousser-linteret-saoudien-et-scaled.jpg","type":"image\/jpeg"}],"author":"Cl\u00e9ment","twitter_card":"summary_large_image","twitter_creator":"@FootdavantFr","twitter_site":"@FootdavantFr","twitter_misc":{"\u00c9crit par":"Cl\u00e9ment","Dur\u00e9e de lecture estim\u00e9e":"2 minutes"},"schema":{"@context":"https:\/\/schema.org","@graph":[{"@type":"Article","@id":"https:\/\/footdavant.fr\/actualites\/un-defenseur-lie-a-liverpool-evoque-des-discussions-potentielles-sur-un-transfert-cet-ete\/#article","isPartOf":{"@id":"https:\/\/footdavant.fr\/actualites\/un-defenseur-lie-a-liverpool-evoque-des-discussions-potentielles-sur-un-transfert-cet-ete\/"},"author":{"name":"Cl\u00e9ment","@id":"https:\/\/footdavant.fr\/actualites\/#\/schema\/person\/bc222566d95871b37e597b3ed3ba5e1d"},"headline":"Un d\u00e9fenseur li\u00e9 \u00e0 Liverpool \u00e9voque des \u00ab discussions \u00bb potentielles sur un transfert cet \u00e9t\u00e9","datePublished":"2024-07-03T22:48:50+00:00","dateModified":"2024-07-03T22:48:50+00:00","mainEntityOfPage":{"@id":"https:\/\/footdavant.fr\/actualites\/un-defenseur-lie-a-liverpool-evoque-des-discussions-potentielles-sur-un-transfert-cet-ete\/"},"wordCount":351,"publisher":{"@id":"https:\/\/footdavant.fr\/actualites\/#organization"},"keywords":["cet","d\u00e9fenseur","des","discussions","\u00e9t\u00e9","\u00e9voqu\u00e9","li\u00e9","Liverpool","potentielles","sur","transfert"],"articleSection":["Football"],"inLanguage":"fr-FR"},{"@type":"WebPage","@id":"https:\/\/footdavant.fr\/actualites\/un-defenseur-lie-a-liverpool-evoque-des-discussions-potentielles-sur-un-transfert-cet-ete\/","url":"https:\/\/footdavant.fr\/actualites\/un-defenseur-lie-a-liverpool-evoque-des-discussions-potentielles-sur-un-transfert-cet-ete\/","name":"Un d\u00e9fenseur li\u00e9 \u00e0 Liverpool \u00e9voque des \u00ab discussions \u00bb potentielles sur un transfert cet \u00e9t\u00e9","isPartOf":{"@id":"https:\/\/footdavant.fr\/actualites\/#website"},"datePublished":"2024-07-03T22:48:50+00:00","dateModified":"2024-07-03T22:48:50+00:00","breadcrumb":{"@id":"https:\/\/footdavant.fr\/actualites\/un-defenseur-lie-a-liverpool-evoque-des-discussions-potentielles-sur-un-transfert-cet-ete\/#breadcrumb"},"inLanguage":"fr-FR","potentialAction":[{"@type":"ReadAction","target":["https:\/\/footdavant.fr\/actualites\/un-defenseur-lie-a-liverpool-evoque-des-discussions-potentielles-sur-un-transfert-cet-ete\/"]}]},{"@type":"BreadcrumbList","@id":"https:\/\/footdavant.fr\/actualites\/un-defenseur-lie-a-liverpool-evoque-des-discussions-potentielles-sur-un-transfert-cet-ete\/#breadcrumb","itemListElement":[{"@type":"ListItem","position":1,"name":"Accueil","item":"https:\/\/footdavant.fr\/actualites\/"},{"@type":"ListItem","position":2,"name":"Un d\u00e9fenseur li\u00e9 \u00e0 Liverpool \u00e9voque des \u00ab discussions \u00bb potentielles sur un transfert cet \u00e9t\u00e9"}]},{"@type":"WebSite","@id":"https:\/\/footdavant.fr\/actualites\/#website","url":"https:\/\/footdavant.fr\/actualites\/","name":"Foot d'avant","description":"","publisher":{"@id":"https:\/\/footdavant.fr\/actualites\/#organization"},"potentialAction":[{"@type":"SearchAction","target":{"@type":"EntryPoint","urlTemplate":"https:\/\/footdavant.fr\/actualites\/?s={search_term_string}"},"query-input":"required name=search_term_string"}],"inLanguage":"fr-FR"},{"@type":"Organization","@id":"https:\/\/footdavant.fr\/actualites\/#organization","name":"Foot d'avant","url":"https:\/\/footdavant.fr\/actualites\/","logo":{"@type":"ImageObject","inLanguage":"fr-FR","@id":"https:\/\/footdavant.fr\/actualites\/#\/schema\/logo\/image\/","url":"https:\/\/footdavant.fr\/actualites\/wp-content\/uploads\/2023\/09\/Copy-of-FootDavant-Logo.png","contentUrl":"https:\/\/footdavant.fr\/actualites\/wp-content\/uploads\/2023\/09\/Copy-of-FootDavant-Logo.png","width":936,"height":549,"caption":"Foot d'avant"},"image":{"@id":"https:\/\/footdavant.fr\/actualites\/#\/schema\/logo\/image\/"},"sameAs":["https:\/\/www.facebook.com\/Footdavant\/","https:\/\/twitter.com\/FootdavantFr","https:\/\/www.instagram.com\/footdavant.fr\/"]},{"@type":"Person","@id":"https:\/\/footdavant.fr\/actualites\/#\/schema\/person\/bc222566d95871b37e597b3ed3ba5e1d","name":"Cl\u00e9ment","image":{"@type":"ImageObject","inLanguage":"fr-FR","@id":"https:\/\/footdavant.fr\/actualites\/#\/schema\/person\/image\/","url":"https:\/\/secure.gravatar.com\/avatar\/7728b29aac2719421e1a9159b2254c44?s=96&d=mm&r=g","contentUrl":"https:\/\/secure.gravatar.com\/avatar\/7728b29aac2719421e1a9159b2254c44?s=96&d=mm&r=g","caption":"Cl\u00e9ment"},"sameAs":["https:\/\/footdavant.fr\/"]}]}},"_links":{"self":[{"href":"https:\/\/footdavant.fr\/actualites\/wp-json\/wp\/v2\/posts\/10566"}],"collection":[{"href":"https:\/\/footdavant.fr\/actualites\/wp-json\/wp\/v2\/posts"}],"about":[{"href":"https:\/\/footdavant.fr\/actualites\/wp-json\/wp\/v2\/types\/post"}],"author":[{"embeddable":true,"href":"https:\/\/footdavant.fr\/actualites\/wp-json\/wp\/v2\/users\/1"}],"replies":[{"embeddable":true,"href":"https:\/\/footdavant.fr\/actualites\/wp-json\/wp\/v2\/comments?post=10566"}],"version-history":[{"count":1,"href":"https:\/\/footdavant.fr\/actualites\/wp-json\/wp\/v2\/posts\/10566\/revisions"}],"predecessor-version":[{"id":10567,"href":"https:\/\/footdavant.fr\/actualites\/wp-json\/wp\/v2\/posts\/10566\/revisions\/10567"}],"wp:featuredmedia":[{"embeddable":true,"href":"https:\/\/footdavant.fr\/actualites\/wp-json\/wp\/v2\/media\/2590"}],"wp:attachment":[{"href":"https:\/\/footdavant.fr\/actualites\/wp-json\/wp\/v2\/media?parent=10566"}],"wp:term":[{"taxonomy":"category","embeddable":true,"href":"https:\/\/footdavant.fr\/actualites\/wp-json\/wp\/v2\/categories?post=10566"},{"taxonomy":"post_tag","embeddable":true,"href":"https:\/\/footdavant.fr\/actualites\/wp-json\/wp\/v2\/tags?post=10566"}],"curies":[{"name":"wp","href":"https:\/\/api.w.org\/{rel}","templated":true}]}}