{"id":10568,"date":"2024-07-04T04:48:18","date_gmt":"2024-07-04T02:48:18","guid":{"rendered":"https:\/\/footdavant.fr\/actualites\/josh-jacobs-a-de-grands-espoirs-pour-sa-nouvelle-saison-a-green-bay\/"},"modified":"2024-07-04T04:48:18","modified_gmt":"2024-07-04T02:48:18","slug":"josh-jacobs-a-de-grands-espoirs-pour-sa-nouvelle-saison-a-green-bay","status":"publish","type":"post","link":"https:\/\/footdavant.fr\/actualites\/josh-jacobs-a-de-grands-espoirs-pour-sa-nouvelle-saison-a-green-bay\/","title":{"rendered":"Josh Jacobs a de grands espoirs pour sa nouvelle saison \u00e0 Green Bay"},"content":{"rendered":"<div>\n<h2>Les grandes ambitions de Josh Jacobs<\/h2>\n<p>Josh Jacobs, le nouveau running back de Green Bay pour la saison prochaine, a sign\u00e9 un contrat de 4 ans d&#39;une valeur de 48 millions de dollars \u00e0 l&#39;intersaison. Jacobs vient des Raiders de Las Vegas o\u00f9 il a pass\u00e9 les cinq premi\u00e8res saisons de sa carri\u00e8re en NFL.<\/p>\n<p>Le joueur de 26 ans a accumul\u00e9 805 yards au sol sur 233 tentatives au cours de la saison 2023, soit une moyenne de 3,45 yards gagn\u00e9s par course lors d&#39;une bonne saison pour les Raiders.<\/p>\n<p>Las Vegas a essay\u00e9 de garder Jacobs dans son effectif jusqu&#39;\u00e0 la saison 2024, mais ils n&#39;ont pas r\u00e9ussi \u00e0 conclure un accord avec le porteur de ballon qui \u00e9tait jug\u00e9 trop cher pour \u00eatre conserv\u00e9 une ann\u00e9e de plus.<\/p>\n<p>Jacobs n&#39;a pas cach\u00e9 ses pens\u00e9es sur Las Vegas lors de ses premi\u00e8res interviews en tant que Packer et il n&#39;a pas eu beaucoup de choses positives \u00e0 propos des Raiders, leur manque de succ\u00e8s \u00e9tant clairement la raison pour laquelle Jacobs voulait partir.<\/p>\n<blockquote class=\"twitter-tweet\" data-width=\"550\" data-dnt=\"true\">\n<p lang=\"en\" dir=\"ltr\">Passant du succ\u00e8s de l&#39;Alabama aux difficult\u00e9s des Raiders, Josh Jacobs n&#39;arrivait pas \u00e0 croire que les joueurs \u00e9taient \u00ab cool avec la d\u00e9faite \u00bb.<a rel=\"nofollow\" href=\"https:\/\/twitter.com\/iAM_JoshJacobs?ref_src=twsrc%5Etfw\">@iAM_JoshJacobs<\/a> | <a rel=\"nofollow\" href=\"https:\/\/twitter.com\/JOEL9ONE?ref_src=twsrc%5Etfw\">@JOEL9ONE<\/a> <a rel=\"nofollow\" href=\"https:\/\/t.co\/5hfPTSmzGg\">pic.twitter.com\/5hfPTSmzGg<\/a><\/p>\n<p>\u2014 Feu vert avec Chris Long (@greenlight) <a rel=\"nofollow\" href=\"https:\/\/twitter.com\/greenlight\/status\/1799086549767704768?ref_src=twsrc%5Etfw\">7 juin 2024<\/a><\/p>\n<\/blockquote>\n<p>Mais Jacobs fait d\u00e9sormais partie d&#39;une nouvelle \u00e9quipe et il semble heureux d&#39;\u00eatre sur une liste avec une attaque plus comp\u00e9titive alors que l&#39;intersaison touche \u00e0 sa fin le mois prochain.<\/p>\n<p>\u00ab Je pense honn\u00eatement que le ciel est la limite de cette attaque \u00bb, a d\u00e9clar\u00e9 Jacobs \u00e0 NFL Network Insiders<\/p>\n<p>\u00ab \u00c9videmment, avoir un gars sp\u00e9cial comme Jordan Love, vous savez, et avoir une bonne ligne offensive et de bons receveurs sur le terrain me facilite beaucoup la t\u00e2che, mais juste pour pouvoir voir le plan de jeu et les choses qu&#39;ils veulent que je fasse cette ann\u00e9e, les choses qu&#39;ils me permettent de faire, je pense juste que ce sera une ann\u00e9e sp\u00e9ciale. \u00bb<\/p>\n<p>Les Packers affronteront les Browns, les Broncos et les Ravens en pr\u00e9-saison, avant d&#39;affronter les Eagles lors de leur premier match de la nouvelle saison de la NFL. Le choc Eagles-Packers aura lieu le 7 septembre \u00e0 Sao Paulo, au Br\u00e9sil.<\/p>\n<\/p><\/div>\n<p><script async src=\"https:\/\/platform.twitter.com\/widgets.js\" charset=\"utf-8\"><\/script><\/p>\n","protected":false},"excerpt":{"rendered":"<p>Les grandes ambitions de Josh Jacobs Josh Jacobs, le nouveau running back de Green Bay pour la saison prochaine, a sign\u00e9 un contrat de 4<\/p>\n","protected":false},"author":1,"featured_media":10569,"comment_status":"closed","ping_status":"","sticky":false,"template":"","format":"standard","meta":{"footnotes":""},"categories":[3],"tags":[5606,2927,2204,3141,5605,587,1850,51,482],"yoast_head":"<!-- This site is optimized with the Yoast SEO plugin v21.0 - https:\/\/yoast.com\/wordpress\/plugins\/seo\/ -->\n<title>Josh Jacobs a de grands espoirs pour sa nouvelle saison \u00e0 Green Bay<\/title>\n<meta name=\"robots\" content=\"index, follow, max-snippet:-1, max-image-preview:large, max-video-preview:-1\" \/>\n<link rel=\"canonical\" href=\"https:\/\/footdavant.fr\/actualites\/josh-jacobs-a-de-grands-espoirs-pour-sa-nouvelle-saison-a-green-bay\/\" \/>\n<meta property=\"og:locale\" content=\"fr_FR\" \/>\n<meta property=\"og:type\" content=\"article\" \/>\n<meta property=\"og:title\" content=\"Josh Jacobs a de grands espoirs pour sa nouvelle saison \u00e0 Green Bay\" \/>\n<meta property=\"og:description\" content=\"Les grandes ambitions de Josh Jacobs Josh Jacobs, le nouveau running back de Green Bay pour la saison prochaine, a sign\u00e9 un contrat de 4\" \/>\n<meta property=\"og:url\" content=\"https:\/\/footdavant.fr\/actualites\/josh-jacobs-a-de-grands-espoirs-pour-sa-nouvelle-saison-a-green-bay\/\" \/>\n<meta property=\"og:site_name\" content=\"Foot d&#039;avant\" \/>\n<meta property=\"article:publisher\" content=\"https:\/\/www.facebook.com\/Footdavant\/\" \/>\n<meta property=\"article:published_time\" content=\"2024-07-04T02:48:18+00:00\" \/>\n<meta property=\"og:image\" content=\"https:\/\/footdavant.fr\/actualites\/wp-content\/uploads\/2024\/07\/Josh-Jacobs-a-de-grands-espoirs-pour-sa-nouvelle-saison.jpg\" \/>\n\t<meta property=\"og:image:width\" content=\"599\" \/>\n\t<meta property=\"og:image:height\" content=\"399\" \/>\n\t<meta property=\"og:image:type\" content=\"image\/jpeg\" \/>\n<meta name=\"author\" content=\"Cl\u00e9ment\" \/>\n<meta name=\"twitter:card\" content=\"summary_large_image\" \/>\n<meta name=\"twitter:creator\" content=\"@FootdavantFr\" \/>\n<meta name=\"twitter:site\" content=\"@FootdavantFr\" \/>\n<meta name=\"twitter:label1\" content=\"\u00c9crit par\" \/>\n\t<meta name=\"twitter:data1\" content=\"Cl\u00e9ment\" \/>\n\t<meta name=\"twitter:label2\" content=\"Dur\u00e9e de lecture estim\u00e9e\" \/>\n\t<meta name=\"twitter:data2\" content=\"2 minutes\" \/>\n<script type=\"application\/ld+json\" class=\"yoast-schema-graph\">{\"@context\":\"https:\/\/schema.org\",\"@graph\":[{\"@type\":\"Article\",\"@id\":\"https:\/\/footdavant.fr\/actualites\/josh-jacobs-a-de-grands-espoirs-pour-sa-nouvelle-saison-a-green-bay\/#article\",\"isPartOf\":{\"@id\":\"https:\/\/footdavant.fr\/actualites\/josh-jacobs-a-de-grands-espoirs-pour-sa-nouvelle-saison-a-green-bay\/\"},\"author\":{\"name\":\"Cl\u00e9ment\",\"@id\":\"https:\/\/footdavant.fr\/actualites\/#\/schema\/person\/bc222566d95871b37e597b3ed3ba5e1d\"},\"headline\":\"Josh Jacobs a de grands espoirs pour sa nouvelle saison \u00e0 Green Bay\",\"datePublished\":\"2024-07-04T02:48:18+00:00\",\"dateModified\":\"2024-07-04T02:48:18+00:00\",\"mainEntityOfPage\":{\"@id\":\"https:\/\/footdavant.fr\/actualites\/josh-jacobs-a-de-grands-espoirs-pour-sa-nouvelle-saison-a-green-bay\/\"},\"wordCount\":399,\"publisher\":{\"@id\":\"https:\/\/footdavant.fr\/actualites\/#organization\"},\"keywords\":[\"Bay\",\"espoirs\",\"grands\",\"Green\",\"Jacobs\",\"Josh\",\"nouvelle\",\"pour\",\"saison\"],\"articleSection\":[\"Football\"],\"inLanguage\":\"fr-FR\"},{\"@type\":\"WebPage\",\"@id\":\"https:\/\/footdavant.fr\/actualites\/josh-jacobs-a-de-grands-espoirs-pour-sa-nouvelle-saison-a-green-bay\/\",\"url\":\"https:\/\/footdavant.fr\/actualites\/josh-jacobs-a-de-grands-espoirs-pour-sa-nouvelle-saison-a-green-bay\/\",\"name\":\"Josh Jacobs a de grands espoirs pour sa nouvelle saison \u00e0 Green Bay\",\"isPartOf\":{\"@id\":\"https:\/\/footdavant.fr\/actualites\/#website\"},\"datePublished\":\"2024-07-04T02:48:18+00:00\",\"dateModified\":\"2024-07-04T02:48:18+00:00\",\"breadcrumb\":{\"@id\":\"https:\/\/footdavant.fr\/actualites\/josh-jacobs-a-de-grands-espoirs-pour-sa-nouvelle-saison-a-green-bay\/#breadcrumb\"},\"inLanguage\":\"fr-FR\",\"potentialAction\":[{\"@type\":\"ReadAction\",\"target\":[\"https:\/\/footdavant.fr\/actualites\/josh-jacobs-a-de-grands-espoirs-pour-sa-nouvelle-saison-a-green-bay\/\"]}]},{\"@type\":\"BreadcrumbList\",\"@id\":\"https:\/\/footdavant.fr\/actualites\/josh-jacobs-a-de-grands-espoirs-pour-sa-nouvelle-saison-a-green-bay\/#breadcrumb\",\"itemListElement\":[{\"@type\":\"ListItem\",\"position\":1,\"name\":\"Accueil\",\"item\":\"https:\/\/footdavant.fr\/actualites\/\"},{\"@type\":\"ListItem\",\"position\":2,\"name\":\"Josh Jacobs a de grands espoirs pour sa nouvelle saison \u00e0 Green Bay\"}]},{\"@type\":\"WebSite\",\"@id\":\"https:\/\/footdavant.fr\/actualites\/#website\",\"url\":\"https:\/\/footdavant.fr\/actualites\/\",\"name\":\"Foot d'avant\",\"description\":\"\",\"publisher\":{\"@id\":\"https:\/\/footdavant.fr\/actualites\/#organization\"},\"potentialAction\":[{\"@type\":\"SearchAction\",\"target\":{\"@type\":\"EntryPoint\",\"urlTemplate\":\"https:\/\/footdavant.fr\/actualites\/?s={search_term_string}\"},\"query-input\":\"required name=search_term_string\"}],\"inLanguage\":\"fr-FR\"},{\"@type\":\"Organization\",\"@id\":\"https:\/\/footdavant.fr\/actualites\/#organization\",\"name\":\"Foot d'avant\",\"url\":\"https:\/\/footdavant.fr\/actualites\/\",\"logo\":{\"@type\":\"ImageObject\",\"inLanguage\":\"fr-FR\",\"@id\":\"https:\/\/footdavant.fr\/actualites\/#\/schema\/logo\/image\/\",\"url\":\"https:\/\/footdavant.fr\/actualites\/wp-content\/uploads\/2023\/09\/Copy-of-FootDavant-Logo.png\",\"contentUrl\":\"https:\/\/footdavant.fr\/actualites\/wp-content\/uploads\/2023\/09\/Copy-of-FootDavant-Logo.png\",\"width\":936,\"height\":549,\"caption\":\"Foot d'avant\"},\"image\":{\"@id\":\"https:\/\/footdavant.fr\/actualites\/#\/schema\/logo\/image\/\"},\"sameAs\":[\"https:\/\/www.facebook.com\/Footdavant\/\",\"https:\/\/twitter.com\/FootdavantFr\",\"https:\/\/www.instagram.com\/footdavant.fr\/\"]},{\"@type\":\"Person\",\"@id\":\"https:\/\/footdavant.fr\/actualites\/#\/schema\/person\/bc222566d95871b37e597b3ed3ba5e1d\",\"name\":\"Cl\u00e9ment\",\"image\":{\"@type\":\"ImageObject\",\"inLanguage\":\"fr-FR\",\"@id\":\"https:\/\/footdavant.fr\/actualites\/#\/schema\/person\/image\/\",\"url\":\"https:\/\/secure.gravatar.com\/avatar\/7728b29aac2719421e1a9159b2254c44?s=96&d=mm&r=g\",\"contentUrl\":\"https:\/\/secure.gravatar.com\/avatar\/7728b29aac2719421e1a9159b2254c44?s=96&d=mm&r=g\",\"caption\":\"Cl\u00e9ment\"},\"sameAs\":[\"https:\/\/footdavant.fr\/\"]}]}<\/script>\n<!-- \/ Yoast SEO plugin. -->","yoast_head_json":{"title":"Josh Jacobs a de grands espoirs pour sa nouvelle saison \u00e0 Green Bay","robots":{"index":"index","follow":"follow","max-snippet":"max-snippet:-1","max-image-preview":"max-image-preview:large","max-video-preview":"max-video-preview:-1"},"canonical":"https:\/\/footdavant.fr\/actualites\/josh-jacobs-a-de-grands-espoirs-pour-sa-nouvelle-saison-a-green-bay\/","og_locale":"fr_FR","og_type":"article","og_title":"Josh Jacobs a de grands espoirs pour sa nouvelle saison \u00e0 Green Bay","og_description":"Les grandes ambitions de Josh Jacobs Josh Jacobs, le nouveau running back de Green Bay pour la saison prochaine, a sign\u00e9 un contrat de 4","og_url":"https:\/\/footdavant.fr\/actualites\/josh-jacobs-a-de-grands-espoirs-pour-sa-nouvelle-saison-a-green-bay\/","og_site_name":"Foot d&#039;avant","article_publisher":"https:\/\/www.facebook.com\/Footdavant\/","article_published_time":"2024-07-04T02:48:18+00:00","og_image":[{"width":599,"height":399,"url":"https:\/\/footdavant.fr\/actualites\/wp-content\/uploads\/2024\/07\/Josh-Jacobs-a-de-grands-espoirs-pour-sa-nouvelle-saison.jpg","type":"image\/jpeg"}],"author":"Cl\u00e9ment","twitter_card":"summary_large_image","twitter_creator":"@FootdavantFr","twitter_site":"@FootdavantFr","twitter_misc":{"\u00c9crit par":"Cl\u00e9ment","Dur\u00e9e de lecture estim\u00e9e":"2 minutes"},"schema":{"@context":"https:\/\/schema.org","@graph":[{"@type":"Article","@id":"https:\/\/footdavant.fr\/actualites\/josh-jacobs-a-de-grands-espoirs-pour-sa-nouvelle-saison-a-green-bay\/#article","isPartOf":{"@id":"https:\/\/footdavant.fr\/actualites\/josh-jacobs-a-de-grands-espoirs-pour-sa-nouvelle-saison-a-green-bay\/"},"author":{"name":"Cl\u00e9ment","@id":"https:\/\/footdavant.fr\/actualites\/#\/schema\/person\/bc222566d95871b37e597b3ed3ba5e1d"},"headline":"Josh Jacobs a de grands espoirs pour sa nouvelle saison \u00e0 Green Bay","datePublished":"2024-07-04T02:48:18+00:00","dateModified":"2024-07-04T02:48:18+00:00","mainEntityOfPage":{"@id":"https:\/\/footdavant.fr\/actualites\/josh-jacobs-a-de-grands-espoirs-pour-sa-nouvelle-saison-a-green-bay\/"},"wordCount":399,"publisher":{"@id":"https:\/\/footdavant.fr\/actualites\/#organization"},"keywords":["Bay","espoirs","grands","Green","Jacobs","Josh","nouvelle","pour","saison"],"articleSection":["Football"],"inLanguage":"fr-FR"},{"@type":"WebPage","@id":"https:\/\/footdavant.fr\/actualites\/josh-jacobs-a-de-grands-espoirs-pour-sa-nouvelle-saison-a-green-bay\/","url":"https:\/\/footdavant.fr\/actualites\/josh-jacobs-a-de-grands-espoirs-pour-sa-nouvelle-saison-a-green-bay\/","name":"Josh Jacobs a de grands espoirs pour sa nouvelle saison \u00e0 Green Bay","isPartOf":{"@id":"https:\/\/footdavant.fr\/actualites\/#website"},"datePublished":"2024-07-04T02:48:18+00:00","dateModified":"2024-07-04T02:48:18+00:00","breadcrumb":{"@id":"https:\/\/footdavant.fr\/actualites\/josh-jacobs-a-de-grands-espoirs-pour-sa-nouvelle-saison-a-green-bay\/#breadcrumb"},"inLanguage":"fr-FR","potentialAction":[{"@type":"ReadAction","target":["https:\/\/footdavant.fr\/actualites\/josh-jacobs-a-de-grands-espoirs-pour-sa-nouvelle-saison-a-green-bay\/"]}]},{"@type":"BreadcrumbList","@id":"https:\/\/footdavant.fr\/actualites\/josh-jacobs-a-de-grands-espoirs-pour-sa-nouvelle-saison-a-green-bay\/#breadcrumb","itemListElement":[{"@type":"ListItem","position":1,"name":"Accueil","item":"https:\/\/footdavant.fr\/actualites\/"},{"@type":"ListItem","position":2,"name":"Josh Jacobs a de grands espoirs pour sa nouvelle saison \u00e0 Green Bay"}]},{"@type":"WebSite","@id":"https:\/\/footdavant.fr\/actualites\/#website","url":"https:\/\/footdavant.fr\/actualites\/","name":"Foot d'avant","description":"","publisher":{"@id":"https:\/\/footdavant.fr\/actualites\/#organization"},"potentialAction":[{"@type":"SearchAction","target":{"@type":"EntryPoint","urlTemplate":"https:\/\/footdavant.fr\/actualites\/?s={search_term_string}"},"query-input":"required name=search_term_string"}],"inLanguage":"fr-FR"},{"@type":"Organization","@id":"https:\/\/footdavant.fr\/actualites\/#organization","name":"Foot d'avant","url":"https:\/\/footdavant.fr\/actualites\/","logo":{"@type":"ImageObject","inLanguage":"fr-FR","@id":"https:\/\/footdavant.fr\/actualites\/#\/schema\/logo\/image\/","url":"https:\/\/footdavant.fr\/actualites\/wp-content\/uploads\/2023\/09\/Copy-of-FootDavant-Logo.png","contentUrl":"https:\/\/footdavant.fr\/actualites\/wp-content\/uploads\/2023\/09\/Copy-of-FootDavant-Logo.png","width":936,"height":549,"caption":"Foot d'avant"},"image":{"@id":"https:\/\/footdavant.fr\/actualites\/#\/schema\/logo\/image\/"},"sameAs":["https:\/\/www.facebook.com\/Footdavant\/","https:\/\/twitter.com\/FootdavantFr","https:\/\/www.instagram.com\/footdavant.fr\/"]},{"@type":"Person","@id":"https:\/\/footdavant.fr\/actualites\/#\/schema\/person\/bc222566d95871b37e597b3ed3ba5e1d","name":"Cl\u00e9ment","image":{"@type":"ImageObject","inLanguage":"fr-FR","@id":"https:\/\/footdavant.fr\/actualites\/#\/schema\/person\/image\/","url":"https:\/\/secure.gravatar.com\/avatar\/7728b29aac2719421e1a9159b2254c44?s=96&d=mm&r=g","contentUrl":"https:\/\/secure.gravatar.com\/avatar\/7728b29aac2719421e1a9159b2254c44?s=96&d=mm&r=g","caption":"Cl\u00e9ment"},"sameAs":["https:\/\/footdavant.fr\/"]}]}},"_links":{"self":[{"href":"https:\/\/footdavant.fr\/actualites\/wp-json\/wp\/v2\/posts\/10568"}],"collection":[{"href":"https:\/\/footdavant.fr\/actualites\/wp-json\/wp\/v2\/posts"}],"about":[{"href":"https:\/\/footdavant.fr\/actualites\/wp-json\/wp\/v2\/types\/post"}],"author":[{"embeddable":true,"href":"https:\/\/footdavant.fr\/actualites\/wp-json\/wp\/v2\/users\/1"}],"replies":[{"embeddable":true,"href":"https:\/\/footdavant.fr\/actualites\/wp-json\/wp\/v2\/comments?post=10568"}],"version-history":[{"count":1,"href":"https:\/\/footdavant.fr\/actualites\/wp-json\/wp\/v2\/posts\/10568\/revisions"}],"predecessor-version":[{"id":10570,"href":"https:\/\/footdavant.fr\/actualites\/wp-json\/wp\/v2\/posts\/10568\/revisions\/10570"}],"wp:featuredmedia":[{"embeddable":true,"href":"https:\/\/footdavant.fr\/actualites\/wp-json\/wp\/v2\/media\/10569"}],"wp:attachment":[{"href":"https:\/\/footdavant.fr\/actualites\/wp-json\/wp\/v2\/media?parent=10568"}],"wp:term":[{"taxonomy":"category","embeddable":true,"href":"https:\/\/footdavant.fr\/actualites\/wp-json\/wp\/v2\/categories?post=10568"},{"taxonomy":"post_tag","embeddable":true,"href":"https:\/\/footdavant.fr\/actualites\/wp-json\/wp\/v2\/tags?post=10568"}],"curies":[{"name":"wp","href":"https:\/\/api.w.org\/{rel}","templated":true}]}}