{"id":10574,"date":"2024-07-04T08:48:59","date_gmt":"2024-07-04T06:48:59","guid":{"rendered":"https:\/\/footdavant.fr\/actualites\/kroos-na-pas-lintention-de-prendre-sa-retraite-anticipee-alors-que-lallemagne-se-prepare-pour-lespagne\/"},"modified":"2024-07-04T08:49:00","modified_gmt":"2024-07-04T06:49:00","slug":"kroos-na-pas-lintention-de-prendre-sa-retraite-anticipee-alors-que-lallemagne-se-prepare-pour-lespagne","status":"publish","type":"post","link":"https:\/\/footdavant.fr\/actualites\/kroos-na-pas-lintention-de-prendre-sa-retraite-anticipee-alors-que-lallemagne-se-prepare-pour-lespagne\/","title":{"rendered":"Kroos n&#39;a pas l&#39;intention de prendre sa retraite anticip\u00e9e alors que l&#39;Allemagne se pr\u00e9pare pour l&#39;Espagne"},"content":{"rendered":"<div>\n<p>Le milieu de terrain allemand Toni Kroos affirme que son \u00e9quipe est pr\u00eate \u00e0 relever le d\u00e9fi de l&#39;Espagne \u00e0 l&#39;Euro 2024.<\/p>\n<p>Le v\u00e9t\u00e9ran leader, qui avait d\u00e9j\u00e0 pris sa retraite du football international en 2021, est revenu pour une derni\u00e8re danse apr\u00e8s l&#39;annonce qu&#39;il raccrocherait ses crampons cet \u00e9t\u00e9.<\/p>\n<p>Mais apr\u00e8s son dernier match avec le Real Madrid \u2013 la victoire en finale de la Ligue des champions \u00e0 Wembley \u2013 il s&#39;est tourn\u00e9 vers l&#39;\u00e9quipe nationale pour un dernier tournoi majeur.<\/p>\n<p>Jusqu&#39;\u00e0 pr\u00e9sent, l&#39;Allemagne, pays h\u00f4te, a \u00e9t\u00e9 redoutable, se qualifiant facilement pour les quarts de finale, mais elle devra peut-\u00eatre affronter l&#39;Espagne pour le test le plus difficile possible.<\/p>\n<p>Il affrontera ses anciens co\u00e9quipiers du Real Madrid, Dani Carvajal, Nacho et Joselu, ce dernier affirmant vouloir envoyer le joueur de 34 ans \u00e0 la retraite.<\/p>\n<p>Mais Kroos a ri de la blague et a d\u00e9clar\u00e9 qu&#39;il attendait la bataille avec impatience.<\/p>\n<blockquote class=\"twitter-tweet\">\n<p dir=\"ltr\" lang=\"en\">Joselu plaisante sur le retrait de Toni Kroos lors du quart de finale de l&#39;Espagne contre l&#39;Allemagne \ud83d\ude02 <a rel=\"nofollow\" href=\"https:\/\/t.co\/wbilwu3XN3\">pic.twitter.com\/wbilwu3XN3<\/a><\/p>\n<p>\u2014 ESPN FC (@ESPNFC) <a rel=\"nofollow\" href=\"https:\/\/twitter.com\/ESPNFC\/status\/1808473645825601734?ref_src=twsrc%5Etfw\" rel=\"noopener\">3 juillet 2024<\/a><\/p>\n<\/blockquote>\n<p>S&#39;exprimant avant le match, il a d\u00e9clar\u00e9 : \u00ab Je le connais tr\u00e8s bien, je sais ce qu&#39;il voulait dire.<\/p>\n<p>\u00ab Alors, je vais le laisser souhaiter et faire tout ce que je peux pour que cela ne se r\u00e9alise pas.<\/p>\n<p>\u00ab Nous sommes enfin arriv\u00e9s \u00e0 la phase du tournoi \u00e0 laquelle nous souhaitions vraiment participer, et nous pouvons en \u00eatre heureux.<\/p>\n<p>\u00ab Nous sommes n\u00e9anmoins motiv\u00e9s, dans l&#39;\u00e9quipe et dans le vestiaire, pour aller encore plus loin. Et nous sommes convaincus que nous pouvons y parvenir. \u00bb<\/p>\n<p>Si l&#39;Allemagne bat l&#39;Espagne, elle jouera une demi-finale contre la France ou le Portugal.<\/p>\n<p>Kroos pourrait \u00eatre \u00e0 deux matchs de la retraite alors que son \u00e9quipe se pr\u00e9pare \u00e0 affronter deux adversaires incroyablement coriaces, mais il ajoute que m\u00eame s&#39;ils sortent, il est pr\u00eat pour le prochain chapitre de sa vie.<\/p>\n<p>Il a d\u00e9clar\u00e9 : \u00ab Je ne pourrai jamais rien faire de mieux que de jouer au football. Et cette phase sera termin\u00e9e. \u00bb<\/p>\n<p>\u00ab D&#39;un autre c\u00f4t\u00e9, j&#39;attends avec impatience cette nouvelle \u00e9tape, car \u00e0 un moment donn\u00e9, ce jour arrive pour chaque joueur actif. Et je pr\u00e9f\u00e8re choisir ce jour pour moi-m\u00eame. \u00bb<\/p>\n<p>L&#39;Allemagne et l&#39;Espagne s&#39;affrontent vendredi soir.<\/p>\n<\/p><\/div>\n<p><script async src=\"https:\/\/platform.twitter.com\/widgets.js\" charset=\"utf-8\"><\/script><\/p>\n","protected":false},"excerpt":{"rendered":"<p>Le milieu de terrain allemand Toni Kroos affirme que son \u00e9quipe est pr\u00eate \u00e0 relever le d\u00e9fi de l&#39;Espagne \u00e0 l&#39;Euro 2024. Le v\u00e9t\u00e9ran leader,<\/p>\n","protected":false},"author":1,"featured_media":10575,"comment_status":"closed","ping_status":"","sticky":false,"template":"","format":"standard","meta":{"footnotes":""},"categories":[3],"tags":[318,5607,495,5043,5444,4267,4238,71,51,2354,1098,2460],"yoast_head":"<!-- This site is optimized with the Yoast SEO plugin v21.0 - https:\/\/yoast.com\/wordpress\/plugins\/seo\/ -->\n<title>Kroos n&#039;a pas l&#039;intention de prendre sa retraite anticip\u00e9e alors que l&#039;Allemagne se pr\u00e9pare pour l&#039;Espagne<\/title>\n<meta name=\"robots\" content=\"index, follow, max-snippet:-1, max-image-preview:large, max-video-preview:-1\" \/>\n<link rel=\"canonical\" href=\"https:\/\/footdavant.fr\/actualites\/kroos-na-pas-lintention-de-prendre-sa-retraite-anticipee-alors-que-lallemagne-se-prepare-pour-lespagne\/\" \/>\n<meta property=\"og:locale\" content=\"fr_FR\" \/>\n<meta property=\"og:type\" content=\"article\" \/>\n<meta property=\"og:title\" content=\"Kroos n&#039;a pas l&#039;intention de prendre sa retraite anticip\u00e9e alors que l&#039;Allemagne se pr\u00e9pare pour l&#039;Espagne\" \/>\n<meta property=\"og:description\" content=\"Le milieu de terrain allemand Toni Kroos affirme que son \u00e9quipe est pr\u00eate \u00e0 relever le d\u00e9fi de l&#039;Espagne \u00e0 l&#039;Euro 2024. Le v\u00e9t\u00e9ran leader,\" \/>\n<meta property=\"og:url\" content=\"https:\/\/footdavant.fr\/actualites\/kroos-na-pas-lintention-de-prendre-sa-retraite-anticipee-alors-que-lallemagne-se-prepare-pour-lespagne\/\" \/>\n<meta property=\"og:site_name\" content=\"Foot d&#039;avant\" \/>\n<meta property=\"article:publisher\" content=\"https:\/\/www.facebook.com\/Footdavant\/\" \/>\n<meta property=\"article:published_time\" content=\"2024-07-04T06:48:59+00:00\" \/>\n<meta property=\"article:modified_time\" content=\"2024-07-04T06:49:00+00:00\" \/>\n<meta property=\"og:image\" content=\"https:\/\/footdavant.fr\/actualites\/wp-content\/uploads\/2024\/07\/Kroos-n39a-pas-l39intention-de-prendre-sa-retraite-anticipee-alors.jpg\" \/>\n\t<meta property=\"og:image:width\" content=\"1200\" \/>\n\t<meta property=\"og:image:height\" content=\"675\" \/>\n\t<meta property=\"og:image:type\" content=\"image\/jpeg\" \/>\n<meta name=\"author\" content=\"Cl\u00e9ment\" \/>\n<meta name=\"twitter:card\" content=\"summary_large_image\" \/>\n<meta name=\"twitter:creator\" content=\"@FootdavantFr\" \/>\n<meta name=\"twitter:site\" content=\"@FootdavantFr\" \/>\n<meta name=\"twitter:label1\" content=\"\u00c9crit par\" \/>\n\t<meta name=\"twitter:data1\" content=\"Cl\u00e9ment\" \/>\n\t<meta name=\"twitter:label2\" content=\"Dur\u00e9e de lecture estim\u00e9e\" \/>\n\t<meta name=\"twitter:data2\" content=\"2 minutes\" \/>\n<script type=\"application\/ld+json\" class=\"yoast-schema-graph\">{\"@context\":\"https:\/\/schema.org\",\"@graph\":[{\"@type\":\"Article\",\"@id\":\"https:\/\/footdavant.fr\/actualites\/kroos-na-pas-lintention-de-prendre-sa-retraite-anticipee-alors-que-lallemagne-se-prepare-pour-lespagne\/#article\",\"isPartOf\":{\"@id\":\"https:\/\/footdavant.fr\/actualites\/kroos-na-pas-lintention-de-prendre-sa-retraite-anticipee-alors-que-lallemagne-se-prepare-pour-lespagne\/\"},\"author\":{\"name\":\"Cl\u00e9ment\",\"@id\":\"https:\/\/footdavant.fr\/actualites\/#\/schema\/person\/bc222566d95871b37e597b3ed3ba5e1d\"},\"headline\":\"Kroos n&#39;a pas l&#39;intention de prendre sa retraite anticip\u00e9e alors que l&#39;Allemagne se pr\u00e9pare pour l&#39;Espagne\",\"datePublished\":\"2024-07-04T06:48:59+00:00\",\"dateModified\":\"2024-07-04T06:49:00+00:00\",\"mainEntityOfPage\":{\"@id\":\"https:\/\/footdavant.fr\/actualites\/kroos-na-pas-lintention-de-prendre-sa-retraite-anticipee-alors-que-lallemagne-se-prepare-pour-lespagne\/\"},\"wordCount\":429,\"publisher\":{\"@id\":\"https:\/\/footdavant.fr\/actualites\/#organization\"},\"keywords\":[\"alors\",\"anticip\u00e9e\",\"Kroos\",\"l39Allemagne\",\"l39Espagne\",\"l39intention\",\"n39a\",\"pas\",\"pour\",\"prendre\",\"pr\u00e9pare\",\"retraite\"],\"articleSection\":[\"Football\"],\"inLanguage\":\"fr-FR\"},{\"@type\":\"WebPage\",\"@id\":\"https:\/\/footdavant.fr\/actualites\/kroos-na-pas-lintention-de-prendre-sa-retraite-anticipee-alors-que-lallemagne-se-prepare-pour-lespagne\/\",\"url\":\"https:\/\/footdavant.fr\/actualites\/kroos-na-pas-lintention-de-prendre-sa-retraite-anticipee-alors-que-lallemagne-se-prepare-pour-lespagne\/\",\"name\":\"Kroos n&#39;a pas l&#39;intention de prendre sa retraite anticip\u00e9e alors que l&#39;Allemagne se pr\u00e9pare pour l&#39;Espagne\",\"isPartOf\":{\"@id\":\"https:\/\/footdavant.fr\/actualites\/#website\"},\"datePublished\":\"2024-07-04T06:48:59+00:00\",\"dateModified\":\"2024-07-04T06:49:00+00:00\",\"breadcrumb\":{\"@id\":\"https:\/\/footdavant.fr\/actualites\/kroos-na-pas-lintention-de-prendre-sa-retraite-anticipee-alors-que-lallemagne-se-prepare-pour-lespagne\/#breadcrumb\"},\"inLanguage\":\"fr-FR\",\"potentialAction\":[{\"@type\":\"ReadAction\",\"target\":[\"https:\/\/footdavant.fr\/actualites\/kroos-na-pas-lintention-de-prendre-sa-retraite-anticipee-alors-que-lallemagne-se-prepare-pour-lespagne\/\"]}]},{\"@type\":\"BreadcrumbList\",\"@id\":\"https:\/\/footdavant.fr\/actualites\/kroos-na-pas-lintention-de-prendre-sa-retraite-anticipee-alors-que-lallemagne-se-prepare-pour-lespagne\/#breadcrumb\",\"itemListElement\":[{\"@type\":\"ListItem\",\"position\":1,\"name\":\"Accueil\",\"item\":\"https:\/\/footdavant.fr\/actualites\/\"},{\"@type\":\"ListItem\",\"position\":2,\"name\":\"Kroos n&#39;a pas l&#39;intention de prendre sa retraite anticip\u00e9e alors que l&#39;Allemagne se pr\u00e9pare pour l&#39;Espagne\"}]},{\"@type\":\"WebSite\",\"@id\":\"https:\/\/footdavant.fr\/actualites\/#website\",\"url\":\"https:\/\/footdavant.fr\/actualites\/\",\"name\":\"Foot d'avant\",\"description\":\"\",\"publisher\":{\"@id\":\"https:\/\/footdavant.fr\/actualites\/#organization\"},\"potentialAction\":[{\"@type\":\"SearchAction\",\"target\":{\"@type\":\"EntryPoint\",\"urlTemplate\":\"https:\/\/footdavant.fr\/actualites\/?s={search_term_string}\"},\"query-input\":\"required name=search_term_string\"}],\"inLanguage\":\"fr-FR\"},{\"@type\":\"Organization\",\"@id\":\"https:\/\/footdavant.fr\/actualites\/#organization\",\"name\":\"Foot d'avant\",\"url\":\"https:\/\/footdavant.fr\/actualites\/\",\"logo\":{\"@type\":\"ImageObject\",\"inLanguage\":\"fr-FR\",\"@id\":\"https:\/\/footdavant.fr\/actualites\/#\/schema\/logo\/image\/\",\"url\":\"https:\/\/footdavant.fr\/actualites\/wp-content\/uploads\/2023\/09\/Copy-of-FootDavant-Logo.png\",\"contentUrl\":\"https:\/\/footdavant.fr\/actualites\/wp-content\/uploads\/2023\/09\/Copy-of-FootDavant-Logo.png\",\"width\":936,\"height\":549,\"caption\":\"Foot d'avant\"},\"image\":{\"@id\":\"https:\/\/footdavant.fr\/actualites\/#\/schema\/logo\/image\/\"},\"sameAs\":[\"https:\/\/www.facebook.com\/Footdavant\/\",\"https:\/\/twitter.com\/FootdavantFr\",\"https:\/\/www.instagram.com\/footdavant.fr\/\"]},{\"@type\":\"Person\",\"@id\":\"https:\/\/footdavant.fr\/actualites\/#\/schema\/person\/bc222566d95871b37e597b3ed3ba5e1d\",\"name\":\"Cl\u00e9ment\",\"image\":{\"@type\":\"ImageObject\",\"inLanguage\":\"fr-FR\",\"@id\":\"https:\/\/footdavant.fr\/actualites\/#\/schema\/person\/image\/\",\"url\":\"https:\/\/secure.gravatar.com\/avatar\/7728b29aac2719421e1a9159b2254c44?s=96&d=mm&r=g\",\"contentUrl\":\"https:\/\/secure.gravatar.com\/avatar\/7728b29aac2719421e1a9159b2254c44?s=96&d=mm&r=g\",\"caption\":\"Cl\u00e9ment\"},\"sameAs\":[\"https:\/\/footdavant.fr\/\"]}]}<\/script>\n<!-- \/ Yoast SEO plugin. -->","yoast_head_json":{"title":"Kroos n&#39;a pas l&#39;intention de prendre sa retraite anticip\u00e9e alors que l&#39;Allemagne se pr\u00e9pare pour l&#39;Espagne","robots":{"index":"index","follow":"follow","max-snippet":"max-snippet:-1","max-image-preview":"max-image-preview:large","max-video-preview":"max-video-preview:-1"},"canonical":"https:\/\/footdavant.fr\/actualites\/kroos-na-pas-lintention-de-prendre-sa-retraite-anticipee-alors-que-lallemagne-se-prepare-pour-lespagne\/","og_locale":"fr_FR","og_type":"article","og_title":"Kroos n&#39;a pas l&#39;intention de prendre sa retraite anticip\u00e9e alors que l&#39;Allemagne se pr\u00e9pare pour l&#39;Espagne","og_description":"Le milieu de terrain allemand Toni Kroos affirme que son \u00e9quipe est pr\u00eate \u00e0 relever le d\u00e9fi de l&#39;Espagne \u00e0 l&#39;Euro 2024. Le v\u00e9t\u00e9ran leader,","og_url":"https:\/\/footdavant.fr\/actualites\/kroos-na-pas-lintention-de-prendre-sa-retraite-anticipee-alors-que-lallemagne-se-prepare-pour-lespagne\/","og_site_name":"Foot d&#039;avant","article_publisher":"https:\/\/www.facebook.com\/Footdavant\/","article_published_time":"2024-07-04T06:48:59+00:00","article_modified_time":"2024-07-04T06:49:00+00:00","og_image":[{"width":1200,"height":675,"url":"https:\/\/footdavant.fr\/actualites\/wp-content\/uploads\/2024\/07\/Kroos-n39a-pas-l39intention-de-prendre-sa-retraite-anticipee-alors.jpg","type":"image\/jpeg"}],"author":"Cl\u00e9ment","twitter_card":"summary_large_image","twitter_creator":"@FootdavantFr","twitter_site":"@FootdavantFr","twitter_misc":{"\u00c9crit par":"Cl\u00e9ment","Dur\u00e9e de lecture estim\u00e9e":"2 minutes"},"schema":{"@context":"https:\/\/schema.org","@graph":[{"@type":"Article","@id":"https:\/\/footdavant.fr\/actualites\/kroos-na-pas-lintention-de-prendre-sa-retraite-anticipee-alors-que-lallemagne-se-prepare-pour-lespagne\/#article","isPartOf":{"@id":"https:\/\/footdavant.fr\/actualites\/kroos-na-pas-lintention-de-prendre-sa-retraite-anticipee-alors-que-lallemagne-se-prepare-pour-lespagne\/"},"author":{"name":"Cl\u00e9ment","@id":"https:\/\/footdavant.fr\/actualites\/#\/schema\/person\/bc222566d95871b37e597b3ed3ba5e1d"},"headline":"Kroos n&#39;a pas l&#39;intention de prendre sa retraite anticip\u00e9e alors que l&#39;Allemagne se pr\u00e9pare pour l&#39;Espagne","datePublished":"2024-07-04T06:48:59+00:00","dateModified":"2024-07-04T06:49:00+00:00","mainEntityOfPage":{"@id":"https:\/\/footdavant.fr\/actualites\/kroos-na-pas-lintention-de-prendre-sa-retraite-anticipee-alors-que-lallemagne-se-prepare-pour-lespagne\/"},"wordCount":429,"publisher":{"@id":"https:\/\/footdavant.fr\/actualites\/#organization"},"keywords":["alors","anticip\u00e9e","Kroos","l39Allemagne","l39Espagne","l39intention","n39a","pas","pour","prendre","pr\u00e9pare","retraite"],"articleSection":["Football"],"inLanguage":"fr-FR"},{"@type":"WebPage","@id":"https:\/\/footdavant.fr\/actualites\/kroos-na-pas-lintention-de-prendre-sa-retraite-anticipee-alors-que-lallemagne-se-prepare-pour-lespagne\/","url":"https:\/\/footdavant.fr\/actualites\/kroos-na-pas-lintention-de-prendre-sa-retraite-anticipee-alors-que-lallemagne-se-prepare-pour-lespagne\/","name":"Kroos n&#39;a pas l&#39;intention de prendre sa retraite anticip\u00e9e alors que l&#39;Allemagne se pr\u00e9pare pour l&#39;Espagne","isPartOf":{"@id":"https:\/\/footdavant.fr\/actualites\/#website"},"datePublished":"2024-07-04T06:48:59+00:00","dateModified":"2024-07-04T06:49:00+00:00","breadcrumb":{"@id":"https:\/\/footdavant.fr\/actualites\/kroos-na-pas-lintention-de-prendre-sa-retraite-anticipee-alors-que-lallemagne-se-prepare-pour-lespagne\/#breadcrumb"},"inLanguage":"fr-FR","potentialAction":[{"@type":"ReadAction","target":["https:\/\/footdavant.fr\/actualites\/kroos-na-pas-lintention-de-prendre-sa-retraite-anticipee-alors-que-lallemagne-se-prepare-pour-lespagne\/"]}]},{"@type":"BreadcrumbList","@id":"https:\/\/footdavant.fr\/actualites\/kroos-na-pas-lintention-de-prendre-sa-retraite-anticipee-alors-que-lallemagne-se-prepare-pour-lespagne\/#breadcrumb","itemListElement":[{"@type":"ListItem","position":1,"name":"Accueil","item":"https:\/\/footdavant.fr\/actualites\/"},{"@type":"ListItem","position":2,"name":"Kroos n&#39;a pas l&#39;intention de prendre sa retraite anticip\u00e9e alors que l&#39;Allemagne se pr\u00e9pare pour l&#39;Espagne"}]},{"@type":"WebSite","@id":"https:\/\/footdavant.fr\/actualites\/#website","url":"https:\/\/footdavant.fr\/actualites\/","name":"Foot d'avant","description":"","publisher":{"@id":"https:\/\/footdavant.fr\/actualites\/#organization"},"potentialAction":[{"@type":"SearchAction","target":{"@type":"EntryPoint","urlTemplate":"https:\/\/footdavant.fr\/actualites\/?s={search_term_string}"},"query-input":"required name=search_term_string"}],"inLanguage":"fr-FR"},{"@type":"Organization","@id":"https:\/\/footdavant.fr\/actualites\/#organization","name":"Foot d'avant","url":"https:\/\/footdavant.fr\/actualites\/","logo":{"@type":"ImageObject","inLanguage":"fr-FR","@id":"https:\/\/footdavant.fr\/actualites\/#\/schema\/logo\/image\/","url":"https:\/\/footdavant.fr\/actualites\/wp-content\/uploads\/2023\/09\/Copy-of-FootDavant-Logo.png","contentUrl":"https:\/\/footdavant.fr\/actualites\/wp-content\/uploads\/2023\/09\/Copy-of-FootDavant-Logo.png","width":936,"height":549,"caption":"Foot d'avant"},"image":{"@id":"https:\/\/footdavant.fr\/actualites\/#\/schema\/logo\/image\/"},"sameAs":["https:\/\/www.facebook.com\/Footdavant\/","https:\/\/twitter.com\/FootdavantFr","https:\/\/www.instagram.com\/footdavant.fr\/"]},{"@type":"Person","@id":"https:\/\/footdavant.fr\/actualites\/#\/schema\/person\/bc222566d95871b37e597b3ed3ba5e1d","name":"Cl\u00e9ment","image":{"@type":"ImageObject","inLanguage":"fr-FR","@id":"https:\/\/footdavant.fr\/actualites\/#\/schema\/person\/image\/","url":"https:\/\/secure.gravatar.com\/avatar\/7728b29aac2719421e1a9159b2254c44?s=96&d=mm&r=g","contentUrl":"https:\/\/secure.gravatar.com\/avatar\/7728b29aac2719421e1a9159b2254c44?s=96&d=mm&r=g","caption":"Cl\u00e9ment"},"sameAs":["https:\/\/footdavant.fr\/"]}]}},"_links":{"self":[{"href":"https:\/\/footdavant.fr\/actualites\/wp-json\/wp\/v2\/posts\/10574"}],"collection":[{"href":"https:\/\/footdavant.fr\/actualites\/wp-json\/wp\/v2\/posts"}],"about":[{"href":"https:\/\/footdavant.fr\/actualites\/wp-json\/wp\/v2\/types\/post"}],"author":[{"embeddable":true,"href":"https:\/\/footdavant.fr\/actualites\/wp-json\/wp\/v2\/users\/1"}],"replies":[{"embeddable":true,"href":"https:\/\/footdavant.fr\/actualites\/wp-json\/wp\/v2\/comments?post=10574"}],"version-history":[{"count":1,"href":"https:\/\/footdavant.fr\/actualites\/wp-json\/wp\/v2\/posts\/10574\/revisions"}],"predecessor-version":[{"id":10576,"href":"https:\/\/footdavant.fr\/actualites\/wp-json\/wp\/v2\/posts\/10574\/revisions\/10576"}],"wp:featuredmedia":[{"embeddable":true,"href":"https:\/\/footdavant.fr\/actualites\/wp-json\/wp\/v2\/media\/10575"}],"wp:attachment":[{"href":"https:\/\/footdavant.fr\/actualites\/wp-json\/wp\/v2\/media?parent=10574"}],"wp:term":[{"taxonomy":"category","embeddable":true,"href":"https:\/\/footdavant.fr\/actualites\/wp-json\/wp\/v2\/categories?post=10574"},{"taxonomy":"post_tag","embeddable":true,"href":"https:\/\/footdavant.fr\/actualites\/wp-json\/wp\/v2\/tags?post=10574"}],"curies":[{"name":"wp","href":"https:\/\/api.w.org\/{rel}","templated":true}]}}