{"id":10592,"date":"2024-07-04T22:48:22","date_gmt":"2024-07-04T20:48:22","guid":{"rendered":"https:\/\/footdavant.fr\/actualites\/expiration-des-contrats-de-manchester-city-qui-est-libre-de-partir-lete-prochain-et-en-2026\/"},"modified":"2024-07-04T22:48:23","modified_gmt":"2024-07-04T20:48:23","slug":"expiration-des-contrats-de-manchester-city-qui-est-libre-de-partir-lete-prochain-et-en-2026","status":"publish","type":"post","link":"https:\/\/footdavant.fr\/actualites\/expiration-des-contrats-de-manchester-city-qui-est-libre-de-partir-lete-prochain-et-en-2026\/","title":{"rendered":"Expiration des contrats de Manchester City : qui est libre de partir l&#39;\u00e9t\u00e9 prochain et en 2026 ?"},"content":{"rendered":"<p>Sports Mole rassemble tous les contrats expirant de Manchester City pour l&#39;\u00e9t\u00e9 prochain et en 2026.<\/p>\n<div id=\"article_body\" itemprop=\"articleBody\">\n<p class=\"firstPara\">Apr\u00e8s avoir remport\u00e9 un quatri\u00e8me titre cons\u00e9cutif de Premier League, un record, en 2023-24, <strong class=\"autotag\">Manchester City<\/strong> devraient \u00eatre actifs lors de la fen\u00eatre de transfert estivale alors qu&#39;ils s&#39;efforcent de conserver leur couronne et de concourir pour d&#39;autres troph\u00e9es nationaux et continentaux dans la nouvelle campagne.<\/p>\n<p>Les Citizens poss\u00e8dent l&#39;une des \u00e9quipes les plus \u00e9toil\u00e9es du football mondial, certains joueurs \u00e9tant li\u00e9s par des contrats \u00e0 long terme et d&#39;autres \u00e9tant confront\u00e9s \u00e0 un avenir incertain au sein du club.<\/p>\n<p>Ici, <strong>Taupe sportive<\/strong> jette un \u0153il aux joueurs de Manchester City dont les contrats expirent soit \u00e0 la fin de l&#39;\u00e9t\u00e9 prochain, soit en 2026.<\/p>\n<hr>\n<h2 class=\"k3\">Quels joueurs de Manchester City seront en fin de contrat l&#39;\u00e9t\u00e9 prochain ?<\/h2>\n<h3 class=\"m4\"><strong class=\"autotag\">Kevin De Bruyne<\/strong><\/h3>\n<p class=\"imgI\">\n<p><strong>\u00c2ge:<\/strong> 32<br \/><strong>Position:<\/strong> Milieu de terrain<br \/><strong>Valeur de transfert :<\/strong> 42,6 millions de livres sterling<br \/><strong>Inscrit:<\/strong> Ao\u00fbt 2015<br \/><strong>Frais d&#39;inscription:<\/strong> 55 millions de livres sterling<br \/><strong>Apparitions \u00e0 Manchester City :<\/strong> 382<br \/><strong>Buts de Manchester City :<\/strong> 102<\/p>\n<h3 class=\"m4\">Honneurs<\/h3>\n<p><\/p>\n<li class=\"k4\">Premier League (6) : 2017-18, 2018-19, 2020-21, 2021-22, 2022-23, 2023-24<\/li>\n<p><\/p>\n<li class=\"k4\">Coupe d&#39;Angleterre (2) : 2018-19, 2022-23<\/li>\n<p><\/p>\n<li class=\"k4\">Coupe EFL (5) : 2015-16, 2017-18, 2018-19, 2019-20, 2020-21<\/li>\n<p><\/p>\n<li class=\"k4\">Bouclier communautaire (1) : 2019<\/li>\n<p><\/p>\n<li class=\"k4\">Ligue des Champions (1) : 2022-23<\/li>\n<p><\/p>\n<li class=\"k4\">Coupe du Monde des Clubs de la FIFA (1) : 2023<\/li>\n<p>Kevin De Bruyne est le joueur le plus ancien de l&#39;\u00e9quipe actuelle de Manchester City et reste une figure cl\u00e9 <strong class=\"autotag\">Pep Guardiola<\/strong>Les plans de \u00e0 l&#39;approche de la nouvelle saison.<\/p>\n<p>Cependant, le Belge &#8211; qui a eu 33 ans en juin &#8211; a \u00e9t\u00e9 li\u00e9 \u00e0 un d\u00e9part en raison de l&#39;int\u00e9r\u00eat signal\u00e9 des clubs de la Pro League saoudienne et de la MLS.<\/p>\n<hr>\n<h3 class=\"m4\"><strong class=\"autotag\">Scott Carson<\/strong><\/h3>\n<p class=\"imgI\"><img decoding=\"async\" loading=\"lazy\" class=\"l\" src=\"https:\/\/footdavant.fr\/actualites\/wp-content\/uploads\/2024\/07\/1720126102_246_Expiration-des-contrats-de-Manchester-City-qui-est-libre.jpg\" title=\"Scott Carson de Manchester City lors de l&#39;entra\u00eenement le 12 d\u00e9cembre 2023\" alt=\"Scott Carson de Manchester City lors de l&#39;entra\u00eenement le 12 d\u00e9cembre 2023\" width=\"640\" height=\"480\"><\/p>\n<p><strong>\u00c2ge:<\/strong> 38<br \/><strong>Position:<\/strong> Gardien de but<br \/><strong>Valeur de transfert :<\/strong> 170 000 \u00a3<br \/><strong>Inscrit:<\/strong> Ao\u00fbt 2019<br \/><strong>Frais d&#39;inscription:<\/strong> Gratuit<br \/><strong>Apparitions \u00e0 Manchester City :<\/strong> 2<br \/><strong>Manchester City ne marque pas une seule fois :<\/strong> 1<\/p>\n<h3 class=\"m4\">Honneurs<\/h3>\n<p><\/p>\n<li class=\"k4\">Premier League (4) : 2020-21, 2021-22, 2022-23, 2023-24<\/li>\n<p><\/p>\n<li class=\"k4\">Coupe EFL (2) : 2019-20, 2020-21<\/li>\n<p><\/p>\n<li class=\"k4\">Bouclier communautaire (1) : 2019-20<\/li>\n<p><\/p>\n<li class=\"k4\">Ligue des Champions (1) : 2022-23<\/li>\n<p><\/p>\n<li class=\"k4\">Super Coupe de l&#39;UEFA (1) : 2023<\/li>\n<p><\/p>\n<li class=\"k4\">Coupe du Monde des Clubs de la FIFA (1) : 2023<\/li>\n<p>Scott Carson n&#39;a fait que deux apparitions en comp\u00e9tition pour Man City depuis son arriv\u00e9e en 2019, mais son exp\u00e9rience et son caract\u00e8re sont jug\u00e9s inestimables par Guardiola dans le vestiaire.<\/p>\n<p>Carson a sign\u00e9 une nouvelle prolongation de contrat d&#39;un an pour le garder au club jusqu&#39;\u00e0 l&#39;\u00e9t\u00e9 2025.<\/p>\n<hr>\n<h3 class=\"m4\"><strong class=\"autotag\">Issa Kabor\u00e9<\/strong><\/h3>\n<p class=\"imgI\"><img decoding=\"async\" loading=\"lazy\" class=\"l\" src=\"https:\/\/footdavant.fr\/actualites\/wp-content\/uploads\/2024\/07\/Expiration-des-contrats-de-Manchester-City-qui-est-libre.JPG\" title=\"Issa Kabore de Luton Town en action avec Divock Origi de Nottingham Forest le 16 mars 2024\" alt=\"Issa Kabore de Luton Town en action avec Divock Origi de Nottingham Forest le 16 mars 2024\" width=\"640\" height=\"480\"><\/p>\n<p><strong>\u00c2ge:<\/strong> 23<br \/><strong>Position:<\/strong> Arri\u00e8re droit<br \/><strong>Valeur de transfert :<\/strong> 8,5 millions de livres sterling<br \/><strong>Inscrit:<\/strong> Juillet 2020<br \/><strong>Frais d&#39;inscription:<\/strong> 3,8 millions de livres sterling<br \/><strong>Apparitions \u00e0 Manchester City :<\/strong> 0<br \/><strong>Buts de Manchester City :<\/strong> 0<\/p>\n<p>Il reste \u00e0 voir ce que l&#39;avenir r\u00e9serve \u00e0 Issa Kabore, qui n&#39;a pas encore fait d&#39;apparition pour Man City et a pass\u00e9 la campagne 2023-24 en pr\u00eat \u00e0 Luton Town.<\/p>\n<hr>\n<h3 class=\"m4\"><strong class=\"autotag\">Yan Couto<\/strong><\/h3>\n<p class=\"imgI\"><img decoding=\"async\" loading=\"lazy\" class=\"l\" src=\"https:\/\/footdavant.fr\/actualites\/wp-content\/uploads\/2024\/07\/1720126102_79_Expiration-des-contrats-de-Manchester-City-qui-est-libre.jpg\" title=\"Yan Couto de G\u00e9rone photographi\u00e9 le 8 octobre 2022\" alt=\"Yan Couto de G\u00e9rone photographi\u00e9 le 8 octobre 2022\" width=\"640\" height=\"480\"><\/p>\n<p><strong>\u00c2ge:<\/strong> 22<br \/><strong>Position:<\/strong> Arri\u00e8re droit<br \/><strong>Valeur de transfert :<\/strong> 21,2 millions de livres sterling<br \/><strong>Inscrit:<\/strong> Juillet 2020<br \/><strong>Frais d&#39;inscription:<\/strong> 5 millions de livres sterling<br \/><strong>Apparitions \u00e0 Manchester City :<\/strong> 0<br \/><strong>Buts de Manchester City :<\/strong> 0<\/p>\n<p>Il reste \u00e0 voir quel avenir sera r\u00e9serv\u00e9 \u00e0 Yan Couto, qui n&#39;a pas encore fait d&#39;apparition pour Man City et a pass\u00e9 la campagne 2023-24 en pr\u00eat au club fr\u00e8re de G\u00e9rone.<\/p>\n<p>Le joueur de 22 ans devrait rejoindre l&#39;\u00e9quipe de Guardiola pour la pr\u00e9-saison, mais il a \u00e9t\u00e9 li\u00e9 \u00e0 des clubs comme le Real Madrid, la Juventus et le Bayer Leverkusen.<\/p>\n<hr>\n<h2 class=\"k3\">Quels joueurs de Manchester City seront en fin de contrat en juin 2026 ?<\/h2>\n<h3 class=\"m4\"><strong class=\"autotag\">Bernardo Silva<\/strong><\/h3>\n<p class=\"imgI\"><img decoding=\"async\" loading=\"lazy\" class=\"l\" src=\"https:\/\/footdavant.fr\/actualites\/wp-content\/uploads\/2024\/07\/1720126102_168_Expiration-des-contrats-de-Manchester-City-qui-est-libre.JPG\" title=\"Bernardo Silva de Manchester City le 28 avril 2024\" alt=\"Bernardo Silva de Manchester City le 28 avril 2024\" width=\"640\" height=\"480\"><\/p>\n<p><strong>\u00c2ge:<\/strong> 29<br \/><strong>Position:<\/strong> Milieu de terrain<br \/><strong>Valeur de transfert :<\/strong> 59,3 millions de livres sterling<br \/><strong>Inscrit:<\/strong> Juillet 2017<br \/><strong>Frais d&#39;inscription:<\/strong> 43 millions de livres sterling<br \/><strong>Apparitions \u00e0 Manchester City :<\/strong> 355<br \/><strong>Buts de Manchester City :<\/strong> 66<\/p>\n<h3 class=\"m4\">Honneurs<\/h3>\n<p><\/p>\n<li class=\"k4\">Premier League (6) : 2017-18, 2018-19, 2020-21, 2021-22, 2022-23, 2023-24<\/li>\n<p><\/p>\n<li class=\"k4\">Coupe d&#39;Angleterre (2) : 2018-19, 2022-23<\/li>\n<p><\/p>\n<li class=\"k4\">Coupe EFL (4) : 2017-18, 2018-19, 2019-20, 2020-21<\/li>\n<p><\/p>\n<li class=\"k4\">Bouclier communautaire (2) : 2018, 2019<\/li>\n<p><\/p>\n<li class=\"k4\">Ligue des Champions (1) : 2022-23<\/li>\n<p><\/p>\n<li class=\"k4\">Coupe du Monde des Clubs de la FIFA (1) : 2023<\/li>\n<p>Bernardo Silva continue d&#39;\u00eatre li\u00e9 \u00e0 un transfert loin de Manchester City et fait face \u00e0 un avenir incertain \u00e0 l&#39;Etihad apr\u00e8s avoir admis en janvier 2023 qu&#39;il \u00e9tait pr\u00eat \u00e0 relever un nouveau d\u00e9fi.<\/p>\n<p>Le meneur de jeu polyvalent a confirm\u00e9 qu&#39;il pr\u00e9voyait de retourner dans son club d&#39;enfance, Benfica, avant de prendre sa retraite, tandis que Barcelone, le Paris Saint-Germain et des clubs d&#39;Arabie saoudite ont tous \u00e9t\u00e9 cr\u00e9dit\u00e9s d&#39;un int\u00e9r\u00eat.<\/p>\n<hr>\n<h3 class=\"m4\"><strong class=\"autotag\">Kyle Walker<\/strong><\/h3>\n<p class=\"imgI\"><img decoding=\"async\" loading=\"lazy\" class=\"l\" src=\"https:\/\/footdavant.fr\/actualites\/wp-content\/uploads\/2024\/07\/1720126102_148_Expiration-des-contrats-de-Manchester-City-qui-est-libre.jpg\" title=\"Kyle Walker de Manchester City c\u00e9l\u00e8bre apr\u00e8s le match du 16 septembre 2023\" alt=\"Kyle Walker de Manchester City c\u00e9l\u00e8bre apr\u00e8s le match du 16 septembre 2023\" width=\"640\" height=\"480\"><\/p>\n<p><strong>\u00c2ge:<\/strong> 34<br \/><strong>Position:<\/strong> Arri\u00e8re droit<br \/><strong>Valeur de transfert :<\/strong> 11 millions de livres sterling<br \/><strong>Inscrit:<\/strong> Juillet 2017<br \/><strong>Frais d&#39;inscription:<\/strong> 45 millions de livres sterling<br \/><strong>Apparitions \u00e0 Manchester City :<\/strong> 301<br \/><strong>Buts de Manchester City :<\/strong> 6<\/p>\n<h3 class=\"m4\">Honneurs<\/h3>\n<p><\/p>\n<li class=\"k4\">Premier League (6) : 2017-18, 2018-19, 2020-21, 2021-22, 2022-23, 2023-24<\/li>\n<p><\/p>\n<li class=\"k4\">Coupe d&#39;Angleterre (2) : 2018-19, 2022-23<\/li>\n<p><\/p>\n<li class=\"k4\">Coupe EFL (4) : 2017-18, 2018-19, 2019-20, 2020-21<\/li>\n<p><\/p>\n<li class=\"k4\">Bouclier communautaire (2) : 2018, 2019<\/li>\n<p><\/p>\n<li class=\"k4\">Ligue des Champions (1) : 2022-23<\/li>\n<p><\/p>\n<li class=\"k4\">Super Coupe de l&#39;UEFA (1) : 2023<\/li>\n<p><\/p>\n<li class=\"k4\">Coupe du Monde des Clubs de la FIFA (1) : 2023<\/li>\n<p>Kyle Walker a failli rejoindre le Bayern Munich \u00e0 l&#39;\u00e9t\u00e9 2023 avant de d\u00e9cider de rester \u00e0 Man City et de mener l&#39;\u00e9quipe vers un quatri\u00e8me titre cons\u00e9cutif en Premier League, un record.<\/p>\n<p>\u00c0 34 ans, Walker est d\u00e9sormais entr\u00e9 dans les derni\u00e8res \u00e9tapes de sa carri\u00e8re et on ne sait toujours pas si des clubs en Europe ou plus loin sont int\u00e9ress\u00e9s par ses services.<\/p>\n<hr>\n<h3 class=\"m4\"><strong class=\"autotag\">Pierres de John<\/strong><\/h3>\n<p class=\"imgI\"><img decoding=\"async\" loading=\"lazy\" class=\"l\" src=\"https:\/\/footdavant.fr\/actualites\/wp-content\/uploads\/2024\/07\/1720126102_662_Expiration-des-contrats-de-Manchester-City-qui-est-libre.jpg\" title=\"John Stones de Manchester City avant le match du 16 d\u00e9cembre 2023\" alt=\"John Stones de Manchester City avant le match du 16 d\u00e9cembre 2023\" width=\"640\" height=\"480\"><\/p>\n<p><strong>\u00c2ge:<\/strong> 30<br \/><strong>Position:<\/strong> D\u00e9fenseur central<br \/><strong>Valeur de transfert :<\/strong> 32,2 millions de livres sterling<br \/><strong>Inscrit:<\/strong> Ao\u00fbt 2016<br \/><strong>Frais d&#39;inscription:<\/strong> 47,5 millions de livres sterling<br \/><strong>Apparitions \u00e0 Manchester City :<\/strong> 257<br \/><strong>Buts de Manchester City :<\/strong> 16<\/p>\n<h3 class=\"m4\">Honneurs<\/h3>\n<p><\/p>\n<li class=\"k4\">Premier League (6) : 2017-18, 2018-19, 2020-21, 2021-22, 2022-23, 2023-24<\/li>\n<p><\/p>\n<li class=\"k4\">Coupe d&#39;Angleterre (2) : 2018-19, 2022-23<\/li>\n<p><\/p>\n<li class=\"k4\">Coupe EFL (2) : 2017-18, 2019-20<\/li>\n<p><\/p>\n<li class=\"k4\">Bouclier communautaire (2) : 2018, 2019<\/li>\n<p><\/p>\n<li class=\"k4\">Ligue des Champions (1) : 2022-23<\/li>\n<p><\/p>\n<li class=\"k4\">Super Coupe de l&#39;UEFA (1) : 2023<\/li>\n<p><\/p>\n<li class=\"k4\">Coupe du Monde des Clubs de la FIFA (1) : 2023<\/li>\n<p>John Stones a \u00e9t\u00e9 un \u00e9l\u00e9ment essentiel de l&#39;\u00e9quipe premi\u00e8re de Manchester City au cours des huit derni\u00e8res ann\u00e9es, mais il a d\u00fb faire face \u00e0 de nombreuses blessures ces derni\u00e8res saisons. N\u00e9anmoins, le joueur de 30 ans reste un \u00e9l\u00e9ment cl\u00e9 des plans de Guardiola pour l&#39;avenir.<\/p>\n<hr>\n<h3 class=\"m4\"><strong class=\"autotag\">Ederson<\/strong><\/h3>\n<p class=\"imgI\"><img decoding=\"async\" loading=\"lazy\" class=\"l\" src=\"https:\/\/footdavant.fr\/actualites\/wp-content\/uploads\/2024\/07\/1720126102_478_Expiration-des-contrats-de-Manchester-City-qui-est-libre.jpg\" title=\"Ederson de Manchester City c\u00e9l\u00e8bre apr\u00e8s le match du 23 septembre 2023\" alt=\"Ederson de Manchester City c\u00e9l\u00e8bre apr\u00e8s le match du 23 septembre 2023\" width=\"640\" height=\"480\"><\/p>\n<p><strong>\u00c2ge:<\/strong> 30<br \/><strong>Position:<\/strong> Gardien de but<br \/><strong>Valeur de transfert :<\/strong> 29,6 millions de livres sterling<br \/><strong>Inscrit:<\/strong> Juillet 2017<br \/><strong>Frais d&#39;inscription:<\/strong> 35 millions de livres sterling<br \/><strong>Apparitions \u00e0 Manchester City :<\/strong> 332<br \/><strong>Manchester City ne marque pas une seule fois :<\/strong> 155<\/p>\n<h3 class=\"m4\">Honneurs<\/h3>\n<p><\/p>\n<li class=\"k4\">Premier League (6) : 2017-18, 2018-19, 2020-21, 2021-22, 2022-23, 2023-24<\/li>\n<p><\/p>\n<li class=\"k4\">Coupe d&#39;Angleterre (2) : 2018-19, 2022-23<\/li>\n<p><\/p>\n<li class=\"k4\">Coupe EFL (4) : 2017-18, 2018-19, 2019-20, 2020-21<\/li>\n<p><\/p>\n<li class=\"k4\">Bouclier communautaire (2) : 2018, 2019<\/li>\n<p><\/p>\n<li class=\"k4\">Ligue des Champions (1) : 2022-23<\/li>\n<p><\/p>\n<li class=\"k4\">Super Coupe de l&#39;UEFA (1) : 2023<\/li>\n<p><\/p>\n<li class=\"k4\">Coupe du Monde des Clubs de la FIFA (1) : 2023<\/li>\n<p>Ederson est le gardien num\u00e9ro un incontest\u00e9 de Manchester City depuis qu&#39;il a rejoint le club en 2017, mais son avenir \u00e0 long terme a \u00e9t\u00e9 remis en question en raison de l&#39;int\u00e9r\u00eat signal\u00e9 par des clubs d&#39;Arabie saoudite.<\/p>\n<p>Le Br\u00e9silien envisagerait de mettre fin \u00e0 son association de sept ans avec les Citizens si une \u00ab bonne proposition \u00bb lui \u00e9tait propos\u00e9e cet \u00e9t\u00e9.<\/p>\n<hr>\n<h3 class=\"m4\"><strong class=\"autotag\">St\u00e9phane Ortega<\/strong><\/h3>\n<p class=\"imgI\"><img decoding=\"async\" loading=\"lazy\" class=\"l\" src=\"https:\/\/footdavant.fr\/actualites\/wp-content\/uploads\/2024\/07\/1720126102_459_Expiration-des-contrats-de-Manchester-City-qui-est-libre.jpg\" title=\"Stefan Ortega de Manchester City r\u00e9agit le 16 mars 2024\" alt=\"Stefan Ortega de Manchester City r\u00e9agit le 16 mars 2024\" width=\"640\" height=\"480\"><\/p>\n<p><strong>\u00c2ge:<\/strong> 31<br \/><strong>Position:<\/strong> Gardien de but<br \/><strong>Valeur de transfert :<\/strong> 7,6 millions de livres sterling<br \/><strong>Inscrit:<\/strong> Juillet 2022<br \/><strong>Frais d&#39;inscription:<\/strong> Gratuit<br \/><strong>Apparitions \u00e0 Manchester City :<\/strong> 34<br \/><strong>Manchester City ne marque pas une seule fois :<\/strong> 7<\/p>\n<h3 class=\"m4\">Honneurs<\/h3>\n<p><\/p>\n<li class=\"k4\">Premier League (2) : 2022-23, 2023-24<\/li>\n<p><\/p>\n<li class=\"k4\">Coupe d&#39;Angleterre (1) : 2022-23<\/li>\n<p><\/p>\n<li class=\"k4\">Ligue des Champions (1) : 2022-23<\/li>\n<p><\/p>\n<li class=\"k4\">Super Coupe de l&#39;UEFA (1) : 2023<\/li>\n<p><\/p>\n<li class=\"k4\">Coupe du Monde des Clubs de la FIFA (1) : 2023<\/li>\n<p>Stefan Ortega \u00e9tait pressenti pour quitter Manchester City plus t\u00f4t cette ann\u00e9e, mais en juin, le gardien a sign\u00e9 un nouveau contrat de deux ans.<\/p>\n<hr>\n<h3 class=\"m4\"><strong class=\"autotag\">Sergio Gomez<\/strong><\/h3>\n<p class=\"imgI\"><img decoding=\"async\" loading=\"lazy\" class=\"l\" src=\"https:\/\/footdavant.fr\/actualites\/wp-content\/uploads\/2024\/07\/1720126102_525_Expiration-des-contrats-de-Manchester-City-qui-est-libre.jpg\" title=\"Sergio Gomez de Manchester City photographi\u00e9 le 8 janvier 2023\" alt=\"Sergio Gomez de Manchester City photographi\u00e9 le 8 janvier 2023\" width=\"640\" height=\"480\"><\/p>\n<p><strong>\u00c2ge:<\/strong> 23<br \/><strong>Position:<\/strong> Laisser derriere<br \/><strong>Valeur de transfert :<\/strong> 8,5 millions de livres sterling<br \/><strong>Inscrit:<\/strong> Ao\u00fbt 2022<br \/><strong>Frais d&#39;inscription:<\/strong> 12 millions de livres sterling<br \/><strong>Apparitions \u00e0 Manchester City :<\/strong> 38<br \/><strong>Buts de Manchester City :<\/strong> 0<\/p>\n<h3 class=\"m4\">Honneurs<\/h3>\n<p><\/p>\n<li class=\"k4\">Premier League (2) : 2022-23, 2023-24<\/li>\n<p><\/p>\n<li class=\"k4\">Coupe d&#39;Angleterre (1) : 2022-23<\/li>\n<p><\/p>\n<li class=\"k4\">Ligue des Champions (1) : 2022-23<\/li>\n<p><\/p>\n<li class=\"k4\">Super Coupe de l&#39;UEFA (1) : 2023<\/li>\n<p>Sergio Gomez a un avenir incertain \u00e0 Manchester City, n&#39;ayant pas r\u00e9ussi \u00e0 s&#39;assurer une place de titulaire sous la direction de Guardiola. Le lat\u00e9ral gauche pourrait quitter le club en pr\u00eat ou de mani\u00e8re permanente cet \u00e9t\u00e9, en raison de l&#39;int\u00e9r\u00eat manifest\u00e9 par la Real Sociedad et la Roma.<\/p>\n<hr>\n<h3 class=\"m4\"><strong class=\"autotag\">James McAtee<\/strong><\/h3>\n<p class=\"imgI\"><img decoding=\"async\" loading=\"lazy\" class=\"l\" src=\"https:\/\/footdavant.fr\/actualites\/wp-content\/uploads\/2024\/07\/1720126102_56_Expiration-des-contrats-de-Manchester-City-qui-est-libre.JPG\" title=\"James McAtee de Manchester City photographi\u00e9 lors de l&#39;\u00e9chauffement le 23 juillet 2023\" alt=\"James McAtee de Manchester City photographi\u00e9 lors de l&#39;\u00e9chauffement le 23 juillet 2023\" width=\"640\" height=\"480\"><\/p>\n<p><strong>\u00c2ge:<\/strong> 23<br \/><strong>Position:<\/strong> Milieu de terrain<br \/><strong>Valeur de transfert :<\/strong> 8,5 millions de livres sterling<br \/><strong>Inscrit:<\/strong> 2013<br \/><strong>Frais d&#39;inscription:<\/strong> Gratuit (Acad\u00e9mie)<br \/><strong>Apparitions \u00e0 Manchester City :<\/strong> 7<br \/><strong>Buts de Manchester City :<\/strong> 0<\/p>\n<h3 class=\"m4\">Honneurs<\/h3>\n<p><\/p>\n<li class=\"k4\">Super Coupe de l&#39;UEFA (1) : 2023<\/li>\n<p><em><\/em><\/p>\n<p>Le dipl\u00f4m\u00e9 de l&#39;Acad\u00e9mie James McAtee est tr\u00e8s appr\u00e9ci\u00e9 par Manchester City, mais le milieu de terrain offensif est confront\u00e9 \u00e0 un avenir incertain \u00e0 l&#39;Etihad apr\u00e8s avoir pass\u00e9 la campagne 2023-24 en pr\u00eat \u00e0 Sheffield United.<\/p>\n<hr>\n<\/div>\n","protected":false},"excerpt":{"rendered":"<p>Sports Mole rassemble tous les contrats expirant de Manchester City pour l&#39;\u00e9t\u00e9 prochain et en 2026. Apr\u00e8s avoir remport\u00e9 un quatri\u00e8me titre cons\u00e9cutif de Premier<\/p>\n","protected":false},"author":1,"featured_media":10593,"comment_status":"closed","ping_status":"","sticky":false,"template":"","format":"standard","meta":{"footnotes":""},"categories":[5],"tags":[27,5243,12,217,5613,4327,2696,11,1306,1257,243],"yoast_head":"<!-- This site is optimized with the Yoast SEO plugin v21.0 - https:\/\/yoast.com\/wordpress\/plugins\/seo\/ -->\n<title>Expiration des contrats de Manchester City : qui est libre de partir l&#039;\u00e9t\u00e9 prochain et en 2026 ?<\/title>\n<meta name=\"robots\" content=\"index, follow, max-snippet:-1, max-image-preview:large, max-video-preview:-1\" \/>\n<link rel=\"canonical\" href=\"https:\/\/footdavant.fr\/actualites\/expiration-des-contrats-de-manchester-city-qui-est-libre-de-partir-lete-prochain-et-en-2026\/\" \/>\n<meta property=\"og:locale\" content=\"fr_FR\" \/>\n<meta property=\"og:type\" content=\"article\" \/>\n<meta property=\"og:title\" content=\"Expiration des contrats de Manchester City : qui est libre de partir l&#039;\u00e9t\u00e9 prochain et en 2026 ?\" \/>\n<meta property=\"og:description\" content=\"Sports Mole rassemble tous les contrats expirant de Manchester City pour l&#039;\u00e9t\u00e9 prochain et en 2026. Apr\u00e8s avoir remport\u00e9 un quatri\u00e8me titre cons\u00e9cutif de Premier\" \/>\n<meta property=\"og:url\" content=\"https:\/\/footdavant.fr\/actualites\/expiration-des-contrats-de-manchester-city-qui-est-libre-de-partir-lete-prochain-et-en-2026\/\" \/>\n<meta property=\"og:site_name\" content=\"Foot d&#039;avant\" \/>\n<meta property=\"article:publisher\" content=\"https:\/\/www.facebook.com\/Footdavant\/\" \/>\n<meta property=\"article:published_time\" content=\"2024-07-04T20:48:22+00:00\" \/>\n<meta property=\"article:modified_time\" content=\"2024-07-04T20:48:23+00:00\" \/>\n<meta property=\"og:image\" content=\"https:\/\/footdavant.fr\/actualites\/wp-content\/uploads\/2024\/07\/Expiration-des-contrats-de-Manchester-City-qui-est-libre.jpg\" \/>\n\t<meta property=\"og:image:width\" content=\"640\" \/>\n\t<meta property=\"og:image:height\" content=\"480\" \/>\n\t<meta property=\"og:image:type\" content=\"image\/jpeg\" \/>\n<meta name=\"author\" content=\"Cl\u00e9ment\" \/>\n<meta name=\"twitter:card\" content=\"summary_large_image\" \/>\n<meta name=\"twitter:creator\" content=\"@FootdavantFr\" \/>\n<meta name=\"twitter:site\" content=\"@FootdavantFr\" \/>\n<meta name=\"twitter:label1\" content=\"\u00c9crit par\" \/>\n\t<meta name=\"twitter:data1\" content=\"Cl\u00e9ment\" \/>\n\t<meta name=\"twitter:label2\" content=\"Dur\u00e9e de lecture estim\u00e9e\" \/>\n\t<meta name=\"twitter:data2\" content=\"7 minutes\" \/>\n<script type=\"application\/ld+json\" class=\"yoast-schema-graph\">{\"@context\":\"https:\/\/schema.org\",\"@graph\":[{\"@type\":\"Article\",\"@id\":\"https:\/\/footdavant.fr\/actualites\/expiration-des-contrats-de-manchester-city-qui-est-libre-de-partir-lete-prochain-et-en-2026\/#article\",\"isPartOf\":{\"@id\":\"https:\/\/footdavant.fr\/actualites\/expiration-des-contrats-de-manchester-city-qui-est-libre-de-partir-lete-prochain-et-en-2026\/\"},\"author\":{\"name\":\"Cl\u00e9ment\",\"@id\":\"https:\/\/footdavant.fr\/actualites\/#\/schema\/person\/bc222566d95871b37e597b3ed3ba5e1d\"},\"headline\":\"Expiration des contrats de Manchester City : qui est libre de partir l&#39;\u00e9t\u00e9 prochain et en 2026 ?\",\"datePublished\":\"2024-07-04T20:48:22+00:00\",\"dateModified\":\"2024-07-04T20:48:23+00:00\",\"mainEntityOfPage\":{\"@id\":\"https:\/\/footdavant.fr\/actualites\/expiration-des-contrats-de-manchester-city-qui-est-libre-de-partir-lete-prochain-et-en-2026\/\"},\"wordCount\":1399,\"publisher\":{\"@id\":\"https:\/\/footdavant.fr\/actualites\/#organization\"},\"keywords\":[\"City\",\"Contrats\",\"des\",\"est\",\"Expiration\",\"l39\u00e9t\u00e9\",\"libre\",\"Manchester\",\"partir\",\"prochain\",\"qui\"],\"articleSection\":[\"Premier League\"],\"inLanguage\":\"fr-FR\"},{\"@type\":\"WebPage\",\"@id\":\"https:\/\/footdavant.fr\/actualites\/expiration-des-contrats-de-manchester-city-qui-est-libre-de-partir-lete-prochain-et-en-2026\/\",\"url\":\"https:\/\/footdavant.fr\/actualites\/expiration-des-contrats-de-manchester-city-qui-est-libre-de-partir-lete-prochain-et-en-2026\/\",\"name\":\"Expiration des contrats de Manchester City : qui est libre de partir l&#39;\u00e9t\u00e9 prochain et en 2026 ?\",\"isPartOf\":{\"@id\":\"https:\/\/footdavant.fr\/actualites\/#website\"},\"datePublished\":\"2024-07-04T20:48:22+00:00\",\"dateModified\":\"2024-07-04T20:48:23+00:00\",\"breadcrumb\":{\"@id\":\"https:\/\/footdavant.fr\/actualites\/expiration-des-contrats-de-manchester-city-qui-est-libre-de-partir-lete-prochain-et-en-2026\/#breadcrumb\"},\"inLanguage\":\"fr-FR\",\"potentialAction\":[{\"@type\":\"ReadAction\",\"target\":[\"https:\/\/footdavant.fr\/actualites\/expiration-des-contrats-de-manchester-city-qui-est-libre-de-partir-lete-prochain-et-en-2026\/\"]}]},{\"@type\":\"BreadcrumbList\",\"@id\":\"https:\/\/footdavant.fr\/actualites\/expiration-des-contrats-de-manchester-city-qui-est-libre-de-partir-lete-prochain-et-en-2026\/#breadcrumb\",\"itemListElement\":[{\"@type\":\"ListItem\",\"position\":1,\"name\":\"Accueil\",\"item\":\"https:\/\/footdavant.fr\/actualites\/\"},{\"@type\":\"ListItem\",\"position\":2,\"name\":\"Expiration des contrats de Manchester City : qui est libre de partir l&#39;\u00e9t\u00e9 prochain et en 2026 ?\"}]},{\"@type\":\"WebSite\",\"@id\":\"https:\/\/footdavant.fr\/actualites\/#website\",\"url\":\"https:\/\/footdavant.fr\/actualites\/\",\"name\":\"Foot d'avant\",\"description\":\"\",\"publisher\":{\"@id\":\"https:\/\/footdavant.fr\/actualites\/#organization\"},\"potentialAction\":[{\"@type\":\"SearchAction\",\"target\":{\"@type\":\"EntryPoint\",\"urlTemplate\":\"https:\/\/footdavant.fr\/actualites\/?s={search_term_string}\"},\"query-input\":\"required name=search_term_string\"}],\"inLanguage\":\"fr-FR\"},{\"@type\":\"Organization\",\"@id\":\"https:\/\/footdavant.fr\/actualites\/#organization\",\"name\":\"Foot d'avant\",\"url\":\"https:\/\/footdavant.fr\/actualites\/\",\"logo\":{\"@type\":\"ImageObject\",\"inLanguage\":\"fr-FR\",\"@id\":\"https:\/\/footdavant.fr\/actualites\/#\/schema\/logo\/image\/\",\"url\":\"https:\/\/footdavant.fr\/actualites\/wp-content\/uploads\/2023\/09\/Copy-of-FootDavant-Logo.png\",\"contentUrl\":\"https:\/\/footdavant.fr\/actualites\/wp-content\/uploads\/2023\/09\/Copy-of-FootDavant-Logo.png\",\"width\":936,\"height\":549,\"caption\":\"Foot d'avant\"},\"image\":{\"@id\":\"https:\/\/footdavant.fr\/actualites\/#\/schema\/logo\/image\/\"},\"sameAs\":[\"https:\/\/www.facebook.com\/Footdavant\/\",\"https:\/\/twitter.com\/FootdavantFr\",\"https:\/\/www.instagram.com\/footdavant.fr\/\"]},{\"@type\":\"Person\",\"@id\":\"https:\/\/footdavant.fr\/actualites\/#\/schema\/person\/bc222566d95871b37e597b3ed3ba5e1d\",\"name\":\"Cl\u00e9ment\",\"image\":{\"@type\":\"ImageObject\",\"inLanguage\":\"fr-FR\",\"@id\":\"https:\/\/footdavant.fr\/actualites\/#\/schema\/person\/image\/\",\"url\":\"https:\/\/secure.gravatar.com\/avatar\/7728b29aac2719421e1a9159b2254c44?s=96&d=mm&r=g\",\"contentUrl\":\"https:\/\/secure.gravatar.com\/avatar\/7728b29aac2719421e1a9159b2254c44?s=96&d=mm&r=g\",\"caption\":\"Cl\u00e9ment\"},\"sameAs\":[\"https:\/\/footdavant.fr\/\"]}]}<\/script>\n<!-- \/ Yoast SEO plugin. -->","yoast_head_json":{"title":"Expiration des contrats de Manchester City : qui est libre de partir l&#39;\u00e9t\u00e9 prochain et en 2026 ?","robots":{"index":"index","follow":"follow","max-snippet":"max-snippet:-1","max-image-preview":"max-image-preview:large","max-video-preview":"max-video-preview:-1"},"canonical":"https:\/\/footdavant.fr\/actualites\/expiration-des-contrats-de-manchester-city-qui-est-libre-de-partir-lete-prochain-et-en-2026\/","og_locale":"fr_FR","og_type":"article","og_title":"Expiration des contrats de Manchester City : qui est libre de partir l&#39;\u00e9t\u00e9 prochain et en 2026 ?","og_description":"Sports Mole rassemble tous les contrats expirant de Manchester City pour l&#39;\u00e9t\u00e9 prochain et en 2026. Apr\u00e8s avoir remport\u00e9 un quatri\u00e8me titre cons\u00e9cutif de Premier","og_url":"https:\/\/footdavant.fr\/actualites\/expiration-des-contrats-de-manchester-city-qui-est-libre-de-partir-lete-prochain-et-en-2026\/","og_site_name":"Foot d&#039;avant","article_publisher":"https:\/\/www.facebook.com\/Footdavant\/","article_published_time":"2024-07-04T20:48:22+00:00","article_modified_time":"2024-07-04T20:48:23+00:00","og_image":[{"width":640,"height":480,"url":"https:\/\/footdavant.fr\/actualites\/wp-content\/uploads\/2024\/07\/Expiration-des-contrats-de-Manchester-City-qui-est-libre.jpg","type":"image\/jpeg"}],"author":"Cl\u00e9ment","twitter_card":"summary_large_image","twitter_creator":"@FootdavantFr","twitter_site":"@FootdavantFr","twitter_misc":{"\u00c9crit par":"Cl\u00e9ment","Dur\u00e9e de lecture estim\u00e9e":"7 minutes"},"schema":{"@context":"https:\/\/schema.org","@graph":[{"@type":"Article","@id":"https:\/\/footdavant.fr\/actualites\/expiration-des-contrats-de-manchester-city-qui-est-libre-de-partir-lete-prochain-et-en-2026\/#article","isPartOf":{"@id":"https:\/\/footdavant.fr\/actualites\/expiration-des-contrats-de-manchester-city-qui-est-libre-de-partir-lete-prochain-et-en-2026\/"},"author":{"name":"Cl\u00e9ment","@id":"https:\/\/footdavant.fr\/actualites\/#\/schema\/person\/bc222566d95871b37e597b3ed3ba5e1d"},"headline":"Expiration des contrats de Manchester City : qui est libre de partir l&#39;\u00e9t\u00e9 prochain et en 2026 ?","datePublished":"2024-07-04T20:48:22+00:00","dateModified":"2024-07-04T20:48:23+00:00","mainEntityOfPage":{"@id":"https:\/\/footdavant.fr\/actualites\/expiration-des-contrats-de-manchester-city-qui-est-libre-de-partir-lete-prochain-et-en-2026\/"},"wordCount":1399,"publisher":{"@id":"https:\/\/footdavant.fr\/actualites\/#organization"},"keywords":["City","Contrats","des","est","Expiration","l39\u00e9t\u00e9","libre","Manchester","partir","prochain","qui"],"articleSection":["Premier League"],"inLanguage":"fr-FR"},{"@type":"WebPage","@id":"https:\/\/footdavant.fr\/actualites\/expiration-des-contrats-de-manchester-city-qui-est-libre-de-partir-lete-prochain-et-en-2026\/","url":"https:\/\/footdavant.fr\/actualites\/expiration-des-contrats-de-manchester-city-qui-est-libre-de-partir-lete-prochain-et-en-2026\/","name":"Expiration des contrats de Manchester City : qui est libre de partir l&#39;\u00e9t\u00e9 prochain et en 2026 ?","isPartOf":{"@id":"https:\/\/footdavant.fr\/actualites\/#website"},"datePublished":"2024-07-04T20:48:22+00:00","dateModified":"2024-07-04T20:48:23+00:00","breadcrumb":{"@id":"https:\/\/footdavant.fr\/actualites\/expiration-des-contrats-de-manchester-city-qui-est-libre-de-partir-lete-prochain-et-en-2026\/#breadcrumb"},"inLanguage":"fr-FR","potentialAction":[{"@type":"ReadAction","target":["https:\/\/footdavant.fr\/actualites\/expiration-des-contrats-de-manchester-city-qui-est-libre-de-partir-lete-prochain-et-en-2026\/"]}]},{"@type":"BreadcrumbList","@id":"https:\/\/footdavant.fr\/actualites\/expiration-des-contrats-de-manchester-city-qui-est-libre-de-partir-lete-prochain-et-en-2026\/#breadcrumb","itemListElement":[{"@type":"ListItem","position":1,"name":"Accueil","item":"https:\/\/footdavant.fr\/actualites\/"},{"@type":"ListItem","position":2,"name":"Expiration des contrats de Manchester City : qui est libre de partir l&#39;\u00e9t\u00e9 prochain et en 2026 ?"}]},{"@type":"WebSite","@id":"https:\/\/footdavant.fr\/actualites\/#website","url":"https:\/\/footdavant.fr\/actualites\/","name":"Foot d'avant","description":"","publisher":{"@id":"https:\/\/footdavant.fr\/actualites\/#organization"},"potentialAction":[{"@type":"SearchAction","target":{"@type":"EntryPoint","urlTemplate":"https:\/\/footdavant.fr\/actualites\/?s={search_term_string}"},"query-input":"required name=search_term_string"}],"inLanguage":"fr-FR"},{"@type":"Organization","@id":"https:\/\/footdavant.fr\/actualites\/#organization","name":"Foot d'avant","url":"https:\/\/footdavant.fr\/actualites\/","logo":{"@type":"ImageObject","inLanguage":"fr-FR","@id":"https:\/\/footdavant.fr\/actualites\/#\/schema\/logo\/image\/","url":"https:\/\/footdavant.fr\/actualites\/wp-content\/uploads\/2023\/09\/Copy-of-FootDavant-Logo.png","contentUrl":"https:\/\/footdavant.fr\/actualites\/wp-content\/uploads\/2023\/09\/Copy-of-FootDavant-Logo.png","width":936,"height":549,"caption":"Foot d'avant"},"image":{"@id":"https:\/\/footdavant.fr\/actualites\/#\/schema\/logo\/image\/"},"sameAs":["https:\/\/www.facebook.com\/Footdavant\/","https:\/\/twitter.com\/FootdavantFr","https:\/\/www.instagram.com\/footdavant.fr\/"]},{"@type":"Person","@id":"https:\/\/footdavant.fr\/actualites\/#\/schema\/person\/bc222566d95871b37e597b3ed3ba5e1d","name":"Cl\u00e9ment","image":{"@type":"ImageObject","inLanguage":"fr-FR","@id":"https:\/\/footdavant.fr\/actualites\/#\/schema\/person\/image\/","url":"https:\/\/secure.gravatar.com\/avatar\/7728b29aac2719421e1a9159b2254c44?s=96&d=mm&r=g","contentUrl":"https:\/\/secure.gravatar.com\/avatar\/7728b29aac2719421e1a9159b2254c44?s=96&d=mm&r=g","caption":"Cl\u00e9ment"},"sameAs":["https:\/\/footdavant.fr\/"]}]}},"_links":{"self":[{"href":"https:\/\/footdavant.fr\/actualites\/wp-json\/wp\/v2\/posts\/10592"}],"collection":[{"href":"https:\/\/footdavant.fr\/actualites\/wp-json\/wp\/v2\/posts"}],"about":[{"href":"https:\/\/footdavant.fr\/actualites\/wp-json\/wp\/v2\/types\/post"}],"author":[{"embeddable":true,"href":"https:\/\/footdavant.fr\/actualites\/wp-json\/wp\/v2\/users\/1"}],"replies":[{"embeddable":true,"href":"https:\/\/footdavant.fr\/actualites\/wp-json\/wp\/v2\/comments?post=10592"}],"version-history":[{"count":1,"href":"https:\/\/footdavant.fr\/actualites\/wp-json\/wp\/v2\/posts\/10592\/revisions"}],"predecessor-version":[{"id":10594,"href":"https:\/\/footdavant.fr\/actualites\/wp-json\/wp\/v2\/posts\/10592\/revisions\/10594"}],"wp:featuredmedia":[{"embeddable":true,"href":"https:\/\/footdavant.fr\/actualites\/wp-json\/wp\/v2\/media\/10593"}],"wp:attachment":[{"href":"https:\/\/footdavant.fr\/actualites\/wp-json\/wp\/v2\/media?parent=10592"}],"wp:term":[{"taxonomy":"category","embeddable":true,"href":"https:\/\/footdavant.fr\/actualites\/wp-json\/wp\/v2\/categories?post=10592"},{"taxonomy":"post_tag","embeddable":true,"href":"https:\/\/footdavant.fr\/actualites\/wp-json\/wp\/v2\/tags?post=10592"}],"curies":[{"name":"wp","href":"https:\/\/api.w.org\/{rel}","templated":true}]}}