{"id":10595,"date":"2024-07-05T00:48:59","date_gmt":"2024-07-04T22:48:59","guid":{"rendered":"https:\/\/footdavant.fr\/actualites\/yoro-prend-une-decision-concernant-son-contrat-alors-que-romano-publie-une-nouvelle-mise-a-jour-sur-le-transfert\/"},"modified":"2024-07-05T00:49:08","modified_gmt":"2024-07-04T22:49:08","slug":"yoro-prend-une-decision-concernant-son-contrat-alors-que-romano-publie-une-nouvelle-mise-a-jour-sur-le-transfert","status":"publish","type":"post","link":"https:\/\/footdavant.fr\/actualites\/yoro-prend-une-decision-concernant-son-contrat-alors-que-romano-publie-une-nouvelle-mise-a-jour-sur-le-transfert\/","title":{"rendered":"Yoro prend une d\u00e9cision concernant son contrat alors que Romano publie une nouvelle mise \u00e0 jour sur le transfert"},"content":{"rendered":"<div id=\"article-body\">\n<!-- Article Start --><\/p>\n<p>Le jeune d\u00e9fenseur central aurait cependant clairement fait savoir qu&#39;il ne signerait pas de nouveau contrat avec son club actuel, Lille.<\/p>\n<p>Fabrizio Romano rapporte sur X (anciennement Twitter) que le joueur de 18 ans continue de donner la priorit\u00e9 au Real Madrid plut\u00f4t qu&#39;\u00e0 un transfert estival.<\/p>\n<blockquote class=\"twitter-lazy tweet-img lazyload\" data-width=\"500\" data-dnt=\"true\">\n<p lang=\"en\" dir=\"ltr\">\ud83d\udea8\u26aa\ufe0f Leny Yoro continue de donner la priorit\u00e9 au Real Madrid, attendant d\u00e9sormais que les clubs se mettent d&#39;accord sur un accord.<\/p>\n<p>Le Real Madrid a \u00e9galement inform\u00e9 qu&#39;il ne signerait pas de nouveau contrat \u00e0 Lille, aucune chance \u2014 la strat\u00e9gie est claire.<\/p>\n<p>Le PSG et Liverpool, dans l&#39;attente seulement du cas o\u00f9 l&#39;accord \u00e9chouerait. <a rel=\"nofollow\" href=\"https:\/\/t.co\/YxkKlwKwua\">pic.twitter.com\/YxkKlwKwua<\/a><\/p>\n<p>\u2014 Fabrizio Romano (@FabrizioRomano) <a rel=\"nofollow\" href=\"https:\/\/twitter.com\/FabrizioRomano\/status\/1808878360421974518?ref_src=twsrc%5Etfw\">4 juillet 2024<\/a><\/p>\n<\/blockquote>\n<p>Le mandat actuel du num\u00e9ro 15 devrait expirer dans un an.<\/p>\n<\/p>\n<h2>Ailleurs : Liverpool ne semble pas pr\u00eat \u00e0 se passer de Riccardo Calafiori<\/h2>\n<figure class=\"wp-caption alignnone\"><picture><source type=\"image\/webp\" data- data-><\/source><\/picture><figcaption class=\"wp-caption-text\">Calafiori en \u00e9quipe nationale italienne \u2013 (Photo de FRANCK FIFE\/AFP via Getty Images)<\/figcaption><\/figure>\n<p>La Juventus semblait pr\u00eate \u00e0 attirer l&#39;un des talents les plus prometteurs \u00e0 l&#39;affiche de nos \u00e9crans lors du Championnat d&#39;Europe cet \u00e9t\u00e9.<\/p>\n<p>L&#39;ancien entra\u00eeneur de Bologne, Thiago Motta, \u00e9tait tr\u00e8s d\u00e9sireux de faire venir son ancien d\u00e9fenseur central dans sa nouvelle \u00e9quipe. Cependant, la mani\u00e8re dont l&#39;entra\u00eeneur d&#39;origine br\u00e9silienne a quitt\u00e9 le club a incit\u00e9 son ancien club \u00e0 r\u00e9sister aux propositions de Turin.<\/p>\n<p>Il semble d\u00e9sormais qu\u2019Arsenal pourrait \u00eatre un grand b\u00e9n\u00e9ficiaire de cette \u00e9volution.<\/p>\n<p>Liverpool, cependant, n&#39;est pas en mesure de prendre pied dans cette course aux transferts. En fait, la situation semble vou\u00e9e \u00e0 rester ainsi.<\/p>\n<\/p>\n<p><span class=\"embed-youtube\" style=\"text-align:center; display: block;\"><\/span><\/p>\n<p><!-- Article End -->\t\t\t\t<\/div>\n<p><script async src=\"https:\/\/platform.twitter.com\/widgets.js\" charset=\"utf-8\"><\/script><script async src=\"\/\/www.instagram.com\/embed.js\"><\/script><\/p>\n","protected":false},"excerpt":{"rendered":"<p>Le jeune d\u00e9fenseur central aurait cependant clairement fait savoir qu&#39;il ne signerait pas de nouveau contrat avec son club actuel, Lille. Fabrizio Romano rapporte sur<\/p>\n","protected":false},"author":1,"featured_media":10596,"comment_status":"closed","ping_status":"","sticky":false,"template":"","format":"standard","meta":{"footnotes":""},"categories":[3],"tags":[318,1313,1218,497,328,327,1850,88,1107,1114,86,103,700,92,2770],"yoast_head":"<!-- This site is optimized with the Yoast SEO plugin v21.0 - https:\/\/yoast.com\/wordpress\/plugins\/seo\/ -->\n<title>Yoro prend une d\u00e9cision concernant son contrat alors que Romano publie une nouvelle mise \u00e0 jour sur le transfert<\/title>\n<meta name=\"robots\" content=\"index, follow, max-snippet:-1, max-image-preview:large, max-video-preview:-1\" \/>\n<link rel=\"canonical\" href=\"https:\/\/footdavant.fr\/actualites\/yoro-prend-une-decision-concernant-son-contrat-alors-que-romano-publie-une-nouvelle-mise-a-jour-sur-le-transfert\/\" \/>\n<meta property=\"og:locale\" content=\"fr_FR\" \/>\n<meta property=\"og:type\" content=\"article\" \/>\n<meta property=\"og:title\" content=\"Yoro prend une d\u00e9cision concernant son contrat alors que Romano publie une nouvelle mise \u00e0 jour sur le transfert\" \/>\n<meta property=\"og:description\" content=\"Le jeune d\u00e9fenseur central aurait cependant clairement fait savoir qu&#039;il ne signerait pas de nouveau contrat avec son club actuel, Lille. Fabrizio Romano rapporte sur\" \/>\n<meta property=\"og:url\" content=\"https:\/\/footdavant.fr\/actualites\/yoro-prend-une-decision-concernant-son-contrat-alors-que-romano-publie-une-nouvelle-mise-a-jour-sur-le-transfert\/\" \/>\n<meta property=\"og:site_name\" content=\"Foot d&#039;avant\" \/>\n<meta property=\"article:publisher\" content=\"https:\/\/www.facebook.com\/Footdavant\/\" \/>\n<meta property=\"article:published_time\" content=\"2024-07-04T22:48:59+00:00\" \/>\n<meta property=\"article:modified_time\" content=\"2024-07-04T22:49:08+00:00\" \/>\n<meta property=\"og:image\" content=\"https:\/\/footdavant.fr\/actualites\/wp-content\/uploads\/2024\/07\/1720133340_Yoro-prend-une-decision-concernant-son-contrat-alors-que-Romano-scaled.jpg\" \/>\n\t<meta property=\"og:image:width\" content=\"2560\" \/>\n\t<meta property=\"og:image:height\" content=\"1707\" \/>\n\t<meta property=\"og:image:type\" content=\"image\/jpeg\" \/>\n<meta name=\"author\" content=\"Cl\u00e9ment\" \/>\n<meta name=\"twitter:card\" content=\"summary_large_image\" \/>\n<meta name=\"twitter:creator\" content=\"@FootdavantFr\" \/>\n<meta name=\"twitter:site\" content=\"@FootdavantFr\" \/>\n<meta name=\"twitter:label1\" content=\"\u00c9crit par\" \/>\n\t<meta name=\"twitter:data1\" content=\"Cl\u00e9ment\" \/>\n\t<meta name=\"twitter:label2\" content=\"Dur\u00e9e de lecture estim\u00e9e\" \/>\n\t<meta name=\"twitter:data2\" content=\"1 minute\" \/>\n<script type=\"application\/ld+json\" class=\"yoast-schema-graph\">{\"@context\":\"https:\/\/schema.org\",\"@graph\":[{\"@type\":\"Article\",\"@id\":\"https:\/\/footdavant.fr\/actualites\/yoro-prend-une-decision-concernant-son-contrat-alors-que-romano-publie-une-nouvelle-mise-a-jour-sur-le-transfert\/#article\",\"isPartOf\":{\"@id\":\"https:\/\/footdavant.fr\/actualites\/yoro-prend-une-decision-concernant-son-contrat-alors-que-romano-publie-une-nouvelle-mise-a-jour-sur-le-transfert\/\"},\"author\":{\"name\":\"Cl\u00e9ment\",\"@id\":\"https:\/\/footdavant.fr\/actualites\/#\/schema\/person\/bc222566d95871b37e597b3ed3ba5e1d\"},\"headline\":\"Yoro prend une d\u00e9cision concernant son contrat alors que Romano publie une nouvelle mise \u00e0 jour sur le transfert\",\"datePublished\":\"2024-07-04T22:48:59+00:00\",\"dateModified\":\"2024-07-04T22:49:08+00:00\",\"mainEntityOfPage\":{\"@id\":\"https:\/\/footdavant.fr\/actualites\/yoro-prend-une-decision-concernant-son-contrat-alors-que-romano-publie-une-nouvelle-mise-a-jour-sur-le-transfert\/\"},\"wordCount\":288,\"publisher\":{\"@id\":\"https:\/\/footdavant.fr\/actualites\/#organization\"},\"keywords\":[\"alors\",\"concernant\",\"contrat\",\"d\u00e9cision\",\"jour\",\"mise\",\"nouvelle\",\"prend\",\"publi\u00e9\",\"Romano\",\"son\",\"sur\",\"transfert\",\"une\",\"Yoro\"],\"articleSection\":[\"Football\"],\"inLanguage\":\"fr-FR\"},{\"@type\":\"WebPage\",\"@id\":\"https:\/\/footdavant.fr\/actualites\/yoro-prend-une-decision-concernant-son-contrat-alors-que-romano-publie-une-nouvelle-mise-a-jour-sur-le-transfert\/\",\"url\":\"https:\/\/footdavant.fr\/actualites\/yoro-prend-une-decision-concernant-son-contrat-alors-que-romano-publie-une-nouvelle-mise-a-jour-sur-le-transfert\/\",\"name\":\"Yoro prend une d\u00e9cision concernant son contrat alors que Romano publie une nouvelle mise \u00e0 jour sur le transfert\",\"isPartOf\":{\"@id\":\"https:\/\/footdavant.fr\/actualites\/#website\"},\"datePublished\":\"2024-07-04T22:48:59+00:00\",\"dateModified\":\"2024-07-04T22:49:08+00:00\",\"breadcrumb\":{\"@id\":\"https:\/\/footdavant.fr\/actualites\/yoro-prend-une-decision-concernant-son-contrat-alors-que-romano-publie-une-nouvelle-mise-a-jour-sur-le-transfert\/#breadcrumb\"},\"inLanguage\":\"fr-FR\",\"potentialAction\":[{\"@type\":\"ReadAction\",\"target\":[\"https:\/\/footdavant.fr\/actualites\/yoro-prend-une-decision-concernant-son-contrat-alors-que-romano-publie-une-nouvelle-mise-a-jour-sur-le-transfert\/\"]}]},{\"@type\":\"BreadcrumbList\",\"@id\":\"https:\/\/footdavant.fr\/actualites\/yoro-prend-une-decision-concernant-son-contrat-alors-que-romano-publie-une-nouvelle-mise-a-jour-sur-le-transfert\/#breadcrumb\",\"itemListElement\":[{\"@type\":\"ListItem\",\"position\":1,\"name\":\"Accueil\",\"item\":\"https:\/\/footdavant.fr\/actualites\/\"},{\"@type\":\"ListItem\",\"position\":2,\"name\":\"Yoro prend une d\u00e9cision concernant son contrat alors que Romano publie une nouvelle mise \u00e0 jour sur le transfert\"}]},{\"@type\":\"WebSite\",\"@id\":\"https:\/\/footdavant.fr\/actualites\/#website\",\"url\":\"https:\/\/footdavant.fr\/actualites\/\",\"name\":\"Foot d'avant\",\"description\":\"\",\"publisher\":{\"@id\":\"https:\/\/footdavant.fr\/actualites\/#organization\"},\"potentialAction\":[{\"@type\":\"SearchAction\",\"target\":{\"@type\":\"EntryPoint\",\"urlTemplate\":\"https:\/\/footdavant.fr\/actualites\/?s={search_term_string}\"},\"query-input\":\"required name=search_term_string\"}],\"inLanguage\":\"fr-FR\"},{\"@type\":\"Organization\",\"@id\":\"https:\/\/footdavant.fr\/actualites\/#organization\",\"name\":\"Foot d'avant\",\"url\":\"https:\/\/footdavant.fr\/actualites\/\",\"logo\":{\"@type\":\"ImageObject\",\"inLanguage\":\"fr-FR\",\"@id\":\"https:\/\/footdavant.fr\/actualites\/#\/schema\/logo\/image\/\",\"url\":\"https:\/\/footdavant.fr\/actualites\/wp-content\/uploads\/2023\/09\/Copy-of-FootDavant-Logo.png\",\"contentUrl\":\"https:\/\/footdavant.fr\/actualites\/wp-content\/uploads\/2023\/09\/Copy-of-FootDavant-Logo.png\",\"width\":936,\"height\":549,\"caption\":\"Foot d'avant\"},\"image\":{\"@id\":\"https:\/\/footdavant.fr\/actualites\/#\/schema\/logo\/image\/\"},\"sameAs\":[\"https:\/\/www.facebook.com\/Footdavant\/\",\"https:\/\/twitter.com\/FootdavantFr\",\"https:\/\/www.instagram.com\/footdavant.fr\/\"]},{\"@type\":\"Person\",\"@id\":\"https:\/\/footdavant.fr\/actualites\/#\/schema\/person\/bc222566d95871b37e597b3ed3ba5e1d\",\"name\":\"Cl\u00e9ment\",\"image\":{\"@type\":\"ImageObject\",\"inLanguage\":\"fr-FR\",\"@id\":\"https:\/\/footdavant.fr\/actualites\/#\/schema\/person\/image\/\",\"url\":\"https:\/\/secure.gravatar.com\/avatar\/7728b29aac2719421e1a9159b2254c44?s=96&d=mm&r=g\",\"contentUrl\":\"https:\/\/secure.gravatar.com\/avatar\/7728b29aac2719421e1a9159b2254c44?s=96&d=mm&r=g\",\"caption\":\"Cl\u00e9ment\"},\"sameAs\":[\"https:\/\/footdavant.fr\/\"]}]}<\/script>\n<!-- \/ Yoast SEO plugin. -->","yoast_head_json":{"title":"Yoro prend une d\u00e9cision concernant son contrat alors que Romano publie une nouvelle mise \u00e0 jour sur le transfert","robots":{"index":"index","follow":"follow","max-snippet":"max-snippet:-1","max-image-preview":"max-image-preview:large","max-video-preview":"max-video-preview:-1"},"canonical":"https:\/\/footdavant.fr\/actualites\/yoro-prend-une-decision-concernant-son-contrat-alors-que-romano-publie-une-nouvelle-mise-a-jour-sur-le-transfert\/","og_locale":"fr_FR","og_type":"article","og_title":"Yoro prend une d\u00e9cision concernant son contrat alors que Romano publie une nouvelle mise \u00e0 jour sur le transfert","og_description":"Le jeune d\u00e9fenseur central aurait cependant clairement fait savoir qu&#39;il ne signerait pas de nouveau contrat avec son club actuel, Lille. Fabrizio Romano rapporte sur","og_url":"https:\/\/footdavant.fr\/actualites\/yoro-prend-une-decision-concernant-son-contrat-alors-que-romano-publie-une-nouvelle-mise-a-jour-sur-le-transfert\/","og_site_name":"Foot d&#039;avant","article_publisher":"https:\/\/www.facebook.com\/Footdavant\/","article_published_time":"2024-07-04T22:48:59+00:00","article_modified_time":"2024-07-04T22:49:08+00:00","og_image":[{"width":2560,"height":1707,"url":"https:\/\/footdavant.fr\/actualites\/wp-content\/uploads\/2024\/07\/1720133340_Yoro-prend-une-decision-concernant-son-contrat-alors-que-Romano-scaled.jpg","type":"image\/jpeg"}],"author":"Cl\u00e9ment","twitter_card":"summary_large_image","twitter_creator":"@FootdavantFr","twitter_site":"@FootdavantFr","twitter_misc":{"\u00c9crit par":"Cl\u00e9ment","Dur\u00e9e de lecture estim\u00e9e":"1 minute"},"schema":{"@context":"https:\/\/schema.org","@graph":[{"@type":"Article","@id":"https:\/\/footdavant.fr\/actualites\/yoro-prend-une-decision-concernant-son-contrat-alors-que-romano-publie-une-nouvelle-mise-a-jour-sur-le-transfert\/#article","isPartOf":{"@id":"https:\/\/footdavant.fr\/actualites\/yoro-prend-une-decision-concernant-son-contrat-alors-que-romano-publie-une-nouvelle-mise-a-jour-sur-le-transfert\/"},"author":{"name":"Cl\u00e9ment","@id":"https:\/\/footdavant.fr\/actualites\/#\/schema\/person\/bc222566d95871b37e597b3ed3ba5e1d"},"headline":"Yoro prend une d\u00e9cision concernant son contrat alors que Romano publie une nouvelle mise \u00e0 jour sur le transfert","datePublished":"2024-07-04T22:48:59+00:00","dateModified":"2024-07-04T22:49:08+00:00","mainEntityOfPage":{"@id":"https:\/\/footdavant.fr\/actualites\/yoro-prend-une-decision-concernant-son-contrat-alors-que-romano-publie-une-nouvelle-mise-a-jour-sur-le-transfert\/"},"wordCount":288,"publisher":{"@id":"https:\/\/footdavant.fr\/actualites\/#organization"},"keywords":["alors","concernant","contrat","d\u00e9cision","jour","mise","nouvelle","prend","publi\u00e9","Romano","son","sur","transfert","une","Yoro"],"articleSection":["Football"],"inLanguage":"fr-FR"},{"@type":"WebPage","@id":"https:\/\/footdavant.fr\/actualites\/yoro-prend-une-decision-concernant-son-contrat-alors-que-romano-publie-une-nouvelle-mise-a-jour-sur-le-transfert\/","url":"https:\/\/footdavant.fr\/actualites\/yoro-prend-une-decision-concernant-son-contrat-alors-que-romano-publie-une-nouvelle-mise-a-jour-sur-le-transfert\/","name":"Yoro prend une d\u00e9cision concernant son contrat alors que Romano publie une nouvelle mise \u00e0 jour sur le transfert","isPartOf":{"@id":"https:\/\/footdavant.fr\/actualites\/#website"},"datePublished":"2024-07-04T22:48:59+00:00","dateModified":"2024-07-04T22:49:08+00:00","breadcrumb":{"@id":"https:\/\/footdavant.fr\/actualites\/yoro-prend-une-decision-concernant-son-contrat-alors-que-romano-publie-une-nouvelle-mise-a-jour-sur-le-transfert\/#breadcrumb"},"inLanguage":"fr-FR","potentialAction":[{"@type":"ReadAction","target":["https:\/\/footdavant.fr\/actualites\/yoro-prend-une-decision-concernant-son-contrat-alors-que-romano-publie-une-nouvelle-mise-a-jour-sur-le-transfert\/"]}]},{"@type":"BreadcrumbList","@id":"https:\/\/footdavant.fr\/actualites\/yoro-prend-une-decision-concernant-son-contrat-alors-que-romano-publie-une-nouvelle-mise-a-jour-sur-le-transfert\/#breadcrumb","itemListElement":[{"@type":"ListItem","position":1,"name":"Accueil","item":"https:\/\/footdavant.fr\/actualites\/"},{"@type":"ListItem","position":2,"name":"Yoro prend une d\u00e9cision concernant son contrat alors que Romano publie une nouvelle mise \u00e0 jour sur le transfert"}]},{"@type":"WebSite","@id":"https:\/\/footdavant.fr\/actualites\/#website","url":"https:\/\/footdavant.fr\/actualites\/","name":"Foot d'avant","description":"","publisher":{"@id":"https:\/\/footdavant.fr\/actualites\/#organization"},"potentialAction":[{"@type":"SearchAction","target":{"@type":"EntryPoint","urlTemplate":"https:\/\/footdavant.fr\/actualites\/?s={search_term_string}"},"query-input":"required name=search_term_string"}],"inLanguage":"fr-FR"},{"@type":"Organization","@id":"https:\/\/footdavant.fr\/actualites\/#organization","name":"Foot d'avant","url":"https:\/\/footdavant.fr\/actualites\/","logo":{"@type":"ImageObject","inLanguage":"fr-FR","@id":"https:\/\/footdavant.fr\/actualites\/#\/schema\/logo\/image\/","url":"https:\/\/footdavant.fr\/actualites\/wp-content\/uploads\/2023\/09\/Copy-of-FootDavant-Logo.png","contentUrl":"https:\/\/footdavant.fr\/actualites\/wp-content\/uploads\/2023\/09\/Copy-of-FootDavant-Logo.png","width":936,"height":549,"caption":"Foot d'avant"},"image":{"@id":"https:\/\/footdavant.fr\/actualites\/#\/schema\/logo\/image\/"},"sameAs":["https:\/\/www.facebook.com\/Footdavant\/","https:\/\/twitter.com\/FootdavantFr","https:\/\/www.instagram.com\/footdavant.fr\/"]},{"@type":"Person","@id":"https:\/\/footdavant.fr\/actualites\/#\/schema\/person\/bc222566d95871b37e597b3ed3ba5e1d","name":"Cl\u00e9ment","image":{"@type":"ImageObject","inLanguage":"fr-FR","@id":"https:\/\/footdavant.fr\/actualites\/#\/schema\/person\/image\/","url":"https:\/\/secure.gravatar.com\/avatar\/7728b29aac2719421e1a9159b2254c44?s=96&d=mm&r=g","contentUrl":"https:\/\/secure.gravatar.com\/avatar\/7728b29aac2719421e1a9159b2254c44?s=96&d=mm&r=g","caption":"Cl\u00e9ment"},"sameAs":["https:\/\/footdavant.fr\/"]}]}},"_links":{"self":[{"href":"https:\/\/footdavant.fr\/actualites\/wp-json\/wp\/v2\/posts\/10595"}],"collection":[{"href":"https:\/\/footdavant.fr\/actualites\/wp-json\/wp\/v2\/posts"}],"about":[{"href":"https:\/\/footdavant.fr\/actualites\/wp-json\/wp\/v2\/types\/post"}],"author":[{"embeddable":true,"href":"https:\/\/footdavant.fr\/actualites\/wp-json\/wp\/v2\/users\/1"}],"replies":[{"embeddable":true,"href":"https:\/\/footdavant.fr\/actualites\/wp-json\/wp\/v2\/comments?post=10595"}],"version-history":[{"count":1,"href":"https:\/\/footdavant.fr\/actualites\/wp-json\/wp\/v2\/posts\/10595\/revisions"}],"predecessor-version":[{"id":10597,"href":"https:\/\/footdavant.fr\/actualites\/wp-json\/wp\/v2\/posts\/10595\/revisions\/10597"}],"wp:featuredmedia":[{"embeddable":true,"href":"https:\/\/footdavant.fr\/actualites\/wp-json\/wp\/v2\/media\/10596"}],"wp:attachment":[{"href":"https:\/\/footdavant.fr\/actualites\/wp-json\/wp\/v2\/media?parent=10595"}],"wp:term":[{"taxonomy":"category","embeddable":true,"href":"https:\/\/footdavant.fr\/actualites\/wp-json\/wp\/v2\/categories?post=10595"},{"taxonomy":"post_tag","embeddable":true,"href":"https:\/\/footdavant.fr\/actualites\/wp-json\/wp\/v2\/tags?post=10595"}],"curies":[{"name":"wp","href":"https:\/\/api.w.org\/{rel}","templated":true}]}}