{"id":10601,"date":"2024-07-05T04:48:43","date_gmt":"2024-07-05T02:48:43","guid":{"rendered":"https:\/\/footdavant.fr\/actualites\/erik-ten-hag-signe-un-nouveau-contrat-alors-que-marcus-rashford-envisage-de-quitter-le-club\/"},"modified":"2024-07-05T04:48:44","modified_gmt":"2024-07-05T02:48:44","slug":"erik-ten-hag-signe-un-nouveau-contrat-alors-que-marcus-rashford-envisage-de-quitter-le-club","status":"publish","type":"post","link":"https:\/\/footdavant.fr\/actualites\/erik-ten-hag-signe-un-nouveau-contrat-alors-que-marcus-rashford-envisage-de-quitter-le-club\/","title":{"rendered":"Erik Ten Hag signe un nouveau contrat alors que Marcus Rashford envisage de quitter le club"},"content":{"rendered":"<div>\n<p>Alors que Ten Hag restera, Marcus Rashford devrait quitter le club cet \u00e9t\u00e9.<\/p>\n<h2>Erik Ten Hag signe un nouveau contrat<\/h2>\n<p>Il y avait des sp\u00e9culations \u00e0 la fin de la saison derni\u00e8re sur la question de savoir si Ten Hag resterait ou non \u00e0 Manchester United l&#39;ann\u00e9e prochaine, avec des rumeurs circulant selon lesquelles le manager pourrait \u00eatre limog\u00e9 apr\u00e8s la finale de la FA Cup.<\/p>\n<p>Mais United a surpris tout le monde en battant son rival Manchester City en finale et Ten Hag a remport\u00e9 son deuxi\u00e8me troph\u00e9e en autant d&#39;ann\u00e9es au club.<\/p>\n<p>Apr\u00e8s un \u00e9t\u00e9 rempli de sp\u00e9culations autour du r\u00f4le de manager \u00e0 United, Ten Hag s&#39;est finalement vu proposer une prolongation de contrat qui gardera le N\u00e9erlandais au club au moins jusqu&#39;en 2026.<\/p>\n<blockquote class=\"twitter-tweet\" data-width=\"550\" data-dnt=\"true\">\n<p lang=\"en\" dir=\"ltr\">\u270d\ufe0f Ici pour rester.<a rel=\"nofollow\" href=\"https:\/\/twitter.com\/hashtag\/MUFC?src=hash&amp;ref_src=twsrc%5Etfw\">#MUFC<\/a><\/p>\n<p>\u2014 Manchester United (@ManUtd) <a rel=\"nofollow\" href=\"https:\/\/twitter.com\/ManUtd\/status\/1808803007661846631?ref_src=twsrc%5Etfw\">4 juillet 2024<\/a><\/p>\n<\/blockquote>\n<p>Malgr\u00e9 le succ\u00e8s rencontr\u00e9 \u00e0 Manchester au cours des deux derni\u00e8res ann\u00e9es, Ten Hag a clairement fait part de ses intentions pour l&#39;avenir : \u00ab Je suis tr\u00e8s heureux d&#39;avoir conclu un accord avec le club pour continuer \u00e0 travailler ensemble. En repensant aux deux derni\u00e8res ann\u00e9es, nous pouvons nous r\u00e9jouir de deux troph\u00e9es remport\u00e9s et de nombreux exemples de progression par rapport \u00e0 notre situation lorsque je suis arriv\u00e9.<\/p>\n<p class=\"mol-para-with-font\">\u00ab Cependant, nous devons \u00e9galement \u00eatre conscients qu\u2019il reste encore beaucoup de travail \u00e0 faire pour atteindre le niveau attendu de Manchester United, ce qui signifie se battre pour les titres anglais et europ\u00e9ens. \u00bb<\/p>\n<p>Ce n&#39;est qu&#39;une question de semaines avant que Ten Hag ne commence \u00e0 travailler sur la pr\u00e9-saison, mais l&#39;un des visages les plus familiers de Manchester United pourrait ne pas \u00eatre l\u00e0.<\/p>\n<h2>Marcus Rashford envisage de quitter le club<\/h2>\n<p>Il y a eu de nombreux d\u00e9saccords publics entre Rashford et Ten Hag au cours des deux ann\u00e9es du N\u00e9erlandais \u00e0 la t\u00eate de l&#39;\u00e9quipe et un nouveau contrat pour le manager pourrait forcer un mouvement pour l&#39;attaquant.<\/p>\n<p class=\"mol-para-with-font\">Marcus Rashford a connu des difficult\u00e9s \u00e0 Manchester lors de la saison 2023\/24 de Premier League et avec seulement sept buts en 33 apparitions en championnat, l&#39;ailier a eu du mal \u00e0 obtenir des minutes.<\/p>\n<blockquote class=\"twitter-tweet\" data-width=\"550\" data-dnt=\"true\">\n<p lang=\"en\" dir=\"ltr\">Les gens veulent savoir ce que Manchester United repr\u00e9sente pour moi !\u2665\ufe0f <a rel=\"nofollow\" href=\"https:\/\/t.co\/XNBNxnKN66\">pic.twitter.com\/XNBNxnKN66<\/a><\/p>\n<p>\u2014 Marcus Rashford (@MarcusRashford) <a rel=\"nofollow\" href=\"https:\/\/twitter.com\/MarcusRashford\/status\/1794450533987602841?ref_src=twsrc%5Etfw\">25 mai 2024<\/a><\/p>\n<\/blockquote>\n<p>Les choses ont tourn\u00e9 au vinaigre l&#39;ann\u00e9e derni\u00e8re entre les fans de United et leur starboy, alors que Rashford a m\u00eame \u00e9t\u00e9 \u00e9loign\u00e9 par ses co\u00e9quipiers d&#39;un d\u00e9bat houleux \u00e0 Old Trafford avec un fan dans les tribunes avant un match.<\/p>\n<p>N&#39;ayant pas \u00e9t\u00e9 convoqu\u00e9 en \u00e9quipe d&#39;Angleterre cet \u00e9t\u00e9 et ayant jou\u00e9 moins de temps de jeu pour United l&#39;ann\u00e9e derni\u00e8re, Rashford pourrait chercher \u00e0 quitter Manchester pour tenter de relancer sa carri\u00e8re.<\/p>\n<p>Selon certaines informations, United serait ouvert aux offres pour Rashford cet \u00e9t\u00e9, le PSG \u00e9tant le principal pr\u00e9tendant \u00e0 la signature de l&#39;Anglais par rapport \u00e0 Arsenal qui pourrait faire un geste surprise pour la star en disgr\u00e2ce.<\/p>\n<\/p><\/div>\n<p><script async src=\"https:\/\/platform.twitter.com\/widgets.js\" charset=\"utf-8\"><\/script><\/p>\n","protected":false},"excerpt":{"rendered":"<p>Alors que Ten Hag restera, Marcus Rashford devrait quitter le club cet \u00e9t\u00e9. Erik Ten Hag signe un nouveau contrat Il y avait des sp\u00e9culations<\/p>\n","protected":false},"author":1,"featured_media":10602,"comment_status":"closed","ping_status":"","sticky":false,"template":"","format":"standard","meta":{"footnotes":""},"categories":[3],"tags":[318,333,1218,496,190,192,422,199,170,423,515,191],"yoast_head":"<!-- This site is optimized with the Yoast SEO plugin v21.0 - https:\/\/yoast.com\/wordpress\/plugins\/seo\/ -->\n<title>Erik Ten Hag signe un nouveau contrat alors que Marcus Rashford envisage de quitter le club<\/title>\n<meta name=\"robots\" content=\"index, follow, max-snippet:-1, max-image-preview:large, max-video-preview:-1\" \/>\n<link rel=\"canonical\" href=\"https:\/\/footdavant.fr\/actualites\/erik-ten-hag-signe-un-nouveau-contrat-alors-que-marcus-rashford-envisage-de-quitter-le-club\/\" \/>\n<meta property=\"og:locale\" content=\"fr_FR\" \/>\n<meta property=\"og:type\" content=\"article\" \/>\n<meta property=\"og:title\" content=\"Erik Ten Hag signe un nouveau contrat alors que Marcus Rashford envisage de quitter le club\" \/>\n<meta property=\"og:description\" content=\"Alors que Ten Hag restera, Marcus Rashford devrait quitter le club cet \u00e9t\u00e9. Erik Ten Hag signe un nouveau contrat Il y avait des sp\u00e9culations\" \/>\n<meta property=\"og:url\" content=\"https:\/\/footdavant.fr\/actualites\/erik-ten-hag-signe-un-nouveau-contrat-alors-que-marcus-rashford-envisage-de-quitter-le-club\/\" \/>\n<meta property=\"og:site_name\" content=\"Foot d&#039;avant\" \/>\n<meta property=\"article:publisher\" content=\"https:\/\/www.facebook.com\/Footdavant\/\" \/>\n<meta property=\"article:published_time\" content=\"2024-07-05T02:48:43+00:00\" \/>\n<meta property=\"article:modified_time\" content=\"2024-07-05T02:48:44+00:00\" \/>\n<meta property=\"og:image\" content=\"https:\/\/footdavant.fr\/actualites\/wp-content\/uploads\/2024\/07\/Erik-Ten-Hag-signe-un-nouveau-contrat-alors-que-Marcus.jpg\" \/>\n\t<meta property=\"og:image:width\" content=\"1279\" \/>\n\t<meta property=\"og:image:height\" content=\"719\" \/>\n\t<meta property=\"og:image:type\" content=\"image\/jpeg\" \/>\n<meta name=\"author\" content=\"Cl\u00e9ment\" \/>\n<meta name=\"twitter:card\" content=\"summary_large_image\" \/>\n<meta name=\"twitter:creator\" content=\"@FootdavantFr\" \/>\n<meta name=\"twitter:site\" content=\"@FootdavantFr\" \/>\n<meta name=\"twitter:label1\" content=\"\u00c9crit par\" \/>\n\t<meta name=\"twitter:data1\" content=\"Cl\u00e9ment\" \/>\n\t<meta name=\"twitter:label2\" content=\"Dur\u00e9e de lecture estim\u00e9e\" \/>\n\t<meta name=\"twitter:data2\" content=\"3 minutes\" \/>\n<script type=\"application\/ld+json\" class=\"yoast-schema-graph\">{\"@context\":\"https:\/\/schema.org\",\"@graph\":[{\"@type\":\"Article\",\"@id\":\"https:\/\/footdavant.fr\/actualites\/erik-ten-hag-signe-un-nouveau-contrat-alors-que-marcus-rashford-envisage-de-quitter-le-club\/#article\",\"isPartOf\":{\"@id\":\"https:\/\/footdavant.fr\/actualites\/erik-ten-hag-signe-un-nouveau-contrat-alors-que-marcus-rashford-envisage-de-quitter-le-club\/\"},\"author\":{\"name\":\"Cl\u00e9ment\",\"@id\":\"https:\/\/footdavant.fr\/actualites\/#\/schema\/person\/bc222566d95871b37e597b3ed3ba5e1d\"},\"headline\":\"Erik Ten Hag signe un nouveau contrat alors que Marcus Rashford envisage de quitter le club\",\"datePublished\":\"2024-07-05T02:48:43+00:00\",\"dateModified\":\"2024-07-05T02:48:44+00:00\",\"mainEntityOfPage\":{\"@id\":\"https:\/\/footdavant.fr\/actualites\/erik-ten-hag-signe-un-nouveau-contrat-alors-que-marcus-rashford-envisage-de-quitter-le-club\/\"},\"wordCount\":534,\"publisher\":{\"@id\":\"https:\/\/footdavant.fr\/actualites\/#organization\"},\"keywords\":[\"alors\",\"club\",\"contrat\",\"envisage\",\"Erik\",\"Hag\",\"Marcus\",\"nouveau\",\"quitter\",\"Rashford\",\"signe\",\"ten\"],\"articleSection\":[\"Football\"],\"inLanguage\":\"fr-FR\"},{\"@type\":\"WebPage\",\"@id\":\"https:\/\/footdavant.fr\/actualites\/erik-ten-hag-signe-un-nouveau-contrat-alors-que-marcus-rashford-envisage-de-quitter-le-club\/\",\"url\":\"https:\/\/footdavant.fr\/actualites\/erik-ten-hag-signe-un-nouveau-contrat-alors-que-marcus-rashford-envisage-de-quitter-le-club\/\",\"name\":\"Erik Ten Hag signe un nouveau contrat alors que Marcus Rashford envisage de quitter le club\",\"isPartOf\":{\"@id\":\"https:\/\/footdavant.fr\/actualites\/#website\"},\"datePublished\":\"2024-07-05T02:48:43+00:00\",\"dateModified\":\"2024-07-05T02:48:44+00:00\",\"breadcrumb\":{\"@id\":\"https:\/\/footdavant.fr\/actualites\/erik-ten-hag-signe-un-nouveau-contrat-alors-que-marcus-rashford-envisage-de-quitter-le-club\/#breadcrumb\"},\"inLanguage\":\"fr-FR\",\"potentialAction\":[{\"@type\":\"ReadAction\",\"target\":[\"https:\/\/footdavant.fr\/actualites\/erik-ten-hag-signe-un-nouveau-contrat-alors-que-marcus-rashford-envisage-de-quitter-le-club\/\"]}]},{\"@type\":\"BreadcrumbList\",\"@id\":\"https:\/\/footdavant.fr\/actualites\/erik-ten-hag-signe-un-nouveau-contrat-alors-que-marcus-rashford-envisage-de-quitter-le-club\/#breadcrumb\",\"itemListElement\":[{\"@type\":\"ListItem\",\"position\":1,\"name\":\"Accueil\",\"item\":\"https:\/\/footdavant.fr\/actualites\/\"},{\"@type\":\"ListItem\",\"position\":2,\"name\":\"Erik Ten Hag signe un nouveau contrat alors que Marcus Rashford envisage de quitter le club\"}]},{\"@type\":\"WebSite\",\"@id\":\"https:\/\/footdavant.fr\/actualites\/#website\",\"url\":\"https:\/\/footdavant.fr\/actualites\/\",\"name\":\"Foot d'avant\",\"description\":\"\",\"publisher\":{\"@id\":\"https:\/\/footdavant.fr\/actualites\/#organization\"},\"potentialAction\":[{\"@type\":\"SearchAction\",\"target\":{\"@type\":\"EntryPoint\",\"urlTemplate\":\"https:\/\/footdavant.fr\/actualites\/?s={search_term_string}\"},\"query-input\":\"required name=search_term_string\"}],\"inLanguage\":\"fr-FR\"},{\"@type\":\"Organization\",\"@id\":\"https:\/\/footdavant.fr\/actualites\/#organization\",\"name\":\"Foot d'avant\",\"url\":\"https:\/\/footdavant.fr\/actualites\/\",\"logo\":{\"@type\":\"ImageObject\",\"inLanguage\":\"fr-FR\",\"@id\":\"https:\/\/footdavant.fr\/actualites\/#\/schema\/logo\/image\/\",\"url\":\"https:\/\/footdavant.fr\/actualites\/wp-content\/uploads\/2023\/09\/Copy-of-FootDavant-Logo.png\",\"contentUrl\":\"https:\/\/footdavant.fr\/actualites\/wp-content\/uploads\/2023\/09\/Copy-of-FootDavant-Logo.png\",\"width\":936,\"height\":549,\"caption\":\"Foot d'avant\"},\"image\":{\"@id\":\"https:\/\/footdavant.fr\/actualites\/#\/schema\/logo\/image\/\"},\"sameAs\":[\"https:\/\/www.facebook.com\/Footdavant\/\",\"https:\/\/twitter.com\/FootdavantFr\",\"https:\/\/www.instagram.com\/footdavant.fr\/\"]},{\"@type\":\"Person\",\"@id\":\"https:\/\/footdavant.fr\/actualites\/#\/schema\/person\/bc222566d95871b37e597b3ed3ba5e1d\",\"name\":\"Cl\u00e9ment\",\"image\":{\"@type\":\"ImageObject\",\"inLanguage\":\"fr-FR\",\"@id\":\"https:\/\/footdavant.fr\/actualites\/#\/schema\/person\/image\/\",\"url\":\"https:\/\/secure.gravatar.com\/avatar\/7728b29aac2719421e1a9159b2254c44?s=96&d=mm&r=g\",\"contentUrl\":\"https:\/\/secure.gravatar.com\/avatar\/7728b29aac2719421e1a9159b2254c44?s=96&d=mm&r=g\",\"caption\":\"Cl\u00e9ment\"},\"sameAs\":[\"https:\/\/footdavant.fr\/\"]}]}<\/script>\n<!-- \/ Yoast SEO plugin. -->","yoast_head_json":{"title":"Erik Ten Hag signe un nouveau contrat alors que Marcus Rashford envisage de quitter le club","robots":{"index":"index","follow":"follow","max-snippet":"max-snippet:-1","max-image-preview":"max-image-preview:large","max-video-preview":"max-video-preview:-1"},"canonical":"https:\/\/footdavant.fr\/actualites\/erik-ten-hag-signe-un-nouveau-contrat-alors-que-marcus-rashford-envisage-de-quitter-le-club\/","og_locale":"fr_FR","og_type":"article","og_title":"Erik Ten Hag signe un nouveau contrat alors que Marcus Rashford envisage de quitter le club","og_description":"Alors que Ten Hag restera, Marcus Rashford devrait quitter le club cet \u00e9t\u00e9. Erik Ten Hag signe un nouveau contrat Il y avait des sp\u00e9culations","og_url":"https:\/\/footdavant.fr\/actualites\/erik-ten-hag-signe-un-nouveau-contrat-alors-que-marcus-rashford-envisage-de-quitter-le-club\/","og_site_name":"Foot d&#039;avant","article_publisher":"https:\/\/www.facebook.com\/Footdavant\/","article_published_time":"2024-07-05T02:48:43+00:00","article_modified_time":"2024-07-05T02:48:44+00:00","og_image":[{"width":1279,"height":719,"url":"https:\/\/footdavant.fr\/actualites\/wp-content\/uploads\/2024\/07\/Erik-Ten-Hag-signe-un-nouveau-contrat-alors-que-Marcus.jpg","type":"image\/jpeg"}],"author":"Cl\u00e9ment","twitter_card":"summary_large_image","twitter_creator":"@FootdavantFr","twitter_site":"@FootdavantFr","twitter_misc":{"\u00c9crit par":"Cl\u00e9ment","Dur\u00e9e de lecture estim\u00e9e":"3 minutes"},"schema":{"@context":"https:\/\/schema.org","@graph":[{"@type":"Article","@id":"https:\/\/footdavant.fr\/actualites\/erik-ten-hag-signe-un-nouveau-contrat-alors-que-marcus-rashford-envisage-de-quitter-le-club\/#article","isPartOf":{"@id":"https:\/\/footdavant.fr\/actualites\/erik-ten-hag-signe-un-nouveau-contrat-alors-que-marcus-rashford-envisage-de-quitter-le-club\/"},"author":{"name":"Cl\u00e9ment","@id":"https:\/\/footdavant.fr\/actualites\/#\/schema\/person\/bc222566d95871b37e597b3ed3ba5e1d"},"headline":"Erik Ten Hag signe un nouveau contrat alors que Marcus Rashford envisage de quitter le club","datePublished":"2024-07-05T02:48:43+00:00","dateModified":"2024-07-05T02:48:44+00:00","mainEntityOfPage":{"@id":"https:\/\/footdavant.fr\/actualites\/erik-ten-hag-signe-un-nouveau-contrat-alors-que-marcus-rashford-envisage-de-quitter-le-club\/"},"wordCount":534,"publisher":{"@id":"https:\/\/footdavant.fr\/actualites\/#organization"},"keywords":["alors","club","contrat","envisage","Erik","Hag","Marcus","nouveau","quitter","Rashford","signe","ten"],"articleSection":["Football"],"inLanguage":"fr-FR"},{"@type":"WebPage","@id":"https:\/\/footdavant.fr\/actualites\/erik-ten-hag-signe-un-nouveau-contrat-alors-que-marcus-rashford-envisage-de-quitter-le-club\/","url":"https:\/\/footdavant.fr\/actualites\/erik-ten-hag-signe-un-nouveau-contrat-alors-que-marcus-rashford-envisage-de-quitter-le-club\/","name":"Erik Ten Hag signe un nouveau contrat alors que Marcus Rashford envisage de quitter le club","isPartOf":{"@id":"https:\/\/footdavant.fr\/actualites\/#website"},"datePublished":"2024-07-05T02:48:43+00:00","dateModified":"2024-07-05T02:48:44+00:00","breadcrumb":{"@id":"https:\/\/footdavant.fr\/actualites\/erik-ten-hag-signe-un-nouveau-contrat-alors-que-marcus-rashford-envisage-de-quitter-le-club\/#breadcrumb"},"inLanguage":"fr-FR","potentialAction":[{"@type":"ReadAction","target":["https:\/\/footdavant.fr\/actualites\/erik-ten-hag-signe-un-nouveau-contrat-alors-que-marcus-rashford-envisage-de-quitter-le-club\/"]}]},{"@type":"BreadcrumbList","@id":"https:\/\/footdavant.fr\/actualites\/erik-ten-hag-signe-un-nouveau-contrat-alors-que-marcus-rashford-envisage-de-quitter-le-club\/#breadcrumb","itemListElement":[{"@type":"ListItem","position":1,"name":"Accueil","item":"https:\/\/footdavant.fr\/actualites\/"},{"@type":"ListItem","position":2,"name":"Erik Ten Hag signe un nouveau contrat alors que Marcus Rashford envisage de quitter le club"}]},{"@type":"WebSite","@id":"https:\/\/footdavant.fr\/actualites\/#website","url":"https:\/\/footdavant.fr\/actualites\/","name":"Foot d'avant","description":"","publisher":{"@id":"https:\/\/footdavant.fr\/actualites\/#organization"},"potentialAction":[{"@type":"SearchAction","target":{"@type":"EntryPoint","urlTemplate":"https:\/\/footdavant.fr\/actualites\/?s={search_term_string}"},"query-input":"required name=search_term_string"}],"inLanguage":"fr-FR"},{"@type":"Organization","@id":"https:\/\/footdavant.fr\/actualites\/#organization","name":"Foot d'avant","url":"https:\/\/footdavant.fr\/actualites\/","logo":{"@type":"ImageObject","inLanguage":"fr-FR","@id":"https:\/\/footdavant.fr\/actualites\/#\/schema\/logo\/image\/","url":"https:\/\/footdavant.fr\/actualites\/wp-content\/uploads\/2023\/09\/Copy-of-FootDavant-Logo.png","contentUrl":"https:\/\/footdavant.fr\/actualites\/wp-content\/uploads\/2023\/09\/Copy-of-FootDavant-Logo.png","width":936,"height":549,"caption":"Foot d'avant"},"image":{"@id":"https:\/\/footdavant.fr\/actualites\/#\/schema\/logo\/image\/"},"sameAs":["https:\/\/www.facebook.com\/Footdavant\/","https:\/\/twitter.com\/FootdavantFr","https:\/\/www.instagram.com\/footdavant.fr\/"]},{"@type":"Person","@id":"https:\/\/footdavant.fr\/actualites\/#\/schema\/person\/bc222566d95871b37e597b3ed3ba5e1d","name":"Cl\u00e9ment","image":{"@type":"ImageObject","inLanguage":"fr-FR","@id":"https:\/\/footdavant.fr\/actualites\/#\/schema\/person\/image\/","url":"https:\/\/secure.gravatar.com\/avatar\/7728b29aac2719421e1a9159b2254c44?s=96&d=mm&r=g","contentUrl":"https:\/\/secure.gravatar.com\/avatar\/7728b29aac2719421e1a9159b2254c44?s=96&d=mm&r=g","caption":"Cl\u00e9ment"},"sameAs":["https:\/\/footdavant.fr\/"]}]}},"_links":{"self":[{"href":"https:\/\/footdavant.fr\/actualites\/wp-json\/wp\/v2\/posts\/10601"}],"collection":[{"href":"https:\/\/footdavant.fr\/actualites\/wp-json\/wp\/v2\/posts"}],"about":[{"href":"https:\/\/footdavant.fr\/actualites\/wp-json\/wp\/v2\/types\/post"}],"author":[{"embeddable":true,"href":"https:\/\/footdavant.fr\/actualites\/wp-json\/wp\/v2\/users\/1"}],"replies":[{"embeddable":true,"href":"https:\/\/footdavant.fr\/actualites\/wp-json\/wp\/v2\/comments?post=10601"}],"version-history":[{"count":1,"href":"https:\/\/footdavant.fr\/actualites\/wp-json\/wp\/v2\/posts\/10601\/revisions"}],"predecessor-version":[{"id":10603,"href":"https:\/\/footdavant.fr\/actualites\/wp-json\/wp\/v2\/posts\/10601\/revisions\/10603"}],"wp:featuredmedia":[{"embeddable":true,"href":"https:\/\/footdavant.fr\/actualites\/wp-json\/wp\/v2\/media\/10602"}],"wp:attachment":[{"href":"https:\/\/footdavant.fr\/actualites\/wp-json\/wp\/v2\/media?parent=10601"}],"wp:term":[{"taxonomy":"category","embeddable":true,"href":"https:\/\/footdavant.fr\/actualites\/wp-json\/wp\/v2\/categories?post=10601"},{"taxonomy":"post_tag","embeddable":true,"href":"https:\/\/footdavant.fr\/actualites\/wp-json\/wp\/v2\/tags?post=10601"}],"curies":[{"name":"wp","href":"https:\/\/api.w.org\/{rel}","templated":true}]}}