{"id":10640,"date":"2024-07-06T06:49:16","date_gmt":"2024-07-06T04:49:16","guid":{"rendered":"https:\/\/footdavant.fr\/actualites\/chelsea-identifie-la-prochaine-recrue-adolescente-alors-que-des-discussions-ont-lieu-sur-un-transfert-au-bayern\/"},"modified":"2024-07-06T06:49:16","modified_gmt":"2024-07-06T04:49:16","slug":"chelsea-identifie-la-prochaine-recrue-adolescente-alors-que-des-discussions-ont-lieu-sur-un-transfert-au-bayern","status":"publish","type":"post","link":"https:\/\/footdavant.fr\/actualites\/chelsea-identifie-la-prochaine-recrue-adolescente-alors-que-des-discussions-ont-lieu-sur-un-transfert-au-bayern\/","title":{"rendered":"Chelsea identifie la prochaine recrue adolescente alors que des \u00ab discussions \u00bb ont lieu sur un transfert au Bayern"},"content":{"rendered":"<p>Selon certaines informations, Chelsea discuterait d&#39;un transfert pour l&#39;attaquant du Bayern Munich de 19 ans, Mathys Tel, apr\u00e8s avoir scell\u00e9 un transfert pour Marc Guiu de Barcelone.<\/p>\n<div id=\"article_body\" itemprop=\"articleBody\">\n<h3 class=\"firstPara\">\n<strong class=\"autotag\">Chelsea<\/strong> auraient tourn\u00e9 leur attention vers la signature d&#39;un contrat tr\u00e8s bien not\u00e9 <strong class=\"autotag\">Bayern Munich<\/strong> attaquant apr\u00e8s avoir conclu un accord avec Barcelone <strong class=\"autotag\">Marc Guiu<\/strong>.<\/h3>\n<p>Les Blues ont ajout\u00e9 l&#39;Espagnol \u00e0 leurs rangs pour un modeste 5 millions de livres sterling au d\u00e9but de la fen\u00eatre, d\u00e9clenchant une clause de lib\u00e9ration bon march\u00e9 dans le contrat de Guiu avec les g\u00e9ants espagnols.<\/p>\n<p>Alors que le joueur de 18 ans a sign\u00e9 pour les cinq prochaines saisons, la recherche par Chelsea d&#39;un autre nouvel attaquant reste inchang\u00e9e, car deux num\u00e9ros neuf actuels sont susceptibles de partir ailleurs dans les semaines \u00e0 venir.<\/p>\n<p>Ni l&#39;un ni l&#39;autre <strong class=\"autotag\">Romelu Lukaku<\/strong> ni <strong class=\"autotag\">Armando Broja<\/strong> semblent avoir un avenir \u00e0 long terme \u00e0 Stamford Bridge, tandis que la situation de la signature en 2023 <strong class=\"autotag\">Nicolas Jackson<\/strong> a \u00e9galement \u00e9t\u00e9 remise en question.<\/p>\n<p>Chelsea pourrait apparemment \u00eatre dispos\u00e9 \u00e0 se s\u00e9parer de l&#39;ancien joueur de Villarreal si cela facilite leurs efforts pour signer <strong class=\"autotag\">Alexandre Isaac<\/strong> de Newcastle United, mais un transfert pour le Su\u00e9dois est toujours consid\u00e9r\u00e9 comme irr\u00e9alisable \u00e0 ce stade.<\/p>\n<p class=\"imgI\">\n<h2>Chelsea \u00ab\u00a0discuter\u00a0\u00bb <strong class=\"autotag\">Mathys Tel<\/strong> transfert<\/h2>\n<p>Au lieu de cela, le journaliste Si Phillips affirme que les dirigeants des Blues ont eu des discussions au sujet d&#39;un transfert pour Mathys Tel du Bayern Munich ce week-end, apr\u00e8s s&#39;\u00eatre initialement int\u00e9ress\u00e9s au Fran\u00e7ais en f\u00e9vrier.<\/p>\n<p>Chelsea n&#39;a pas acc\u00e9l\u00e9r\u00e9 sa poursuite \u00e0 mi-saison, mais le rapport ajoute qu&#39;ils ont maintenant intensifi\u00e9 leurs efforts pour signer \u00e0 nouveau Tel apr\u00e8s qu&#39;il soit devenu de plus en plus fort sous le maillot du Bayern.<\/p>\n<p>Le joueur de 19 ans &#8211; qui a rejoint les g\u00e9ants de la Bundesliga en provenance de Rennes, club de Ligue 1, \u00e0 l&#39;\u00e9t\u00e9 2022 pour 16,9 millions de livres sterling &#8211; a particip\u00e9 directement \u00e0 16 buts en 41 matchs la saison derni\u00e8re, marquant 10 buts et d\u00e9livrant six passes d\u00e9cisives.<\/p>\n<p>Tel a marqu\u00e9 sept fois et fourni cinq passes d\u00e9cisives en 30 matches de Bundesliga et a d\u00e9montr\u00e9 sa polyvalence tout au long de la saison, \u00e9tant d\u00e9ploy\u00e9 comme avant-centre et sur les deux flancs.<\/p>\n<p>Cependant, l&#39;international fran\u00e7ais des moins de 21 ans ne joue que comme rempla\u00e7ant pour <strong class=\"autotag\">Harry Kane<\/strong> \u00e0 la place de l&#39;attaquant, alors que tous <strong class=\"autotag\">Kingsley Coman<\/strong>, <strong class=\"autotag\">Serge Gnabry<\/strong> et <strong class=\"autotag\">Leroy San\u00e9<\/strong> sont normalement pr\u00e9f\u00e9r\u00e9s sur les ailes.<\/p>\n<p class=\"imgI\"><img decoding=\"async\" loading=\"lazy\" class=\"l\" src=\"https:\/\/footdavant.fr\/actualites\/wp-content\/uploads\/2024\/07\/1720241356_224_Chelsea-identifie-la-prochaine-recrue-adolescente-alors-que-des.jpg\" title=\"Le manager de Leicester City, Enzo Maresca, le 12 ao\u00fbt 2023\" alt=\"Le manager de Leicester City, Enzo Maresca, le 12 ao\u00fbt 2023\" width=\"640\" height=\"480\"><\/p>\n<p>En cons\u00e9quence, Tel a \u00e9t\u00e9 limit\u00e9 \u00e0 seulement six d\u00e9parts en premi\u00e8re division lors de la campagne 2023-24 et n&#39;a jou\u00e9 que 139 minutes en Ligue des champions, ne parvenant pas \u00e0 d\u00e9passer les huiti\u00e8mes de finale depuis le banc.<\/p>\n<h2>Quelles sont les chances r\u00e9alistes de Chelsea de signer Tel ?<\/h2>\n<p>Au milieu de ses difficult\u00e9s \u00e0 obtenir du temps de jeu au Bayern Munich, Tel aurait \u00e9t\u00e9 courtis\u00e9 par Manchester United \u00e0 la fin de l&#39;hiver et au d\u00e9but du printemps, avant de r\u00e9affirmer son engagement envers le Bayern avec un nouveau contrat.<\/p>\n<p>Le contrat du joueur de 19 ans court d\u00e9sormais jusqu&#39;\u00e0 l&#39;\u00e9t\u00e9 2029, ce qui sugg\u00e8re qu&#39;il envisage toujours son avenir \u00e0 long terme \u00e0 l&#39;Allianz Arena, mais il reste \u00e0 voir comment il s&#39;en sortira sous la direction du nouveau patron. <strong class=\"autotag\">Vincent Kompany<\/strong>.<\/p>\n<p>\u00c0 Chelsea, Tel pourrait s&#39;attendre \u00e0 un salaire \u00e9lev\u00e9 et \u00e0 la s\u00e9curit\u00e9 d&#39;un contrat \u00e0 long terme, m\u00eame s&#39;il devra jouer en Ligue Europa Conf\u00e9rence plut\u00f4t qu&#39;en Ligue des champions avec le Bayern.<\/p>\n<p>La signature \u00e9ventuelle du Fran\u00e7ais aiderait Chelsea \u00e0 r\u00e9soudre le dilemme entre l&#39;ailier et l&#39;attaquant, mais son r\u00e9cent nouveau contrat rend la chose trop difficile \u00e0 envisager cette fois-ci.<\/p>\n<\/div>\n","protected":false},"excerpt":{"rendered":"<p>Selon certaines informations, Chelsea discuterait d&#39;un transfert pour l&#39;attaquant du Bayern Munich de 19 ans, Mathys Tel, apr\u00e8s avoir scell\u00e9 un transfert pour Marc Guiu<\/p>\n","protected":false},"author":1,"featured_media":10641,"comment_status":"closed","ping_status":"","sticky":false,"template":"","format":"standard","meta":{"footnotes":""},"categories":[5],"tags":[5627,318,340,171,12,713,1349,2866,244,1202,1851,103,700],"yoast_head":"<!-- This site is optimized with the Yoast SEO plugin v21.0 - https:\/\/yoast.com\/wordpress\/plugins\/seo\/ -->\n<title>Chelsea identifie la prochaine recrue adolescente alors que des \u00ab discussions \u00bb ont lieu sur un transfert au Bayern<\/title>\n<meta name=\"robots\" content=\"index, follow, max-snippet:-1, max-image-preview:large, max-video-preview:-1\" \/>\n<link rel=\"canonical\" href=\"https:\/\/footdavant.fr\/actualites\/chelsea-identifie-la-prochaine-recrue-adolescente-alors-que-des-discussions-ont-lieu-sur-un-transfert-au-bayern\/\" \/>\n<meta property=\"og:locale\" content=\"fr_FR\" \/>\n<meta property=\"og:type\" content=\"article\" \/>\n<meta property=\"og:title\" content=\"Chelsea identifie la prochaine recrue adolescente alors que des \u00ab discussions \u00bb ont lieu sur un transfert au Bayern\" \/>\n<meta property=\"og:description\" content=\"Selon certaines informations, Chelsea discuterait d&#039;un transfert pour l&#039;attaquant du Bayern Munich de 19 ans, Mathys Tel, apr\u00e8s avoir scell\u00e9 un transfert pour Marc Guiu\" \/>\n<meta property=\"og:url\" content=\"https:\/\/footdavant.fr\/actualites\/chelsea-identifie-la-prochaine-recrue-adolescente-alors-que-des-discussions-ont-lieu-sur-un-transfert-au-bayern\/\" \/>\n<meta property=\"og:site_name\" content=\"Foot d&#039;avant\" \/>\n<meta property=\"article:publisher\" content=\"https:\/\/www.facebook.com\/Footdavant\/\" \/>\n<meta property=\"article:published_time\" content=\"2024-07-06T04:49:16+00:00\" \/>\n<meta property=\"og:image\" content=\"https:\/\/footdavant.fr\/actualites\/wp-content\/uploads\/2024\/07\/Chelsea-identifie-la-prochaine-recrue-adolescente-alors-que-des.jpg\" \/>\n\t<meta property=\"og:image:width\" content=\"640\" \/>\n\t<meta property=\"og:image:height\" content=\"480\" \/>\n\t<meta property=\"og:image:type\" content=\"image\/jpeg\" \/>\n<meta name=\"author\" content=\"Cl\u00e9ment\" \/>\n<meta name=\"twitter:card\" content=\"summary_large_image\" \/>\n<meta name=\"twitter:creator\" content=\"@FootdavantFr\" \/>\n<meta name=\"twitter:site\" content=\"@FootdavantFr\" \/>\n<meta name=\"twitter:label1\" content=\"\u00c9crit par\" \/>\n\t<meta name=\"twitter:data1\" content=\"Cl\u00e9ment\" \/>\n\t<meta name=\"twitter:label2\" content=\"Dur\u00e9e de lecture estim\u00e9e\" \/>\n\t<meta name=\"twitter:data2\" content=\"3 minutes\" \/>\n<script type=\"application\/ld+json\" class=\"yoast-schema-graph\">{\"@context\":\"https:\/\/schema.org\",\"@graph\":[{\"@type\":\"Article\",\"@id\":\"https:\/\/footdavant.fr\/actualites\/chelsea-identifie-la-prochaine-recrue-adolescente-alors-que-des-discussions-ont-lieu-sur-un-transfert-au-bayern\/#article\",\"isPartOf\":{\"@id\":\"https:\/\/footdavant.fr\/actualites\/chelsea-identifie-la-prochaine-recrue-adolescente-alors-que-des-discussions-ont-lieu-sur-un-transfert-au-bayern\/\"},\"author\":{\"name\":\"Cl\u00e9ment\",\"@id\":\"https:\/\/footdavant.fr\/actualites\/#\/schema\/person\/bc222566d95871b37e597b3ed3ba5e1d\"},\"headline\":\"Chelsea identifie la prochaine recrue adolescente alors que des \u00ab discussions \u00bb ont lieu sur un transfert au Bayern\",\"datePublished\":\"2024-07-06T04:49:16+00:00\",\"dateModified\":\"2024-07-06T04:49:16+00:00\",\"mainEntityOfPage\":{\"@id\":\"https:\/\/footdavant.fr\/actualites\/chelsea-identifie-la-prochaine-recrue-adolescente-alors-que-des-discussions-ont-lieu-sur-un-transfert-au-bayern\/\"},\"wordCount\":663,\"publisher\":{\"@id\":\"https:\/\/footdavant.fr\/actualites\/#organization\"},\"keywords\":[\"adolescente\",\"alors\",\"Bayern\",\"Chelsea\",\"des\",\"discussions\",\"identifie\",\"lieu\",\"ont\",\"prochaine\",\"recrue\",\"sur\",\"transfert\"],\"articleSection\":[\"Premier League\"],\"inLanguage\":\"fr-FR\"},{\"@type\":\"WebPage\",\"@id\":\"https:\/\/footdavant.fr\/actualites\/chelsea-identifie-la-prochaine-recrue-adolescente-alors-que-des-discussions-ont-lieu-sur-un-transfert-au-bayern\/\",\"url\":\"https:\/\/footdavant.fr\/actualites\/chelsea-identifie-la-prochaine-recrue-adolescente-alors-que-des-discussions-ont-lieu-sur-un-transfert-au-bayern\/\",\"name\":\"Chelsea identifie la prochaine recrue adolescente alors que des \u00ab discussions \u00bb ont lieu sur un transfert au Bayern\",\"isPartOf\":{\"@id\":\"https:\/\/footdavant.fr\/actualites\/#website\"},\"datePublished\":\"2024-07-06T04:49:16+00:00\",\"dateModified\":\"2024-07-06T04:49:16+00:00\",\"breadcrumb\":{\"@id\":\"https:\/\/footdavant.fr\/actualites\/chelsea-identifie-la-prochaine-recrue-adolescente-alors-que-des-discussions-ont-lieu-sur-un-transfert-au-bayern\/#breadcrumb\"},\"inLanguage\":\"fr-FR\",\"potentialAction\":[{\"@type\":\"ReadAction\",\"target\":[\"https:\/\/footdavant.fr\/actualites\/chelsea-identifie-la-prochaine-recrue-adolescente-alors-que-des-discussions-ont-lieu-sur-un-transfert-au-bayern\/\"]}]},{\"@type\":\"BreadcrumbList\",\"@id\":\"https:\/\/footdavant.fr\/actualites\/chelsea-identifie-la-prochaine-recrue-adolescente-alors-que-des-discussions-ont-lieu-sur-un-transfert-au-bayern\/#breadcrumb\",\"itemListElement\":[{\"@type\":\"ListItem\",\"position\":1,\"name\":\"Accueil\",\"item\":\"https:\/\/footdavant.fr\/actualites\/\"},{\"@type\":\"ListItem\",\"position\":2,\"name\":\"Chelsea identifie la prochaine recrue adolescente alors que des \u00ab discussions \u00bb ont lieu sur un transfert au Bayern\"}]},{\"@type\":\"WebSite\",\"@id\":\"https:\/\/footdavant.fr\/actualites\/#website\",\"url\":\"https:\/\/footdavant.fr\/actualites\/\",\"name\":\"Foot d'avant\",\"description\":\"\",\"publisher\":{\"@id\":\"https:\/\/footdavant.fr\/actualites\/#organization\"},\"potentialAction\":[{\"@type\":\"SearchAction\",\"target\":{\"@type\":\"EntryPoint\",\"urlTemplate\":\"https:\/\/footdavant.fr\/actualites\/?s={search_term_string}\"},\"query-input\":\"required name=search_term_string\"}],\"inLanguage\":\"fr-FR\"},{\"@type\":\"Organization\",\"@id\":\"https:\/\/footdavant.fr\/actualites\/#organization\",\"name\":\"Foot d'avant\",\"url\":\"https:\/\/footdavant.fr\/actualites\/\",\"logo\":{\"@type\":\"ImageObject\",\"inLanguage\":\"fr-FR\",\"@id\":\"https:\/\/footdavant.fr\/actualites\/#\/schema\/logo\/image\/\",\"url\":\"https:\/\/footdavant.fr\/actualites\/wp-content\/uploads\/2023\/09\/Copy-of-FootDavant-Logo.png\",\"contentUrl\":\"https:\/\/footdavant.fr\/actualites\/wp-content\/uploads\/2023\/09\/Copy-of-FootDavant-Logo.png\",\"width\":936,\"height\":549,\"caption\":\"Foot d'avant\"},\"image\":{\"@id\":\"https:\/\/footdavant.fr\/actualites\/#\/schema\/logo\/image\/\"},\"sameAs\":[\"https:\/\/www.facebook.com\/Footdavant\/\",\"https:\/\/twitter.com\/FootdavantFr\",\"https:\/\/www.instagram.com\/footdavant.fr\/\"]},{\"@type\":\"Person\",\"@id\":\"https:\/\/footdavant.fr\/actualites\/#\/schema\/person\/bc222566d95871b37e597b3ed3ba5e1d\",\"name\":\"Cl\u00e9ment\",\"image\":{\"@type\":\"ImageObject\",\"inLanguage\":\"fr-FR\",\"@id\":\"https:\/\/footdavant.fr\/actualites\/#\/schema\/person\/image\/\",\"url\":\"https:\/\/secure.gravatar.com\/avatar\/7728b29aac2719421e1a9159b2254c44?s=96&d=mm&r=g\",\"contentUrl\":\"https:\/\/secure.gravatar.com\/avatar\/7728b29aac2719421e1a9159b2254c44?s=96&d=mm&r=g\",\"caption\":\"Cl\u00e9ment\"},\"sameAs\":[\"https:\/\/footdavant.fr\/\"]}]}<\/script>\n<!-- \/ Yoast SEO plugin. -->","yoast_head_json":{"title":"Chelsea identifie la prochaine recrue adolescente alors que des \u00ab discussions \u00bb ont lieu sur un transfert au Bayern","robots":{"index":"index","follow":"follow","max-snippet":"max-snippet:-1","max-image-preview":"max-image-preview:large","max-video-preview":"max-video-preview:-1"},"canonical":"https:\/\/footdavant.fr\/actualites\/chelsea-identifie-la-prochaine-recrue-adolescente-alors-que-des-discussions-ont-lieu-sur-un-transfert-au-bayern\/","og_locale":"fr_FR","og_type":"article","og_title":"Chelsea identifie la prochaine recrue adolescente alors que des \u00ab discussions \u00bb ont lieu sur un transfert au Bayern","og_description":"Selon certaines informations, Chelsea discuterait d&#39;un transfert pour l&#39;attaquant du Bayern Munich de 19 ans, Mathys Tel, apr\u00e8s avoir scell\u00e9 un transfert pour Marc Guiu","og_url":"https:\/\/footdavant.fr\/actualites\/chelsea-identifie-la-prochaine-recrue-adolescente-alors-que-des-discussions-ont-lieu-sur-un-transfert-au-bayern\/","og_site_name":"Foot d&#039;avant","article_publisher":"https:\/\/www.facebook.com\/Footdavant\/","article_published_time":"2024-07-06T04:49:16+00:00","og_image":[{"width":640,"height":480,"url":"https:\/\/footdavant.fr\/actualites\/wp-content\/uploads\/2024\/07\/Chelsea-identifie-la-prochaine-recrue-adolescente-alors-que-des.jpg","type":"image\/jpeg"}],"author":"Cl\u00e9ment","twitter_card":"summary_large_image","twitter_creator":"@FootdavantFr","twitter_site":"@FootdavantFr","twitter_misc":{"\u00c9crit par":"Cl\u00e9ment","Dur\u00e9e de lecture estim\u00e9e":"3 minutes"},"schema":{"@context":"https:\/\/schema.org","@graph":[{"@type":"Article","@id":"https:\/\/footdavant.fr\/actualites\/chelsea-identifie-la-prochaine-recrue-adolescente-alors-que-des-discussions-ont-lieu-sur-un-transfert-au-bayern\/#article","isPartOf":{"@id":"https:\/\/footdavant.fr\/actualites\/chelsea-identifie-la-prochaine-recrue-adolescente-alors-que-des-discussions-ont-lieu-sur-un-transfert-au-bayern\/"},"author":{"name":"Cl\u00e9ment","@id":"https:\/\/footdavant.fr\/actualites\/#\/schema\/person\/bc222566d95871b37e597b3ed3ba5e1d"},"headline":"Chelsea identifie la prochaine recrue adolescente alors que des \u00ab discussions \u00bb ont lieu sur un transfert au Bayern","datePublished":"2024-07-06T04:49:16+00:00","dateModified":"2024-07-06T04:49:16+00:00","mainEntityOfPage":{"@id":"https:\/\/footdavant.fr\/actualites\/chelsea-identifie-la-prochaine-recrue-adolescente-alors-que-des-discussions-ont-lieu-sur-un-transfert-au-bayern\/"},"wordCount":663,"publisher":{"@id":"https:\/\/footdavant.fr\/actualites\/#organization"},"keywords":["adolescente","alors","Bayern","Chelsea","des","discussions","identifie","lieu","ont","prochaine","recrue","sur","transfert"],"articleSection":["Premier League"],"inLanguage":"fr-FR"},{"@type":"WebPage","@id":"https:\/\/footdavant.fr\/actualites\/chelsea-identifie-la-prochaine-recrue-adolescente-alors-que-des-discussions-ont-lieu-sur-un-transfert-au-bayern\/","url":"https:\/\/footdavant.fr\/actualites\/chelsea-identifie-la-prochaine-recrue-adolescente-alors-que-des-discussions-ont-lieu-sur-un-transfert-au-bayern\/","name":"Chelsea identifie la prochaine recrue adolescente alors que des \u00ab discussions \u00bb ont lieu sur un transfert au Bayern","isPartOf":{"@id":"https:\/\/footdavant.fr\/actualites\/#website"},"datePublished":"2024-07-06T04:49:16+00:00","dateModified":"2024-07-06T04:49:16+00:00","breadcrumb":{"@id":"https:\/\/footdavant.fr\/actualites\/chelsea-identifie-la-prochaine-recrue-adolescente-alors-que-des-discussions-ont-lieu-sur-un-transfert-au-bayern\/#breadcrumb"},"inLanguage":"fr-FR","potentialAction":[{"@type":"ReadAction","target":["https:\/\/footdavant.fr\/actualites\/chelsea-identifie-la-prochaine-recrue-adolescente-alors-que-des-discussions-ont-lieu-sur-un-transfert-au-bayern\/"]}]},{"@type":"BreadcrumbList","@id":"https:\/\/footdavant.fr\/actualites\/chelsea-identifie-la-prochaine-recrue-adolescente-alors-que-des-discussions-ont-lieu-sur-un-transfert-au-bayern\/#breadcrumb","itemListElement":[{"@type":"ListItem","position":1,"name":"Accueil","item":"https:\/\/footdavant.fr\/actualites\/"},{"@type":"ListItem","position":2,"name":"Chelsea identifie la prochaine recrue adolescente alors que des \u00ab discussions \u00bb ont lieu sur un transfert au Bayern"}]},{"@type":"WebSite","@id":"https:\/\/footdavant.fr\/actualites\/#website","url":"https:\/\/footdavant.fr\/actualites\/","name":"Foot d'avant","description":"","publisher":{"@id":"https:\/\/footdavant.fr\/actualites\/#organization"},"potentialAction":[{"@type":"SearchAction","target":{"@type":"EntryPoint","urlTemplate":"https:\/\/footdavant.fr\/actualites\/?s={search_term_string}"},"query-input":"required name=search_term_string"}],"inLanguage":"fr-FR"},{"@type":"Organization","@id":"https:\/\/footdavant.fr\/actualites\/#organization","name":"Foot d'avant","url":"https:\/\/footdavant.fr\/actualites\/","logo":{"@type":"ImageObject","inLanguage":"fr-FR","@id":"https:\/\/footdavant.fr\/actualites\/#\/schema\/logo\/image\/","url":"https:\/\/footdavant.fr\/actualites\/wp-content\/uploads\/2023\/09\/Copy-of-FootDavant-Logo.png","contentUrl":"https:\/\/footdavant.fr\/actualites\/wp-content\/uploads\/2023\/09\/Copy-of-FootDavant-Logo.png","width":936,"height":549,"caption":"Foot d'avant"},"image":{"@id":"https:\/\/footdavant.fr\/actualites\/#\/schema\/logo\/image\/"},"sameAs":["https:\/\/www.facebook.com\/Footdavant\/","https:\/\/twitter.com\/FootdavantFr","https:\/\/www.instagram.com\/footdavant.fr\/"]},{"@type":"Person","@id":"https:\/\/footdavant.fr\/actualites\/#\/schema\/person\/bc222566d95871b37e597b3ed3ba5e1d","name":"Cl\u00e9ment","image":{"@type":"ImageObject","inLanguage":"fr-FR","@id":"https:\/\/footdavant.fr\/actualites\/#\/schema\/person\/image\/","url":"https:\/\/secure.gravatar.com\/avatar\/7728b29aac2719421e1a9159b2254c44?s=96&d=mm&r=g","contentUrl":"https:\/\/secure.gravatar.com\/avatar\/7728b29aac2719421e1a9159b2254c44?s=96&d=mm&r=g","caption":"Cl\u00e9ment"},"sameAs":["https:\/\/footdavant.fr\/"]}]}},"_links":{"self":[{"href":"https:\/\/footdavant.fr\/actualites\/wp-json\/wp\/v2\/posts\/10640"}],"collection":[{"href":"https:\/\/footdavant.fr\/actualites\/wp-json\/wp\/v2\/posts"}],"about":[{"href":"https:\/\/footdavant.fr\/actualites\/wp-json\/wp\/v2\/types\/post"}],"author":[{"embeddable":true,"href":"https:\/\/footdavant.fr\/actualites\/wp-json\/wp\/v2\/users\/1"}],"replies":[{"embeddable":true,"href":"https:\/\/footdavant.fr\/actualites\/wp-json\/wp\/v2\/comments?post=10640"}],"version-history":[{"count":1,"href":"https:\/\/footdavant.fr\/actualites\/wp-json\/wp\/v2\/posts\/10640\/revisions"}],"predecessor-version":[{"id":10642,"href":"https:\/\/footdavant.fr\/actualites\/wp-json\/wp\/v2\/posts\/10640\/revisions\/10642"}],"wp:featuredmedia":[{"embeddable":true,"href":"https:\/\/footdavant.fr\/actualites\/wp-json\/wp\/v2\/media\/10641"}],"wp:attachment":[{"href":"https:\/\/footdavant.fr\/actualites\/wp-json\/wp\/v2\/media?parent=10640"}],"wp:term":[{"taxonomy":"category","embeddable":true,"href":"https:\/\/footdavant.fr\/actualites\/wp-json\/wp\/v2\/categories?post=10640"},{"taxonomy":"post_tag","embeddable":true,"href":"https:\/\/footdavant.fr\/actualites\/wp-json\/wp\/v2\/tags?post=10640"}],"curies":[{"name":"wp","href":"https:\/\/api.w.org\/{rel}","templated":true}]}}