{"id":1088,"date":"2023-11-18T04:53:58","date_gmt":"2023-11-18T03:53:58","guid":{"rendered":"https:\/\/footdavant.fr\/actualites\/sir-jim-ratcliffe-veut-construire-lequipe-de-manchester-united-autour-de-bruno-fernandes\/"},"modified":"2023-11-18T04:53:59","modified_gmt":"2023-11-18T03:53:59","slug":"sir-jim-ratcliffe-veut-construire-lequipe-de-manchester-united-autour-de-bruno-fernandes","status":"publish","type":"post","link":"https:\/\/footdavant.fr\/actualites\/sir-jim-ratcliffe-veut-construire-lequipe-de-manchester-united-autour-de-bruno-fernandes\/","title":{"rendered":"Sir Jim Ratcliffe \u00ab veut construire l\u2019\u00e9quipe de Manchester United autour de Bruno Fernandes \u00bb"},"content":{"rendered":"<p>Sir Jim Ratcliffe souhaite construire une nouvelle \u00e9quipe de Manchester United autour du capitaine des Red Devils Bruno Fernandes, selon un rapport.<\/p>\n<div id=\"article_body\" itemprop=\"articleBody\">\n<h3 class=\"firstPara\">Monsieur <strong class=\"autotag\">Jim Ratcliffe<\/strong> refuserait apparemment d&rsquo;accepter toute offre de <strong class=\"autotag\">Bruno Fernandes<\/strong>consid\u00e9rant l&rsquo;international portugais comme un \u00e9l\u00e9ment central de <strong class=\"autotag\">Manchester United<\/strong>Les espoirs de redevenir une \u00e9quipe performante.<\/h3>\n<p>L&rsquo;avenir de Fernandes a r\u00e9cemment fait l&rsquo;objet de sp\u00e9culations, les \u00e9quipes saoudiennes surveillant de pr\u00e8s sa situation \u00e0 Old Trafford.<\/p>\n<p>Le joueur de 29 ans a encore trois ans pour ex\u00e9cuter son contrat, avec une option de 12 mois suppl\u00e9mentaires, alors qu&rsquo;il a \u00e9t\u00e9 nomm\u00e9 capitaine permanent du club au cours de l&rsquo;\u00e9t\u00e9.<\/p>\n<p>Fernandes s&rsquo;est av\u00e9r\u00e9 \u00eatre une signature inspirante pour les Diables Rouges depuis son arriv\u00e9e du Sporting Lisbonne en janvier 2020, marquant 68 buts et enregistrant 57 passes d\u00e9cisives en 202 apparitions toutes comp\u00e9titions confondues.<\/p>\n<p>L&rsquo;attaquant compte quatre buts et trois passes d\u00e9cisives en 17 matches cette saison, et il a de nouveau jou\u00e9 les 90 minutes compl\u00e8tes contre Luton Town en Premier League samedi apr\u00e8s-midi.<\/p>\n<p class=\"imgI\">\n<p>Selon <em>Initi\u00e9 au football<\/em>Ratcliffe, qui s&rsquo;appr\u00eate \u00e0 acheter 25 % de Man United, n&rsquo;a pas l&rsquo;intention de permettre \u00e0 Fernandes de partir face \u00e0 l&rsquo;int\u00e9r\u00eat de l&rsquo;Arabie saoudite.<\/p>\n<p>Ratcliffe devrait reprendre le d\u00e9partement football \u00e0 Old Trafford lorsque son arriv\u00e9e sera confirm\u00e9e, un accord devant \u00eatre annonc\u00e9 pendant la tr\u00eave internationale.<\/p>\n<p>Le fondateur et propri\u00e9taire d&rsquo;INEOS consid\u00e8re Fernandes comme un \u00e9l\u00e9ment central des plans de l&rsquo;\u00e9quipe, le milliardaire britannique estimant que l&rsquo;\u00e9quipe devrait \u00eatre construite autour des Portugais.<\/p>\n<p>Malgr\u00e9 les probl\u00e8mes de Man United cette saison, Fernandes n&rsquo;aurait aucune envie de chercher de nouveaux p\u00e2turages \u00e0 ce stade de sa carri\u00e8re, le meneur de jeu restant pleinement engag\u00e9 envers le club de Manchester.<\/p>\n<p class=\"imgI\"><img decoding=\"async\" loading=\"lazy\" class=\"l\" src=\"https:\/\/footdavant.fr\/actualites\/wp-content\/uploads\/2023\/11\/Sir-Jim-Ratcliffe-veut-construire-lequipe-de-Manchester-United.jpg\" title=\"Le pr\u00e9sident d'Ineos, Jim Ratcliffe, est photographi\u00e9 \u00e0 Old Trafford \u00e0 Manchester, en Grande-Bretagne, le 17 mars 2023.\" alt=\"Le pr\u00e9sident d'Ineos, Jim Ratcliffe, est photographi\u00e9 \u00e0 Old Trafford \u00e0 Manchester, en Grande-Bretagne, le 17 mars 2023.\" width=\"640\" height=\"480\"><\/p>\n<p>Ratcliffe aurait l&rsquo;intention de finaliser le rachat complet de Man United \u00e0 l&rsquo;avenir, m\u00eame si l&rsquo;on ne sait pas combien de temps cela pourrait prendre en raison de la nature complexe de l&rsquo;accord.<\/p>\n<p>L\u2019homme d\u2019affaires envisagerait de destituer son PDG <strong class=\"autotag\">Richard Arnold<\/strong>directeur de football <strong class=\"autotag\">John Murtough<\/strong> et directeur des op\u00e9rations football <strong class=\"autotag\">David Harrison<\/strong> de leurs positions.<\/p>\n<p>Ratcliffe voudrait faire appel \u00e0 sa propre \u00e9quipe, alors qu&rsquo;il envisage \u00e9galement de remanier le d\u00e9partement de d\u00e9pistage en raison de ce qu&rsquo;il consid\u00e8re comme des \u00e9checs en termes de signatures r\u00e9centes.<\/p>\n<p>L&rsquo;ing\u00e9nieur chimiste voudrait demander \u00e0 Man United comment ils ont d\u00e9pens\u00e9 1,4 milliard de livres sterling sur le march\u00e9 des transferts au cours des 10 derni\u00e8res ann\u00e9es sans obtenir de succ\u00e8s majeur.<\/p>\n<p>Toutefois, malgr\u00e9 les changements pr\u00e9vus, il est entendu que <strong class=\"autotag\">Erik Ten Hag<\/strong>La position d&rsquo;entra\u00eeneur-chef reste s\u00fbre, l&rsquo;\u00e9quipe obtenant une victoire bien m\u00e9rit\u00e9e 1-0 contre Luton avant la tr\u00eave internationale.<\/p>\n<\/div>\n","protected":false},"excerpt":{"rendered":"<p>Sir Jim Ratcliffe souhaite construire une nouvelle \u00e9quipe de Manchester United autour du capitaine des Red Devils Bruno Fernandes, selon un rapport. Monsieur Jim Ratcliffe<\/p>\n","protected":false},"author":1,"featured_media":1089,"comment_status":"closed","ping_status":"","sticky":false,"template":"","format":"standard","meta":{"footnotes":""},"categories":[5],"tags":[1248,138,1247,139,691,9,11,692,690,13,600],"yoast_head":"<!-- This site is optimized with the Yoast SEO plugin v21.0 - https:\/\/yoast.com\/wordpress\/plugins\/seo\/ -->\n<title>Sir Jim Ratcliffe \u00ab veut construire l\u2019\u00e9quipe de Manchester United autour de Bruno Fernandes \u00bb<\/title>\n<meta name=\"robots\" content=\"index, follow, max-snippet:-1, max-image-preview:large, max-video-preview:-1\" \/>\n<link rel=\"canonical\" href=\"https:\/\/footdavant.fr\/actualites\/sir-jim-ratcliffe-veut-construire-lequipe-de-manchester-united-autour-de-bruno-fernandes\/\" \/>\n<meta property=\"og:locale\" content=\"fr_FR\" \/>\n<meta property=\"og:type\" content=\"article\" \/>\n<meta property=\"og:title\" content=\"Sir Jim Ratcliffe \u00ab veut construire l\u2019\u00e9quipe de Manchester United autour de Bruno Fernandes \u00bb\" \/>\n<meta property=\"og:description\" content=\"Sir Jim Ratcliffe souhaite construire une nouvelle \u00e9quipe de Manchester United autour du capitaine des Red Devils Bruno Fernandes, selon un rapport. Monsieur Jim Ratcliffe\" \/>\n<meta property=\"og:url\" content=\"https:\/\/footdavant.fr\/actualites\/sir-jim-ratcliffe-veut-construire-lequipe-de-manchester-united-autour-de-bruno-fernandes\/\" \/>\n<meta property=\"og:site_name\" content=\"Foot d&#039;avant\" \/>\n<meta property=\"article:publisher\" content=\"https:\/\/www.facebook.com\/Footdavant\/\" \/>\n<meta property=\"article:published_time\" content=\"2023-11-18T03:53:58+00:00\" \/>\n<meta property=\"article:modified_time\" content=\"2023-11-18T03:53:59+00:00\" \/>\n<meta property=\"og:image\" content=\"https:\/\/footdavant.fr\/actualites\/wp-content\/uploads\/2023\/11\/Sir-Jim-Ratcliffe-veut-construire-lequipe-de-Manchester-United.JPG\" \/>\n\t<meta property=\"og:image:width\" content=\"640\" \/>\n\t<meta property=\"og:image:height\" content=\"480\" \/>\n\t<meta property=\"og:image:type\" content=\"image\/jpeg\" \/>\n<meta name=\"author\" content=\"Cl\u00e9ment\" \/>\n<meta name=\"twitter:card\" content=\"summary_large_image\" \/>\n<meta name=\"twitter:creator\" content=\"@FootdavantFr\" \/>\n<meta name=\"twitter:site\" content=\"@FootdavantFr\" \/>\n<meta name=\"twitter:label1\" content=\"\u00c9crit par\" \/>\n\t<meta name=\"twitter:data1\" content=\"Cl\u00e9ment\" \/>\n\t<meta name=\"twitter:label2\" content=\"Dur\u00e9e de lecture estim\u00e9e\" \/>\n\t<meta name=\"twitter:data2\" content=\"2 minutes\" \/>\n<script type=\"application\/ld+json\" class=\"yoast-schema-graph\">{\"@context\":\"https:\/\/schema.org\",\"@graph\":[{\"@type\":\"Article\",\"@id\":\"https:\/\/footdavant.fr\/actualites\/sir-jim-ratcliffe-veut-construire-lequipe-de-manchester-united-autour-de-bruno-fernandes\/#article\",\"isPartOf\":{\"@id\":\"https:\/\/footdavant.fr\/actualites\/sir-jim-ratcliffe-veut-construire-lequipe-de-manchester-united-autour-de-bruno-fernandes\/\"},\"author\":{\"name\":\"Cl\u00e9ment\",\"@id\":\"https:\/\/footdavant.fr\/actualites\/#\/schema\/person\/bc222566d95871b37e597b3ed3ba5e1d\"},\"headline\":\"Sir Jim Ratcliffe \u00ab veut construire l\u2019\u00e9quipe de Manchester United autour de Bruno Fernandes \u00bb\",\"datePublished\":\"2023-11-18T03:53:58+00:00\",\"dateModified\":\"2023-11-18T03:53:59+00:00\",\"mainEntityOfPage\":{\"@id\":\"https:\/\/footdavant.fr\/actualites\/sir-jim-ratcliffe-veut-construire-lequipe-de-manchester-united-autour-de-bruno-fernandes\/\"},\"wordCount\":471,\"publisher\":{\"@id\":\"https:\/\/footdavant.fr\/actualites\/#organization\"},\"keywords\":[\"autour\",\"Bruno\",\"construire\",\"Fernandes\",\"Jim\",\"l\u00e9quipe\",\"Manchester\",\"Ratcliffe\",\"Sir\",\"United\",\"veut\"],\"articleSection\":[\"Premier League\"],\"inLanguage\":\"fr-FR\"},{\"@type\":\"WebPage\",\"@id\":\"https:\/\/footdavant.fr\/actualites\/sir-jim-ratcliffe-veut-construire-lequipe-de-manchester-united-autour-de-bruno-fernandes\/\",\"url\":\"https:\/\/footdavant.fr\/actualites\/sir-jim-ratcliffe-veut-construire-lequipe-de-manchester-united-autour-de-bruno-fernandes\/\",\"name\":\"Sir Jim Ratcliffe \u00ab veut construire l\u2019\u00e9quipe de Manchester United autour de Bruno Fernandes \u00bb\",\"isPartOf\":{\"@id\":\"https:\/\/footdavant.fr\/actualites\/#website\"},\"datePublished\":\"2023-11-18T03:53:58+00:00\",\"dateModified\":\"2023-11-18T03:53:59+00:00\",\"breadcrumb\":{\"@id\":\"https:\/\/footdavant.fr\/actualites\/sir-jim-ratcliffe-veut-construire-lequipe-de-manchester-united-autour-de-bruno-fernandes\/#breadcrumb\"},\"inLanguage\":\"fr-FR\",\"potentialAction\":[{\"@type\":\"ReadAction\",\"target\":[\"https:\/\/footdavant.fr\/actualites\/sir-jim-ratcliffe-veut-construire-lequipe-de-manchester-united-autour-de-bruno-fernandes\/\"]}]},{\"@type\":\"BreadcrumbList\",\"@id\":\"https:\/\/footdavant.fr\/actualites\/sir-jim-ratcliffe-veut-construire-lequipe-de-manchester-united-autour-de-bruno-fernandes\/#breadcrumb\",\"itemListElement\":[{\"@type\":\"ListItem\",\"position\":1,\"name\":\"Accueil\",\"item\":\"https:\/\/footdavant.fr\/actualites\/\"},{\"@type\":\"ListItem\",\"position\":2,\"name\":\"Sir Jim Ratcliffe \u00ab veut construire l\u2019\u00e9quipe de Manchester United autour de Bruno Fernandes \u00bb\"}]},{\"@type\":\"WebSite\",\"@id\":\"https:\/\/footdavant.fr\/actualites\/#website\",\"url\":\"https:\/\/footdavant.fr\/actualites\/\",\"name\":\"Foot d'avant\",\"description\":\"\",\"publisher\":{\"@id\":\"https:\/\/footdavant.fr\/actualites\/#organization\"},\"potentialAction\":[{\"@type\":\"SearchAction\",\"target\":{\"@type\":\"EntryPoint\",\"urlTemplate\":\"https:\/\/footdavant.fr\/actualites\/?s={search_term_string}\"},\"query-input\":\"required name=search_term_string\"}],\"inLanguage\":\"fr-FR\"},{\"@type\":\"Organization\",\"@id\":\"https:\/\/footdavant.fr\/actualites\/#organization\",\"name\":\"Foot d'avant\",\"url\":\"https:\/\/footdavant.fr\/actualites\/\",\"logo\":{\"@type\":\"ImageObject\",\"inLanguage\":\"fr-FR\",\"@id\":\"https:\/\/footdavant.fr\/actualites\/#\/schema\/logo\/image\/\",\"url\":\"https:\/\/footdavant.fr\/actualites\/wp-content\/uploads\/2023\/09\/Copy-of-FootDavant-Logo.png\",\"contentUrl\":\"https:\/\/footdavant.fr\/actualites\/wp-content\/uploads\/2023\/09\/Copy-of-FootDavant-Logo.png\",\"width\":936,\"height\":549,\"caption\":\"Foot d'avant\"},\"image\":{\"@id\":\"https:\/\/footdavant.fr\/actualites\/#\/schema\/logo\/image\/\"},\"sameAs\":[\"https:\/\/www.facebook.com\/Footdavant\/\",\"https:\/\/twitter.com\/FootdavantFr\",\"https:\/\/www.instagram.com\/footdavant.fr\/\"]},{\"@type\":\"Person\",\"@id\":\"https:\/\/footdavant.fr\/actualites\/#\/schema\/person\/bc222566d95871b37e597b3ed3ba5e1d\",\"name\":\"Cl\u00e9ment\",\"image\":{\"@type\":\"ImageObject\",\"inLanguage\":\"fr-FR\",\"@id\":\"https:\/\/footdavant.fr\/actualites\/#\/schema\/person\/image\/\",\"url\":\"https:\/\/secure.gravatar.com\/avatar\/7728b29aac2719421e1a9159b2254c44?s=96&d=mm&r=g\",\"contentUrl\":\"https:\/\/secure.gravatar.com\/avatar\/7728b29aac2719421e1a9159b2254c44?s=96&d=mm&r=g\",\"caption\":\"Cl\u00e9ment\"},\"sameAs\":[\"https:\/\/footdavant.fr\/\"]}]}<\/script>\n<!-- \/ Yoast SEO plugin. -->","yoast_head_json":{"title":"Sir Jim Ratcliffe \u00ab veut construire l\u2019\u00e9quipe de Manchester United autour de Bruno Fernandes \u00bb","robots":{"index":"index","follow":"follow","max-snippet":"max-snippet:-1","max-image-preview":"max-image-preview:large","max-video-preview":"max-video-preview:-1"},"canonical":"https:\/\/footdavant.fr\/actualites\/sir-jim-ratcliffe-veut-construire-lequipe-de-manchester-united-autour-de-bruno-fernandes\/","og_locale":"fr_FR","og_type":"article","og_title":"Sir Jim Ratcliffe \u00ab veut construire l\u2019\u00e9quipe de Manchester United autour de Bruno Fernandes \u00bb","og_description":"Sir Jim Ratcliffe souhaite construire une nouvelle \u00e9quipe de Manchester United autour du capitaine des Red Devils Bruno Fernandes, selon un rapport. Monsieur Jim Ratcliffe","og_url":"https:\/\/footdavant.fr\/actualites\/sir-jim-ratcliffe-veut-construire-lequipe-de-manchester-united-autour-de-bruno-fernandes\/","og_site_name":"Foot d&#039;avant","article_publisher":"https:\/\/www.facebook.com\/Footdavant\/","article_published_time":"2023-11-18T03:53:58+00:00","article_modified_time":"2023-11-18T03:53:59+00:00","og_image":[{"width":640,"height":480,"url":"https:\/\/footdavant.fr\/actualites\/wp-content\/uploads\/2023\/11\/Sir-Jim-Ratcliffe-veut-construire-lequipe-de-Manchester-United.JPG","type":"image\/jpeg"}],"author":"Cl\u00e9ment","twitter_card":"summary_large_image","twitter_creator":"@FootdavantFr","twitter_site":"@FootdavantFr","twitter_misc":{"\u00c9crit par":"Cl\u00e9ment","Dur\u00e9e de lecture estim\u00e9e":"2 minutes"},"schema":{"@context":"https:\/\/schema.org","@graph":[{"@type":"Article","@id":"https:\/\/footdavant.fr\/actualites\/sir-jim-ratcliffe-veut-construire-lequipe-de-manchester-united-autour-de-bruno-fernandes\/#article","isPartOf":{"@id":"https:\/\/footdavant.fr\/actualites\/sir-jim-ratcliffe-veut-construire-lequipe-de-manchester-united-autour-de-bruno-fernandes\/"},"author":{"name":"Cl\u00e9ment","@id":"https:\/\/footdavant.fr\/actualites\/#\/schema\/person\/bc222566d95871b37e597b3ed3ba5e1d"},"headline":"Sir Jim Ratcliffe \u00ab veut construire l\u2019\u00e9quipe de Manchester United autour de Bruno Fernandes \u00bb","datePublished":"2023-11-18T03:53:58+00:00","dateModified":"2023-11-18T03:53:59+00:00","mainEntityOfPage":{"@id":"https:\/\/footdavant.fr\/actualites\/sir-jim-ratcliffe-veut-construire-lequipe-de-manchester-united-autour-de-bruno-fernandes\/"},"wordCount":471,"publisher":{"@id":"https:\/\/footdavant.fr\/actualites\/#organization"},"keywords":["autour","Bruno","construire","Fernandes","Jim","l\u00e9quipe","Manchester","Ratcliffe","Sir","United","veut"],"articleSection":["Premier League"],"inLanguage":"fr-FR"},{"@type":"WebPage","@id":"https:\/\/footdavant.fr\/actualites\/sir-jim-ratcliffe-veut-construire-lequipe-de-manchester-united-autour-de-bruno-fernandes\/","url":"https:\/\/footdavant.fr\/actualites\/sir-jim-ratcliffe-veut-construire-lequipe-de-manchester-united-autour-de-bruno-fernandes\/","name":"Sir Jim Ratcliffe \u00ab veut construire l\u2019\u00e9quipe de Manchester United autour de Bruno Fernandes \u00bb","isPartOf":{"@id":"https:\/\/footdavant.fr\/actualites\/#website"},"datePublished":"2023-11-18T03:53:58+00:00","dateModified":"2023-11-18T03:53:59+00:00","breadcrumb":{"@id":"https:\/\/footdavant.fr\/actualites\/sir-jim-ratcliffe-veut-construire-lequipe-de-manchester-united-autour-de-bruno-fernandes\/#breadcrumb"},"inLanguage":"fr-FR","potentialAction":[{"@type":"ReadAction","target":["https:\/\/footdavant.fr\/actualites\/sir-jim-ratcliffe-veut-construire-lequipe-de-manchester-united-autour-de-bruno-fernandes\/"]}]},{"@type":"BreadcrumbList","@id":"https:\/\/footdavant.fr\/actualites\/sir-jim-ratcliffe-veut-construire-lequipe-de-manchester-united-autour-de-bruno-fernandes\/#breadcrumb","itemListElement":[{"@type":"ListItem","position":1,"name":"Accueil","item":"https:\/\/footdavant.fr\/actualites\/"},{"@type":"ListItem","position":2,"name":"Sir Jim Ratcliffe \u00ab veut construire l\u2019\u00e9quipe de Manchester United autour de Bruno Fernandes \u00bb"}]},{"@type":"WebSite","@id":"https:\/\/footdavant.fr\/actualites\/#website","url":"https:\/\/footdavant.fr\/actualites\/","name":"Foot d'avant","description":"","publisher":{"@id":"https:\/\/footdavant.fr\/actualites\/#organization"},"potentialAction":[{"@type":"SearchAction","target":{"@type":"EntryPoint","urlTemplate":"https:\/\/footdavant.fr\/actualites\/?s={search_term_string}"},"query-input":"required name=search_term_string"}],"inLanguage":"fr-FR"},{"@type":"Organization","@id":"https:\/\/footdavant.fr\/actualites\/#organization","name":"Foot d'avant","url":"https:\/\/footdavant.fr\/actualites\/","logo":{"@type":"ImageObject","inLanguage":"fr-FR","@id":"https:\/\/footdavant.fr\/actualites\/#\/schema\/logo\/image\/","url":"https:\/\/footdavant.fr\/actualites\/wp-content\/uploads\/2023\/09\/Copy-of-FootDavant-Logo.png","contentUrl":"https:\/\/footdavant.fr\/actualites\/wp-content\/uploads\/2023\/09\/Copy-of-FootDavant-Logo.png","width":936,"height":549,"caption":"Foot d'avant"},"image":{"@id":"https:\/\/footdavant.fr\/actualites\/#\/schema\/logo\/image\/"},"sameAs":["https:\/\/www.facebook.com\/Footdavant\/","https:\/\/twitter.com\/FootdavantFr","https:\/\/www.instagram.com\/footdavant.fr\/"]},{"@type":"Person","@id":"https:\/\/footdavant.fr\/actualites\/#\/schema\/person\/bc222566d95871b37e597b3ed3ba5e1d","name":"Cl\u00e9ment","image":{"@type":"ImageObject","inLanguage":"fr-FR","@id":"https:\/\/footdavant.fr\/actualites\/#\/schema\/person\/image\/","url":"https:\/\/secure.gravatar.com\/avatar\/7728b29aac2719421e1a9159b2254c44?s=96&d=mm&r=g","contentUrl":"https:\/\/secure.gravatar.com\/avatar\/7728b29aac2719421e1a9159b2254c44?s=96&d=mm&r=g","caption":"Cl\u00e9ment"},"sameAs":["https:\/\/footdavant.fr\/"]}]}},"_links":{"self":[{"href":"https:\/\/footdavant.fr\/actualites\/wp-json\/wp\/v2\/posts\/1088"}],"collection":[{"href":"https:\/\/footdavant.fr\/actualites\/wp-json\/wp\/v2\/posts"}],"about":[{"href":"https:\/\/footdavant.fr\/actualites\/wp-json\/wp\/v2\/types\/post"}],"author":[{"embeddable":true,"href":"https:\/\/footdavant.fr\/actualites\/wp-json\/wp\/v2\/users\/1"}],"replies":[{"embeddable":true,"href":"https:\/\/footdavant.fr\/actualites\/wp-json\/wp\/v2\/comments?post=1088"}],"version-history":[{"count":1,"href":"https:\/\/footdavant.fr\/actualites\/wp-json\/wp\/v2\/posts\/1088\/revisions"}],"predecessor-version":[{"id":1090,"href":"https:\/\/footdavant.fr\/actualites\/wp-json\/wp\/v2\/posts\/1088\/revisions\/1090"}],"wp:featuredmedia":[{"embeddable":true,"href":"https:\/\/footdavant.fr\/actualites\/wp-json\/wp\/v2\/media\/1089"}],"wp:attachment":[{"href":"https:\/\/footdavant.fr\/actualites\/wp-json\/wp\/v2\/media?parent=1088"}],"wp:term":[{"taxonomy":"category","embeddable":true,"href":"https:\/\/footdavant.fr\/actualites\/wp-json\/wp\/v2\/categories?post=1088"},{"taxonomy":"post_tag","embeddable":true,"href":"https:\/\/footdavant.fr\/actualites\/wp-json\/wp\/v2\/tags?post=1088"}],"curies":[{"name":"wp","href":"https:\/\/api.w.org\/{rel}","templated":true}]}}