{"id":1121,"date":"2023-11-19T01:49:23","date_gmt":"2023-11-19T00:49:23","guid":{"rendered":"https:\/\/footdavant.fr\/actualites\/manchester-united-souffre-de-blessures-a-marcus-rashford-et-andre-onana\/"},"modified":"2023-11-19T01:49:24","modified_gmt":"2023-11-19T00:49:24","slug":"manchester-united-souffre-de-blessures-a-marcus-rashford-et-andre-onana","status":"publish","type":"post","link":"https:\/\/footdavant.fr\/actualites\/manchester-united-souffre-de-blessures-a-marcus-rashford-et-andre-onana\/","title":{"rendered":"Manchester United souffre de blessures \u00e0 Marcus Rashford et Andre Onana"},"content":{"rendered":"<p>Manchester United re\u00e7oit deux nouveaux probl\u00e8mes de blessures apr\u00e8s que l&rsquo;attaquant Marcus Rashford et le gardien Andre Onana aient \u00e9t\u00e9 touch\u00e9s en mission internationale.<\/p>\n<div id=\"article_body\" itemprop=\"articleBody\">\n<h3 class=\"firstPara\">\n<strong class=\"autotag\">Manchester United<\/strong> ont re\u00e7u deux nouveaux probl\u00e8mes de blessures apr\u00e8s <strong class=\"autotag\">Marcus Rashford<\/strong> et <strong class=\"autotag\">Andr\u00e9 Onana<\/strong> ont \u00e9t\u00e9 expuls\u00e9s lors de leurs matches internationaux respectifs.<\/h3>\n<p>Rashford a d\u00e9but\u00e9 la victoire 2-0 de l&rsquo;Angleterre contre Malte \u00e0 Wembley, o\u00f9 un <strong class=\"autotag\">Enrico P\u00e9p\u00e9<\/strong> son propre but et un <strong class=\"autotag\">Harry Kane<\/strong> Cette frappe a aid\u00e9 les Trois Lions \u00e0 maintenir leur record d&rsquo;invincibilit\u00e9 lors des qualifications pour l&rsquo;Euro 2024.<\/p>\n<p>L&rsquo;attaquant de Man United n&rsquo;a pas pu terminer le match apr\u00e8s avoir subi un coup suite \u00e0 une collision avec son <strong class=\"autotag\">Angleterre<\/strong> co\u00e9quipier <strong class=\"autotag\">Trent Alexander-Arnold<\/strong>.<\/p>\n<p>Rashford et Alexander-Arnold sont entr\u00e9s accidentellement en collision alors qu&rsquo;ils sprintaient tous les deux vers le ballon dans le but de conserver la possession \u00e0 la 57e minute.<\/p>\n<p>Bien que les deux joueurs soient tomb\u00e9s au sol \u00e0 la suite de l&rsquo;incident, c&rsquo;est Rashford qui s&rsquo;en est sorti le plus mal et a n\u00e9cessit\u00e9 des soins m\u00e9dicaux.<\/p>\n<p class=\"imgI\">\n<p>Le joueur de 26 ans n&rsquo;ayant pas pu continuer, il a ensuite \u00e9t\u00e9 remplac\u00e9 par l&rsquo;attaquant de Chelsea. <strong class=\"autotag\">Cole Palmer<\/strong>qui a quitt\u00e9 le banc pour faire ses d\u00e9buts en Angleterre.<\/p>\n<p>Rashford devra \u00eatre \u00e9valu\u00e9 avant que l&rsquo;Angleterre ne se rende \u00e0 Skopje pour son dernier match de qualification pour l&rsquo;Euro 2024 contre la Mac\u00e9doine du Nord.<\/p>\n<p>Patron de Man United <strong class=\"autotag\">Erik Ten Hag<\/strong> J&rsquo;esp\u00e8re que ce n&rsquo;est qu&rsquo;un coup, apr\u00e8s avoir d\u00e9but\u00e9 Rashford lors de 11 des 12 matchs de Premier League du club cette saison.<\/p>\n<p>En plus de Rashford, Man United transpire \u00e9galement sur la forme physique d&rsquo;Onana apr\u00e8s qu&rsquo;il ait \u00e9t\u00e9 contraint de quitter le terrain. <strong class=\"autotag\">Cameroun<\/strong>victoire 3-0 contre Maurice lors des \u00e9liminatoires de la Coupe du monde.<\/p>\n<p class=\"imgI\"><img decoding=\"async\" loading=\"lazy\" class=\"l\" src=\"https:\/\/footdavant.fr\/actualites\/wp-content\/uploads\/2023\/11\/Manchester-United-souffre-de-blessures-a-Marcus-Rashford-et-Andre.jpg\" title=\"Andre Onana de Manchester United c\u00e9l\u00e8bre apr\u00e8s avoir sauv\u00e9 un penalty manqu\u00e9 par Copenhague le 24 octobre 2023\" alt=\"Andre Onana de Manchester United c\u00e9l\u00e8bre apr\u00e8s avoir sauv\u00e9 un penalty manqu\u00e9 par Copenhague le 24 octobre 2023\" width=\"640\" height=\"480\"><\/p>\n<p>Onana, qui a quitt\u00e9 sa retraite internationale en septembre, a \u00e9t\u00e9 retir\u00e9 \u00e0 la 80e minute et a quitt\u00e9 le terrain avec le staff m\u00e9dical camerounais.<\/p>\n<p>Le Cameroun est de retour en action contre la Libye mardi, et il reste \u00e0 voir si le tireur sera impliqu\u00e9.<\/p>\n<p>Depuis qu&rsquo;il a quitt\u00e9 l&rsquo;Inter Milan cet \u00e9t\u00e9, le joueur de 27 ans a particip\u00e9 aux 18 matches de comp\u00e9tition de Man United cette saison, s&rsquo;\u00e9tant impos\u00e9 comme le gardien de premier choix du club. <\/p>\n<p>Ten Hag fait d\u00e9j\u00e0 face \u00e0 une longue liste de blessures qui comprend <strong class=\"autotag\">Jonny Evans<\/strong>, <strong class=\"autotag\">Lisandro Martinez<\/strong>, <strong class=\"autotag\">Luc Shaw<\/strong>, <strong class=\"autotag\">Tyrell Malacia<\/strong>, <strong class=\"autotag\">Casemiro<\/strong>, <strong class=\"autotag\">Christian Eriksen<\/strong>, <strong class=\"autotag\">Rasmus Hojlund<\/strong> et <strong class=\"autotag\">Amad Diallo<\/strong>.<\/p>\n<p>Le N\u00e9erlandais voudra que Rashford et Onana soient pr\u00eats pour le prochain match de Man United en Premier League contre Everton le 26 novembre.<\/p>\n<\/div>\n","protected":false},"excerpt":{"rendered":"<p>Manchester United re\u00e7oit deux nouveaux probl\u00e8mes de blessures apr\u00e8s que l&rsquo;attaquant Marcus Rashford et le gardien Andre Onana aient \u00e9t\u00e9 touch\u00e9s en mission internationale. Manchester<\/p>\n","protected":false},"author":1,"featured_media":1122,"comment_status":"closed","ping_status":"","sticky":false,"template":"","format":"standard","meta":{"footnotes":""},"categories":[5],"tags":[194,155,11,422,195,423,418,13],"yoast_head":"<!-- This site is optimized with the Yoast SEO plugin v21.0 - https:\/\/yoast.com\/wordpress\/plugins\/seo\/ -->\n<title>Manchester United souffre de blessures \u00e0 Marcus Rashford et Andre Onana<\/title>\n<meta name=\"robots\" content=\"index, follow, max-snippet:-1, max-image-preview:large, max-video-preview:-1\" \/>\n<link rel=\"canonical\" href=\"https:\/\/footdavant.fr\/actualites\/manchester-united-souffre-de-blessures-a-marcus-rashford-et-andre-onana\/\" \/>\n<meta property=\"og:locale\" content=\"fr_FR\" \/>\n<meta property=\"og:type\" content=\"article\" \/>\n<meta property=\"og:title\" content=\"Manchester United souffre de blessures \u00e0 Marcus Rashford et Andre Onana\" \/>\n<meta property=\"og:description\" content=\"Manchester United re\u00e7oit deux nouveaux probl\u00e8mes de blessures apr\u00e8s que l&rsquo;attaquant Marcus Rashford et le gardien Andre Onana aient \u00e9t\u00e9 touch\u00e9s en mission internationale. Manchester\" \/>\n<meta property=\"og:url\" content=\"https:\/\/footdavant.fr\/actualites\/manchester-united-souffre-de-blessures-a-marcus-rashford-et-andre-onana\/\" \/>\n<meta property=\"og:site_name\" content=\"Foot d&#039;avant\" \/>\n<meta property=\"article:publisher\" content=\"https:\/\/www.facebook.com\/Footdavant\/\" \/>\n<meta property=\"article:published_time\" content=\"2023-11-19T00:49:23+00:00\" \/>\n<meta property=\"article:modified_time\" content=\"2023-11-19T00:49:24+00:00\" \/>\n<meta property=\"og:image\" content=\"https:\/\/footdavant.fr\/actualites\/wp-content\/uploads\/2023\/11\/Manchester-United-souffre-de-blessures-a-Marcus-Rashford-et-Andre.JPG\" \/>\n\t<meta property=\"og:image:width\" content=\"640\" \/>\n\t<meta property=\"og:image:height\" content=\"480\" \/>\n\t<meta property=\"og:image:type\" content=\"image\/jpeg\" \/>\n<meta name=\"author\" content=\"Cl\u00e9ment\" \/>\n<meta name=\"twitter:card\" content=\"summary_large_image\" \/>\n<meta name=\"twitter:creator\" content=\"@FootdavantFr\" \/>\n<meta name=\"twitter:site\" content=\"@FootdavantFr\" \/>\n<meta name=\"twitter:label1\" content=\"\u00c9crit par\" \/>\n\t<meta name=\"twitter:data1\" content=\"Cl\u00e9ment\" \/>\n\t<meta name=\"twitter:label2\" content=\"Dur\u00e9e de lecture estim\u00e9e\" \/>\n\t<meta name=\"twitter:data2\" content=\"2 minutes\" \/>\n<script type=\"application\/ld+json\" class=\"yoast-schema-graph\">{\"@context\":\"https:\/\/schema.org\",\"@graph\":[{\"@type\":\"Article\",\"@id\":\"https:\/\/footdavant.fr\/actualites\/manchester-united-souffre-de-blessures-a-marcus-rashford-et-andre-onana\/#article\",\"isPartOf\":{\"@id\":\"https:\/\/footdavant.fr\/actualites\/manchester-united-souffre-de-blessures-a-marcus-rashford-et-andre-onana\/\"},\"author\":{\"name\":\"Cl\u00e9ment\",\"@id\":\"https:\/\/footdavant.fr\/actualites\/#\/schema\/person\/bc222566d95871b37e597b3ed3ba5e1d\"},\"headline\":\"Manchester United souffre de blessures \u00e0 Marcus Rashford et Andre Onana\",\"datePublished\":\"2023-11-19T00:49:23+00:00\",\"dateModified\":\"2023-11-19T00:49:24+00:00\",\"mainEntityOfPage\":{\"@id\":\"https:\/\/footdavant.fr\/actualites\/manchester-united-souffre-de-blessures-a-marcus-rashford-et-andre-onana\/\"},\"wordCount\":447,\"publisher\":{\"@id\":\"https:\/\/footdavant.fr\/actualites\/#organization\"},\"keywords\":[\"Andre\",\"blessures\",\"Manchester\",\"Marcus\",\"Onana\",\"Rashford\",\"souffre\",\"United\"],\"articleSection\":[\"Premier League\"],\"inLanguage\":\"fr-FR\"},{\"@type\":\"WebPage\",\"@id\":\"https:\/\/footdavant.fr\/actualites\/manchester-united-souffre-de-blessures-a-marcus-rashford-et-andre-onana\/\",\"url\":\"https:\/\/footdavant.fr\/actualites\/manchester-united-souffre-de-blessures-a-marcus-rashford-et-andre-onana\/\",\"name\":\"Manchester United souffre de blessures \u00e0 Marcus Rashford et Andre Onana\",\"isPartOf\":{\"@id\":\"https:\/\/footdavant.fr\/actualites\/#website\"},\"datePublished\":\"2023-11-19T00:49:23+00:00\",\"dateModified\":\"2023-11-19T00:49:24+00:00\",\"breadcrumb\":{\"@id\":\"https:\/\/footdavant.fr\/actualites\/manchester-united-souffre-de-blessures-a-marcus-rashford-et-andre-onana\/#breadcrumb\"},\"inLanguage\":\"fr-FR\",\"potentialAction\":[{\"@type\":\"ReadAction\",\"target\":[\"https:\/\/footdavant.fr\/actualites\/manchester-united-souffre-de-blessures-a-marcus-rashford-et-andre-onana\/\"]}]},{\"@type\":\"BreadcrumbList\",\"@id\":\"https:\/\/footdavant.fr\/actualites\/manchester-united-souffre-de-blessures-a-marcus-rashford-et-andre-onana\/#breadcrumb\",\"itemListElement\":[{\"@type\":\"ListItem\",\"position\":1,\"name\":\"Accueil\",\"item\":\"https:\/\/footdavant.fr\/actualites\/\"},{\"@type\":\"ListItem\",\"position\":2,\"name\":\"Manchester United souffre de blessures \u00e0 Marcus Rashford et Andre Onana\"}]},{\"@type\":\"WebSite\",\"@id\":\"https:\/\/footdavant.fr\/actualites\/#website\",\"url\":\"https:\/\/footdavant.fr\/actualites\/\",\"name\":\"Foot d'avant\",\"description\":\"\",\"publisher\":{\"@id\":\"https:\/\/footdavant.fr\/actualites\/#organization\"},\"potentialAction\":[{\"@type\":\"SearchAction\",\"target\":{\"@type\":\"EntryPoint\",\"urlTemplate\":\"https:\/\/footdavant.fr\/actualites\/?s={search_term_string}\"},\"query-input\":\"required name=search_term_string\"}],\"inLanguage\":\"fr-FR\"},{\"@type\":\"Organization\",\"@id\":\"https:\/\/footdavant.fr\/actualites\/#organization\",\"name\":\"Foot d'avant\",\"url\":\"https:\/\/footdavant.fr\/actualites\/\",\"logo\":{\"@type\":\"ImageObject\",\"inLanguage\":\"fr-FR\",\"@id\":\"https:\/\/footdavant.fr\/actualites\/#\/schema\/logo\/image\/\",\"url\":\"https:\/\/footdavant.fr\/actualites\/wp-content\/uploads\/2023\/09\/Copy-of-FootDavant-Logo.png\",\"contentUrl\":\"https:\/\/footdavant.fr\/actualites\/wp-content\/uploads\/2023\/09\/Copy-of-FootDavant-Logo.png\",\"width\":936,\"height\":549,\"caption\":\"Foot d'avant\"},\"image\":{\"@id\":\"https:\/\/footdavant.fr\/actualites\/#\/schema\/logo\/image\/\"},\"sameAs\":[\"https:\/\/www.facebook.com\/Footdavant\/\",\"https:\/\/twitter.com\/FootdavantFr\",\"https:\/\/www.instagram.com\/footdavant.fr\/\"]},{\"@type\":\"Person\",\"@id\":\"https:\/\/footdavant.fr\/actualites\/#\/schema\/person\/bc222566d95871b37e597b3ed3ba5e1d\",\"name\":\"Cl\u00e9ment\",\"image\":{\"@type\":\"ImageObject\",\"inLanguage\":\"fr-FR\",\"@id\":\"https:\/\/footdavant.fr\/actualites\/#\/schema\/person\/image\/\",\"url\":\"https:\/\/secure.gravatar.com\/avatar\/7728b29aac2719421e1a9159b2254c44?s=96&d=mm&r=g\",\"contentUrl\":\"https:\/\/secure.gravatar.com\/avatar\/7728b29aac2719421e1a9159b2254c44?s=96&d=mm&r=g\",\"caption\":\"Cl\u00e9ment\"},\"sameAs\":[\"https:\/\/footdavant.fr\/\"]}]}<\/script>\n<!-- \/ Yoast SEO plugin. -->","yoast_head_json":{"title":"Manchester United souffre de blessures \u00e0 Marcus Rashford et Andre Onana","robots":{"index":"index","follow":"follow","max-snippet":"max-snippet:-1","max-image-preview":"max-image-preview:large","max-video-preview":"max-video-preview:-1"},"canonical":"https:\/\/footdavant.fr\/actualites\/manchester-united-souffre-de-blessures-a-marcus-rashford-et-andre-onana\/","og_locale":"fr_FR","og_type":"article","og_title":"Manchester United souffre de blessures \u00e0 Marcus Rashford et Andre Onana","og_description":"Manchester United re\u00e7oit deux nouveaux probl\u00e8mes de blessures apr\u00e8s que l&rsquo;attaquant Marcus Rashford et le gardien Andre Onana aient \u00e9t\u00e9 touch\u00e9s en mission internationale. Manchester","og_url":"https:\/\/footdavant.fr\/actualites\/manchester-united-souffre-de-blessures-a-marcus-rashford-et-andre-onana\/","og_site_name":"Foot d&#039;avant","article_publisher":"https:\/\/www.facebook.com\/Footdavant\/","article_published_time":"2023-11-19T00:49:23+00:00","article_modified_time":"2023-11-19T00:49:24+00:00","og_image":[{"width":640,"height":480,"url":"https:\/\/footdavant.fr\/actualites\/wp-content\/uploads\/2023\/11\/Manchester-United-souffre-de-blessures-a-Marcus-Rashford-et-Andre.JPG","type":"image\/jpeg"}],"author":"Cl\u00e9ment","twitter_card":"summary_large_image","twitter_creator":"@FootdavantFr","twitter_site":"@FootdavantFr","twitter_misc":{"\u00c9crit par":"Cl\u00e9ment","Dur\u00e9e de lecture estim\u00e9e":"2 minutes"},"schema":{"@context":"https:\/\/schema.org","@graph":[{"@type":"Article","@id":"https:\/\/footdavant.fr\/actualites\/manchester-united-souffre-de-blessures-a-marcus-rashford-et-andre-onana\/#article","isPartOf":{"@id":"https:\/\/footdavant.fr\/actualites\/manchester-united-souffre-de-blessures-a-marcus-rashford-et-andre-onana\/"},"author":{"name":"Cl\u00e9ment","@id":"https:\/\/footdavant.fr\/actualites\/#\/schema\/person\/bc222566d95871b37e597b3ed3ba5e1d"},"headline":"Manchester United souffre de blessures \u00e0 Marcus Rashford et Andre Onana","datePublished":"2023-11-19T00:49:23+00:00","dateModified":"2023-11-19T00:49:24+00:00","mainEntityOfPage":{"@id":"https:\/\/footdavant.fr\/actualites\/manchester-united-souffre-de-blessures-a-marcus-rashford-et-andre-onana\/"},"wordCount":447,"publisher":{"@id":"https:\/\/footdavant.fr\/actualites\/#organization"},"keywords":["Andre","blessures","Manchester","Marcus","Onana","Rashford","souffre","United"],"articleSection":["Premier League"],"inLanguage":"fr-FR"},{"@type":"WebPage","@id":"https:\/\/footdavant.fr\/actualites\/manchester-united-souffre-de-blessures-a-marcus-rashford-et-andre-onana\/","url":"https:\/\/footdavant.fr\/actualites\/manchester-united-souffre-de-blessures-a-marcus-rashford-et-andre-onana\/","name":"Manchester United souffre de blessures \u00e0 Marcus Rashford et Andre Onana","isPartOf":{"@id":"https:\/\/footdavant.fr\/actualites\/#website"},"datePublished":"2023-11-19T00:49:23+00:00","dateModified":"2023-11-19T00:49:24+00:00","breadcrumb":{"@id":"https:\/\/footdavant.fr\/actualites\/manchester-united-souffre-de-blessures-a-marcus-rashford-et-andre-onana\/#breadcrumb"},"inLanguage":"fr-FR","potentialAction":[{"@type":"ReadAction","target":["https:\/\/footdavant.fr\/actualites\/manchester-united-souffre-de-blessures-a-marcus-rashford-et-andre-onana\/"]}]},{"@type":"BreadcrumbList","@id":"https:\/\/footdavant.fr\/actualites\/manchester-united-souffre-de-blessures-a-marcus-rashford-et-andre-onana\/#breadcrumb","itemListElement":[{"@type":"ListItem","position":1,"name":"Accueil","item":"https:\/\/footdavant.fr\/actualites\/"},{"@type":"ListItem","position":2,"name":"Manchester United souffre de blessures \u00e0 Marcus Rashford et Andre Onana"}]},{"@type":"WebSite","@id":"https:\/\/footdavant.fr\/actualites\/#website","url":"https:\/\/footdavant.fr\/actualites\/","name":"Foot d'avant","description":"","publisher":{"@id":"https:\/\/footdavant.fr\/actualites\/#organization"},"potentialAction":[{"@type":"SearchAction","target":{"@type":"EntryPoint","urlTemplate":"https:\/\/footdavant.fr\/actualites\/?s={search_term_string}"},"query-input":"required name=search_term_string"}],"inLanguage":"fr-FR"},{"@type":"Organization","@id":"https:\/\/footdavant.fr\/actualites\/#organization","name":"Foot d'avant","url":"https:\/\/footdavant.fr\/actualites\/","logo":{"@type":"ImageObject","inLanguage":"fr-FR","@id":"https:\/\/footdavant.fr\/actualites\/#\/schema\/logo\/image\/","url":"https:\/\/footdavant.fr\/actualites\/wp-content\/uploads\/2023\/09\/Copy-of-FootDavant-Logo.png","contentUrl":"https:\/\/footdavant.fr\/actualites\/wp-content\/uploads\/2023\/09\/Copy-of-FootDavant-Logo.png","width":936,"height":549,"caption":"Foot d'avant"},"image":{"@id":"https:\/\/footdavant.fr\/actualites\/#\/schema\/logo\/image\/"},"sameAs":["https:\/\/www.facebook.com\/Footdavant\/","https:\/\/twitter.com\/FootdavantFr","https:\/\/www.instagram.com\/footdavant.fr\/"]},{"@type":"Person","@id":"https:\/\/footdavant.fr\/actualites\/#\/schema\/person\/bc222566d95871b37e597b3ed3ba5e1d","name":"Cl\u00e9ment","image":{"@type":"ImageObject","inLanguage":"fr-FR","@id":"https:\/\/footdavant.fr\/actualites\/#\/schema\/person\/image\/","url":"https:\/\/secure.gravatar.com\/avatar\/7728b29aac2719421e1a9159b2254c44?s=96&d=mm&r=g","contentUrl":"https:\/\/secure.gravatar.com\/avatar\/7728b29aac2719421e1a9159b2254c44?s=96&d=mm&r=g","caption":"Cl\u00e9ment"},"sameAs":["https:\/\/footdavant.fr\/"]}]}},"_links":{"self":[{"href":"https:\/\/footdavant.fr\/actualites\/wp-json\/wp\/v2\/posts\/1121"}],"collection":[{"href":"https:\/\/footdavant.fr\/actualites\/wp-json\/wp\/v2\/posts"}],"about":[{"href":"https:\/\/footdavant.fr\/actualites\/wp-json\/wp\/v2\/types\/post"}],"author":[{"embeddable":true,"href":"https:\/\/footdavant.fr\/actualites\/wp-json\/wp\/v2\/users\/1"}],"replies":[{"embeddable":true,"href":"https:\/\/footdavant.fr\/actualites\/wp-json\/wp\/v2\/comments?post=1121"}],"version-history":[{"count":1,"href":"https:\/\/footdavant.fr\/actualites\/wp-json\/wp\/v2\/posts\/1121\/revisions"}],"predecessor-version":[{"id":1123,"href":"https:\/\/footdavant.fr\/actualites\/wp-json\/wp\/v2\/posts\/1121\/revisions\/1123"}],"wp:featuredmedia":[{"embeddable":true,"href":"https:\/\/footdavant.fr\/actualites\/wp-json\/wp\/v2\/media\/1122"}],"wp:attachment":[{"href":"https:\/\/footdavant.fr\/actualites\/wp-json\/wp\/v2\/media?parent=1121"}],"wp:term":[{"taxonomy":"category","embeddable":true,"href":"https:\/\/footdavant.fr\/actualites\/wp-json\/wp\/v2\/categories?post=1121"},{"taxonomy":"post_tag","embeddable":true,"href":"https:\/\/footdavant.fr\/actualites\/wp-json\/wp\/v2\/tags?post=1121"}],"curies":[{"name":"wp","href":"https:\/\/api.w.org\/{rel}","templated":true}]}}