{"id":11437,"date":"2024-07-25T08:48:04","date_gmt":"2024-07-25T06:48:04","guid":{"rendered":"https:\/\/footdavant.fr\/actualites\/nick-chubb-debute-le-camp-dentrainement-sur-la-liste-pup-des-browns\/"},"modified":"2024-07-25T08:48:05","modified_gmt":"2024-07-25T06:48:05","slug":"nick-chubb-debute-le-camp-dentrainement-sur-la-liste-pup-des-browns","status":"publish","type":"post","link":"https:\/\/footdavant.fr\/actualites\/nick-chubb-debute-le-camp-dentrainement-sur-la-liste-pup-des-browns\/","title":{"rendered":"Nick Chubb d\u00e9bute le camp d&#39;entra\u00eenement sur la liste PUP des Browns"},"content":{"rendered":"<div>\n<p>L&#39;une des blessures majeures des Browns en 2023 concernait leur RB titulaire Nick Chubb. Il a subi une horrible blessure au genou et a d\u00fb subir plusieurs interventions chirurgicales pour r\u00e9parer son ligament crois\u00e9 ant\u00e9rieur et son ligament lat\u00e9ral interne. Le camp d&#39;entra\u00eenement des Browns d\u00e9butant cette semaine, l&#39;\u00e9quipe a annonc\u00e9 que Chubb d\u00e9butera sur la liste des joueurs pr\u00e9-s\u00e9lectionn\u00e9s. Il a jusqu&#39;au jour de la r\u00e9duction de l&#39;effectif, le 27 ao\u00fbt, pour quitter la liste des joueurs pr\u00e9-s\u00e9lectionn\u00e9s. Sinon, il sera contraint de manquer les quatre premi\u00e8res semaines de la saison.<\/p>\n<h2>Nick Chubb fait ce qu&#39;il peut pour \u00eatre pr\u00eat pour le d\u00e9but de la saison 2024<\/h2>\n<blockquote class=\"twitter-tweet\">\n<p dir=\"ltr\" lang=\"en\">Les Browns ont plac\u00e9 le RB Nick Chubb (genou), l&#39;OT Jack Conklin (genou), l&#39;OT Jedrick Wills Jr. (genou) et le DT Dalvin Tomlinson (genou) sur la liste PUP.<\/p>\n<p>\u2013Adam Schefter (@AdamSchefter) <a rel=\"nofollow\" href=\"https:\/\/twitter.com\/AdamSchefter\/status\/1816139162610983298?ref_src=twsrc%5Etfw\">24 juillet 2024<\/a><\/p>\n<\/blockquote>\n<p>Lors de la draft NFL 2018, Nick Chubb a \u00e9t\u00e9 le 35e choix global des Browns de Cleveland. Pendant les cinq premi\u00e8res ann\u00e9es de sa carri\u00e8re, Chubb a \u00e9t\u00e9 un RB dominant pour Cleveland. Il a accumul\u00e9 plus de 1 000 yards au sol lors de quatre de ses cinq premi\u00e8res saisons. De plus, Chubb a inscrit au moins huit touchdowns lors de chacune de ses cinq premi\u00e8res saisons avec les Browns. Le joueur de 28 ans est vraiment leur porte-balles de pr\u00e9dilection. Malheureusement, Chubb a souffert d&#39;une grave blessure au genou lors de la deuxi\u00e8me semaine de la saison 2023 contre les Steelers.<\/p>\n<p>Le RB du Pro Bowl a subi des blessures au ligament crois\u00e9 ant\u00e9rieur et au ligament lat\u00e9ral interne, n\u00e9cessitant plusieurs op\u00e9rations. Chubb a eu toute la saison morte pour r\u00e9cup\u00e9rer, mais il n&#39;est pas encore pr\u00eat \u00e0 s&#39;entra\u00eener. Cleveland a annonc\u00e9 qu&#39;il d\u00e9buterait le camp d&#39;entra\u00eenement sur la liste des joueurs en attente. Cela ne veut pas dire que Chubb ne sera pas pr\u00eat pour la semaine 1. Il a simplement besoin de temps suppl\u00e9mentaire. S&#39;il se retrouve dans une situation similaire dans un mois, les fans des Browns devraient s&#39;inqui\u00e9ter. Nous devrons attendre et voir comment Chubb progresse.<\/p>\n<blockquote class=\"twitter-tweet\">\n<p dir=\"ltr\" lang=\"en\">24 est construit diff\u00e9remment \ud83d\ude24<\/p>\n<p>(par joc.films\/IG) | <a rel=\"nofollow\" href=\"https:\/\/twitter.com\/NickChubb?ref_src=twsrc%5Etfw\">@NickChubb<\/a> <a rel=\"nofollow\" href=\"https:\/\/t.co\/XtzHjIK4qw\">pic.twitter.com\/XtzHjIK4qw<\/a><\/p>\n<p>\u2014 Cleveland Browns (@Browns) <a rel=\"nofollow\" href=\"https:\/\/twitter.com\/Browns\/status\/1812907965952807083?ref_src=twsrc%5Etfw\">15 juillet 2024<\/a><\/p>\n<\/blockquote>\n<p>Plus t\u00f4t ce mois-ci, les Browns ont publi\u00e9 une vid\u00e9o du RB Nick Chub en train de soulever 257 kg. C&#39;est seulement huit mois apr\u00e8s les op\u00e9rations chirurgicales dont il a d\u00fb se faire op\u00e9rer au genou. C&#39;est impressionnant de voir le talentueux RB r\u00e9ussir \u00e0 faire \u00e7a. Cependant, il n&#39;est pas encore pr\u00eat \u00e0 \u00eatre sur le terrain. Les fans des Browns doivent \u00eatre patients avec Chubb. \u00c0 28 ans, l&#39;ancien choix de deuxi\u00e8me tour n&#39;est techniquement plus \u00e0 son meilleur niveau pour son poste. Le fait que Chubb doive en plus faire face \u00e0 des blessures n&#39;aide pas. Quel genre de saison Nick Chubb aura-t-il en 2024 pour les Browns ?<\/p>\n<\/p><\/div>\n<p><script async src=\"https:\/\/platform.twitter.com\/widgets.js\" charset=\"utf-8\"><\/script><\/p>\n","protected":false},"excerpt":{"rendered":"<p>L&#39;une des blessures majeures des Browns en 2023 concernait leur RB titulaire Nick Chubb. Il a subi une horrible blessure au genou et a d\u00fb<\/p>\n","protected":false},"author":1,"featured_media":11438,"comment_status":"closed","ping_status":"","sticky":false,"template":"","format":"standard","meta":{"footnotes":""},"categories":[3],"tags":[400,1185,5897,5167,2993,12,17,2047,5898,103],"yoast_head":"<!-- This site is optimized with the Yoast SEO plugin v21.0 - https:\/\/yoast.com\/wordpress\/plugins\/seo\/ -->\n<title>Nick Chubb d\u00e9bute le camp d&#039;entra\u00eenement sur la liste PUP des Browns<\/title>\n<meta name=\"robots\" content=\"index, follow, max-snippet:-1, max-image-preview:large, max-video-preview:-1\" \/>\n<link rel=\"canonical\" href=\"https:\/\/footdavant.fr\/actualites\/nick-chubb-debute-le-camp-dentrainement-sur-la-liste-pup-des-browns\/\" \/>\n<meta property=\"og:locale\" content=\"fr_FR\" \/>\n<meta property=\"og:type\" content=\"article\" \/>\n<meta property=\"og:title\" content=\"Nick Chubb d\u00e9bute le camp d&#039;entra\u00eenement sur la liste PUP des Browns\" \/>\n<meta property=\"og:description\" content=\"L&#039;une des blessures majeures des Browns en 2023 concernait leur RB titulaire Nick Chubb. Il a subi une horrible blessure au genou et a d\u00fb\" \/>\n<meta property=\"og:url\" content=\"https:\/\/footdavant.fr\/actualites\/nick-chubb-debute-le-camp-dentrainement-sur-la-liste-pup-des-browns\/\" \/>\n<meta property=\"og:site_name\" content=\"Foot d&#039;avant\" \/>\n<meta property=\"article:publisher\" content=\"https:\/\/www.facebook.com\/Footdavant\/\" \/>\n<meta property=\"article:published_time\" content=\"2024-07-25T06:48:04+00:00\" \/>\n<meta property=\"article:modified_time\" content=\"2024-07-25T06:48:05+00:00\" \/>\n<meta property=\"og:image\" content=\"https:\/\/footdavant.fr\/actualites\/wp-content\/uploads\/2024\/07\/Nick-Chubb-debute-le-camp-d39entrainement-sur-la-liste-PUP.jpg\" \/>\n\t<meta property=\"og:image:width\" content=\"820\" \/>\n\t<meta property=\"og:image:height\" content=\"547\" \/>\n\t<meta property=\"og:image:type\" content=\"image\/jpeg\" \/>\n<meta name=\"author\" content=\"Cl\u00e9ment\" \/>\n<meta name=\"twitter:card\" content=\"summary_large_image\" \/>\n<meta name=\"twitter:creator\" content=\"@FootdavantFr\" \/>\n<meta name=\"twitter:site\" content=\"@FootdavantFr\" \/>\n<meta name=\"twitter:label1\" content=\"\u00c9crit par\" \/>\n\t<meta name=\"twitter:data1\" content=\"Cl\u00e9ment\" \/>\n\t<meta name=\"twitter:label2\" content=\"Dur\u00e9e de lecture estim\u00e9e\" \/>\n\t<meta name=\"twitter:data2\" content=\"3 minutes\" \/>\n<script type=\"application\/ld+json\" class=\"yoast-schema-graph\">{\"@context\":\"https:\/\/schema.org\",\"@graph\":[{\"@type\":\"Article\",\"@id\":\"https:\/\/footdavant.fr\/actualites\/nick-chubb-debute-le-camp-dentrainement-sur-la-liste-pup-des-browns\/#article\",\"isPartOf\":{\"@id\":\"https:\/\/footdavant.fr\/actualites\/nick-chubb-debute-le-camp-dentrainement-sur-la-liste-pup-des-browns\/\"},\"author\":{\"name\":\"Cl\u00e9ment\",\"@id\":\"https:\/\/footdavant.fr\/actualites\/#\/schema\/person\/bc222566d95871b37e597b3ed3ba5e1d\"},\"headline\":\"Nick Chubb d\u00e9bute le camp d&#39;entra\u00eenement sur la liste PUP des Browns\",\"datePublished\":\"2024-07-25T06:48:04+00:00\",\"dateModified\":\"2024-07-25T06:48:05+00:00\",\"mainEntityOfPage\":{\"@id\":\"https:\/\/footdavant.fr\/actualites\/nick-chubb-debute-le-camp-dentrainement-sur-la-liste-pup-des-browns\/\"},\"wordCount\":536,\"publisher\":{\"@id\":\"https:\/\/footdavant.fr\/actualites\/#organization\"},\"keywords\":[\"Browns\",\"camp\",\"Chubb\",\"d39entra\u00eenement\",\"d\u00e9bute\",\"des\",\"liste\",\"Nick\",\"PUP\",\"sur\"],\"articleSection\":[\"Football\"],\"inLanguage\":\"fr-FR\"},{\"@type\":\"WebPage\",\"@id\":\"https:\/\/footdavant.fr\/actualites\/nick-chubb-debute-le-camp-dentrainement-sur-la-liste-pup-des-browns\/\",\"url\":\"https:\/\/footdavant.fr\/actualites\/nick-chubb-debute-le-camp-dentrainement-sur-la-liste-pup-des-browns\/\",\"name\":\"Nick Chubb d\u00e9bute le camp d&#39;entra\u00eenement sur la liste PUP des Browns\",\"isPartOf\":{\"@id\":\"https:\/\/footdavant.fr\/actualites\/#website\"},\"datePublished\":\"2024-07-25T06:48:04+00:00\",\"dateModified\":\"2024-07-25T06:48:05+00:00\",\"breadcrumb\":{\"@id\":\"https:\/\/footdavant.fr\/actualites\/nick-chubb-debute-le-camp-dentrainement-sur-la-liste-pup-des-browns\/#breadcrumb\"},\"inLanguage\":\"fr-FR\",\"potentialAction\":[{\"@type\":\"ReadAction\",\"target\":[\"https:\/\/footdavant.fr\/actualites\/nick-chubb-debute-le-camp-dentrainement-sur-la-liste-pup-des-browns\/\"]}]},{\"@type\":\"BreadcrumbList\",\"@id\":\"https:\/\/footdavant.fr\/actualites\/nick-chubb-debute-le-camp-dentrainement-sur-la-liste-pup-des-browns\/#breadcrumb\",\"itemListElement\":[{\"@type\":\"ListItem\",\"position\":1,\"name\":\"Accueil\",\"item\":\"https:\/\/footdavant.fr\/actualites\/\"},{\"@type\":\"ListItem\",\"position\":2,\"name\":\"Nick Chubb d\u00e9bute le camp d&#39;entra\u00eenement sur la liste PUP des Browns\"}]},{\"@type\":\"WebSite\",\"@id\":\"https:\/\/footdavant.fr\/actualites\/#website\",\"url\":\"https:\/\/footdavant.fr\/actualites\/\",\"name\":\"Foot d'avant\",\"description\":\"\",\"publisher\":{\"@id\":\"https:\/\/footdavant.fr\/actualites\/#organization\"},\"potentialAction\":[{\"@type\":\"SearchAction\",\"target\":{\"@type\":\"EntryPoint\",\"urlTemplate\":\"https:\/\/footdavant.fr\/actualites\/?s={search_term_string}\"},\"query-input\":\"required name=search_term_string\"}],\"inLanguage\":\"fr-FR\"},{\"@type\":\"Organization\",\"@id\":\"https:\/\/footdavant.fr\/actualites\/#organization\",\"name\":\"Foot d'avant\",\"url\":\"https:\/\/footdavant.fr\/actualites\/\",\"logo\":{\"@type\":\"ImageObject\",\"inLanguage\":\"fr-FR\",\"@id\":\"https:\/\/footdavant.fr\/actualites\/#\/schema\/logo\/image\/\",\"url\":\"https:\/\/footdavant.fr\/actualites\/wp-content\/uploads\/2023\/09\/Copy-of-FootDavant-Logo.png\",\"contentUrl\":\"https:\/\/footdavant.fr\/actualites\/wp-content\/uploads\/2023\/09\/Copy-of-FootDavant-Logo.png\",\"width\":936,\"height\":549,\"caption\":\"Foot d'avant\"},\"image\":{\"@id\":\"https:\/\/footdavant.fr\/actualites\/#\/schema\/logo\/image\/\"},\"sameAs\":[\"https:\/\/www.facebook.com\/Footdavant\/\",\"https:\/\/twitter.com\/FootdavantFr\",\"https:\/\/www.instagram.com\/footdavant.fr\/\"]},{\"@type\":\"Person\",\"@id\":\"https:\/\/footdavant.fr\/actualites\/#\/schema\/person\/bc222566d95871b37e597b3ed3ba5e1d\",\"name\":\"Cl\u00e9ment\",\"image\":{\"@type\":\"ImageObject\",\"inLanguage\":\"fr-FR\",\"@id\":\"https:\/\/footdavant.fr\/actualites\/#\/schema\/person\/image\/\",\"url\":\"https:\/\/secure.gravatar.com\/avatar\/7728b29aac2719421e1a9159b2254c44?s=96&d=mm&r=g\",\"contentUrl\":\"https:\/\/secure.gravatar.com\/avatar\/7728b29aac2719421e1a9159b2254c44?s=96&d=mm&r=g\",\"caption\":\"Cl\u00e9ment\"},\"sameAs\":[\"https:\/\/footdavant.fr\/\"]}]}<\/script>\n<!-- \/ Yoast SEO plugin. -->","yoast_head_json":{"title":"Nick Chubb d\u00e9bute le camp d&#39;entra\u00eenement sur la liste PUP des Browns","robots":{"index":"index","follow":"follow","max-snippet":"max-snippet:-1","max-image-preview":"max-image-preview:large","max-video-preview":"max-video-preview:-1"},"canonical":"https:\/\/footdavant.fr\/actualites\/nick-chubb-debute-le-camp-dentrainement-sur-la-liste-pup-des-browns\/","og_locale":"fr_FR","og_type":"article","og_title":"Nick Chubb d\u00e9bute le camp d&#39;entra\u00eenement sur la liste PUP des Browns","og_description":"L&#39;une des blessures majeures des Browns en 2023 concernait leur RB titulaire Nick Chubb. Il a subi une horrible blessure au genou et a d\u00fb","og_url":"https:\/\/footdavant.fr\/actualites\/nick-chubb-debute-le-camp-dentrainement-sur-la-liste-pup-des-browns\/","og_site_name":"Foot d&#039;avant","article_publisher":"https:\/\/www.facebook.com\/Footdavant\/","article_published_time":"2024-07-25T06:48:04+00:00","article_modified_time":"2024-07-25T06:48:05+00:00","og_image":[{"width":820,"height":547,"url":"https:\/\/footdavant.fr\/actualites\/wp-content\/uploads\/2024\/07\/Nick-Chubb-debute-le-camp-d39entrainement-sur-la-liste-PUP.jpg","type":"image\/jpeg"}],"author":"Cl\u00e9ment","twitter_card":"summary_large_image","twitter_creator":"@FootdavantFr","twitter_site":"@FootdavantFr","twitter_misc":{"\u00c9crit par":"Cl\u00e9ment","Dur\u00e9e de lecture estim\u00e9e":"3 minutes"},"schema":{"@context":"https:\/\/schema.org","@graph":[{"@type":"Article","@id":"https:\/\/footdavant.fr\/actualites\/nick-chubb-debute-le-camp-dentrainement-sur-la-liste-pup-des-browns\/#article","isPartOf":{"@id":"https:\/\/footdavant.fr\/actualites\/nick-chubb-debute-le-camp-dentrainement-sur-la-liste-pup-des-browns\/"},"author":{"name":"Cl\u00e9ment","@id":"https:\/\/footdavant.fr\/actualites\/#\/schema\/person\/bc222566d95871b37e597b3ed3ba5e1d"},"headline":"Nick Chubb d\u00e9bute le camp d&#39;entra\u00eenement sur la liste PUP des Browns","datePublished":"2024-07-25T06:48:04+00:00","dateModified":"2024-07-25T06:48:05+00:00","mainEntityOfPage":{"@id":"https:\/\/footdavant.fr\/actualites\/nick-chubb-debute-le-camp-dentrainement-sur-la-liste-pup-des-browns\/"},"wordCount":536,"publisher":{"@id":"https:\/\/footdavant.fr\/actualites\/#organization"},"keywords":["Browns","camp","Chubb","d39entra\u00eenement","d\u00e9bute","des","liste","Nick","PUP","sur"],"articleSection":["Football"],"inLanguage":"fr-FR"},{"@type":"WebPage","@id":"https:\/\/footdavant.fr\/actualites\/nick-chubb-debute-le-camp-dentrainement-sur-la-liste-pup-des-browns\/","url":"https:\/\/footdavant.fr\/actualites\/nick-chubb-debute-le-camp-dentrainement-sur-la-liste-pup-des-browns\/","name":"Nick Chubb d\u00e9bute le camp d&#39;entra\u00eenement sur la liste PUP des Browns","isPartOf":{"@id":"https:\/\/footdavant.fr\/actualites\/#website"},"datePublished":"2024-07-25T06:48:04+00:00","dateModified":"2024-07-25T06:48:05+00:00","breadcrumb":{"@id":"https:\/\/footdavant.fr\/actualites\/nick-chubb-debute-le-camp-dentrainement-sur-la-liste-pup-des-browns\/#breadcrumb"},"inLanguage":"fr-FR","potentialAction":[{"@type":"ReadAction","target":["https:\/\/footdavant.fr\/actualites\/nick-chubb-debute-le-camp-dentrainement-sur-la-liste-pup-des-browns\/"]}]},{"@type":"BreadcrumbList","@id":"https:\/\/footdavant.fr\/actualites\/nick-chubb-debute-le-camp-dentrainement-sur-la-liste-pup-des-browns\/#breadcrumb","itemListElement":[{"@type":"ListItem","position":1,"name":"Accueil","item":"https:\/\/footdavant.fr\/actualites\/"},{"@type":"ListItem","position":2,"name":"Nick Chubb d\u00e9bute le camp d&#39;entra\u00eenement sur la liste PUP des Browns"}]},{"@type":"WebSite","@id":"https:\/\/footdavant.fr\/actualites\/#website","url":"https:\/\/footdavant.fr\/actualites\/","name":"Foot d'avant","description":"","publisher":{"@id":"https:\/\/footdavant.fr\/actualites\/#organization"},"potentialAction":[{"@type":"SearchAction","target":{"@type":"EntryPoint","urlTemplate":"https:\/\/footdavant.fr\/actualites\/?s={search_term_string}"},"query-input":"required name=search_term_string"}],"inLanguage":"fr-FR"},{"@type":"Organization","@id":"https:\/\/footdavant.fr\/actualites\/#organization","name":"Foot d'avant","url":"https:\/\/footdavant.fr\/actualites\/","logo":{"@type":"ImageObject","inLanguage":"fr-FR","@id":"https:\/\/footdavant.fr\/actualites\/#\/schema\/logo\/image\/","url":"https:\/\/footdavant.fr\/actualites\/wp-content\/uploads\/2023\/09\/Copy-of-FootDavant-Logo.png","contentUrl":"https:\/\/footdavant.fr\/actualites\/wp-content\/uploads\/2023\/09\/Copy-of-FootDavant-Logo.png","width":936,"height":549,"caption":"Foot d'avant"},"image":{"@id":"https:\/\/footdavant.fr\/actualites\/#\/schema\/logo\/image\/"},"sameAs":["https:\/\/www.facebook.com\/Footdavant\/","https:\/\/twitter.com\/FootdavantFr","https:\/\/www.instagram.com\/footdavant.fr\/"]},{"@type":"Person","@id":"https:\/\/footdavant.fr\/actualites\/#\/schema\/person\/bc222566d95871b37e597b3ed3ba5e1d","name":"Cl\u00e9ment","image":{"@type":"ImageObject","inLanguage":"fr-FR","@id":"https:\/\/footdavant.fr\/actualites\/#\/schema\/person\/image\/","url":"https:\/\/secure.gravatar.com\/avatar\/7728b29aac2719421e1a9159b2254c44?s=96&d=mm&r=g","contentUrl":"https:\/\/secure.gravatar.com\/avatar\/7728b29aac2719421e1a9159b2254c44?s=96&d=mm&r=g","caption":"Cl\u00e9ment"},"sameAs":["https:\/\/footdavant.fr\/"]}]}},"_links":{"self":[{"href":"https:\/\/footdavant.fr\/actualites\/wp-json\/wp\/v2\/posts\/11437"}],"collection":[{"href":"https:\/\/footdavant.fr\/actualites\/wp-json\/wp\/v2\/posts"}],"about":[{"href":"https:\/\/footdavant.fr\/actualites\/wp-json\/wp\/v2\/types\/post"}],"author":[{"embeddable":true,"href":"https:\/\/footdavant.fr\/actualites\/wp-json\/wp\/v2\/users\/1"}],"replies":[{"embeddable":true,"href":"https:\/\/footdavant.fr\/actualites\/wp-json\/wp\/v2\/comments?post=11437"}],"version-history":[{"count":1,"href":"https:\/\/footdavant.fr\/actualites\/wp-json\/wp\/v2\/posts\/11437\/revisions"}],"predecessor-version":[{"id":11439,"href":"https:\/\/footdavant.fr\/actualites\/wp-json\/wp\/v2\/posts\/11437\/revisions\/11439"}],"wp:featuredmedia":[{"embeddable":true,"href":"https:\/\/footdavant.fr\/actualites\/wp-json\/wp\/v2\/media\/11438"}],"wp:attachment":[{"href":"https:\/\/footdavant.fr\/actualites\/wp-json\/wp\/v2\/media?parent=11437"}],"wp:term":[{"taxonomy":"category","embeddable":true,"href":"https:\/\/footdavant.fr\/actualites\/wp-json\/wp\/v2\/categories?post=11437"},{"taxonomy":"post_tag","embeddable":true,"href":"https:\/\/footdavant.fr\/actualites\/wp-json\/wp\/v2\/tags?post=11437"}],"curies":[{"name":"wp","href":"https:\/\/api.w.org\/{rel}","templated":true}]}}