{"id":1154,"date":"2023-11-19T19:55:08","date_gmt":"2023-11-19T18:55:08","guid":{"rendered":"https:\/\/footdavant.fr\/actualites\/manchester-city-va-t-il-rivaliser-avec-arsenal-pour-ruben-neves-dal-hilal\/"},"modified":"2023-11-19T19:55:09","modified_gmt":"2023-11-19T18:55:09","slug":"manchester-city-va-t-il-rivaliser-avec-arsenal-pour-ruben-neves-dal-hilal","status":"publish","type":"post","link":"https:\/\/footdavant.fr\/actualites\/manchester-city-va-t-il-rivaliser-avec-arsenal-pour-ruben-neves-dal-hilal\/","title":{"rendered":"Manchester City va-t-il rivaliser avec Arsenal pour Ruben Neves d&rsquo;Al-Hilal ?"},"content":{"rendered":"<p>Manchester City aurait rejoint Arsenal dans la course pour recruter le milieu de terrain d&rsquo;Al-Hilal Ruben Neves alors qu&rsquo;ils recherchent des rempla\u00e7ants pour Kalvin Phillips.<\/p>\n<div id=\"article_body\" itemprop=\"articleBody\">\n<h3 class=\"firstPara\">\n<strong class=\"autotag\">Manchester City<\/strong> seraient pr\u00eats \u00e0 affronter <strong class=\"autotag\">Arsenal<\/strong> pour la signature de <strong class=\"autotag\">Al-Hilal<\/strong> milieu de terrain <strong class=\"autotag\">Rub\u00e9n Nev\u00e8s<\/strong>.<\/h3>\n<p>L&rsquo;international portugais \u00e9tait li\u00e9 \u00e0 une pl\u00e9thore de clubs d&rsquo;\u00e9lite europ\u00e9ens pendant son s\u00e9jour \u00e0 Wolverhampton Wanderers, ayant jou\u00e9 un r\u00f4le fondamental dans leur ascension d&rsquo;une \u00e9quipe de championnat \u00e0 un club de la premi\u00e8re moiti\u00e9 de la Premier League.<\/p>\n<p>On pensait que Manchester United, Liverpool et Arsenal \u00e9taient tous int\u00e9ress\u00e9s par Neves, mais le milieu de terrain a plut\u00f4t \u00e9t\u00e9 s\u00e9duit par les richesses de la Saudi Pro League, rejoignant Al-Hilal pour 55 millions d&rsquo;euros (48,1 millions de livres sterling).<\/p>\n<p>Sans surprise, Neves a consolid\u00e9 son r\u00f4le de titulaire r\u00e9gulier pour les g\u00e9ants du Moyen-Orient cette saison, marquant deux buts et en inscrivant un de plus en 17 matches aux c\u00f4t\u00e9s d&rsquo;autres recrues estivales. <strong class=\"autotag\">Neymar<\/strong>, <strong class=\"autotag\">Sergue\u00ef Milinkovic-Savic<\/strong> et <strong class=\"autotag\">Alexandre Mitrovi\u0107<\/strong>.<\/p>\n<p>Le contrat du Portugais avec <strong class=\"autotag\">Jorge J\u00e9sus<\/strong>L&rsquo;\u00e9quipe d&rsquo;Arsenal court jusqu&rsquo;\u00e0 l&rsquo;\u00e9t\u00e9 2026, mais les rumeurs d&rsquo;un \u00e9ventuel retour en Premier League commencent \u00e0 tourbillonner, et il a \u00e9t\u00e9 affirm\u00e9 qu&rsquo;Arsenal pourrait raviver leur int\u00e9r\u00eat.<\/p>\n<p class=\"imgI\">\n<p><strong class=\"autotag\">Newcastle United<\/strong> auraient \u00e9galement envisag\u00e9 une d\u00e9cision de pr\u00eat en janvier \u00e0 la suite de <strong class=\"autotag\">Sandro Tonali<\/strong>La suspension de 10 mois, bien que les Magpies pourraient \u00eatre emp\u00each\u00e9s de conclure un accord alors que la Premier League vote sur l&rsquo;interdiction aux \u00e9quipes de pr\u00eater des joueurs \u00e0 des clubs appartenant au m\u00eame propri\u00e9taire.<\/p>\n<p>Avec Newcastle potentiellement hors course, <em>Initi\u00e9 au football<\/em> affirme que Manchester City a jet\u00e9 son chapeau sur le ring alors que <strong class=\"autotag\">Pep Guardiola<\/strong> cherche un successeur \u00e0 Wantaway <strong class=\"autotag\">Kalvin Phillips<\/strong>.<\/p>\n<p>Le passage de l&rsquo;ancien Leeds United \u00e0 l&rsquo;Etihad ne s&rsquo;est d\u00e9roul\u00e9 comme pr\u00e9vu pour aucune des deux parties, n&rsquo;ayant d\u00e9but\u00e9 que deux matches de Premier League pour les champions depuis son arriv\u00e9e l&rsquo;\u00e9t\u00e9 dernier.<\/p>\n<p>Avec l&rsquo;Euro 2024 \u00e0 l&rsquo;horizon, Phillips et Man City devraient d\u00e9sormais organiser la sortie du milieu de terrain lors de la fen\u00eatre de transfert de janvier, ce qui pourrait ouvrir la porte au retour de Neves en Premier League.<\/p>\n<p>Guardiola serait un grand admirateur de l\u2019ancien milieu de terrain des Wolves, qui \u00e0 son tour serait dispos\u00e9 \u00e0 quitter Al-Hilal d\u00e8s janvier ou lors de la prochaine fen\u00eatre de transfert estivale.<\/p>\n<p class=\"imgI\"><img decoding=\"async\" loading=\"lazy\" class=\"l\" src=\"https:\/\/footdavant.fr\/actualites\/wp-content\/uploads\/2023\/11\/Manchester-City-va-t-il-rivaliser-avec-Arsenal-pour-Ruben-Neves-dAl-Hilal.jpg\" title=\"Kalvin Phillips, de l'Angleterre, c\u00e9l\u00e8bre apr\u00e8s le match du 13 octobre 2023.\" alt=\"Kalvin Phillips, de l'Angleterre, c\u00e9l\u00e8bre apr\u00e8s le match du 13 octobre 2023.\" width=\"640\" height=\"480\"><\/p>\n<p>Neves a apparemment rejoint les g\u00e9ants de la Pro League saoudienne en partant du principe qu&rsquo;il reviendrait rapidement dans la comp\u00e9tition europ\u00e9enne de haut niveau, bien qu&rsquo;Al-Hilal ne soit pas en mesure de le laisser partir \u00e0 bas prix compte tenu de sa situation contractuelle.<\/p>\n<p>Si l&rsquo;international portugais devait passer \u00e0 l&rsquo;Etihad, il retrouverait son ancien co\u00e9quipier des Wolves. <strong class=\"autotag\">Matheus Nunes<\/strong>qui \u00e9tait une arriv\u00e9e de 62 millions d&rsquo;euros (54,2 millions de livres sterling) de Molineux cet \u00e9t\u00e9.<\/p>\n<p>Guardiola a \u00e9galement accueilli <strong class=\"autotag\">Mateo Kovacic<\/strong> au club de Chelsea alors qu&rsquo;ils commen\u00e7aient leur vie sans Barcelone <strong class=\"autotag\">Ilkay G\u00fcndogan<\/strong>ainsi que de lier <strong class=\"autotag\">Bernardo Silva<\/strong> jusqu&rsquo;en 2026.<\/p>\n<p>Cependant, les Citizens ont eu peur avec <strong class=\"autotag\">Rodri<\/strong>qui a rat\u00e9 jeudi la victoire 3-1 de l&rsquo;Espagne en qualifications pour l&rsquo;Euro 2024 contre Chypre en raison d&rsquo;un malaise, et on ne sait pas s&rsquo;il sera apte \u00e0 affronter la G\u00e9orgie dimanche.<\/p>\n<p>En plus, <strong class=\"autotag\">Erling Haaland<\/strong> a subi un coup \u00e0 la cheville lors de la victoire de la Norv\u00e8ge contre les \u00eeles F\u00e9ro\u00e9 cette semaine, un double souci intempestif pour Guardiola avant la confrontation en haut du tableau du week-end prochain contre Liverpool.<\/p>\n<\/div>\n","protected":false},"excerpt":{"rendered":"<p>Manchester City aurait rejoint Arsenal dans la course pour recruter le milieu de terrain d&rsquo;Al-Hilal Ruben Neves alors qu&rsquo;ils recherchent des rempla\u00e7ants pour Kalvin Phillips.<\/p>\n","protected":false},"author":1,"featured_media":1155,"comment_status":"closed","ping_status":"","sticky":false,"template":"","format":"standard","meta":{"footnotes":""},"categories":[5],"tags":[67,91,27,162,11,161,51,1310,160,952],"yoast_head":"<!-- This site is optimized with the Yoast SEO plugin v21.0 - https:\/\/yoast.com\/wordpress\/plugins\/seo\/ -->\n<title>Manchester City va-t-il rivaliser avec Arsenal pour Ruben Neves d&#039;Al-Hilal ?<\/title>\n<meta name=\"robots\" content=\"index, follow, max-snippet:-1, max-image-preview:large, max-video-preview:-1\" \/>\n<link rel=\"canonical\" href=\"https:\/\/footdavant.fr\/actualites\/manchester-city-va-t-il-rivaliser-avec-arsenal-pour-ruben-neves-dal-hilal\/\" \/>\n<meta property=\"og:locale\" content=\"fr_FR\" \/>\n<meta property=\"og:type\" content=\"article\" \/>\n<meta property=\"og:title\" content=\"Manchester City va-t-il rivaliser avec Arsenal pour Ruben Neves d&#039;Al-Hilal ?\" \/>\n<meta property=\"og:description\" content=\"Manchester City aurait rejoint Arsenal dans la course pour recruter le milieu de terrain d&rsquo;Al-Hilal Ruben Neves alors qu&rsquo;ils recherchent des rempla\u00e7ants pour Kalvin Phillips.\" \/>\n<meta property=\"og:url\" content=\"https:\/\/footdavant.fr\/actualites\/manchester-city-va-t-il-rivaliser-avec-arsenal-pour-ruben-neves-dal-hilal\/\" \/>\n<meta property=\"og:site_name\" content=\"Foot d&#039;avant\" \/>\n<meta property=\"article:publisher\" content=\"https:\/\/www.facebook.com\/Footdavant\/\" \/>\n<meta property=\"article:published_time\" content=\"2023-11-19T18:55:08+00:00\" \/>\n<meta property=\"article:modified_time\" content=\"2023-11-19T18:55:09+00:00\" \/>\n<meta property=\"og:image\" content=\"https:\/\/footdavant.fr\/actualites\/wp-content\/uploads\/2023\/11\/Manchester-City-va-t-il-rivaliser-avec-Arsenal-pour-Ruben-Neves-dAl-Hilal.jpeg\" \/>\n\t<meta property=\"og:image:width\" content=\"640\" \/>\n\t<meta property=\"og:image:height\" content=\"480\" \/>\n\t<meta property=\"og:image:type\" content=\"image\/jpeg\" \/>\n<meta name=\"author\" content=\"Cl\u00e9ment\" \/>\n<meta name=\"twitter:card\" content=\"summary_large_image\" \/>\n<meta name=\"twitter:creator\" content=\"@FootdavantFr\" \/>\n<meta name=\"twitter:site\" content=\"@FootdavantFr\" \/>\n<meta name=\"twitter:label1\" content=\"\u00c9crit par\" \/>\n\t<meta name=\"twitter:data1\" content=\"Cl\u00e9ment\" \/>\n\t<meta name=\"twitter:label2\" content=\"Dur\u00e9e de lecture estim\u00e9e\" \/>\n\t<meta name=\"twitter:data2\" content=\"3 minutes\" \/>\n<script type=\"application\/ld+json\" class=\"yoast-schema-graph\">{\"@context\":\"https:\/\/schema.org\",\"@graph\":[{\"@type\":\"Article\",\"@id\":\"https:\/\/footdavant.fr\/actualites\/manchester-city-va-t-il-rivaliser-avec-arsenal-pour-ruben-neves-dal-hilal\/#article\",\"isPartOf\":{\"@id\":\"https:\/\/footdavant.fr\/actualites\/manchester-city-va-t-il-rivaliser-avec-arsenal-pour-ruben-neves-dal-hilal\/\"},\"author\":{\"name\":\"Cl\u00e9ment\",\"@id\":\"https:\/\/footdavant.fr\/actualites\/#\/schema\/person\/bc222566d95871b37e597b3ed3ba5e1d\"},\"headline\":\"Manchester City va-t-il rivaliser avec Arsenal pour Ruben Neves d&rsquo;Al-Hilal ?\",\"datePublished\":\"2023-11-19T18:55:08+00:00\",\"dateModified\":\"2023-11-19T18:55:09+00:00\",\"mainEntityOfPage\":{\"@id\":\"https:\/\/footdavant.fr\/actualites\/manchester-city-va-t-il-rivaliser-avec-arsenal-pour-ruben-neves-dal-hilal\/\"},\"wordCount\":605,\"publisher\":{\"@id\":\"https:\/\/footdavant.fr\/actualites\/#organization\"},\"keywords\":[\"Arsenal\",\"avec\",\"City\",\"dAlHilal\",\"Manchester\",\"Neves\",\"pour\",\"rivaliser\",\"Ruben\",\"vatil\"],\"articleSection\":[\"Premier League\"],\"inLanguage\":\"fr-FR\"},{\"@type\":\"WebPage\",\"@id\":\"https:\/\/footdavant.fr\/actualites\/manchester-city-va-t-il-rivaliser-avec-arsenal-pour-ruben-neves-dal-hilal\/\",\"url\":\"https:\/\/footdavant.fr\/actualites\/manchester-city-va-t-il-rivaliser-avec-arsenal-pour-ruben-neves-dal-hilal\/\",\"name\":\"Manchester City va-t-il rivaliser avec Arsenal pour Ruben Neves d'Al-Hilal ?\",\"isPartOf\":{\"@id\":\"https:\/\/footdavant.fr\/actualites\/#website\"},\"datePublished\":\"2023-11-19T18:55:08+00:00\",\"dateModified\":\"2023-11-19T18:55:09+00:00\",\"breadcrumb\":{\"@id\":\"https:\/\/footdavant.fr\/actualites\/manchester-city-va-t-il-rivaliser-avec-arsenal-pour-ruben-neves-dal-hilal\/#breadcrumb\"},\"inLanguage\":\"fr-FR\",\"potentialAction\":[{\"@type\":\"ReadAction\",\"target\":[\"https:\/\/footdavant.fr\/actualites\/manchester-city-va-t-il-rivaliser-avec-arsenal-pour-ruben-neves-dal-hilal\/\"]}]},{\"@type\":\"BreadcrumbList\",\"@id\":\"https:\/\/footdavant.fr\/actualites\/manchester-city-va-t-il-rivaliser-avec-arsenal-pour-ruben-neves-dal-hilal\/#breadcrumb\",\"itemListElement\":[{\"@type\":\"ListItem\",\"position\":1,\"name\":\"Accueil\",\"item\":\"https:\/\/footdavant.fr\/actualites\/\"},{\"@type\":\"ListItem\",\"position\":2,\"name\":\"Manchester City va-t-il rivaliser avec Arsenal pour Ruben Neves d&rsquo;Al-Hilal ?\"}]},{\"@type\":\"WebSite\",\"@id\":\"https:\/\/footdavant.fr\/actualites\/#website\",\"url\":\"https:\/\/footdavant.fr\/actualites\/\",\"name\":\"Foot d'avant\",\"description\":\"\",\"publisher\":{\"@id\":\"https:\/\/footdavant.fr\/actualites\/#organization\"},\"potentialAction\":[{\"@type\":\"SearchAction\",\"target\":{\"@type\":\"EntryPoint\",\"urlTemplate\":\"https:\/\/footdavant.fr\/actualites\/?s={search_term_string}\"},\"query-input\":\"required name=search_term_string\"}],\"inLanguage\":\"fr-FR\"},{\"@type\":\"Organization\",\"@id\":\"https:\/\/footdavant.fr\/actualites\/#organization\",\"name\":\"Foot d'avant\",\"url\":\"https:\/\/footdavant.fr\/actualites\/\",\"logo\":{\"@type\":\"ImageObject\",\"inLanguage\":\"fr-FR\",\"@id\":\"https:\/\/footdavant.fr\/actualites\/#\/schema\/logo\/image\/\",\"url\":\"https:\/\/footdavant.fr\/actualites\/wp-content\/uploads\/2023\/09\/Copy-of-FootDavant-Logo.png\",\"contentUrl\":\"https:\/\/footdavant.fr\/actualites\/wp-content\/uploads\/2023\/09\/Copy-of-FootDavant-Logo.png\",\"width\":936,\"height\":549,\"caption\":\"Foot d'avant\"},\"image\":{\"@id\":\"https:\/\/footdavant.fr\/actualites\/#\/schema\/logo\/image\/\"},\"sameAs\":[\"https:\/\/www.facebook.com\/Footdavant\/\",\"https:\/\/twitter.com\/FootdavantFr\",\"https:\/\/www.instagram.com\/footdavant.fr\/\"]},{\"@type\":\"Person\",\"@id\":\"https:\/\/footdavant.fr\/actualites\/#\/schema\/person\/bc222566d95871b37e597b3ed3ba5e1d\",\"name\":\"Cl\u00e9ment\",\"image\":{\"@type\":\"ImageObject\",\"inLanguage\":\"fr-FR\",\"@id\":\"https:\/\/footdavant.fr\/actualites\/#\/schema\/person\/image\/\",\"url\":\"https:\/\/secure.gravatar.com\/avatar\/7728b29aac2719421e1a9159b2254c44?s=96&d=mm&r=g\",\"contentUrl\":\"https:\/\/secure.gravatar.com\/avatar\/7728b29aac2719421e1a9159b2254c44?s=96&d=mm&r=g\",\"caption\":\"Cl\u00e9ment\"},\"sameAs\":[\"https:\/\/footdavant.fr\/\"]}]}<\/script>\n<!-- \/ Yoast SEO plugin. -->","yoast_head_json":{"title":"Manchester City va-t-il rivaliser avec Arsenal pour Ruben Neves d'Al-Hilal ?","robots":{"index":"index","follow":"follow","max-snippet":"max-snippet:-1","max-image-preview":"max-image-preview:large","max-video-preview":"max-video-preview:-1"},"canonical":"https:\/\/footdavant.fr\/actualites\/manchester-city-va-t-il-rivaliser-avec-arsenal-pour-ruben-neves-dal-hilal\/","og_locale":"fr_FR","og_type":"article","og_title":"Manchester City va-t-il rivaliser avec Arsenal pour Ruben Neves d'Al-Hilal ?","og_description":"Manchester City aurait rejoint Arsenal dans la course pour recruter le milieu de terrain d&rsquo;Al-Hilal Ruben Neves alors qu&rsquo;ils recherchent des rempla\u00e7ants pour Kalvin Phillips.","og_url":"https:\/\/footdavant.fr\/actualites\/manchester-city-va-t-il-rivaliser-avec-arsenal-pour-ruben-neves-dal-hilal\/","og_site_name":"Foot d&#039;avant","article_publisher":"https:\/\/www.facebook.com\/Footdavant\/","article_published_time":"2023-11-19T18:55:08+00:00","article_modified_time":"2023-11-19T18:55:09+00:00","og_image":[{"width":640,"height":480,"url":"https:\/\/footdavant.fr\/actualites\/wp-content\/uploads\/2023\/11\/Manchester-City-va-t-il-rivaliser-avec-Arsenal-pour-Ruben-Neves-dAl-Hilal.jpeg","type":"image\/jpeg"}],"author":"Cl\u00e9ment","twitter_card":"summary_large_image","twitter_creator":"@FootdavantFr","twitter_site":"@FootdavantFr","twitter_misc":{"\u00c9crit par":"Cl\u00e9ment","Dur\u00e9e de lecture estim\u00e9e":"3 minutes"},"schema":{"@context":"https:\/\/schema.org","@graph":[{"@type":"Article","@id":"https:\/\/footdavant.fr\/actualites\/manchester-city-va-t-il-rivaliser-avec-arsenal-pour-ruben-neves-dal-hilal\/#article","isPartOf":{"@id":"https:\/\/footdavant.fr\/actualites\/manchester-city-va-t-il-rivaliser-avec-arsenal-pour-ruben-neves-dal-hilal\/"},"author":{"name":"Cl\u00e9ment","@id":"https:\/\/footdavant.fr\/actualites\/#\/schema\/person\/bc222566d95871b37e597b3ed3ba5e1d"},"headline":"Manchester City va-t-il rivaliser avec Arsenal pour Ruben Neves d&rsquo;Al-Hilal ?","datePublished":"2023-11-19T18:55:08+00:00","dateModified":"2023-11-19T18:55:09+00:00","mainEntityOfPage":{"@id":"https:\/\/footdavant.fr\/actualites\/manchester-city-va-t-il-rivaliser-avec-arsenal-pour-ruben-neves-dal-hilal\/"},"wordCount":605,"publisher":{"@id":"https:\/\/footdavant.fr\/actualites\/#organization"},"keywords":["Arsenal","avec","City","dAlHilal","Manchester","Neves","pour","rivaliser","Ruben","vatil"],"articleSection":["Premier League"],"inLanguage":"fr-FR"},{"@type":"WebPage","@id":"https:\/\/footdavant.fr\/actualites\/manchester-city-va-t-il-rivaliser-avec-arsenal-pour-ruben-neves-dal-hilal\/","url":"https:\/\/footdavant.fr\/actualites\/manchester-city-va-t-il-rivaliser-avec-arsenal-pour-ruben-neves-dal-hilal\/","name":"Manchester City va-t-il rivaliser avec Arsenal pour Ruben Neves d'Al-Hilal ?","isPartOf":{"@id":"https:\/\/footdavant.fr\/actualites\/#website"},"datePublished":"2023-11-19T18:55:08+00:00","dateModified":"2023-11-19T18:55:09+00:00","breadcrumb":{"@id":"https:\/\/footdavant.fr\/actualites\/manchester-city-va-t-il-rivaliser-avec-arsenal-pour-ruben-neves-dal-hilal\/#breadcrumb"},"inLanguage":"fr-FR","potentialAction":[{"@type":"ReadAction","target":["https:\/\/footdavant.fr\/actualites\/manchester-city-va-t-il-rivaliser-avec-arsenal-pour-ruben-neves-dal-hilal\/"]}]},{"@type":"BreadcrumbList","@id":"https:\/\/footdavant.fr\/actualites\/manchester-city-va-t-il-rivaliser-avec-arsenal-pour-ruben-neves-dal-hilal\/#breadcrumb","itemListElement":[{"@type":"ListItem","position":1,"name":"Accueil","item":"https:\/\/footdavant.fr\/actualites\/"},{"@type":"ListItem","position":2,"name":"Manchester City va-t-il rivaliser avec Arsenal pour Ruben Neves d&rsquo;Al-Hilal ?"}]},{"@type":"WebSite","@id":"https:\/\/footdavant.fr\/actualites\/#website","url":"https:\/\/footdavant.fr\/actualites\/","name":"Foot d'avant","description":"","publisher":{"@id":"https:\/\/footdavant.fr\/actualites\/#organization"},"potentialAction":[{"@type":"SearchAction","target":{"@type":"EntryPoint","urlTemplate":"https:\/\/footdavant.fr\/actualites\/?s={search_term_string}"},"query-input":"required name=search_term_string"}],"inLanguage":"fr-FR"},{"@type":"Organization","@id":"https:\/\/footdavant.fr\/actualites\/#organization","name":"Foot d'avant","url":"https:\/\/footdavant.fr\/actualites\/","logo":{"@type":"ImageObject","inLanguage":"fr-FR","@id":"https:\/\/footdavant.fr\/actualites\/#\/schema\/logo\/image\/","url":"https:\/\/footdavant.fr\/actualites\/wp-content\/uploads\/2023\/09\/Copy-of-FootDavant-Logo.png","contentUrl":"https:\/\/footdavant.fr\/actualites\/wp-content\/uploads\/2023\/09\/Copy-of-FootDavant-Logo.png","width":936,"height":549,"caption":"Foot d'avant"},"image":{"@id":"https:\/\/footdavant.fr\/actualites\/#\/schema\/logo\/image\/"},"sameAs":["https:\/\/www.facebook.com\/Footdavant\/","https:\/\/twitter.com\/FootdavantFr","https:\/\/www.instagram.com\/footdavant.fr\/"]},{"@type":"Person","@id":"https:\/\/footdavant.fr\/actualites\/#\/schema\/person\/bc222566d95871b37e597b3ed3ba5e1d","name":"Cl\u00e9ment","image":{"@type":"ImageObject","inLanguage":"fr-FR","@id":"https:\/\/footdavant.fr\/actualites\/#\/schema\/person\/image\/","url":"https:\/\/secure.gravatar.com\/avatar\/7728b29aac2719421e1a9159b2254c44?s=96&d=mm&r=g","contentUrl":"https:\/\/secure.gravatar.com\/avatar\/7728b29aac2719421e1a9159b2254c44?s=96&d=mm&r=g","caption":"Cl\u00e9ment"},"sameAs":["https:\/\/footdavant.fr\/"]}]}},"_links":{"self":[{"href":"https:\/\/footdavant.fr\/actualites\/wp-json\/wp\/v2\/posts\/1154"}],"collection":[{"href":"https:\/\/footdavant.fr\/actualites\/wp-json\/wp\/v2\/posts"}],"about":[{"href":"https:\/\/footdavant.fr\/actualites\/wp-json\/wp\/v2\/types\/post"}],"author":[{"embeddable":true,"href":"https:\/\/footdavant.fr\/actualites\/wp-json\/wp\/v2\/users\/1"}],"replies":[{"embeddable":true,"href":"https:\/\/footdavant.fr\/actualites\/wp-json\/wp\/v2\/comments?post=1154"}],"version-history":[{"count":1,"href":"https:\/\/footdavant.fr\/actualites\/wp-json\/wp\/v2\/posts\/1154\/revisions"}],"predecessor-version":[{"id":1156,"href":"https:\/\/footdavant.fr\/actualites\/wp-json\/wp\/v2\/posts\/1154\/revisions\/1156"}],"wp:featuredmedia":[{"embeddable":true,"href":"https:\/\/footdavant.fr\/actualites\/wp-json\/wp\/v2\/media\/1155"}],"wp:attachment":[{"href":"https:\/\/footdavant.fr\/actualites\/wp-json\/wp\/v2\/media?parent=1154"}],"wp:term":[{"taxonomy":"category","embeddable":true,"href":"https:\/\/footdavant.fr\/actualites\/wp-json\/wp\/v2\/categories?post=1154"},{"taxonomy":"post_tag","embeddable":true,"href":"https:\/\/footdavant.fr\/actualites\/wp-json\/wp\/v2\/tags?post=1154"}],"curies":[{"name":"wp","href":"https:\/\/api.w.org\/{rel}","templated":true}]}}