{"id":11580,"date":"2024-07-29T08:48:29","date_gmt":"2024-07-29T06:48:29","guid":{"rendered":"https:\/\/footdavant.fr\/actualites\/coeurs-et-esprits-un-blog-darsenal\/"},"modified":"2024-07-29T08:48:33","modified_gmt":"2024-07-29T06:48:33","slug":"coeurs-et-esprits-un-blog-darsenal","status":"publish","type":"post","link":"https:\/\/footdavant.fr\/actualites\/coeurs-et-esprits-un-blog-darsenal\/","title":{"rendered":"C\u0153urs et esprits |   &#8230; un blog d&#39;Arsenal"},"content":{"rendered":"<div>\n<p><span style=\"font-weight: 400;\">Bonjour \u00e0 tous et bienvenue dans une semaine potentiellement charg\u00e9e du point de vue d&#39;Arsenal. <\/span><\/p>\n<p><span style=\"font-weight: 400;\">Apr\u00e8s la victoire 2-1 de samedi soir contre Manchester United \u2013 parfaitement couverte par Lewis \u2013 Mikel Arteta et les gar\u00e7ons ont \u00e9chang\u00e9 Los Angeles contre Philadelphie avant un affrontement avec Liverpool d&#39;Arne Slot. <\/span><\/p>\n<p><span style=\"font-weight: 400;\">L&#39;\u00e9tape de la tourn\u00e9e sur la c\u00f4te ouest semble s&#39;\u00eatre d\u00e9roul\u00e9e sans probl\u00e8me. M\u00eame si le manager aurait aim\u00e9 avoir plus de joueurs exp\u00e9riment\u00e9s \u00e0 sa disposition, il a clairement appr\u00e9ci\u00e9 l&#39;opportunit\u00e9 de donner \u00e0 la plupart des jeunes un avant-go\u00fbt de la grande \u00e9poque, surtout au vu des critiques r\u00e9centes dirig\u00e9es contre lui suite \u00e0 une s\u00e9rie de d\u00e9parts de personnalit\u00e9s de l&#39;acad\u00e9mie. Si certains de ces jeunes vont maintenant dispara\u00eetre, d&#39;autres pourraient bien avoir envie de tenter leur chance lorsque la Coupe de la Ligue se profilera \u00e0 l&#39;horizon en septembre. <\/span><\/p>\n<p><span style=\"font-weight: 400;\">Avant la tourn\u00e9e, Arteta a parl\u00e9 de l&#39;importance de gagner des matchs et de donner le ton pour la saison \u00e0 venir. Sur ce plan, deux victoires sur deux sont de bon augure. <\/span><\/p>\n<p><span style=\"font-weight: 400;\">Bien s\u00fbr, nous n&#39;avons pas simplement pris l&#39;avion pour l&#39;autre bout du monde pour changer d&#39;air &#8211; ce n&#39;est pas un voyage en boutique comme l&#39;escapade transformatrice de janvier \u00e0 Duba\u00ef &#8211; le club est l\u00e0 pour gagner les c\u0153urs et les esprits (et pour vendre des produits d\u00e9riv\u00e9s). <\/span><\/p>\n<p><span style=\"font-weight: 400;\">Avant le match de samedi, Arteta a d\u00e9clar\u00e9 : \u00ab C&#39;est une opportunit\u00e9 pour nous de nous rapprocher de nos supporters. S&#39;ils sont supporters d&#39;Arsenal, tant mieux, et s&#39;ils sont supporters de football, faisons en sorte qu&#39;ils deviennent supporters d&#39;Arsenal. Cela signifierait que nous produisons chez eux une certaine joie et un certain enthousiasme dans notre fa\u00e7on de jouer. \u00bb<\/span><\/p>\n<p><span style=\"font-weight: 400;\">Il s\u2019est ensuite r\u00e9joui du soutien dont ses joueurs ont b\u00e9n\u00e9fici\u00e9 : \u00ab Merci encore beaucoup d\u2019\u00eatre venus nous voir. J\u2019esp\u00e8re qu\u2019ils ont pass\u00e9 un bon moment et que nous leur avons offert un bon divertissement. \u00bb <\/span><\/p>\n<p>Il y a eu un moment particuli\u00e8rement touchant lorsque quatre joueurs d&#39;Arsenal ont pris le temps de discuter avec un homme du coin qui semble avoir travers\u00e9 des moments difficiles. Esp\u00e9rons que cette exp\u00e9rience lui permettra de retrouver confiance en lui.<\/p>\n<p>Plus s\u00e9rieusement, j&#39;esp\u00e8re que tout le monde \u00e0 Los Angeles, les natifs de la ville et les milliers de visiteurs venus de tous les \u00c9tats-Unis et d&#39;ailleurs, ont appr\u00e9ci\u00e9 cette derni\u00e8re exp\u00e9rience \u00e0 Arsenal. Lorsque j&#39;ai rencontr\u00e9 certains d&#39;entre vous l&#39;ann\u00e9e derni\u00e8re, j&#39;ai \u00e9t\u00e9 impressionn\u00e9 par votre passion pour l&#39;\u00e9quipe et votre d\u00e9vouement \u00e0 regarder les matchs \u00e0 des heures ind\u00e9centes de la journ\u00e9e.<\/p>\n<p><span style=\"font-weight: 400;\">Je dois dire que je trouve vraiment int\u00e9ressant de voir \u00e0 quel point les liens se resserrent avec les autres franchises sportives de la famille Kroenke. \u00c9videmment, les joueurs ont utilis\u00e9 les installations des LA Rams cette semaine et le SoFi Stadium a accueilli des matchs amicaux au cours des ann\u00e9es cons\u00e9cutives, mais il se passe bien plus de choses sous la surface. <\/span><\/p>\n<p><span style=\"font-weight: 400;\">Arteta et Sean McVay, l&#39;entra\u00eeneur-chef des Rams, semblent avoir nou\u00e9 une v\u00e9ritable relation et leur co-organisation d&#39;un \u00e9v\u00e9nement communautaire vendredi, auquel Stan et Josh Kroenke \u00e9taient tous deux pr\u00e9sents, aura approfondi cette relation. McVay n&#39;avait que 30 ans lorsqu&#39;il a \u00e9t\u00e9 embauch\u00e9 par les Rams en 2017. Cinq ans plus tard, il est devenu le plus jeune entra\u00eeneur-chef \u00e0 remporter un Super Bowl. On peut voir comment lui et Arteta pourraient s&#39;entendre. <\/span><\/p>\n<p><span style=\"font-weight: 400;\">\u00ab Nous avons un lien tr\u00e8s fort avec les Rams. Nous g\u00e9n\u00e9rons quelque chose de sp\u00e9cial aux \u00c9tats-Unis, ce qui est tr\u00e8s important pour nous \u00bb, a d\u00e9clar\u00e9 l&#39;Espagnol. <\/span><\/p>\n<p><span style=\"font-weight: 400;\">Par ailleurs, le club a \u00e9galement r\u00e9v\u00e9l\u00e9 que d&#39;anciens joueurs, membres du personnel et partenaires de l&#39;ensemble du r\u00e9seau KSE &#8211; notamment Arsenal, les Rams et la franchise NBA Denver Nuggets (qui a remport\u00e9 son premier titre NBA l&#39;ann\u00e9e derni\u00e8re), ont \u00e9t\u00e9 invit\u00e9s <\/span><span style=\"font-weight: 400;\">\u00ab pour un d\u00e9jeuner et une table ronde sur leur carri\u00e8re \u00bb<\/span><span style=\"font-weight: 400;\">  \u00ab partager des connaissances et passer du temps ensemble \u00bb. <\/span><\/p>\n<p><span style=\"font-weight: 400;\">Bien s\u00fbr, tout cela ressemble horriblement \u00e0 LinkedIn et me donne envie de vomir, mais franchement, si les Rams et les Nuggets ont des conseils sur la fa\u00e7on de gagner de l&#39;argent (ce qui aidera \u00e0 cela), je veux que nos gars et nos filles (et Gunnersaurus) en profitent. En \u00e9change, peut-\u00eatre pourrions-nous demander \u00e0 Louis Dunford de leur \u00e9crire une chanson ou envoyer Stu MacFarlane faire un discours d&#39;\u00e9quipe : \u00ab C&#39;est ma franchise, j&#39;adore cette franchise&#8230; \u00bb<\/span><\/p>\n<p><span style=\"font-weight: 400;\">Je ne sais pas si le club organise des \u00e9v\u00e9nements communautaires similaires et autres \u00e0 Philadelphie &#8211; les visites sont assez \u00e9prouvantes pour le personnel, il est donc logique de mettre ce genre de choses en avant &#8211; mais au moins les East Coast Gooners seront les premiers \u00e0 avoir un aper\u00e7u de Riccardo Calafiori aux couleurs d&#39;Arsenal.<\/span><\/p>\n<p><span style=\"font-weight: 400;\">L&#39;international italien <\/span><span style=\"font-weight: 400;\">a pass\u00e9 son examen m\u00e9dical \u00e0 Londres samedi<\/span><span style=\"font-weight: 400;\">  et s&#39;est envol\u00e9 hier pour les Etats-Unis, donc dans les prochaines heures, nous devrions avoir la confirmation officielle de son arriv\u00e9e officielle de Bologne. Les n\u00e9gociations ayant tra\u00een\u00e9 plus longtemps que quiconque ne l&#39;aurait souhait\u00e9 (m\u00eame son \u00e9quipe des moins de 7 ans avait apparemment une clause de revente), il n&#39;y a pas de temps \u00e0 perdre. Il sera imm\u00e9diatement envoy\u00e9 \u00e0 l&#39;entra\u00eenement et devrait \u00eatre sur le banc pour le match contre Liverpool. Nous attendons avec impatience de savoir lequel des nombreux chants propos\u00e9s sur Twitter sera le plus adapt\u00e9 aux tribunes. <\/span><\/p>\n<p><span style=\"font-weight: 400;\">Selon nos informations, Edu va passer le reste de la semaine \u00e0 finaliser le d\u00e9part d&#39;Emile Smith Rowe avant de consacrer des fonds au recrutement de Mikel Merino. Si l&#39;Espagnol est clairement en t\u00eate de notre liste de courses, Fabrizio Romano <\/span><span style=\"font-weight: 400;\">dit hier<\/span><span style=\"font-weight: 400;\">\u00ab\u00a0Il n&#39;est pas le seul nom sur [the] liste\u00a0\u00bb. <\/span><\/p>\n<p><span style=\"font-weight: 400;\">Je pense que c&#39;est le genre de phrase que vous utilisez pour emp\u00eacher les yeux de la Real Sociedad de s&#39;illuminer devant les 35 millions de livres sterling que Fulham envoie directement \u00e0 notre caisse de transfert. Dans un monde id\u00e9al, Smith Rowe ne paierait pas seulement pour un nouveau milieu de terrain, il couvrirait \u00e9galement le co\u00fbt de deux gardiens de but rempla\u00e7ants et la prochaine s\u00e9rie de Botox d&#39;Arteta. Je plaisante, je plaisante. Il peut payer \u00e7a lui-m\u00eame&#8230;<\/span><\/p>\n<p><span style=\"font-weight: 400;\">Bon, je ferais mieux de me mettre au travail. Apr\u00e8s le travail formidable de Lewis pendant le week-end, le relais passe maintenant au jeune et vif Tim Stillman. Si vous n&#39;avez pas encore lu ses articles, vous allez vous r\u00e9galer&#8230;<\/span><\/p>\n<p><span style=\"font-weight: 400;\">Je serai de retour jeudi pour revenir sur le match de Liverpool. <\/span><\/p>\n<\/div>\n","protected":false},"excerpt":{"rendered":"<p>Bonjour \u00e0 tous et bienvenue dans une semaine potentiellement charg\u00e9e du point de vue d&#39;Arsenal. Apr\u00e8s la victoire 2-1 de samedi soir contre Manchester United<\/p>\n","protected":false},"author":1,"featured_media":11581,"comment_status":"closed","ping_status":"","sticky":false,"template":"","format":"standard","meta":{"footnotes":""},"categories":[3],"tags":[58,5936,4221,5937],"yoast_head":"<!-- This site is optimized with the Yoast SEO plugin v21.0 - https:\/\/yoast.com\/wordpress\/plugins\/seo\/ -->\n<title>C\u0153urs et esprits |  ... un blog d&#039;Arsenal<\/title>\n<meta name=\"robots\" content=\"index, follow, max-snippet:-1, max-image-preview:large, max-video-preview:-1\" \/>\n<link rel=\"canonical\" href=\"https:\/\/footdavant.fr\/actualites\/coeurs-et-esprits-un-blog-darsenal\/\" \/>\n<meta property=\"og:locale\" content=\"fr_FR\" \/>\n<meta property=\"og:type\" content=\"article\" \/>\n<meta property=\"og:title\" content=\"C\u0153urs et esprits |  ... un blog d&#039;Arsenal\" \/>\n<meta property=\"og:description\" content=\"Bonjour \u00e0 tous et bienvenue dans une semaine potentiellement charg\u00e9e du point de vue d&#039;Arsenal. Apr\u00e8s la victoire 2-1 de samedi soir contre Manchester United\" \/>\n<meta property=\"og:url\" content=\"https:\/\/footdavant.fr\/actualites\/coeurs-et-esprits-un-blog-darsenal\/\" \/>\n<meta property=\"og:site_name\" content=\"Foot d&#039;avant\" \/>\n<meta property=\"article:publisher\" content=\"https:\/\/www.facebook.com\/Footdavant\/\" \/>\n<meta property=\"article:published_time\" content=\"2024-07-29T06:48:29+00:00\" \/>\n<meta property=\"article:modified_time\" content=\"2024-07-29T06:48:33+00:00\" \/>\n<meta property=\"og:image\" content=\"https:\/\/footdavant.fr\/actualites\/wp-content\/uploads\/2024\/07\/Coeurs-et-esprits-un-blog-d39Arsenal.png\" \/>\n\t<meta property=\"og:image:width\" content=\"1500\" \/>\n\t<meta property=\"og:image:height\" content=\"750\" \/>\n\t<meta property=\"og:image:type\" content=\"image\/png\" \/>\n<meta name=\"author\" content=\"Cl\u00e9ment\" \/>\n<meta name=\"twitter:card\" content=\"summary_large_image\" \/>\n<meta name=\"twitter:creator\" content=\"@FootdavantFr\" \/>\n<meta name=\"twitter:site\" content=\"@FootdavantFr\" \/>\n<meta name=\"twitter:label1\" content=\"\u00c9crit par\" \/>\n\t<meta name=\"twitter:data1\" content=\"Cl\u00e9ment\" \/>\n\t<meta name=\"twitter:label2\" content=\"Dur\u00e9e de lecture estim\u00e9e\" \/>\n\t<meta name=\"twitter:data2\" content=\"6 minutes\" \/>\n<script type=\"application\/ld+json\" class=\"yoast-schema-graph\">{\"@context\":\"https:\/\/schema.org\",\"@graph\":[{\"@type\":\"Article\",\"@id\":\"https:\/\/footdavant.fr\/actualites\/coeurs-et-esprits-un-blog-darsenal\/#article\",\"isPartOf\":{\"@id\":\"https:\/\/footdavant.fr\/actualites\/coeurs-et-esprits-un-blog-darsenal\/\"},\"author\":{\"name\":\"Cl\u00e9ment\",\"@id\":\"https:\/\/footdavant.fr\/actualites\/#\/schema\/person\/bc222566d95871b37e597b3ed3ba5e1d\"},\"headline\":\"C\u0153urs et esprits | &#8230; un blog d&#39;Arsenal\",\"datePublished\":\"2024-07-29T06:48:29+00:00\",\"dateModified\":\"2024-07-29T06:48:33+00:00\",\"mainEntityOfPage\":{\"@id\":\"https:\/\/footdavant.fr\/actualites\/coeurs-et-esprits-un-blog-darsenal\/\"},\"wordCount\":1191,\"publisher\":{\"@id\":\"https:\/\/footdavant.fr\/actualites\/#organization\"},\"keywords\":[\"blog\",\"C\u0153urs\",\"d39Arsenal\",\"esprits\"],\"articleSection\":[\"Football\"],\"inLanguage\":\"fr-FR\"},{\"@type\":\"WebPage\",\"@id\":\"https:\/\/footdavant.fr\/actualites\/coeurs-et-esprits-un-blog-darsenal\/\",\"url\":\"https:\/\/footdavant.fr\/actualites\/coeurs-et-esprits-un-blog-darsenal\/\",\"name\":\"C\u0153urs et esprits | ... un blog d&#39;Arsenal\",\"isPartOf\":{\"@id\":\"https:\/\/footdavant.fr\/actualites\/#website\"},\"datePublished\":\"2024-07-29T06:48:29+00:00\",\"dateModified\":\"2024-07-29T06:48:33+00:00\",\"breadcrumb\":{\"@id\":\"https:\/\/footdavant.fr\/actualites\/coeurs-et-esprits-un-blog-darsenal\/#breadcrumb\"},\"inLanguage\":\"fr-FR\",\"potentialAction\":[{\"@type\":\"ReadAction\",\"target\":[\"https:\/\/footdavant.fr\/actualites\/coeurs-et-esprits-un-blog-darsenal\/\"]}]},{\"@type\":\"BreadcrumbList\",\"@id\":\"https:\/\/footdavant.fr\/actualites\/coeurs-et-esprits-un-blog-darsenal\/#breadcrumb\",\"itemListElement\":[{\"@type\":\"ListItem\",\"position\":1,\"name\":\"Accueil\",\"item\":\"https:\/\/footdavant.fr\/actualites\/\"},{\"@type\":\"ListItem\",\"position\":2,\"name\":\"C\u0153urs et esprits | &#8230; un blog d&#39;Arsenal\"}]},{\"@type\":\"WebSite\",\"@id\":\"https:\/\/footdavant.fr\/actualites\/#website\",\"url\":\"https:\/\/footdavant.fr\/actualites\/\",\"name\":\"Foot d'avant\",\"description\":\"\",\"publisher\":{\"@id\":\"https:\/\/footdavant.fr\/actualites\/#organization\"},\"potentialAction\":[{\"@type\":\"SearchAction\",\"target\":{\"@type\":\"EntryPoint\",\"urlTemplate\":\"https:\/\/footdavant.fr\/actualites\/?s={search_term_string}\"},\"query-input\":\"required name=search_term_string\"}],\"inLanguage\":\"fr-FR\"},{\"@type\":\"Organization\",\"@id\":\"https:\/\/footdavant.fr\/actualites\/#organization\",\"name\":\"Foot d'avant\",\"url\":\"https:\/\/footdavant.fr\/actualites\/\",\"logo\":{\"@type\":\"ImageObject\",\"inLanguage\":\"fr-FR\",\"@id\":\"https:\/\/footdavant.fr\/actualites\/#\/schema\/logo\/image\/\",\"url\":\"https:\/\/footdavant.fr\/actualites\/wp-content\/uploads\/2023\/09\/Copy-of-FootDavant-Logo.png\",\"contentUrl\":\"https:\/\/footdavant.fr\/actualites\/wp-content\/uploads\/2023\/09\/Copy-of-FootDavant-Logo.png\",\"width\":936,\"height\":549,\"caption\":\"Foot d'avant\"},\"image\":{\"@id\":\"https:\/\/footdavant.fr\/actualites\/#\/schema\/logo\/image\/\"},\"sameAs\":[\"https:\/\/www.facebook.com\/Footdavant\/\",\"https:\/\/twitter.com\/FootdavantFr\",\"https:\/\/www.instagram.com\/footdavant.fr\/\"]},{\"@type\":\"Person\",\"@id\":\"https:\/\/footdavant.fr\/actualites\/#\/schema\/person\/bc222566d95871b37e597b3ed3ba5e1d\",\"name\":\"Cl\u00e9ment\",\"image\":{\"@type\":\"ImageObject\",\"inLanguage\":\"fr-FR\",\"@id\":\"https:\/\/footdavant.fr\/actualites\/#\/schema\/person\/image\/\",\"url\":\"https:\/\/secure.gravatar.com\/avatar\/7728b29aac2719421e1a9159b2254c44?s=96&d=mm&r=g\",\"contentUrl\":\"https:\/\/secure.gravatar.com\/avatar\/7728b29aac2719421e1a9159b2254c44?s=96&d=mm&r=g\",\"caption\":\"Cl\u00e9ment\"},\"sameAs\":[\"https:\/\/footdavant.fr\/\"]}]}<\/script>\n<!-- \/ Yoast SEO plugin. -->","yoast_head_json":{"title":"C\u0153urs et esprits |  ... un blog d&#39;Arsenal","robots":{"index":"index","follow":"follow","max-snippet":"max-snippet:-1","max-image-preview":"max-image-preview:large","max-video-preview":"max-video-preview:-1"},"canonical":"https:\/\/footdavant.fr\/actualites\/coeurs-et-esprits-un-blog-darsenal\/","og_locale":"fr_FR","og_type":"article","og_title":"C\u0153urs et esprits |  ... un blog d&#39;Arsenal","og_description":"Bonjour \u00e0 tous et bienvenue dans une semaine potentiellement charg\u00e9e du point de vue d&#39;Arsenal. Apr\u00e8s la victoire 2-1 de samedi soir contre Manchester United","og_url":"https:\/\/footdavant.fr\/actualites\/coeurs-et-esprits-un-blog-darsenal\/","og_site_name":"Foot d&#039;avant","article_publisher":"https:\/\/www.facebook.com\/Footdavant\/","article_published_time":"2024-07-29T06:48:29+00:00","article_modified_time":"2024-07-29T06:48:33+00:00","og_image":[{"width":1500,"height":750,"url":"https:\/\/footdavant.fr\/actualites\/wp-content\/uploads\/2024\/07\/Coeurs-et-esprits-un-blog-d39Arsenal.png","type":"image\/png"}],"author":"Cl\u00e9ment","twitter_card":"summary_large_image","twitter_creator":"@FootdavantFr","twitter_site":"@FootdavantFr","twitter_misc":{"\u00c9crit par":"Cl\u00e9ment","Dur\u00e9e de lecture estim\u00e9e":"6 minutes"},"schema":{"@context":"https:\/\/schema.org","@graph":[{"@type":"Article","@id":"https:\/\/footdavant.fr\/actualites\/coeurs-et-esprits-un-blog-darsenal\/#article","isPartOf":{"@id":"https:\/\/footdavant.fr\/actualites\/coeurs-et-esprits-un-blog-darsenal\/"},"author":{"name":"Cl\u00e9ment","@id":"https:\/\/footdavant.fr\/actualites\/#\/schema\/person\/bc222566d95871b37e597b3ed3ba5e1d"},"headline":"C\u0153urs et esprits | &#8230; un blog d&#39;Arsenal","datePublished":"2024-07-29T06:48:29+00:00","dateModified":"2024-07-29T06:48:33+00:00","mainEntityOfPage":{"@id":"https:\/\/footdavant.fr\/actualites\/coeurs-et-esprits-un-blog-darsenal\/"},"wordCount":1191,"publisher":{"@id":"https:\/\/footdavant.fr\/actualites\/#organization"},"keywords":["blog","C\u0153urs","d39Arsenal","esprits"],"articleSection":["Football"],"inLanguage":"fr-FR"},{"@type":"WebPage","@id":"https:\/\/footdavant.fr\/actualites\/coeurs-et-esprits-un-blog-darsenal\/","url":"https:\/\/footdavant.fr\/actualites\/coeurs-et-esprits-un-blog-darsenal\/","name":"C\u0153urs et esprits | ... un blog d&#39;Arsenal","isPartOf":{"@id":"https:\/\/footdavant.fr\/actualites\/#website"},"datePublished":"2024-07-29T06:48:29+00:00","dateModified":"2024-07-29T06:48:33+00:00","breadcrumb":{"@id":"https:\/\/footdavant.fr\/actualites\/coeurs-et-esprits-un-blog-darsenal\/#breadcrumb"},"inLanguage":"fr-FR","potentialAction":[{"@type":"ReadAction","target":["https:\/\/footdavant.fr\/actualites\/coeurs-et-esprits-un-blog-darsenal\/"]}]},{"@type":"BreadcrumbList","@id":"https:\/\/footdavant.fr\/actualites\/coeurs-et-esprits-un-blog-darsenal\/#breadcrumb","itemListElement":[{"@type":"ListItem","position":1,"name":"Accueil","item":"https:\/\/footdavant.fr\/actualites\/"},{"@type":"ListItem","position":2,"name":"C\u0153urs et esprits | &#8230; un blog d&#39;Arsenal"}]},{"@type":"WebSite","@id":"https:\/\/footdavant.fr\/actualites\/#website","url":"https:\/\/footdavant.fr\/actualites\/","name":"Foot d'avant","description":"","publisher":{"@id":"https:\/\/footdavant.fr\/actualites\/#organization"},"potentialAction":[{"@type":"SearchAction","target":{"@type":"EntryPoint","urlTemplate":"https:\/\/footdavant.fr\/actualites\/?s={search_term_string}"},"query-input":"required name=search_term_string"}],"inLanguage":"fr-FR"},{"@type":"Organization","@id":"https:\/\/footdavant.fr\/actualites\/#organization","name":"Foot d'avant","url":"https:\/\/footdavant.fr\/actualites\/","logo":{"@type":"ImageObject","inLanguage":"fr-FR","@id":"https:\/\/footdavant.fr\/actualites\/#\/schema\/logo\/image\/","url":"https:\/\/footdavant.fr\/actualites\/wp-content\/uploads\/2023\/09\/Copy-of-FootDavant-Logo.png","contentUrl":"https:\/\/footdavant.fr\/actualites\/wp-content\/uploads\/2023\/09\/Copy-of-FootDavant-Logo.png","width":936,"height":549,"caption":"Foot d'avant"},"image":{"@id":"https:\/\/footdavant.fr\/actualites\/#\/schema\/logo\/image\/"},"sameAs":["https:\/\/www.facebook.com\/Footdavant\/","https:\/\/twitter.com\/FootdavantFr","https:\/\/www.instagram.com\/footdavant.fr\/"]},{"@type":"Person","@id":"https:\/\/footdavant.fr\/actualites\/#\/schema\/person\/bc222566d95871b37e597b3ed3ba5e1d","name":"Cl\u00e9ment","image":{"@type":"ImageObject","inLanguage":"fr-FR","@id":"https:\/\/footdavant.fr\/actualites\/#\/schema\/person\/image\/","url":"https:\/\/secure.gravatar.com\/avatar\/7728b29aac2719421e1a9159b2254c44?s=96&d=mm&r=g","contentUrl":"https:\/\/secure.gravatar.com\/avatar\/7728b29aac2719421e1a9159b2254c44?s=96&d=mm&r=g","caption":"Cl\u00e9ment"},"sameAs":["https:\/\/footdavant.fr\/"]}]}},"_links":{"self":[{"href":"https:\/\/footdavant.fr\/actualites\/wp-json\/wp\/v2\/posts\/11580"}],"collection":[{"href":"https:\/\/footdavant.fr\/actualites\/wp-json\/wp\/v2\/posts"}],"about":[{"href":"https:\/\/footdavant.fr\/actualites\/wp-json\/wp\/v2\/types\/post"}],"author":[{"embeddable":true,"href":"https:\/\/footdavant.fr\/actualites\/wp-json\/wp\/v2\/users\/1"}],"replies":[{"embeddable":true,"href":"https:\/\/footdavant.fr\/actualites\/wp-json\/wp\/v2\/comments?post=11580"}],"version-history":[{"count":1,"href":"https:\/\/footdavant.fr\/actualites\/wp-json\/wp\/v2\/posts\/11580\/revisions"}],"predecessor-version":[{"id":11582,"href":"https:\/\/footdavant.fr\/actualites\/wp-json\/wp\/v2\/posts\/11580\/revisions\/11582"}],"wp:featuredmedia":[{"embeddable":true,"href":"https:\/\/footdavant.fr\/actualites\/wp-json\/wp\/v2\/media\/11581"}],"wp:attachment":[{"href":"https:\/\/footdavant.fr\/actualites\/wp-json\/wp\/v2\/media?parent=11580"}],"wp:term":[{"taxonomy":"category","embeddable":true,"href":"https:\/\/footdavant.fr\/actualites\/wp-json\/wp\/v2\/categories?post=11580"},{"taxonomy":"post_tag","embeddable":true,"href":"https:\/\/footdavant.fr\/actualites\/wp-json\/wp\/v2\/tags?post=11580"}],"curies":[{"name":"wp","href":"https:\/\/api.w.org\/{rel}","templated":true}]}}