{"id":11586,"date":"2024-07-29T10:48:40","date_gmt":"2024-07-29T08:48:40","guid":{"rendered":"https:\/\/footdavant.fr\/actualites\/transferts-de-liverpool-les-reds-sont-interesses-par-la-signature-dun-ancien-attaquant-darsenal\/"},"modified":"2024-07-29T10:48:41","modified_gmt":"2024-07-29T08:48:41","slug":"transferts-de-liverpool-les-reds-sont-interesses-par-la-signature-dun-ancien-attaquant-darsenal","status":"publish","type":"post","link":"https:\/\/footdavant.fr\/actualites\/transferts-de-liverpool-les-reds-sont-interesses-par-la-signature-dun-ancien-attaquant-darsenal\/","title":{"rendered":"Transferts de Liverpool : les Reds sont \u00ab int\u00e9ress\u00e9s \u00bb par la signature d&#39;un ancien attaquant d&#39;Arsenal"},"content":{"rendered":"<p>Selon certaines informations, Liverpool serait int\u00e9ress\u00e9 par la signature de l&#39;ancien attaquant d&#39;Arsenal Donyell Malen du Borussia Dortmund avant la saison 2024-25. <\/p>\n<div id=\"article_body\" itemprop=\"articleBody\">\n<h3 class=\"firstPara\">\n<strong class=\"autotag\">Liverpool<\/strong> seraient int\u00e9ress\u00e9s par la signature d&#39;anciens <strong class=\"autotag\">Arsenal<\/strong> attaquant <strong class=\"autotag\">Donyell Malen<\/strong> depuis <strong class=\"autotag\">Borussia Dortmund<\/strong> en vue de la saison 2024-25. <\/h3>\n<p>Les Reds sont actuellement aux \u00c9tats-Unis pour une tourn\u00e9e de pr\u00e9-saison, se pr\u00e9parant \u00e0 une nouvelle \u00e8re sous la direction du manager n\u00e9erlandais <strong class=\"autotag\">Machine \u00e0 sous Arne<\/strong>. <\/p>\n<p>L&#39;ancien manager de Feyenoord, \u00e2g\u00e9 de 45 ans, a remplac\u00e9 <strong class=\"autotag\">J\u00fcrgen Klopp<\/strong> \u00e0 la fin de la saison derni\u00e8re et devrait profiter de ce voyage pour \u00e9valuer son \u00e9quipe actuelle et identifier les domaines qui pourraient n\u00e9cessiter d&#39;\u00eatre renforc\u00e9s. <\/p>\n<p>Alors que Liverpool a connu des succ\u00e8s comme <strong class=\"autotag\">Jo\u00ebl Matip<\/strong>, <strong class=\"autotag\">Thiago Alcantara<\/strong> et <strong class=\"autotag\">Adrien<\/strong> partir \u00e0 l&#39;intersaison, ils n&#39;ont pas encore fait de signature dans la fen\u00eatre de transfert actuelle.<\/p>\n<p>Cependant, il reste encore beaucoup de temps pour que cette situation change avant la date limite des transferts du 2 septembre, et un rapport de ce week-end sugg\u00e8re qu&#39;ils pourraient se rapprocher de leur premi\u00e8re signature de l&#39;\u00e9t\u00e9. <\/p>\n<p class=\"imgI\">\n<h2 class=\"k3\">Liverpool pr\u00e9pare un transfert pour Donyell Malen<\/h2>\n<p>Selon le <em>L&#39;\u00c9cho de Liverpool<\/em>L&#39;\u00e9quipe de Slot envisage de recruter l&#39;attaquant de Dortmund, r\u00e9cemment revenu de l&#39;Euro 2024 avec les Pays-Bas. <\/p>\n<p>Le rapport ajoute que les Reds s&#39;\u00e9taient renseign\u00e9s sur la disponibilit\u00e9 du joueur de 25 ans plus t\u00f4t cet \u00e9t\u00e9, mais avaient recul\u00e9 jusqu&#39;apr\u00e8s le Championnat d&#39;Europe. <\/p>\n<p>Cependant, la comp\u00e9tition continentale \u00e9tant d\u00e9sormais termin\u00e9e, il semblerait qu&#39;ils soient de retour pour l&#39;attaquant et pr\u00e9parent une offre officielle pour sa signature dans les prochains jours. <\/p>\n<p><em>PrisHors jeu<\/em>en attendant, sugg\u00e8rent que Liverpool est susceptible de faire face \u00e0 la concurrence pour obtenir la signature de l&#39;international n\u00e9erlandais, Arsenal \u00e9tant cens\u00e9 \u00eatre int\u00e9ress\u00e9 par la re-signature de l&#39;attaquant talentueux. <\/p>\n<p>Malen a gravi les \u00e9chelons \u00e0 l&#39;Emirates Stadium avant d&#39;obtenir un transfert vers les g\u00e9ants de l&#39;Eredivisie, le PSV Eindhoven, en 2018. <\/p>\n<p>Le m\u00e9dia affirme que Malen a une clause lib\u00e9ratoire de 40 millions de livres sterling attach\u00e9e \u00e0 son nom, que les deux \u00e9quipes de Premier League envisagent de d\u00e9clencher cet \u00e9t\u00e9.<\/p>\n<p class=\"imgI\"><img decoding=\"async\" loading=\"lazy\" class=\"l\" src=\"https:\/\/footdavant.fr\/actualites\/wp-content\/uploads\/2024\/07\/1722242920_456_Transferts-de-Liverpool-les-Reds-sont-interesses.jpg\" title=\"Mikel Arteta, l&#39;entra\u00eeneur d&#39;Arsenal, avant le match du 4 mars 2024\" alt=\"Mikel Arteta, l&#39;entra\u00eeneur d&#39;Arsenal, avant le match du 4 mars 2024\" width=\"640\" height=\"480\"><\/p>\n<h2 class=\"k3\">Malen pr\u00e9f\u00e8re retourner \u00e0 Londres plut\u00f4t qu&#39;\u00e0 Anfield<\/h2>\n<p>Alors que Liverpool semble \u00eatre le favori pour signer le joueur de 25 ans, qu&#39;ils consid\u00e8rent comme un rempla\u00e7ant potentiel \u00e0 long terme pour <strong class=\"autotag\">Mohamed Salah<\/strong>le rapport indique que Malen pr\u00e9f\u00e9rerait un retour \u00e0 Londres si les deux clubs anglais pr\u00e9sentaient des offres. <\/p>\n<p>Le contrat actuel de l&#39;attaquant avec Dortmund court jusqu&#39;\u00e0 l&#39;\u00e9t\u00e9 2026, et le club ne cherche pas activement \u00e0 le vendre dans la fen\u00eatre de transfert actuelle.<\/p>\n<p>Malen a disput\u00e9 27 matches de Bundesliga avec le BVB la saison derni\u00e8re, marquant 13 buts et d\u00e9livrant une passe d\u00e9cisive. Il a \u00e9galement \u00e9t\u00e9 un joueur cl\u00e9 de la campagne de Ligue des champions de l&#39;\u00e9quipe la saison derni\u00e8re, o\u00f9 elle a atteint la finale mais a \u00e9t\u00e9 battue par le Real Madrid. <\/p>\n<p>De plus, il a particip\u00e9 \u00e0 quatre matchs du Championnat d&#39;Europe pour les Pays-Bas et a marqu\u00e9 deux buts, aidant les Oranje \u00e0 atteindre la demi-finale de la comp\u00e9tition. <\/p>\n<p>Les Jaune et Noir ont d\u00e9bours\u00e9 environ 30 millions de livres sterling pour signer l&#39;attaquant du PSV en 2021, ce qui signifie que si sa clause lib\u00e9ratoire est respect\u00e9e, le club r\u00e9cup\u00e9rerait la majorit\u00e9 de son investissement initial.<\/p>\n<\/div>\n","protected":false},"excerpt":{"rendered":"<p>Selon certaines informations, Liverpool serait int\u00e9ress\u00e9 par la signature de l&#39;ancien attaquant d&#39;Arsenal Donyell Malen du Borussia Dortmund avant la saison 2024-25. Liverpool seraient int\u00e9ress\u00e9s<\/p>\n","protected":false},"author":1,"featured_media":11587,"comment_status":"closed","ping_status":"","sticky":false,"template":"","format":"standard","meta":{"footnotes":""},"categories":[5],"tags":[2668,778,4221,4260,1982,93,53,75,722,449,45,1376],"yoast_head":"<!-- This site is optimized with the Yoast SEO plugin v21.0 - https:\/\/yoast.com\/wordpress\/plugins\/seo\/ -->\n<title>Transferts de Liverpool : les Reds sont \u00ab int\u00e9ress\u00e9s \u00bb par la signature d&#039;un ancien attaquant d&#039;Arsenal<\/title>\n<meta name=\"robots\" content=\"index, follow, max-snippet:-1, max-image-preview:large, max-video-preview:-1\" \/>\n<link rel=\"canonical\" href=\"https:\/\/footdavant.fr\/actualites\/transferts-de-liverpool-les-reds-sont-interesses-par-la-signature-dun-ancien-attaquant-darsenal\/\" \/>\n<meta property=\"og:locale\" content=\"fr_FR\" \/>\n<meta property=\"og:type\" content=\"article\" \/>\n<meta property=\"og:title\" content=\"Transferts de Liverpool : les Reds sont \u00ab int\u00e9ress\u00e9s \u00bb par la signature d&#039;un ancien attaquant d&#039;Arsenal\" \/>\n<meta property=\"og:description\" content=\"Selon certaines informations, Liverpool serait int\u00e9ress\u00e9 par la signature de l&#039;ancien attaquant d&#039;Arsenal Donyell Malen du Borussia Dortmund avant la saison 2024-25. Liverpool seraient int\u00e9ress\u00e9s\" \/>\n<meta property=\"og:url\" content=\"https:\/\/footdavant.fr\/actualites\/transferts-de-liverpool-les-reds-sont-interesses-par-la-signature-dun-ancien-attaquant-darsenal\/\" \/>\n<meta property=\"og:site_name\" content=\"Foot d&#039;avant\" \/>\n<meta property=\"article:publisher\" content=\"https:\/\/www.facebook.com\/Footdavant\/\" \/>\n<meta property=\"article:published_time\" content=\"2024-07-29T08:48:40+00:00\" \/>\n<meta property=\"article:modified_time\" content=\"2024-07-29T08:48:41+00:00\" \/>\n<meta property=\"og:image\" content=\"https:\/\/footdavant.fr\/actualites\/wp-content\/uploads\/2024\/07\/Transferts-de-Liverpool-les-Reds-sont-interesses.jpg\" \/>\n\t<meta property=\"og:image:width\" content=\"640\" \/>\n\t<meta property=\"og:image:height\" content=\"480\" \/>\n\t<meta property=\"og:image:type\" content=\"image\/jpeg\" \/>\n<meta name=\"author\" content=\"Cl\u00e9ment\" \/>\n<meta name=\"twitter:card\" content=\"summary_large_image\" \/>\n<meta name=\"twitter:creator\" content=\"@FootdavantFr\" \/>\n<meta name=\"twitter:site\" content=\"@FootdavantFr\" \/>\n<meta name=\"twitter:label1\" content=\"\u00c9crit par\" \/>\n\t<meta name=\"twitter:data1\" content=\"Cl\u00e9ment\" \/>\n\t<meta name=\"twitter:label2\" content=\"Dur\u00e9e de lecture estim\u00e9e\" \/>\n\t<meta name=\"twitter:data2\" content=\"3 minutes\" \/>\n<script type=\"application\/ld+json\" class=\"yoast-schema-graph\">{\"@context\":\"https:\/\/schema.org\",\"@graph\":[{\"@type\":\"Article\",\"@id\":\"https:\/\/footdavant.fr\/actualites\/transferts-de-liverpool-les-reds-sont-interesses-par-la-signature-dun-ancien-attaquant-darsenal\/#article\",\"isPartOf\":{\"@id\":\"https:\/\/footdavant.fr\/actualites\/transferts-de-liverpool-les-reds-sont-interesses-par-la-signature-dun-ancien-attaquant-darsenal\/\"},\"author\":{\"name\":\"Cl\u00e9ment\",\"@id\":\"https:\/\/footdavant.fr\/actualites\/#\/schema\/person\/bc222566d95871b37e597b3ed3ba5e1d\"},\"headline\":\"Transferts de Liverpool : les Reds sont \u00ab int\u00e9ress\u00e9s \u00bb par la signature d&#39;un ancien attaquant d&#39;Arsenal\",\"datePublished\":\"2024-07-29T08:48:40+00:00\",\"dateModified\":\"2024-07-29T08:48:41+00:00\",\"mainEntityOfPage\":{\"@id\":\"https:\/\/footdavant.fr\/actualites\/transferts-de-liverpool-les-reds-sont-interesses-par-la-signature-dun-ancien-attaquant-darsenal\/\"},\"wordCount\":616,\"publisher\":{\"@id\":\"https:\/\/footdavant.fr\/actualites\/#organization\"},\"keywords\":[\"ancien\",\"attaquant\",\"d39Arsenal\",\"d39un\",\"int\u00e9ress\u00e9s\",\"les\",\"Liverpool\",\"par\",\"Reds\",\"signature\",\"sont\",\"transferts\"],\"articleSection\":[\"Premier League\"],\"inLanguage\":\"fr-FR\"},{\"@type\":\"WebPage\",\"@id\":\"https:\/\/footdavant.fr\/actualites\/transferts-de-liverpool-les-reds-sont-interesses-par-la-signature-dun-ancien-attaquant-darsenal\/\",\"url\":\"https:\/\/footdavant.fr\/actualites\/transferts-de-liverpool-les-reds-sont-interesses-par-la-signature-dun-ancien-attaquant-darsenal\/\",\"name\":\"Transferts de Liverpool : les Reds sont \u00ab int\u00e9ress\u00e9s \u00bb par la signature d&#39;un ancien attaquant d&#39;Arsenal\",\"isPartOf\":{\"@id\":\"https:\/\/footdavant.fr\/actualites\/#website\"},\"datePublished\":\"2024-07-29T08:48:40+00:00\",\"dateModified\":\"2024-07-29T08:48:41+00:00\",\"breadcrumb\":{\"@id\":\"https:\/\/footdavant.fr\/actualites\/transferts-de-liverpool-les-reds-sont-interesses-par-la-signature-dun-ancien-attaquant-darsenal\/#breadcrumb\"},\"inLanguage\":\"fr-FR\",\"potentialAction\":[{\"@type\":\"ReadAction\",\"target\":[\"https:\/\/footdavant.fr\/actualites\/transferts-de-liverpool-les-reds-sont-interesses-par-la-signature-dun-ancien-attaquant-darsenal\/\"]}]},{\"@type\":\"BreadcrumbList\",\"@id\":\"https:\/\/footdavant.fr\/actualites\/transferts-de-liverpool-les-reds-sont-interesses-par-la-signature-dun-ancien-attaquant-darsenal\/#breadcrumb\",\"itemListElement\":[{\"@type\":\"ListItem\",\"position\":1,\"name\":\"Accueil\",\"item\":\"https:\/\/footdavant.fr\/actualites\/\"},{\"@type\":\"ListItem\",\"position\":2,\"name\":\"Transferts de Liverpool : les Reds sont \u00ab int\u00e9ress\u00e9s \u00bb par la signature d&#39;un ancien attaquant d&#39;Arsenal\"}]},{\"@type\":\"WebSite\",\"@id\":\"https:\/\/footdavant.fr\/actualites\/#website\",\"url\":\"https:\/\/footdavant.fr\/actualites\/\",\"name\":\"Foot d'avant\",\"description\":\"\",\"publisher\":{\"@id\":\"https:\/\/footdavant.fr\/actualites\/#organization\"},\"potentialAction\":[{\"@type\":\"SearchAction\",\"target\":{\"@type\":\"EntryPoint\",\"urlTemplate\":\"https:\/\/footdavant.fr\/actualites\/?s={search_term_string}\"},\"query-input\":\"required name=search_term_string\"}],\"inLanguage\":\"fr-FR\"},{\"@type\":\"Organization\",\"@id\":\"https:\/\/footdavant.fr\/actualites\/#organization\",\"name\":\"Foot d'avant\",\"url\":\"https:\/\/footdavant.fr\/actualites\/\",\"logo\":{\"@type\":\"ImageObject\",\"inLanguage\":\"fr-FR\",\"@id\":\"https:\/\/footdavant.fr\/actualites\/#\/schema\/logo\/image\/\",\"url\":\"https:\/\/footdavant.fr\/actualites\/wp-content\/uploads\/2023\/09\/Copy-of-FootDavant-Logo.png\",\"contentUrl\":\"https:\/\/footdavant.fr\/actualites\/wp-content\/uploads\/2023\/09\/Copy-of-FootDavant-Logo.png\",\"width\":936,\"height\":549,\"caption\":\"Foot d'avant\"},\"image\":{\"@id\":\"https:\/\/footdavant.fr\/actualites\/#\/schema\/logo\/image\/\"},\"sameAs\":[\"https:\/\/www.facebook.com\/Footdavant\/\",\"https:\/\/twitter.com\/FootdavantFr\",\"https:\/\/www.instagram.com\/footdavant.fr\/\"]},{\"@type\":\"Person\",\"@id\":\"https:\/\/footdavant.fr\/actualites\/#\/schema\/person\/bc222566d95871b37e597b3ed3ba5e1d\",\"name\":\"Cl\u00e9ment\",\"image\":{\"@type\":\"ImageObject\",\"inLanguage\":\"fr-FR\",\"@id\":\"https:\/\/footdavant.fr\/actualites\/#\/schema\/person\/image\/\",\"url\":\"https:\/\/secure.gravatar.com\/avatar\/7728b29aac2719421e1a9159b2254c44?s=96&d=mm&r=g\",\"contentUrl\":\"https:\/\/secure.gravatar.com\/avatar\/7728b29aac2719421e1a9159b2254c44?s=96&d=mm&r=g\",\"caption\":\"Cl\u00e9ment\"},\"sameAs\":[\"https:\/\/footdavant.fr\/\"]}]}<\/script>\n<!-- \/ Yoast SEO plugin. -->","yoast_head_json":{"title":"Transferts de Liverpool : les Reds sont \u00ab int\u00e9ress\u00e9s \u00bb par la signature d&#39;un ancien attaquant d&#39;Arsenal","robots":{"index":"index","follow":"follow","max-snippet":"max-snippet:-1","max-image-preview":"max-image-preview:large","max-video-preview":"max-video-preview:-1"},"canonical":"https:\/\/footdavant.fr\/actualites\/transferts-de-liverpool-les-reds-sont-interesses-par-la-signature-dun-ancien-attaquant-darsenal\/","og_locale":"fr_FR","og_type":"article","og_title":"Transferts de Liverpool : les Reds sont \u00ab int\u00e9ress\u00e9s \u00bb par la signature d&#39;un ancien attaquant d&#39;Arsenal","og_description":"Selon certaines informations, Liverpool serait int\u00e9ress\u00e9 par la signature de l&#39;ancien attaquant d&#39;Arsenal Donyell Malen du Borussia Dortmund avant la saison 2024-25. Liverpool seraient int\u00e9ress\u00e9s","og_url":"https:\/\/footdavant.fr\/actualites\/transferts-de-liverpool-les-reds-sont-interesses-par-la-signature-dun-ancien-attaquant-darsenal\/","og_site_name":"Foot d&#039;avant","article_publisher":"https:\/\/www.facebook.com\/Footdavant\/","article_published_time":"2024-07-29T08:48:40+00:00","article_modified_time":"2024-07-29T08:48:41+00:00","og_image":[{"width":640,"height":480,"url":"https:\/\/footdavant.fr\/actualites\/wp-content\/uploads\/2024\/07\/Transferts-de-Liverpool-les-Reds-sont-interesses.jpg","type":"image\/jpeg"}],"author":"Cl\u00e9ment","twitter_card":"summary_large_image","twitter_creator":"@FootdavantFr","twitter_site":"@FootdavantFr","twitter_misc":{"\u00c9crit par":"Cl\u00e9ment","Dur\u00e9e de lecture estim\u00e9e":"3 minutes"},"schema":{"@context":"https:\/\/schema.org","@graph":[{"@type":"Article","@id":"https:\/\/footdavant.fr\/actualites\/transferts-de-liverpool-les-reds-sont-interesses-par-la-signature-dun-ancien-attaquant-darsenal\/#article","isPartOf":{"@id":"https:\/\/footdavant.fr\/actualites\/transferts-de-liverpool-les-reds-sont-interesses-par-la-signature-dun-ancien-attaquant-darsenal\/"},"author":{"name":"Cl\u00e9ment","@id":"https:\/\/footdavant.fr\/actualites\/#\/schema\/person\/bc222566d95871b37e597b3ed3ba5e1d"},"headline":"Transferts de Liverpool : les Reds sont \u00ab int\u00e9ress\u00e9s \u00bb par la signature d&#39;un ancien attaquant d&#39;Arsenal","datePublished":"2024-07-29T08:48:40+00:00","dateModified":"2024-07-29T08:48:41+00:00","mainEntityOfPage":{"@id":"https:\/\/footdavant.fr\/actualites\/transferts-de-liverpool-les-reds-sont-interesses-par-la-signature-dun-ancien-attaquant-darsenal\/"},"wordCount":616,"publisher":{"@id":"https:\/\/footdavant.fr\/actualites\/#organization"},"keywords":["ancien","attaquant","d39Arsenal","d39un","int\u00e9ress\u00e9s","les","Liverpool","par","Reds","signature","sont","transferts"],"articleSection":["Premier League"],"inLanguage":"fr-FR"},{"@type":"WebPage","@id":"https:\/\/footdavant.fr\/actualites\/transferts-de-liverpool-les-reds-sont-interesses-par-la-signature-dun-ancien-attaquant-darsenal\/","url":"https:\/\/footdavant.fr\/actualites\/transferts-de-liverpool-les-reds-sont-interesses-par-la-signature-dun-ancien-attaquant-darsenal\/","name":"Transferts de Liverpool : les Reds sont \u00ab int\u00e9ress\u00e9s \u00bb par la signature d&#39;un ancien attaquant d&#39;Arsenal","isPartOf":{"@id":"https:\/\/footdavant.fr\/actualites\/#website"},"datePublished":"2024-07-29T08:48:40+00:00","dateModified":"2024-07-29T08:48:41+00:00","breadcrumb":{"@id":"https:\/\/footdavant.fr\/actualites\/transferts-de-liverpool-les-reds-sont-interesses-par-la-signature-dun-ancien-attaquant-darsenal\/#breadcrumb"},"inLanguage":"fr-FR","potentialAction":[{"@type":"ReadAction","target":["https:\/\/footdavant.fr\/actualites\/transferts-de-liverpool-les-reds-sont-interesses-par-la-signature-dun-ancien-attaquant-darsenal\/"]}]},{"@type":"BreadcrumbList","@id":"https:\/\/footdavant.fr\/actualites\/transferts-de-liverpool-les-reds-sont-interesses-par-la-signature-dun-ancien-attaquant-darsenal\/#breadcrumb","itemListElement":[{"@type":"ListItem","position":1,"name":"Accueil","item":"https:\/\/footdavant.fr\/actualites\/"},{"@type":"ListItem","position":2,"name":"Transferts de Liverpool : les Reds sont \u00ab int\u00e9ress\u00e9s \u00bb par la signature d&#39;un ancien attaquant d&#39;Arsenal"}]},{"@type":"WebSite","@id":"https:\/\/footdavant.fr\/actualites\/#website","url":"https:\/\/footdavant.fr\/actualites\/","name":"Foot d'avant","description":"","publisher":{"@id":"https:\/\/footdavant.fr\/actualites\/#organization"},"potentialAction":[{"@type":"SearchAction","target":{"@type":"EntryPoint","urlTemplate":"https:\/\/footdavant.fr\/actualites\/?s={search_term_string}"},"query-input":"required name=search_term_string"}],"inLanguage":"fr-FR"},{"@type":"Organization","@id":"https:\/\/footdavant.fr\/actualites\/#organization","name":"Foot d'avant","url":"https:\/\/footdavant.fr\/actualites\/","logo":{"@type":"ImageObject","inLanguage":"fr-FR","@id":"https:\/\/footdavant.fr\/actualites\/#\/schema\/logo\/image\/","url":"https:\/\/footdavant.fr\/actualites\/wp-content\/uploads\/2023\/09\/Copy-of-FootDavant-Logo.png","contentUrl":"https:\/\/footdavant.fr\/actualites\/wp-content\/uploads\/2023\/09\/Copy-of-FootDavant-Logo.png","width":936,"height":549,"caption":"Foot d'avant"},"image":{"@id":"https:\/\/footdavant.fr\/actualites\/#\/schema\/logo\/image\/"},"sameAs":["https:\/\/www.facebook.com\/Footdavant\/","https:\/\/twitter.com\/FootdavantFr","https:\/\/www.instagram.com\/footdavant.fr\/"]},{"@type":"Person","@id":"https:\/\/footdavant.fr\/actualites\/#\/schema\/person\/bc222566d95871b37e597b3ed3ba5e1d","name":"Cl\u00e9ment","image":{"@type":"ImageObject","inLanguage":"fr-FR","@id":"https:\/\/footdavant.fr\/actualites\/#\/schema\/person\/image\/","url":"https:\/\/secure.gravatar.com\/avatar\/7728b29aac2719421e1a9159b2254c44?s=96&d=mm&r=g","contentUrl":"https:\/\/secure.gravatar.com\/avatar\/7728b29aac2719421e1a9159b2254c44?s=96&d=mm&r=g","caption":"Cl\u00e9ment"},"sameAs":["https:\/\/footdavant.fr\/"]}]}},"_links":{"self":[{"href":"https:\/\/footdavant.fr\/actualites\/wp-json\/wp\/v2\/posts\/11586"}],"collection":[{"href":"https:\/\/footdavant.fr\/actualites\/wp-json\/wp\/v2\/posts"}],"about":[{"href":"https:\/\/footdavant.fr\/actualites\/wp-json\/wp\/v2\/types\/post"}],"author":[{"embeddable":true,"href":"https:\/\/footdavant.fr\/actualites\/wp-json\/wp\/v2\/users\/1"}],"replies":[{"embeddable":true,"href":"https:\/\/footdavant.fr\/actualites\/wp-json\/wp\/v2\/comments?post=11586"}],"version-history":[{"count":1,"href":"https:\/\/footdavant.fr\/actualites\/wp-json\/wp\/v2\/posts\/11586\/revisions"}],"predecessor-version":[{"id":11588,"href":"https:\/\/footdavant.fr\/actualites\/wp-json\/wp\/v2\/posts\/11586\/revisions\/11588"}],"wp:featuredmedia":[{"embeddable":true,"href":"https:\/\/footdavant.fr\/actualites\/wp-json\/wp\/v2\/media\/11587"}],"wp:attachment":[{"href":"https:\/\/footdavant.fr\/actualites\/wp-json\/wp\/v2\/media?parent=11586"}],"wp:term":[{"taxonomy":"category","embeddable":true,"href":"https:\/\/footdavant.fr\/actualites\/wp-json\/wp\/v2\/categories?post=11586"},{"taxonomy":"post_tag","embeddable":true,"href":"https:\/\/footdavant.fr\/actualites\/wp-json\/wp\/v2\/tags?post=11586"}],"curies":[{"name":"wp","href":"https:\/\/api.w.org\/{rel}","templated":true}]}}