{"id":11596,"date":"2024-07-29T14:50:08","date_gmt":"2024-07-29T12:50:08","guid":{"rendered":"https:\/\/footdavant.fr\/actualites\/actualites-des-transferts-de-man-city-un-paria-du-milieu-de-terrain-informe-city-quil-veut-quitter-cet-ete\/"},"modified":"2024-07-29T14:50:08","modified_gmt":"2024-07-29T12:50:08","slug":"actualites-des-transferts-de-man-city-un-paria-du-milieu-de-terrain-informe-city-quil-veut-quitter-cet-ete","status":"publish","type":"post","link":"https:\/\/footdavant.fr\/actualites\/actualites-des-transferts-de-man-city-un-paria-du-milieu-de-terrain-informe-city-quil-veut-quitter-cet-ete\/","title":{"rendered":"Actualit\u00e9s des transferts de Man City : un paria du milieu de terrain informe City qu&#39;il veut quitter cet \u00e9t\u00e9 ?"},"content":{"rendered":"<p>Kalvin Phillips aurait inform\u00e9 Manchester City qu&#39;il souhaitait mettre d\u00e9finitivement fin \u00e0 sa p\u00e9riode tumultueuse \u00e0 l&#39;Etihad Stadium cet \u00e9t\u00e9. <\/p>\n<div id=\"article_body\" itemprop=\"articleBody\">\n<h3 class=\"firstPara\">\n<strong class=\"autotag\">Kalvin Phillips<\/strong> aurait inform\u00e9 <strong class=\"autotag\">Manchester City<\/strong> qu&#39;il souhaite mettre d\u00e9finitivement un terme \u00e0 sa p\u00e9riode tumultueuse \u00e0 l&#39;Etihad Stadium cet \u00e9t\u00e9. <\/h3>\n<p>L&#39;Anglais \u00e9tait l&#39;un des jeunes joueurs les plus brillants d&#39;Angleterre pendant son s\u00e9jour \u00e0 Leeds United, et ses performances impressionnantes pour les Blancs ont vu City d\u00e9bourser 42 millions de livres sterling pour l&#39;amener \u00e0 Manchester en 2022. <\/p>\n<p>Il \u00e9tait largement attendu que l&#39;international anglais soit recrut\u00e9 comme rempla\u00e7ant \u00e0 long terme pour <strong class=\"autotag\">Rodri<\/strong>. <\/p>\n<p>Cependant, Phillips a d\u00fb attendre sept mois pour ses d\u00e9buts en \u00e9quipe premi\u00e8re pour les Citizens en raison d&#39;une blessure et a \u00e9t\u00e9 critiqu\u00e9 par <strong class=\"autotag\">Pep Guardiola<\/strong>qui a d\u00e9clar\u00e9 \u00eatre revenu de la Coupe du monde au Qatar en surpoids.<\/p>\n<p>Le joueur de 28 ans a fait 12 apparitions lors de sa premi\u00e8re saison compl\u00e8te \u00e0 Manchester et seulement 31 pour les champions de Premier League au cours des deux derni\u00e8res ann\u00e9es, la plupart du temps en tant que rempla\u00e7ant. <\/p>\n<p class=\"imgI\">\n<h2 class=\"k3\">Phillips dit au club qu&#39;il veut partir cet \u00e9t\u00e9<\/h2>\n<p>Apr\u00e8s avoir lutt\u00e9 pour retrouver le genre de forme qu&#39;il a montr\u00e9 \u00e0 Elland Road, Phillips a \u00e9t\u00e9 pr\u00eat\u00e9 \u00e0 West Ham United en janvier dans l&#39;espoir de revitaliser sa carri\u00e8re.<\/p>\n<p>\u00c0 l&#39;\u00e9poque, cela semblait \u00eatre le transfert parfait pour lui, car cela lui promettait plus de temps de jeu et une chance de montrer ses v\u00e9ritables capacit\u00e9s, mais les choses ne se sont pas d\u00e9roul\u00e9es comme pr\u00e9vu car il n&#39;a d\u00e9but\u00e9 que trois des dix matchs qu&#39;il a disput\u00e9s. <\/p>\n<p>De plus, son passage a \u00e9t\u00e9 \u00e9clips\u00e9 par un carton rouge lors de son quatri\u00e8me match, et sa performance globale au London Stadium a entra\u00een\u00e9 son exclusion de l&#39;\u00e9quipe d&#39;Angleterre pour l&#39;Euro 2024.<\/p>\n<p>Phillips est revenu \u00e0 Manchester cet \u00e9t\u00e9 et fait actuellement partie de l&#39;\u00e9quipe de voyage de Guardiola aux \u00c9tats-Unis pour la pr\u00e9-saison, mais <em>Football Insider<\/em> rapporte que le milieu de terrain a maintenant demand\u00e9 un transfert loin de l&#39;Etihad cet \u00e9t\u00e9. <\/p>\n<p>Le rapport ajoute que City cherche un autre pr\u00eat pour lui la saison prochaine, mais le joueur pr\u00e9f\u00e8re un transfert permanent, qui, selon lui, lui permettra de s&#39;installer dans un nouveau club. <\/p>\n<p>Il semblerait que les champions de Premier League soient pr\u00eats \u00e0 le laisser partir et aient fix\u00e9 un prix demand\u00e9 de l&#39;ordre de 20 millions de livres sterling. <\/p>\n<p><strong class=\"autotag\">Aston Villa<\/strong> et <strong class=\"autotag\">Everton<\/strong> ont \u00e9t\u00e9 cr\u00e9dit\u00e9s d&#39;un int\u00e9r\u00eat pour l&#39;international anglais, mais on pense qu&#39;ils pr\u00e9f\u00e9reraient un pr\u00eat dans un premier temps avant de s&#39;engager \u00e0 le signer d\u00e9finitivement. <\/p>\n<p class=\"imgI\"><img decoding=\"async\" loading=\"lazy\" class=\"l\" src=\"https:\/\/footdavant.fr\/actualites\/wp-content\/uploads\/2024\/07\/1722257408_502_Actualites-des-transferts-de-Man-City-un-paria-du.jpg\" title=\"Ederson et Pep Guardiola de Manchester City photographi\u00e9s le 24 juillet 2024\" alt=\"Ederson et Pep Guardiola de Manchester City photographi\u00e9s le 24 juillet 2024\" width=\"640\" height=\"480\"><\/p>\n<h2 class=\"k3\">D&#39;autres grands noms pourraient suivre Phillips en quittant l&#39;Etihad cet \u00e9t\u00e9<\/h2>\n<p>Outre Phillips, il existe quelques autres joueurs de renom qui pourraient quitter l&#39;Etihad cet \u00e9t\u00e9, notamment <strong class=\"autotag\">Kevin De Bruyne<\/strong>, <strong class=\"autotag\">Ederson<\/strong> et <strong class=\"autotag\">Jack Grealish<\/strong>. <\/p>\n<p>De Bruyne, qui a eu 33 ans le mois dernier et est entr\u00e9 dans les 12 derniers mois de son contrat actuel, a \u00e9t\u00e9 fortement li\u00e9 \u00e0 un transfert vers la Pro League saoudienne, bien que Guardiola ait tent\u00e9 de d\u00e9mentir ces affirmations, d\u00e9clarant aux journalistes qu&#39;il \u00ab ne partait pas \u00bb.<\/p>\n<p>Cependant, contrairement au cas du Belge, le patron de City n&#39;a pas \u00e9t\u00e9 en mesure de fournir la moindre assurance sur l&#39;avenir d&#39;Ederson. <\/p>\n<p>Lors de sa premi\u00e8re conf\u00e9rence de presse d&#39;apr\u00e8s-match de pr\u00e9-saison, Guardiola a admis : \u00ab\u00a0Je ne sais pas si Ederson restera. Il doit prendre une d\u00e9cision.\u00a0\u00bb<\/p>\n<p>Expert en transfert <em>Fabrice Romano<\/em>affirme que les Citizens seraient dispos\u00e9s \u00e0 vendre le gardien br\u00e9silien pour un montant d&#39;environ 50 \u00e0 60 millions de livres sterling. <\/p>\n<p>Grealish, quant \u00e0 lui, a chut\u00e9 dans la hi\u00e9rarchie depuis l&#39;arriv\u00e9e de <strong class=\"autotag\">J\u00e9r\u00e9my Doku<\/strong>n&#39;ayant disput\u00e9 que 20 matches de Premier League la saison derni\u00e8re. Tottenham et le Bayern Munich auraient un \u0153il sur lui cet \u00e9t\u00e9. <\/p>\n<\/div>\n","protected":false},"excerpt":{"rendered":"<p>Kalvin Phillips aurait inform\u00e9 Manchester City qu&#39;il souhaitait mettre d\u00e9finitivement fin \u00e0 sa p\u00e9riode tumultueuse \u00e0 l&#39;Etihad Stadium cet \u00e9t\u00e9. Kalvin Phillips aurait inform\u00e9 Manchester<\/p>\n","protected":false},"author":1,"featured_media":11597,"comment_status":"closed","ping_status":"","sticky":false,"template":"","format":"standard","meta":{"footnotes":""},"categories":[5],"tags":[7,775,27,12,776,1343,24,441,5237,4290,170,442,1376,600],"yoast_head":"<!-- This site is optimized with the Yoast SEO plugin v21.0 - https:\/\/yoast.com\/wordpress\/plugins\/seo\/ -->\n<title>Actualit\u00e9s des transferts de Man City : un paria du milieu de terrain informe City qu&#039;il veut quitter cet \u00e9t\u00e9 ?<\/title>\n<meta name=\"robots\" content=\"index, follow, max-snippet:-1, max-image-preview:large, max-video-preview:-1\" \/>\n<link rel=\"canonical\" href=\"https:\/\/footdavant.fr\/actualites\/actualites-des-transferts-de-man-city-un-paria-du-milieu-de-terrain-informe-city-quil-veut-quitter-cet-ete\/\" \/>\n<meta property=\"og:locale\" content=\"fr_FR\" \/>\n<meta property=\"og:type\" content=\"article\" \/>\n<meta property=\"og:title\" content=\"Actualit\u00e9s des transferts de Man City : un paria du milieu de terrain informe City qu&#039;il veut quitter cet \u00e9t\u00e9 ?\" \/>\n<meta property=\"og:description\" content=\"Kalvin Phillips aurait inform\u00e9 Manchester City qu&#039;il souhaitait mettre d\u00e9finitivement fin \u00e0 sa p\u00e9riode tumultueuse \u00e0 l&#039;Etihad Stadium cet \u00e9t\u00e9. Kalvin Phillips aurait inform\u00e9 Manchester\" \/>\n<meta property=\"og:url\" content=\"https:\/\/footdavant.fr\/actualites\/actualites-des-transferts-de-man-city-un-paria-du-milieu-de-terrain-informe-city-quil-veut-quitter-cet-ete\/\" \/>\n<meta property=\"og:site_name\" content=\"Foot d&#039;avant\" \/>\n<meta property=\"article:publisher\" content=\"https:\/\/www.facebook.com\/Footdavant\/\" \/>\n<meta property=\"article:published_time\" content=\"2024-07-29T12:50:08+00:00\" \/>\n<meta property=\"og:image\" content=\"https:\/\/footdavant.fr\/actualites\/wp-content\/uploads\/2024\/07\/Actualites-des-transferts-de-Man-City-un-paria-du.jpg\" \/>\n\t<meta property=\"og:image:width\" content=\"640\" \/>\n\t<meta property=\"og:image:height\" content=\"480\" \/>\n\t<meta property=\"og:image:type\" content=\"image\/jpeg\" \/>\n<meta name=\"author\" content=\"Cl\u00e9ment\" \/>\n<meta name=\"twitter:card\" content=\"summary_large_image\" \/>\n<meta name=\"twitter:creator\" content=\"@FootdavantFr\" \/>\n<meta name=\"twitter:site\" content=\"@FootdavantFr\" \/>\n<meta name=\"twitter:label1\" content=\"\u00c9crit par\" \/>\n\t<meta name=\"twitter:data1\" content=\"Cl\u00e9ment\" \/>\n\t<meta name=\"twitter:label2\" content=\"Dur\u00e9e de lecture estim\u00e9e\" \/>\n\t<meta name=\"twitter:data2\" content=\"3 minutes\" \/>\n<script type=\"application\/ld+json\" class=\"yoast-schema-graph\">{\"@context\":\"https:\/\/schema.org\",\"@graph\":[{\"@type\":\"Article\",\"@id\":\"https:\/\/footdavant.fr\/actualites\/actualites-des-transferts-de-man-city-un-paria-du-milieu-de-terrain-informe-city-quil-veut-quitter-cet-ete\/#article\",\"isPartOf\":{\"@id\":\"https:\/\/footdavant.fr\/actualites\/actualites-des-transferts-de-man-city-un-paria-du-milieu-de-terrain-informe-city-quil-veut-quitter-cet-ete\/\"},\"author\":{\"name\":\"Cl\u00e9ment\",\"@id\":\"https:\/\/footdavant.fr\/actualites\/#\/schema\/person\/bc222566d95871b37e597b3ed3ba5e1d\"},\"headline\":\"Actualit\u00e9s des transferts de Man City : un paria du milieu de terrain informe City qu&#39;il veut quitter cet \u00e9t\u00e9 ?\",\"datePublished\":\"2024-07-29T12:50:08+00:00\",\"dateModified\":\"2024-07-29T12:50:08+00:00\",\"mainEntityOfPage\":{\"@id\":\"https:\/\/footdavant.fr\/actualites\/actualites-des-transferts-de-man-city-un-paria-du-milieu-de-terrain-informe-city-quil-veut-quitter-cet-ete\/\"},\"wordCount\":705,\"publisher\":{\"@id\":\"https:\/\/footdavant.fr\/actualites\/#organization\"},\"keywords\":[\"Actualit\u00e9s\",\"cet\",\"City\",\"des\",\"\u00e9t\u00e9\",\"inform\u00e9\",\"Man\",\"milieu\",\"paria\",\"qu39il\",\"quitter\",\"terrain\",\"transferts\",\"veut\"],\"articleSection\":[\"Premier League\"],\"inLanguage\":\"fr-FR\"},{\"@type\":\"WebPage\",\"@id\":\"https:\/\/footdavant.fr\/actualites\/actualites-des-transferts-de-man-city-un-paria-du-milieu-de-terrain-informe-city-quil-veut-quitter-cet-ete\/\",\"url\":\"https:\/\/footdavant.fr\/actualites\/actualites-des-transferts-de-man-city-un-paria-du-milieu-de-terrain-informe-city-quil-veut-quitter-cet-ete\/\",\"name\":\"Actualit\u00e9s des transferts de Man City : un paria du milieu de terrain informe City qu&#39;il veut quitter cet \u00e9t\u00e9 ?\",\"isPartOf\":{\"@id\":\"https:\/\/footdavant.fr\/actualites\/#website\"},\"datePublished\":\"2024-07-29T12:50:08+00:00\",\"dateModified\":\"2024-07-29T12:50:08+00:00\",\"breadcrumb\":{\"@id\":\"https:\/\/footdavant.fr\/actualites\/actualites-des-transferts-de-man-city-un-paria-du-milieu-de-terrain-informe-city-quil-veut-quitter-cet-ete\/#breadcrumb\"},\"inLanguage\":\"fr-FR\",\"potentialAction\":[{\"@type\":\"ReadAction\",\"target\":[\"https:\/\/footdavant.fr\/actualites\/actualites-des-transferts-de-man-city-un-paria-du-milieu-de-terrain-informe-city-quil-veut-quitter-cet-ete\/\"]}]},{\"@type\":\"BreadcrumbList\",\"@id\":\"https:\/\/footdavant.fr\/actualites\/actualites-des-transferts-de-man-city-un-paria-du-milieu-de-terrain-informe-city-quil-veut-quitter-cet-ete\/#breadcrumb\",\"itemListElement\":[{\"@type\":\"ListItem\",\"position\":1,\"name\":\"Accueil\",\"item\":\"https:\/\/footdavant.fr\/actualites\/\"},{\"@type\":\"ListItem\",\"position\":2,\"name\":\"Actualit\u00e9s des transferts de Man City : un paria du milieu de terrain informe City qu&#39;il veut quitter cet \u00e9t\u00e9 ?\"}]},{\"@type\":\"WebSite\",\"@id\":\"https:\/\/footdavant.fr\/actualites\/#website\",\"url\":\"https:\/\/footdavant.fr\/actualites\/\",\"name\":\"Foot d'avant\",\"description\":\"\",\"publisher\":{\"@id\":\"https:\/\/footdavant.fr\/actualites\/#organization\"},\"potentialAction\":[{\"@type\":\"SearchAction\",\"target\":{\"@type\":\"EntryPoint\",\"urlTemplate\":\"https:\/\/footdavant.fr\/actualites\/?s={search_term_string}\"},\"query-input\":\"required name=search_term_string\"}],\"inLanguage\":\"fr-FR\"},{\"@type\":\"Organization\",\"@id\":\"https:\/\/footdavant.fr\/actualites\/#organization\",\"name\":\"Foot d'avant\",\"url\":\"https:\/\/footdavant.fr\/actualites\/\",\"logo\":{\"@type\":\"ImageObject\",\"inLanguage\":\"fr-FR\",\"@id\":\"https:\/\/footdavant.fr\/actualites\/#\/schema\/logo\/image\/\",\"url\":\"https:\/\/footdavant.fr\/actualites\/wp-content\/uploads\/2023\/09\/Copy-of-FootDavant-Logo.png\",\"contentUrl\":\"https:\/\/footdavant.fr\/actualites\/wp-content\/uploads\/2023\/09\/Copy-of-FootDavant-Logo.png\",\"width\":936,\"height\":549,\"caption\":\"Foot d'avant\"},\"image\":{\"@id\":\"https:\/\/footdavant.fr\/actualites\/#\/schema\/logo\/image\/\"},\"sameAs\":[\"https:\/\/www.facebook.com\/Footdavant\/\",\"https:\/\/twitter.com\/FootdavantFr\",\"https:\/\/www.instagram.com\/footdavant.fr\/\"]},{\"@type\":\"Person\",\"@id\":\"https:\/\/footdavant.fr\/actualites\/#\/schema\/person\/bc222566d95871b37e597b3ed3ba5e1d\",\"name\":\"Cl\u00e9ment\",\"image\":{\"@type\":\"ImageObject\",\"inLanguage\":\"fr-FR\",\"@id\":\"https:\/\/footdavant.fr\/actualites\/#\/schema\/person\/image\/\",\"url\":\"https:\/\/secure.gravatar.com\/avatar\/7728b29aac2719421e1a9159b2254c44?s=96&d=mm&r=g\",\"contentUrl\":\"https:\/\/secure.gravatar.com\/avatar\/7728b29aac2719421e1a9159b2254c44?s=96&d=mm&r=g\",\"caption\":\"Cl\u00e9ment\"},\"sameAs\":[\"https:\/\/footdavant.fr\/\"]}]}<\/script>\n<!-- \/ Yoast SEO plugin. -->","yoast_head_json":{"title":"Actualit\u00e9s des transferts de Man City : un paria du milieu de terrain informe City qu&#39;il veut quitter cet \u00e9t\u00e9 ?","robots":{"index":"index","follow":"follow","max-snippet":"max-snippet:-1","max-image-preview":"max-image-preview:large","max-video-preview":"max-video-preview:-1"},"canonical":"https:\/\/footdavant.fr\/actualites\/actualites-des-transferts-de-man-city-un-paria-du-milieu-de-terrain-informe-city-quil-veut-quitter-cet-ete\/","og_locale":"fr_FR","og_type":"article","og_title":"Actualit\u00e9s des transferts de Man City : un paria du milieu de terrain informe City qu&#39;il veut quitter cet \u00e9t\u00e9 ?","og_description":"Kalvin Phillips aurait inform\u00e9 Manchester City qu&#39;il souhaitait mettre d\u00e9finitivement fin \u00e0 sa p\u00e9riode tumultueuse \u00e0 l&#39;Etihad Stadium cet \u00e9t\u00e9. Kalvin Phillips aurait inform\u00e9 Manchester","og_url":"https:\/\/footdavant.fr\/actualites\/actualites-des-transferts-de-man-city-un-paria-du-milieu-de-terrain-informe-city-quil-veut-quitter-cet-ete\/","og_site_name":"Foot d&#039;avant","article_publisher":"https:\/\/www.facebook.com\/Footdavant\/","article_published_time":"2024-07-29T12:50:08+00:00","og_image":[{"width":640,"height":480,"url":"https:\/\/footdavant.fr\/actualites\/wp-content\/uploads\/2024\/07\/Actualites-des-transferts-de-Man-City-un-paria-du.jpg","type":"image\/jpeg"}],"author":"Cl\u00e9ment","twitter_card":"summary_large_image","twitter_creator":"@FootdavantFr","twitter_site":"@FootdavantFr","twitter_misc":{"\u00c9crit par":"Cl\u00e9ment","Dur\u00e9e de lecture estim\u00e9e":"3 minutes"},"schema":{"@context":"https:\/\/schema.org","@graph":[{"@type":"Article","@id":"https:\/\/footdavant.fr\/actualites\/actualites-des-transferts-de-man-city-un-paria-du-milieu-de-terrain-informe-city-quil-veut-quitter-cet-ete\/#article","isPartOf":{"@id":"https:\/\/footdavant.fr\/actualites\/actualites-des-transferts-de-man-city-un-paria-du-milieu-de-terrain-informe-city-quil-veut-quitter-cet-ete\/"},"author":{"name":"Cl\u00e9ment","@id":"https:\/\/footdavant.fr\/actualites\/#\/schema\/person\/bc222566d95871b37e597b3ed3ba5e1d"},"headline":"Actualit\u00e9s des transferts de Man City : un paria du milieu de terrain informe City qu&#39;il veut quitter cet \u00e9t\u00e9 ?","datePublished":"2024-07-29T12:50:08+00:00","dateModified":"2024-07-29T12:50:08+00:00","mainEntityOfPage":{"@id":"https:\/\/footdavant.fr\/actualites\/actualites-des-transferts-de-man-city-un-paria-du-milieu-de-terrain-informe-city-quil-veut-quitter-cet-ete\/"},"wordCount":705,"publisher":{"@id":"https:\/\/footdavant.fr\/actualites\/#organization"},"keywords":["Actualit\u00e9s","cet","City","des","\u00e9t\u00e9","inform\u00e9","Man","milieu","paria","qu39il","quitter","terrain","transferts","veut"],"articleSection":["Premier League"],"inLanguage":"fr-FR"},{"@type":"WebPage","@id":"https:\/\/footdavant.fr\/actualites\/actualites-des-transferts-de-man-city-un-paria-du-milieu-de-terrain-informe-city-quil-veut-quitter-cet-ete\/","url":"https:\/\/footdavant.fr\/actualites\/actualites-des-transferts-de-man-city-un-paria-du-milieu-de-terrain-informe-city-quil-veut-quitter-cet-ete\/","name":"Actualit\u00e9s des transferts de Man City : un paria du milieu de terrain informe City qu&#39;il veut quitter cet \u00e9t\u00e9 ?","isPartOf":{"@id":"https:\/\/footdavant.fr\/actualites\/#website"},"datePublished":"2024-07-29T12:50:08+00:00","dateModified":"2024-07-29T12:50:08+00:00","breadcrumb":{"@id":"https:\/\/footdavant.fr\/actualites\/actualites-des-transferts-de-man-city-un-paria-du-milieu-de-terrain-informe-city-quil-veut-quitter-cet-ete\/#breadcrumb"},"inLanguage":"fr-FR","potentialAction":[{"@type":"ReadAction","target":["https:\/\/footdavant.fr\/actualites\/actualites-des-transferts-de-man-city-un-paria-du-milieu-de-terrain-informe-city-quil-veut-quitter-cet-ete\/"]}]},{"@type":"BreadcrumbList","@id":"https:\/\/footdavant.fr\/actualites\/actualites-des-transferts-de-man-city-un-paria-du-milieu-de-terrain-informe-city-quil-veut-quitter-cet-ete\/#breadcrumb","itemListElement":[{"@type":"ListItem","position":1,"name":"Accueil","item":"https:\/\/footdavant.fr\/actualites\/"},{"@type":"ListItem","position":2,"name":"Actualit\u00e9s des transferts de Man City : un paria du milieu de terrain informe City qu&#39;il veut quitter cet \u00e9t\u00e9 ?"}]},{"@type":"WebSite","@id":"https:\/\/footdavant.fr\/actualites\/#website","url":"https:\/\/footdavant.fr\/actualites\/","name":"Foot d'avant","description":"","publisher":{"@id":"https:\/\/footdavant.fr\/actualites\/#organization"},"potentialAction":[{"@type":"SearchAction","target":{"@type":"EntryPoint","urlTemplate":"https:\/\/footdavant.fr\/actualites\/?s={search_term_string}"},"query-input":"required name=search_term_string"}],"inLanguage":"fr-FR"},{"@type":"Organization","@id":"https:\/\/footdavant.fr\/actualites\/#organization","name":"Foot d'avant","url":"https:\/\/footdavant.fr\/actualites\/","logo":{"@type":"ImageObject","inLanguage":"fr-FR","@id":"https:\/\/footdavant.fr\/actualites\/#\/schema\/logo\/image\/","url":"https:\/\/footdavant.fr\/actualites\/wp-content\/uploads\/2023\/09\/Copy-of-FootDavant-Logo.png","contentUrl":"https:\/\/footdavant.fr\/actualites\/wp-content\/uploads\/2023\/09\/Copy-of-FootDavant-Logo.png","width":936,"height":549,"caption":"Foot d'avant"},"image":{"@id":"https:\/\/footdavant.fr\/actualites\/#\/schema\/logo\/image\/"},"sameAs":["https:\/\/www.facebook.com\/Footdavant\/","https:\/\/twitter.com\/FootdavantFr","https:\/\/www.instagram.com\/footdavant.fr\/"]},{"@type":"Person","@id":"https:\/\/footdavant.fr\/actualites\/#\/schema\/person\/bc222566d95871b37e597b3ed3ba5e1d","name":"Cl\u00e9ment","image":{"@type":"ImageObject","inLanguage":"fr-FR","@id":"https:\/\/footdavant.fr\/actualites\/#\/schema\/person\/image\/","url":"https:\/\/secure.gravatar.com\/avatar\/7728b29aac2719421e1a9159b2254c44?s=96&d=mm&r=g","contentUrl":"https:\/\/secure.gravatar.com\/avatar\/7728b29aac2719421e1a9159b2254c44?s=96&d=mm&r=g","caption":"Cl\u00e9ment"},"sameAs":["https:\/\/footdavant.fr\/"]}]}},"_links":{"self":[{"href":"https:\/\/footdavant.fr\/actualites\/wp-json\/wp\/v2\/posts\/11596"}],"collection":[{"href":"https:\/\/footdavant.fr\/actualites\/wp-json\/wp\/v2\/posts"}],"about":[{"href":"https:\/\/footdavant.fr\/actualites\/wp-json\/wp\/v2\/types\/post"}],"author":[{"embeddable":true,"href":"https:\/\/footdavant.fr\/actualites\/wp-json\/wp\/v2\/users\/1"}],"replies":[{"embeddable":true,"href":"https:\/\/footdavant.fr\/actualites\/wp-json\/wp\/v2\/comments?post=11596"}],"version-history":[{"count":1,"href":"https:\/\/footdavant.fr\/actualites\/wp-json\/wp\/v2\/posts\/11596\/revisions"}],"predecessor-version":[{"id":11598,"href":"https:\/\/footdavant.fr\/actualites\/wp-json\/wp\/v2\/posts\/11596\/revisions\/11598"}],"wp:featuredmedia":[{"embeddable":true,"href":"https:\/\/footdavant.fr\/actualites\/wp-json\/wp\/v2\/media\/11597"}],"wp:attachment":[{"href":"https:\/\/footdavant.fr\/actualites\/wp-json\/wp\/v2\/media?parent=11596"}],"wp:term":[{"taxonomy":"category","embeddable":true,"href":"https:\/\/footdavant.fr\/actualites\/wp-json\/wp\/v2\/categories?post=11596"},{"taxonomy":"post_tag","embeddable":true,"href":"https:\/\/footdavant.fr\/actualites\/wp-json\/wp\/v2\/tags?post=11596"}],"curies":[{"name":"wp","href":"https:\/\/api.w.org\/{rel}","templated":true}]}}