{"id":11599,"date":"2024-07-29T16:49:48","date_gmt":"2024-07-29T14:49:48","guid":{"rendered":"https:\/\/footdavant.fr\/actualites\/un-presentateur-exhorte-manchester-united-a-signer-mazraoui\/"},"modified":"2024-07-29T16:49:53","modified_gmt":"2024-07-29T14:49:53","slug":"un-presentateur-exhorte-manchester-united-a-signer-mazraoui","status":"publish","type":"post","link":"https:\/\/footdavant.fr\/actualites\/un-presentateur-exhorte-manchester-united-a-signer-mazraoui\/","title":{"rendered":"Un pr\u00e9sentateur exhorte Manchester United \u00e0 signer Mazraoui"},"content":{"rendered":"<div>\n<p>Pr\u00e9sentateur de renom et fier supporter de Manchester United, Mark Goldbridge a soutenu son club favori pour recruter Noussair Mazraoui du Bayern Munich. Goldbridge estime que Mazraoui sera une am\u00e9lioration par rapport \u00e0 Aaron Wan-Bissaka, car le joueur du Bayern est plus mena\u00e7ant en attaque.<\/p>\n<h2>Manchester United a conclu un accord personnel avec Noussair Mazraoui<\/h2>\n<p>Apr\u00e8s une saison 2023-24 d\u00e9cevante en Premier League, au cours de laquelle le club n&#39;a pas r\u00e9ussi \u00e0 terminer dans le top 4, Manchester United fait de son mieux pour rem\u00e9dier aux probl\u00e8mes cet \u00e9t\u00e9. Dans le cadre de la restructuration men\u00e9e par les copropri\u00e9taires INEOS, les Red Devils ont d\u00e9j\u00e0 recrut\u00e9 l&#39;attaquant Joshua Zirkzee de Bologne et le d\u00e9fenseur central Leny Yoro de Lille.<\/p>\n<p>Selon Fabrizio Romano, les Mancuniens ont encore beaucoup de travail \u00e0 faire et ont d\u00e9j\u00e0 pr\u00e9par\u00e9 le terrain pour leur prochaine recrue. S&#39;adressant au r\u00e9seau social X (anciennement Twitter), le journaliste italien a d\u00e9clar\u00e9 :<\/p>\n<p>\u00ab<\/p>\n<p>\u00ab\u00a0.\u00bb<\/p>\n<p>D&#39;apr\u00e8s ses d\u00e9clarations, il est \u00e9vident que l&#39;arriv\u00e9e de Mazraoui d\u00e9pend en grande partie de Wan-Bissaka. Le club bavarois ne pourra pas faire de d\u00e9marches pour le joueur du Bayern \u00e0 moins de vendre son actuel lat\u00e9ral droit.<\/p>\n<h2>Mark Goldbridge explique pourquoi Manchester United devrait signer Noussair Mazraoui<\/h2>\n<p>R\u00e9agissant aux rumeurs entourant Mazraoui, Goldbridge a exhort\u00e9 Manchester United \u00e0 finaliser le transfert, car il pense que l&#39;international marocain sera une am\u00e9lioration par rapport \u00e0 Wan-Bissaka.<\/p>\n<p>Le pr\u00e9sentateur a d\u00e9clar\u00e9 :<\/p>\n<p>\u00ab \u00bb<\/p>\n<p>Wan-Bissaka \u00e9volue \u00e0 Manchester United depuis son arriv\u00e9e en provenance de Crystal Palace en juillet 2019. Au cours des cinq derni\u00e8res ann\u00e9es, le joueur de 26 ans a disput\u00e9 190 matches toutes comp\u00e9titions confondues, marquant deux fois et d\u00e9livrant 13 passes d\u00e9cisives. Son contrat avec le club expire en juin 2025.<\/p>\n<p>Mazraoui, lui, \u00e9volue au Bayern Munich depuis juillet 2022. Depuis son arriv\u00e9e, il a jou\u00e9 55 matches, marquant un but et d\u00e9livrant huit passes d\u00e9cisives. Le contrat du joueur de 26 ans avec les Bavarois expire en juin 2026.<\/p>\n<\/p><\/div>\n","protected":false},"excerpt":{"rendered":"<p>Pr\u00e9sentateur de renom et fier supporter de Manchester United, Mark Goldbridge a soutenu son club favori pour recruter Noussair Mazraoui du Bayern Munich. Goldbridge estime<\/p>\n","protected":false},"author":1,"featured_media":11600,"comment_status":"closed","ping_status":"","sticky":false,"template":"","format":"standard","meta":{"footnotes":""},"categories":[3],"tags":[136,11,5940,5939,774,13],"yoast_head":"<!-- This site is optimized with the Yoast SEO plugin v21.0 - https:\/\/yoast.com\/wordpress\/plugins\/seo\/ -->\n<title>Un pr\u00e9sentateur exhorte Manchester United \u00e0 signer Mazraoui<\/title>\n<meta name=\"robots\" content=\"index, follow, max-snippet:-1, max-image-preview:large, max-video-preview:-1\" \/>\n<link rel=\"canonical\" href=\"https:\/\/footdavant.fr\/actualites\/un-presentateur-exhorte-manchester-united-a-signer-mazraoui\/\" \/>\n<meta property=\"og:locale\" content=\"fr_FR\" \/>\n<meta property=\"og:type\" content=\"article\" \/>\n<meta property=\"og:title\" content=\"Un pr\u00e9sentateur exhorte Manchester United \u00e0 signer Mazraoui\" \/>\n<meta property=\"og:description\" content=\"Pr\u00e9sentateur de renom et fier supporter de Manchester United, Mark Goldbridge a soutenu son club favori pour recruter Noussair Mazraoui du Bayern Munich. Goldbridge estime\" \/>\n<meta property=\"og:url\" content=\"https:\/\/footdavant.fr\/actualites\/un-presentateur-exhorte-manchester-united-a-signer-mazraoui\/\" \/>\n<meta property=\"og:site_name\" content=\"Foot d&#039;avant\" \/>\n<meta property=\"article:publisher\" content=\"https:\/\/www.facebook.com\/Footdavant\/\" \/>\n<meta property=\"article:published_time\" content=\"2024-07-29T14:49:48+00:00\" \/>\n<meta property=\"article:modified_time\" content=\"2024-07-29T14:49:53+00:00\" \/>\n<meta property=\"og:image\" content=\"https:\/\/footdavant.fr\/actualites\/wp-content\/uploads\/2024\/07\/Un-presentateur-exhorte-Manchester-United-a-signer-Mazraoui.jpg\" \/>\n\t<meta property=\"og:image:width\" content=\"2560\" \/>\n\t<meta property=\"og:image:height\" content=\"1906\" \/>\n\t<meta property=\"og:image:type\" content=\"image\/jpeg\" \/>\n<meta name=\"author\" content=\"Cl\u00e9ment\" \/>\n<meta name=\"twitter:card\" content=\"summary_large_image\" \/>\n<meta name=\"twitter:creator\" content=\"@FootdavantFr\" \/>\n<meta name=\"twitter:site\" content=\"@FootdavantFr\" \/>\n<meta name=\"twitter:label1\" content=\"\u00c9crit par\" \/>\n\t<meta name=\"twitter:data1\" content=\"Cl\u00e9ment\" \/>\n\t<meta name=\"twitter:label2\" content=\"Dur\u00e9e de lecture estim\u00e9e\" \/>\n\t<meta name=\"twitter:data2\" content=\"2 minutes\" \/>\n<script type=\"application\/ld+json\" class=\"yoast-schema-graph\">{\"@context\":\"https:\/\/schema.org\",\"@graph\":[{\"@type\":\"Article\",\"@id\":\"https:\/\/footdavant.fr\/actualites\/un-presentateur-exhorte-manchester-united-a-signer-mazraoui\/#article\",\"isPartOf\":{\"@id\":\"https:\/\/footdavant.fr\/actualites\/un-presentateur-exhorte-manchester-united-a-signer-mazraoui\/\"},\"author\":{\"name\":\"Cl\u00e9ment\",\"@id\":\"https:\/\/footdavant.fr\/actualites\/#\/schema\/person\/bc222566d95871b37e597b3ed3ba5e1d\"},\"headline\":\"Un pr\u00e9sentateur exhorte Manchester United \u00e0 signer Mazraoui\",\"datePublished\":\"2024-07-29T14:49:48+00:00\",\"dateModified\":\"2024-07-29T14:49:53+00:00\",\"mainEntityOfPage\":{\"@id\":\"https:\/\/footdavant.fr\/actualites\/un-presentateur-exhorte-manchester-united-a-signer-mazraoui\/\"},\"wordCount\":355,\"publisher\":{\"@id\":\"https:\/\/footdavant.fr\/actualites\/#organization\"},\"keywords\":[\"exhorte\",\"Manchester\",\"Mazraoui\",\"pr\u00e9sentateur\",\"signer\",\"United\"],\"articleSection\":[\"Football\"],\"inLanguage\":\"fr-FR\"},{\"@type\":\"WebPage\",\"@id\":\"https:\/\/footdavant.fr\/actualites\/un-presentateur-exhorte-manchester-united-a-signer-mazraoui\/\",\"url\":\"https:\/\/footdavant.fr\/actualites\/un-presentateur-exhorte-manchester-united-a-signer-mazraoui\/\",\"name\":\"Un pr\u00e9sentateur exhorte Manchester United \u00e0 signer Mazraoui\",\"isPartOf\":{\"@id\":\"https:\/\/footdavant.fr\/actualites\/#website\"},\"datePublished\":\"2024-07-29T14:49:48+00:00\",\"dateModified\":\"2024-07-29T14:49:53+00:00\",\"breadcrumb\":{\"@id\":\"https:\/\/footdavant.fr\/actualites\/un-presentateur-exhorte-manchester-united-a-signer-mazraoui\/#breadcrumb\"},\"inLanguage\":\"fr-FR\",\"potentialAction\":[{\"@type\":\"ReadAction\",\"target\":[\"https:\/\/footdavant.fr\/actualites\/un-presentateur-exhorte-manchester-united-a-signer-mazraoui\/\"]}]},{\"@type\":\"BreadcrumbList\",\"@id\":\"https:\/\/footdavant.fr\/actualites\/un-presentateur-exhorte-manchester-united-a-signer-mazraoui\/#breadcrumb\",\"itemListElement\":[{\"@type\":\"ListItem\",\"position\":1,\"name\":\"Accueil\",\"item\":\"https:\/\/footdavant.fr\/actualites\/\"},{\"@type\":\"ListItem\",\"position\":2,\"name\":\"Un pr\u00e9sentateur exhorte Manchester United \u00e0 signer Mazraoui\"}]},{\"@type\":\"WebSite\",\"@id\":\"https:\/\/footdavant.fr\/actualites\/#website\",\"url\":\"https:\/\/footdavant.fr\/actualites\/\",\"name\":\"Foot d'avant\",\"description\":\"\",\"publisher\":{\"@id\":\"https:\/\/footdavant.fr\/actualites\/#organization\"},\"potentialAction\":[{\"@type\":\"SearchAction\",\"target\":{\"@type\":\"EntryPoint\",\"urlTemplate\":\"https:\/\/footdavant.fr\/actualites\/?s={search_term_string}\"},\"query-input\":\"required name=search_term_string\"}],\"inLanguage\":\"fr-FR\"},{\"@type\":\"Organization\",\"@id\":\"https:\/\/footdavant.fr\/actualites\/#organization\",\"name\":\"Foot d'avant\",\"url\":\"https:\/\/footdavant.fr\/actualites\/\",\"logo\":{\"@type\":\"ImageObject\",\"inLanguage\":\"fr-FR\",\"@id\":\"https:\/\/footdavant.fr\/actualites\/#\/schema\/logo\/image\/\",\"url\":\"https:\/\/footdavant.fr\/actualites\/wp-content\/uploads\/2023\/09\/Copy-of-FootDavant-Logo.png\",\"contentUrl\":\"https:\/\/footdavant.fr\/actualites\/wp-content\/uploads\/2023\/09\/Copy-of-FootDavant-Logo.png\",\"width\":936,\"height\":549,\"caption\":\"Foot d'avant\"},\"image\":{\"@id\":\"https:\/\/footdavant.fr\/actualites\/#\/schema\/logo\/image\/\"},\"sameAs\":[\"https:\/\/www.facebook.com\/Footdavant\/\",\"https:\/\/twitter.com\/FootdavantFr\",\"https:\/\/www.instagram.com\/footdavant.fr\/\"]},{\"@type\":\"Person\",\"@id\":\"https:\/\/footdavant.fr\/actualites\/#\/schema\/person\/bc222566d95871b37e597b3ed3ba5e1d\",\"name\":\"Cl\u00e9ment\",\"image\":{\"@type\":\"ImageObject\",\"inLanguage\":\"fr-FR\",\"@id\":\"https:\/\/footdavant.fr\/actualites\/#\/schema\/person\/image\/\",\"url\":\"https:\/\/secure.gravatar.com\/avatar\/7728b29aac2719421e1a9159b2254c44?s=96&d=mm&r=g\",\"contentUrl\":\"https:\/\/secure.gravatar.com\/avatar\/7728b29aac2719421e1a9159b2254c44?s=96&d=mm&r=g\",\"caption\":\"Cl\u00e9ment\"},\"sameAs\":[\"https:\/\/footdavant.fr\/\"]}]}<\/script>\n<!-- \/ Yoast SEO plugin. -->","yoast_head_json":{"title":"Un pr\u00e9sentateur exhorte Manchester United \u00e0 signer Mazraoui","robots":{"index":"index","follow":"follow","max-snippet":"max-snippet:-1","max-image-preview":"max-image-preview:large","max-video-preview":"max-video-preview:-1"},"canonical":"https:\/\/footdavant.fr\/actualites\/un-presentateur-exhorte-manchester-united-a-signer-mazraoui\/","og_locale":"fr_FR","og_type":"article","og_title":"Un pr\u00e9sentateur exhorte Manchester United \u00e0 signer Mazraoui","og_description":"Pr\u00e9sentateur de renom et fier supporter de Manchester United, Mark Goldbridge a soutenu son club favori pour recruter Noussair Mazraoui du Bayern Munich. Goldbridge estime","og_url":"https:\/\/footdavant.fr\/actualites\/un-presentateur-exhorte-manchester-united-a-signer-mazraoui\/","og_site_name":"Foot d&#039;avant","article_publisher":"https:\/\/www.facebook.com\/Footdavant\/","article_published_time":"2024-07-29T14:49:48+00:00","article_modified_time":"2024-07-29T14:49:53+00:00","og_image":[{"width":2560,"height":1906,"url":"https:\/\/footdavant.fr\/actualites\/wp-content\/uploads\/2024\/07\/Un-presentateur-exhorte-Manchester-United-a-signer-Mazraoui.jpg","type":"image\/jpeg"}],"author":"Cl\u00e9ment","twitter_card":"summary_large_image","twitter_creator":"@FootdavantFr","twitter_site":"@FootdavantFr","twitter_misc":{"\u00c9crit par":"Cl\u00e9ment","Dur\u00e9e de lecture estim\u00e9e":"2 minutes"},"schema":{"@context":"https:\/\/schema.org","@graph":[{"@type":"Article","@id":"https:\/\/footdavant.fr\/actualites\/un-presentateur-exhorte-manchester-united-a-signer-mazraoui\/#article","isPartOf":{"@id":"https:\/\/footdavant.fr\/actualites\/un-presentateur-exhorte-manchester-united-a-signer-mazraoui\/"},"author":{"name":"Cl\u00e9ment","@id":"https:\/\/footdavant.fr\/actualites\/#\/schema\/person\/bc222566d95871b37e597b3ed3ba5e1d"},"headline":"Un pr\u00e9sentateur exhorte Manchester United \u00e0 signer Mazraoui","datePublished":"2024-07-29T14:49:48+00:00","dateModified":"2024-07-29T14:49:53+00:00","mainEntityOfPage":{"@id":"https:\/\/footdavant.fr\/actualites\/un-presentateur-exhorte-manchester-united-a-signer-mazraoui\/"},"wordCount":355,"publisher":{"@id":"https:\/\/footdavant.fr\/actualites\/#organization"},"keywords":["exhorte","Manchester","Mazraoui","pr\u00e9sentateur","signer","United"],"articleSection":["Football"],"inLanguage":"fr-FR"},{"@type":"WebPage","@id":"https:\/\/footdavant.fr\/actualites\/un-presentateur-exhorte-manchester-united-a-signer-mazraoui\/","url":"https:\/\/footdavant.fr\/actualites\/un-presentateur-exhorte-manchester-united-a-signer-mazraoui\/","name":"Un pr\u00e9sentateur exhorte Manchester United \u00e0 signer Mazraoui","isPartOf":{"@id":"https:\/\/footdavant.fr\/actualites\/#website"},"datePublished":"2024-07-29T14:49:48+00:00","dateModified":"2024-07-29T14:49:53+00:00","breadcrumb":{"@id":"https:\/\/footdavant.fr\/actualites\/un-presentateur-exhorte-manchester-united-a-signer-mazraoui\/#breadcrumb"},"inLanguage":"fr-FR","potentialAction":[{"@type":"ReadAction","target":["https:\/\/footdavant.fr\/actualites\/un-presentateur-exhorte-manchester-united-a-signer-mazraoui\/"]}]},{"@type":"BreadcrumbList","@id":"https:\/\/footdavant.fr\/actualites\/un-presentateur-exhorte-manchester-united-a-signer-mazraoui\/#breadcrumb","itemListElement":[{"@type":"ListItem","position":1,"name":"Accueil","item":"https:\/\/footdavant.fr\/actualites\/"},{"@type":"ListItem","position":2,"name":"Un pr\u00e9sentateur exhorte Manchester United \u00e0 signer Mazraoui"}]},{"@type":"WebSite","@id":"https:\/\/footdavant.fr\/actualites\/#website","url":"https:\/\/footdavant.fr\/actualites\/","name":"Foot d'avant","description":"","publisher":{"@id":"https:\/\/footdavant.fr\/actualites\/#organization"},"potentialAction":[{"@type":"SearchAction","target":{"@type":"EntryPoint","urlTemplate":"https:\/\/footdavant.fr\/actualites\/?s={search_term_string}"},"query-input":"required name=search_term_string"}],"inLanguage":"fr-FR"},{"@type":"Organization","@id":"https:\/\/footdavant.fr\/actualites\/#organization","name":"Foot d'avant","url":"https:\/\/footdavant.fr\/actualites\/","logo":{"@type":"ImageObject","inLanguage":"fr-FR","@id":"https:\/\/footdavant.fr\/actualites\/#\/schema\/logo\/image\/","url":"https:\/\/footdavant.fr\/actualites\/wp-content\/uploads\/2023\/09\/Copy-of-FootDavant-Logo.png","contentUrl":"https:\/\/footdavant.fr\/actualites\/wp-content\/uploads\/2023\/09\/Copy-of-FootDavant-Logo.png","width":936,"height":549,"caption":"Foot d'avant"},"image":{"@id":"https:\/\/footdavant.fr\/actualites\/#\/schema\/logo\/image\/"},"sameAs":["https:\/\/www.facebook.com\/Footdavant\/","https:\/\/twitter.com\/FootdavantFr","https:\/\/www.instagram.com\/footdavant.fr\/"]},{"@type":"Person","@id":"https:\/\/footdavant.fr\/actualites\/#\/schema\/person\/bc222566d95871b37e597b3ed3ba5e1d","name":"Cl\u00e9ment","image":{"@type":"ImageObject","inLanguage":"fr-FR","@id":"https:\/\/footdavant.fr\/actualites\/#\/schema\/person\/image\/","url":"https:\/\/secure.gravatar.com\/avatar\/7728b29aac2719421e1a9159b2254c44?s=96&d=mm&r=g","contentUrl":"https:\/\/secure.gravatar.com\/avatar\/7728b29aac2719421e1a9159b2254c44?s=96&d=mm&r=g","caption":"Cl\u00e9ment"},"sameAs":["https:\/\/footdavant.fr\/"]}]}},"_links":{"self":[{"href":"https:\/\/footdavant.fr\/actualites\/wp-json\/wp\/v2\/posts\/11599"}],"collection":[{"href":"https:\/\/footdavant.fr\/actualites\/wp-json\/wp\/v2\/posts"}],"about":[{"href":"https:\/\/footdavant.fr\/actualites\/wp-json\/wp\/v2\/types\/post"}],"author":[{"embeddable":true,"href":"https:\/\/footdavant.fr\/actualites\/wp-json\/wp\/v2\/users\/1"}],"replies":[{"embeddable":true,"href":"https:\/\/footdavant.fr\/actualites\/wp-json\/wp\/v2\/comments?post=11599"}],"version-history":[{"count":1,"href":"https:\/\/footdavant.fr\/actualites\/wp-json\/wp\/v2\/posts\/11599\/revisions"}],"predecessor-version":[{"id":11601,"href":"https:\/\/footdavant.fr\/actualites\/wp-json\/wp\/v2\/posts\/11599\/revisions\/11601"}],"wp:featuredmedia":[{"embeddable":true,"href":"https:\/\/footdavant.fr\/actualites\/wp-json\/wp\/v2\/media\/11600"}],"wp:attachment":[{"href":"https:\/\/footdavant.fr\/actualites\/wp-json\/wp\/v2\/media?parent=11599"}],"wp:term":[{"taxonomy":"category","embeddable":true,"href":"https:\/\/footdavant.fr\/actualites\/wp-json\/wp\/v2\/categories?post=11599"},{"taxonomy":"post_tag","embeddable":true,"href":"https:\/\/footdavant.fr\/actualites\/wp-json\/wp\/v2\/tags?post=11599"}],"curies":[{"name":"wp","href":"https:\/\/api.w.org\/{rel}","templated":true}]}}