{"id":116,"date":"2023-11-01T03:48:34","date_gmt":"2023-11-01T02:48:34","guid":{"rendered":"https:\/\/footdavant.fr\/actualites\/le-lfc-garde-un-oeil-sur-linternational-neerlandais-de-20-ans\/"},"modified":"2023-11-01T03:48:40","modified_gmt":"2023-11-01T02:48:40","slug":"le-lfc-garde-un-oeil-sur-linternational-neerlandais-de-20-ans","status":"publish","type":"post","link":"https:\/\/footdavant.fr\/actualites\/le-lfc-garde-un-oeil-sur-linternational-neerlandais-de-20-ans\/","title":{"rendered":"Le LFC \u00ab garde un \u0153il \u00bb sur l&rsquo;international n\u00e9erlandais de 20 ans"},"content":{"rendered":"<p><\/p>\n<div id=\"article-body\">\n<!-- Article Start --><\/p>\n<p>Liverpool envisage une d\u00e9cision pour le d\u00e9fenseur de l&rsquo;Ajax, Devyne Rensch, 20 ans, alors que Jurgen Klopp cherche \u00e0 renforcer sa ligne arri\u00e8re, selon Football Insider.<\/p>\n<p>L&rsquo;international n\u00e9erlandais, qui a jou\u00e9 neuf fois pour l&rsquo;\u00e9quipe d&rsquo;Eredivisie en difficult\u00e9 cette saison (toutes comp\u00e9titions confondues), serait \u00e9galement une cible d&rsquo;Arsenal.<\/p>\n<p>Rensch est une option polyvalente qui s\u00e9duira notre tacticien allemand.  Il est principalement d\u00e9ploy\u00e9 \u00e0 l&rsquo;arri\u00e8re droit, mais peut \u00e9galement op\u00e9rer dans le r\u00f4le d&rsquo;arri\u00e8re lat\u00e9ral oppos\u00e9, ainsi qu&rsquo;en d\u00e9fense centrale et au milieu de terrain.<\/p>\n<\/p>\n<p>Le talent n\u00e9 \u00e0 Lelystad est sous contrat \u00e0 la Johan Cruyff Arena jusqu&rsquo;\u00e0 l&rsquo;\u00e9t\u00e9 2025, mais Liverpool est impatient d&rsquo;ajouter \u00e0 ses options d\u00e9fensives en janvier, ajoute le rapport.<\/p>\n<p>Andy Robertson est actuellement mis \u00e0 l&rsquo;\u00e9cart en raison d&rsquo;une blessure \u00e0 l&rsquo;\u00e9paule tandis que les Merseysiders manquent \u00e9galement d&rsquo;options \u00e0 l&rsquo;arri\u00e8re droit si Trent Alexander-Arnold devait recevoir un coup.<\/p>\n<p>Joe Gomez peut occuper les deux postes d&rsquo;arri\u00e8re lat\u00e9ral si n\u00e9cessaire, mais est id\u00e9alement un d\u00e9fenseur central tandis que Joel Matip est en fin de contrat \u00e0 Anfield cet \u00e9t\u00e9.<\/p>\n<p>Il sera int\u00e9ressant de voir quelles affaires nous terminerons cet \u00e9t\u00e9 avec l&rsquo;\u00e9quipe de Klopp faisant un d\u00e9but de campagne prometteur.<\/p>\n<\/p>\n<p><span class=\"embed-youtube\" style=\"text-align:center; display: block;\"><\/span><\/p>\n<p><!-- Article End -->\t\t\t\t<\/div>\n","protected":false},"excerpt":{"rendered":"<p>Liverpool envisage une d\u00e9cision pour le d\u00e9fenseur de l&rsquo;Ajax, Devyne Rensch, 20 ans, alors que Jurgen Klopp cherche \u00e0 renforcer sa ligne arri\u00e8re, selon Football<\/p>\n","protected":false},"author":1,"featured_media":117,"comment_status":"closed","ping_status":"","sticky":false,"template":"","format":"standard","meta":{"footnotes":""},"categories":[3],"tags":[209,205,204,207,208,206,103],"yoast_head":"<!-- This site is optimized with the Yoast SEO plugin v21.0 - https:\/\/yoast.com\/wordpress\/plugins\/seo\/ -->\n<title>Le LFC \u00ab garde un \u0153il \u00bb sur l&#039;international n\u00e9erlandais de 20 ans<\/title>\n<meta name=\"robots\" content=\"index, follow, max-snippet:-1, max-image-preview:large, max-video-preview:-1\" \/>\n<link rel=\"canonical\" href=\"https:\/\/footdavant.fr\/actualites\/le-lfc-garde-un-oeil-sur-linternational-neerlandais-de-20-ans\/\" \/>\n<meta property=\"og:locale\" content=\"fr_FR\" \/>\n<meta property=\"og:type\" content=\"article\" \/>\n<meta property=\"og:title\" content=\"Le LFC \u00ab garde un \u0153il \u00bb sur l&#039;international n\u00e9erlandais de 20 ans\" \/>\n<meta property=\"og:description\" content=\"Liverpool envisage une d\u00e9cision pour le d\u00e9fenseur de l&rsquo;Ajax, Devyne Rensch, 20 ans, alors que Jurgen Klopp cherche \u00e0 renforcer sa ligne arri\u00e8re, selon Football\" \/>\n<meta property=\"og:url\" content=\"https:\/\/footdavant.fr\/actualites\/le-lfc-garde-un-oeil-sur-linternational-neerlandais-de-20-ans\/\" \/>\n<meta property=\"og:site_name\" content=\"Foot d&#039;avant\" \/>\n<meta property=\"article:publisher\" content=\"https:\/\/www.facebook.com\/Footdavant\/\" \/>\n<meta property=\"article:published_time\" content=\"2023-11-01T02:48:34+00:00\" \/>\n<meta property=\"article:modified_time\" content=\"2023-11-01T02:48:40+00:00\" \/>\n<meta property=\"og:image\" content=\"https:\/\/footdavant.fr\/actualites\/wp-content\/uploads\/2023\/11\/Le-LFC-garde-un-oeil-sur-linternational-neerlandais-scaled.jpg\" \/>\n\t<meta property=\"og:image:width\" content=\"2560\" \/>\n\t<meta property=\"og:image:height\" content=\"1707\" \/>\n\t<meta property=\"og:image:type\" content=\"image\/jpeg\" \/>\n<meta name=\"author\" content=\"Cl\u00e9ment\" \/>\n<meta name=\"twitter:card\" content=\"summary_large_image\" \/>\n<meta name=\"twitter:creator\" content=\"@FootdavantFr\" \/>\n<meta name=\"twitter:site\" content=\"@FootdavantFr\" \/>\n<meta name=\"twitter:label1\" content=\"\u00c9crit par\" \/>\n\t<meta name=\"twitter:data1\" content=\"Cl\u00e9ment\" \/>\n\t<meta name=\"twitter:label2\" content=\"Dur\u00e9e de lecture estim\u00e9e\" \/>\n\t<meta name=\"twitter:data2\" content=\"1 minute\" \/>\n<script type=\"application\/ld+json\" class=\"yoast-schema-graph\">{\"@context\":\"https:\/\/schema.org\",\"@graph\":[{\"@type\":\"Article\",\"@id\":\"https:\/\/footdavant.fr\/actualites\/le-lfc-garde-un-oeil-sur-linternational-neerlandais-de-20-ans\/#article\",\"isPartOf\":{\"@id\":\"https:\/\/footdavant.fr\/actualites\/le-lfc-garde-un-oeil-sur-linternational-neerlandais-de-20-ans\/\"},\"author\":{\"name\":\"Cl\u00e9ment\",\"@id\":\"https:\/\/footdavant.fr\/actualites\/#\/schema\/person\/bc222566d95871b37e597b3ed3ba5e1d\"},\"headline\":\"Le LFC \u00ab garde un \u0153il \u00bb sur l&rsquo;international n\u00e9erlandais de 20 ans\",\"datePublished\":\"2023-11-01T02:48:34+00:00\",\"dateModified\":\"2023-11-01T02:48:40+00:00\",\"mainEntityOfPage\":{\"@id\":\"https:\/\/footdavant.fr\/actualites\/le-lfc-garde-un-oeil-sur-linternational-neerlandais-de-20-ans\/\"},\"wordCount\":222,\"publisher\":{\"@id\":\"https:\/\/footdavant.fr\/actualites\/#organization\"},\"keywords\":[\"ans\",\"garde\",\"LFC\",\"linternational\",\"n\u00e9erlandais\",\"\u0153il\",\"sur\"],\"articleSection\":[\"Football\"],\"inLanguage\":\"fr-FR\"},{\"@type\":\"WebPage\",\"@id\":\"https:\/\/footdavant.fr\/actualites\/le-lfc-garde-un-oeil-sur-linternational-neerlandais-de-20-ans\/\",\"url\":\"https:\/\/footdavant.fr\/actualites\/le-lfc-garde-un-oeil-sur-linternational-neerlandais-de-20-ans\/\",\"name\":\"Le LFC \u00ab garde un \u0153il \u00bb sur l'international n\u00e9erlandais de 20 ans\",\"isPartOf\":{\"@id\":\"https:\/\/footdavant.fr\/actualites\/#website\"},\"datePublished\":\"2023-11-01T02:48:34+00:00\",\"dateModified\":\"2023-11-01T02:48:40+00:00\",\"breadcrumb\":{\"@id\":\"https:\/\/footdavant.fr\/actualites\/le-lfc-garde-un-oeil-sur-linternational-neerlandais-de-20-ans\/#breadcrumb\"},\"inLanguage\":\"fr-FR\",\"potentialAction\":[{\"@type\":\"ReadAction\",\"target\":[\"https:\/\/footdavant.fr\/actualites\/le-lfc-garde-un-oeil-sur-linternational-neerlandais-de-20-ans\/\"]}]},{\"@type\":\"BreadcrumbList\",\"@id\":\"https:\/\/footdavant.fr\/actualites\/le-lfc-garde-un-oeil-sur-linternational-neerlandais-de-20-ans\/#breadcrumb\",\"itemListElement\":[{\"@type\":\"ListItem\",\"position\":1,\"name\":\"Accueil\",\"item\":\"https:\/\/footdavant.fr\/actualites\/\"},{\"@type\":\"ListItem\",\"position\":2,\"name\":\"Le LFC \u00ab garde un \u0153il \u00bb sur l&rsquo;international n\u00e9erlandais de 20 ans\"}]},{\"@type\":\"WebSite\",\"@id\":\"https:\/\/footdavant.fr\/actualites\/#website\",\"url\":\"https:\/\/footdavant.fr\/actualites\/\",\"name\":\"Foot d'avant\",\"description\":\"\",\"publisher\":{\"@id\":\"https:\/\/footdavant.fr\/actualites\/#organization\"},\"potentialAction\":[{\"@type\":\"SearchAction\",\"target\":{\"@type\":\"EntryPoint\",\"urlTemplate\":\"https:\/\/footdavant.fr\/actualites\/?s={search_term_string}\"},\"query-input\":\"required name=search_term_string\"}],\"inLanguage\":\"fr-FR\"},{\"@type\":\"Organization\",\"@id\":\"https:\/\/footdavant.fr\/actualites\/#organization\",\"name\":\"Foot d'avant\",\"url\":\"https:\/\/footdavant.fr\/actualites\/\",\"logo\":{\"@type\":\"ImageObject\",\"inLanguage\":\"fr-FR\",\"@id\":\"https:\/\/footdavant.fr\/actualites\/#\/schema\/logo\/image\/\",\"url\":\"https:\/\/footdavant.fr\/actualites\/wp-content\/uploads\/2023\/09\/Copy-of-FootDavant-Logo.png\",\"contentUrl\":\"https:\/\/footdavant.fr\/actualites\/wp-content\/uploads\/2023\/09\/Copy-of-FootDavant-Logo.png\",\"width\":936,\"height\":549,\"caption\":\"Foot d'avant\"},\"image\":{\"@id\":\"https:\/\/footdavant.fr\/actualites\/#\/schema\/logo\/image\/\"},\"sameAs\":[\"https:\/\/www.facebook.com\/Footdavant\/\",\"https:\/\/twitter.com\/FootdavantFr\",\"https:\/\/www.instagram.com\/footdavant.fr\/\"]},{\"@type\":\"Person\",\"@id\":\"https:\/\/footdavant.fr\/actualites\/#\/schema\/person\/bc222566d95871b37e597b3ed3ba5e1d\",\"name\":\"Cl\u00e9ment\",\"image\":{\"@type\":\"ImageObject\",\"inLanguage\":\"fr-FR\",\"@id\":\"https:\/\/footdavant.fr\/actualites\/#\/schema\/person\/image\/\",\"url\":\"https:\/\/secure.gravatar.com\/avatar\/7728b29aac2719421e1a9159b2254c44?s=96&d=mm&r=g\",\"contentUrl\":\"https:\/\/secure.gravatar.com\/avatar\/7728b29aac2719421e1a9159b2254c44?s=96&d=mm&r=g\",\"caption\":\"Cl\u00e9ment\"},\"sameAs\":[\"https:\/\/footdavant.fr\/\"]}]}<\/script>\n<!-- \/ Yoast SEO plugin. -->","yoast_head_json":{"title":"Le LFC \u00ab garde un \u0153il \u00bb sur l'international n\u00e9erlandais de 20 ans","robots":{"index":"index","follow":"follow","max-snippet":"max-snippet:-1","max-image-preview":"max-image-preview:large","max-video-preview":"max-video-preview:-1"},"canonical":"https:\/\/footdavant.fr\/actualites\/le-lfc-garde-un-oeil-sur-linternational-neerlandais-de-20-ans\/","og_locale":"fr_FR","og_type":"article","og_title":"Le LFC \u00ab garde un \u0153il \u00bb sur l'international n\u00e9erlandais de 20 ans","og_description":"Liverpool envisage une d\u00e9cision pour le d\u00e9fenseur de l&rsquo;Ajax, Devyne Rensch, 20 ans, alors que Jurgen Klopp cherche \u00e0 renforcer sa ligne arri\u00e8re, selon Football","og_url":"https:\/\/footdavant.fr\/actualites\/le-lfc-garde-un-oeil-sur-linternational-neerlandais-de-20-ans\/","og_site_name":"Foot d&#039;avant","article_publisher":"https:\/\/www.facebook.com\/Footdavant\/","article_published_time":"2023-11-01T02:48:34+00:00","article_modified_time":"2023-11-01T02:48:40+00:00","og_image":[{"width":2560,"height":1707,"url":"https:\/\/footdavant.fr\/actualites\/wp-content\/uploads\/2023\/11\/Le-LFC-garde-un-oeil-sur-linternational-neerlandais-scaled.jpg","type":"image\/jpeg"}],"author":"Cl\u00e9ment","twitter_card":"summary_large_image","twitter_creator":"@FootdavantFr","twitter_site":"@FootdavantFr","twitter_misc":{"\u00c9crit par":"Cl\u00e9ment","Dur\u00e9e de lecture estim\u00e9e":"1 minute"},"schema":{"@context":"https:\/\/schema.org","@graph":[{"@type":"Article","@id":"https:\/\/footdavant.fr\/actualites\/le-lfc-garde-un-oeil-sur-linternational-neerlandais-de-20-ans\/#article","isPartOf":{"@id":"https:\/\/footdavant.fr\/actualites\/le-lfc-garde-un-oeil-sur-linternational-neerlandais-de-20-ans\/"},"author":{"name":"Cl\u00e9ment","@id":"https:\/\/footdavant.fr\/actualites\/#\/schema\/person\/bc222566d95871b37e597b3ed3ba5e1d"},"headline":"Le LFC \u00ab garde un \u0153il \u00bb sur l&rsquo;international n\u00e9erlandais de 20 ans","datePublished":"2023-11-01T02:48:34+00:00","dateModified":"2023-11-01T02:48:40+00:00","mainEntityOfPage":{"@id":"https:\/\/footdavant.fr\/actualites\/le-lfc-garde-un-oeil-sur-linternational-neerlandais-de-20-ans\/"},"wordCount":222,"publisher":{"@id":"https:\/\/footdavant.fr\/actualites\/#organization"},"keywords":["ans","garde","LFC","linternational","n\u00e9erlandais","\u0153il","sur"],"articleSection":["Football"],"inLanguage":"fr-FR"},{"@type":"WebPage","@id":"https:\/\/footdavant.fr\/actualites\/le-lfc-garde-un-oeil-sur-linternational-neerlandais-de-20-ans\/","url":"https:\/\/footdavant.fr\/actualites\/le-lfc-garde-un-oeil-sur-linternational-neerlandais-de-20-ans\/","name":"Le LFC \u00ab garde un \u0153il \u00bb sur l'international n\u00e9erlandais de 20 ans","isPartOf":{"@id":"https:\/\/footdavant.fr\/actualites\/#website"},"datePublished":"2023-11-01T02:48:34+00:00","dateModified":"2023-11-01T02:48:40+00:00","breadcrumb":{"@id":"https:\/\/footdavant.fr\/actualites\/le-lfc-garde-un-oeil-sur-linternational-neerlandais-de-20-ans\/#breadcrumb"},"inLanguage":"fr-FR","potentialAction":[{"@type":"ReadAction","target":["https:\/\/footdavant.fr\/actualites\/le-lfc-garde-un-oeil-sur-linternational-neerlandais-de-20-ans\/"]}]},{"@type":"BreadcrumbList","@id":"https:\/\/footdavant.fr\/actualites\/le-lfc-garde-un-oeil-sur-linternational-neerlandais-de-20-ans\/#breadcrumb","itemListElement":[{"@type":"ListItem","position":1,"name":"Accueil","item":"https:\/\/footdavant.fr\/actualites\/"},{"@type":"ListItem","position":2,"name":"Le LFC \u00ab garde un \u0153il \u00bb sur l&rsquo;international n\u00e9erlandais de 20 ans"}]},{"@type":"WebSite","@id":"https:\/\/footdavant.fr\/actualites\/#website","url":"https:\/\/footdavant.fr\/actualites\/","name":"Foot d'avant","description":"","publisher":{"@id":"https:\/\/footdavant.fr\/actualites\/#organization"},"potentialAction":[{"@type":"SearchAction","target":{"@type":"EntryPoint","urlTemplate":"https:\/\/footdavant.fr\/actualites\/?s={search_term_string}"},"query-input":"required name=search_term_string"}],"inLanguage":"fr-FR"},{"@type":"Organization","@id":"https:\/\/footdavant.fr\/actualites\/#organization","name":"Foot d'avant","url":"https:\/\/footdavant.fr\/actualites\/","logo":{"@type":"ImageObject","inLanguage":"fr-FR","@id":"https:\/\/footdavant.fr\/actualites\/#\/schema\/logo\/image\/","url":"https:\/\/footdavant.fr\/actualites\/wp-content\/uploads\/2023\/09\/Copy-of-FootDavant-Logo.png","contentUrl":"https:\/\/footdavant.fr\/actualites\/wp-content\/uploads\/2023\/09\/Copy-of-FootDavant-Logo.png","width":936,"height":549,"caption":"Foot d'avant"},"image":{"@id":"https:\/\/footdavant.fr\/actualites\/#\/schema\/logo\/image\/"},"sameAs":["https:\/\/www.facebook.com\/Footdavant\/","https:\/\/twitter.com\/FootdavantFr","https:\/\/www.instagram.com\/footdavant.fr\/"]},{"@type":"Person","@id":"https:\/\/footdavant.fr\/actualites\/#\/schema\/person\/bc222566d95871b37e597b3ed3ba5e1d","name":"Cl\u00e9ment","image":{"@type":"ImageObject","inLanguage":"fr-FR","@id":"https:\/\/footdavant.fr\/actualites\/#\/schema\/person\/image\/","url":"https:\/\/secure.gravatar.com\/avatar\/7728b29aac2719421e1a9159b2254c44?s=96&d=mm&r=g","contentUrl":"https:\/\/secure.gravatar.com\/avatar\/7728b29aac2719421e1a9159b2254c44?s=96&d=mm&r=g","caption":"Cl\u00e9ment"},"sameAs":["https:\/\/footdavant.fr\/"]}]}},"_links":{"self":[{"href":"https:\/\/footdavant.fr\/actualites\/wp-json\/wp\/v2\/posts\/116"}],"collection":[{"href":"https:\/\/footdavant.fr\/actualites\/wp-json\/wp\/v2\/posts"}],"about":[{"href":"https:\/\/footdavant.fr\/actualites\/wp-json\/wp\/v2\/types\/post"}],"author":[{"embeddable":true,"href":"https:\/\/footdavant.fr\/actualites\/wp-json\/wp\/v2\/users\/1"}],"replies":[{"embeddable":true,"href":"https:\/\/footdavant.fr\/actualites\/wp-json\/wp\/v2\/comments?post=116"}],"version-history":[{"count":1,"href":"https:\/\/footdavant.fr\/actualites\/wp-json\/wp\/v2\/posts\/116\/revisions"}],"predecessor-version":[{"id":118,"href":"https:\/\/footdavant.fr\/actualites\/wp-json\/wp\/v2\/posts\/116\/revisions\/118"}],"wp:featuredmedia":[{"embeddable":true,"href":"https:\/\/footdavant.fr\/actualites\/wp-json\/wp\/v2\/media\/117"}],"wp:attachment":[{"href":"https:\/\/footdavant.fr\/actualites\/wp-json\/wp\/v2\/media?parent=116"}],"wp:term":[{"taxonomy":"category","embeddable":true,"href":"https:\/\/footdavant.fr\/actualites\/wp-json\/wp\/v2\/categories?post=116"},{"taxonomy":"post_tag","embeddable":true,"href":"https:\/\/footdavant.fr\/actualites\/wp-json\/wp\/v2\/tags?post=116"}],"curies":[{"name":"wp","href":"https:\/\/api.w.org\/{rel}","templated":true}]}}