{"id":11713,"date":"2024-08-01T06:48:02","date_gmt":"2024-08-01T04:48:02","guid":{"rendered":"https:\/\/footdavant.fr\/actualites\/pep-guardiola-evoque-lavenir-de-manchester-city-alors-quil-pourrait-partir-lannee-prochaine\/"},"modified":"2024-08-01T06:48:03","modified_gmt":"2024-08-01T04:48:03","slug":"pep-guardiola-evoque-lavenir-de-manchester-city-alors-quil-pourrait-partir-lannee-prochaine","status":"publish","type":"post","link":"https:\/\/footdavant.fr\/actualites\/pep-guardiola-evoque-lavenir-de-manchester-city-alors-quil-pourrait-partir-lannee-prochaine\/","title":{"rendered":"Pep Guardiola \u00e9voque l&#39;avenir de Manchester City alors qu&#39;il pourrait partir l&#39;ann\u00e9e prochaine"},"content":{"rendered":"<p>L&#39;entra\u00eeneur-chef de Manchester City, Pep Guardiola, a d\u00e9clar\u00e9 qu&#39;il \u00ab adorerait rester \u00bb \u00e0 l&#39;Etihad Stadium au-del\u00e0 de la fin de la saison prochaine.<\/p>\n<div id=\"article_body\" itemprop=\"articleBody\">\n<h3 class=\"firstPara\">\n<strong class=\"autotag\">Manchester City<\/strong> l&#39;entra\u00eeneur-chef <strong class=\"autotag\">Pep Guardiola<\/strong> a d\u00e9clar\u00e9 qu&#39;il \u00ab adorerait rester \u00bb \u00e0 l&#39;Etihad Stadium au-del\u00e0 de la fin de la campagne 2024-25, mais a soulign\u00e9 qu&#39;une d\u00e9cision sur son avenir impliquait un certain nombre de facteurs.<\/h3>\n<p>Guardiola est le manager le plus titr\u00e9 de l&#39;histoire de Manchester City, menant l&#39;\u00e9quipe \u00e0 17 troph\u00e9es au cours de son mandat, dont six titres de Premier League, deux FA Cups et la Ligue des champions.<\/p>\n<p>Manchester City a \u00e9chou\u00e9 en Ligue des champions et en FA Cup la saison derni\u00e8re, mais a termin\u00e9 en t\u00eate du classement de la Premier League pour la quatri\u00e8me saison cons\u00e9cutive.<\/p>\n<p>Le contrat de Guardiola avec les Citizens doit expirer \u00e0 la fin de la saison prochaine, et certains sugg\u00e8rent que la campagne \u00e0 venir pourrait \u00eatre sa derni\u00e8re \u00e0 Manchester.<\/p>\n<p>Cependant, le joueur de 53 ans a ouvert la porte \u00e0 une prolongation de son s\u00e9jour \u00e0 l&#39;Etihad Stadium, \u00e0 condition que cela fonctionne pour les deux parties.<\/p>\n<p class=\"imgI\">\n<h2 class=\"k3\">Le contrat actuel de Guardiola avec Manchester City expire en juin 2025<\/h2>\n<p>\u00ab\u00a0Je n&#39;exclus pas de prolonger le contrat. J&#39;aimerais rester parce que j&#39;aimerais rester\u00a0\u00bb, a-t-il d\u00e9clar\u00e9 aux journalistes lors d&#39;une conf\u00e9rence de presse, alors que Manchester City est actuellement aux \u00c9tats-Unis pour une tourn\u00e9e de pr\u00e9-saison.<\/p>\n<p>\u00ab Neuf ans dans le m\u00eame club aujourd&#39;hui, c&#39;est une \u00e9ternit\u00e9. Je veux donc \u00eatre s\u00fbr que c&#39;est la bonne d\u00e9cision, pas seulement pour moi, mais pour le club et les joueurs &#8211; ils courent comme ils l&#39;ont fait pendant huit ans.<\/p>\n<p>\u00ab Peu importe la comp\u00e9tition, le tournoi, c&#39;est ce que je dois voir. Je suis s\u00fbr que je ne resterai pas huit ans de plus ! C&#39;est bon de se rafra\u00eechir, pour les joueurs et les managers.<\/p>\n<p>\u00ab En m\u00eame temps, nous avons eu du succ\u00e8s et nous continuons \u00e0 gagner des Premier Leagues, \u00e0 arriver aux derni\u00e8res phases et \u00e0 disputer des comp\u00e9titions comme la Ligue des Champions. C&#39;est mon sentiment en ce moment. \u00bb<\/p>\n<p class=\"imgI\"><img decoding=\"async\" loading=\"lazy\" class=\"l\" src=\"https:\/\/footdavant.fr\/actualites\/wp-content\/uploads\/2024\/08\/1722487682_57_Pep-Guardiola-evoque-l39avenir-de-Manchester-City-alors-qu39il-pourrait.jpg\" title=\"Le manager de Manchester City, Pep Guardiola, c\u00e9l\u00e8bre apr\u00e8s le match du 11 mai 2024\" alt=\"Le manager de Manchester City, Pep Guardiola, c\u00e9l\u00e8bre apr\u00e8s le match du 11 mai 2024\" width=\"640\" height=\"480\"><\/p>\n<h2 class=\"k3\">Guardiola confiant pour la saison \u00e0 venir<\/h2>\n<p>Guardiola a \u00e9galement d\u00e9clar\u00e9 qu&#39;il s&#39;attendait \u00e0 une nouvelle saison r\u00e9ussie pour Manchester City, le manager \u00e9tant convaincu que les joueurs \u00ab ne nous d\u00e9cevront pas \u00bb.<\/p>\n<p>\u00ab\u00a0Nous parlons quand nous sommes ensemble de nos objectifs. Mais connaissant les joueurs, je pense qu&#39;ils ne nous d\u00e9cevront pas. Ils continueront \u00e0 faire ce qu&#39;ils font. Je sais que nous sommes les rivaux \u00e0 battre. Quand on voit sept ans et six titres de Premier League, tout le monde veut nous battre\u00a0\u00bb, a-t-il ajout\u00e9.<\/p>\n<p>\u00ab\u00a0Nous ferons ce que nous avons \u00e0 faire. Nous voyons que c&#39;est une longue comp\u00e9tition, nous essayons de faire ce que nous voulons faire. Nous voulons d\u00e9fendre notre couronne comme il se doit. Nous avons beaucoup gagn\u00e9 ces derni\u00e8res ann\u00e9es, nous verrons comment ils reviennent. Je vais voir certains gestes, le langage corporel et nous verrons. Pour l&#39;instant, je ne sais pas.\u00a0\u00bb<\/p>\n<p>Manchester City a perdu 4-3 contre le Celtic lors de son premier match de pr\u00e9-saison le 23 juillet ; les Citizens affronteront d\u00e9sormais l&#39;AC Milan, Barcelone et Chelsea avant de retourner en Angleterre.<\/p>\n<p>Les champions d&#39;Angleterre en titre affronteront ensuite Manchester United lors du Community Shield le 10 ao\u00fbt avant de d\u00e9buter leur nouvelle saison de championnat \u00e0 Chelsea le 18 ao\u00fbt.<\/p>\n<\/div>\n","protected":false},"excerpt":{"rendered":"<p>L&#39;entra\u00eeneur-chef de Manchester City, Pep Guardiola, a d\u00e9clar\u00e9 qu&#39;il \u00ab adorerait rester \u00bb \u00e0 l&#39;Etihad Stadium au-del\u00e0 de la fin de la saison prochaine. Manchester<\/p>\n","protected":false},"author":1,"featured_media":11714,"comment_status":"closed","ping_status":"","sticky":false,"template":"","format":"standard","meta":{"footnotes":""},"categories":[5],"tags":[318,27,1533,8,4443,4309,11,1306,6,269,1202,4290],"yoast_head":"<!-- This site is optimized with the Yoast SEO plugin v21.0 - https:\/\/yoast.com\/wordpress\/plugins\/seo\/ -->\n<title>Pep Guardiola \u00e9voque l&#039;avenir de Manchester City alors qu&#039;il pourrait partir l&#039;ann\u00e9e prochaine<\/title>\n<meta name=\"robots\" content=\"index, follow, max-snippet:-1, max-image-preview:large, max-video-preview:-1\" \/>\n<link rel=\"canonical\" href=\"https:\/\/footdavant.fr\/actualites\/pep-guardiola-evoque-lavenir-de-manchester-city-alors-quil-pourrait-partir-lannee-prochaine\/\" \/>\n<meta property=\"og:locale\" content=\"fr_FR\" \/>\n<meta property=\"og:type\" content=\"article\" \/>\n<meta property=\"og:title\" content=\"Pep Guardiola \u00e9voque l&#039;avenir de Manchester City alors qu&#039;il pourrait partir l&#039;ann\u00e9e prochaine\" \/>\n<meta property=\"og:description\" content=\"L&#039;entra\u00eeneur-chef de Manchester City, Pep Guardiola, a d\u00e9clar\u00e9 qu&#039;il \u00ab adorerait rester \u00bb \u00e0 l&#039;Etihad Stadium au-del\u00e0 de la fin de la saison prochaine. Manchester\" \/>\n<meta property=\"og:url\" content=\"https:\/\/footdavant.fr\/actualites\/pep-guardiola-evoque-lavenir-de-manchester-city-alors-quil-pourrait-partir-lannee-prochaine\/\" \/>\n<meta property=\"og:site_name\" content=\"Foot d&#039;avant\" \/>\n<meta property=\"article:publisher\" content=\"https:\/\/www.facebook.com\/Footdavant\/\" \/>\n<meta property=\"article:published_time\" content=\"2024-08-01T04:48:02+00:00\" \/>\n<meta property=\"article:modified_time\" content=\"2024-08-01T04:48:03+00:00\" \/>\n<meta property=\"og:image\" content=\"https:\/\/footdavant.fr\/actualites\/wp-content\/uploads\/2024\/08\/Pep-Guardiola-evoque-l39avenir-de-Manchester-City-alors-qu39il-pourrait.jpg\" \/>\n\t<meta property=\"og:image:width\" content=\"640\" \/>\n\t<meta property=\"og:image:height\" content=\"480\" \/>\n\t<meta property=\"og:image:type\" content=\"image\/jpeg\" \/>\n<meta name=\"author\" content=\"Cl\u00e9ment\" \/>\n<meta name=\"twitter:card\" content=\"summary_large_image\" \/>\n<meta name=\"twitter:creator\" content=\"@FootdavantFr\" \/>\n<meta name=\"twitter:site\" content=\"@FootdavantFr\" \/>\n<meta name=\"twitter:label1\" content=\"\u00c9crit par\" \/>\n\t<meta name=\"twitter:data1\" content=\"Cl\u00e9ment\" \/>\n\t<meta name=\"twitter:label2\" content=\"Dur\u00e9e de lecture estim\u00e9e\" \/>\n\t<meta name=\"twitter:data2\" content=\"3 minutes\" \/>\n<script type=\"application\/ld+json\" class=\"yoast-schema-graph\">{\"@context\":\"https:\/\/schema.org\",\"@graph\":[{\"@type\":\"Article\",\"@id\":\"https:\/\/footdavant.fr\/actualites\/pep-guardiola-evoque-lavenir-de-manchester-city-alors-quil-pourrait-partir-lannee-prochaine\/#article\",\"isPartOf\":{\"@id\":\"https:\/\/footdavant.fr\/actualites\/pep-guardiola-evoque-lavenir-de-manchester-city-alors-quil-pourrait-partir-lannee-prochaine\/\"},\"author\":{\"name\":\"Cl\u00e9ment\",\"@id\":\"https:\/\/footdavant.fr\/actualites\/#\/schema\/person\/bc222566d95871b37e597b3ed3ba5e1d\"},\"headline\":\"Pep Guardiola \u00e9voque l&#39;avenir de Manchester City alors qu&#39;il pourrait partir l&#39;ann\u00e9e prochaine\",\"datePublished\":\"2024-08-01T04:48:02+00:00\",\"dateModified\":\"2024-08-01T04:48:03+00:00\",\"mainEntityOfPage\":{\"@id\":\"https:\/\/footdavant.fr\/actualites\/pep-guardiola-evoque-lavenir-de-manchester-city-alors-quil-pourrait-partir-lannee-prochaine\/\"},\"wordCount\":614,\"publisher\":{\"@id\":\"https:\/\/footdavant.fr\/actualites\/#organization\"},\"keywords\":[\"alors\",\"City\",\"\u00e9voqu\u00e9\",\"Guardiola\",\"l39ann\u00e9e\",\"l39avenir\",\"Manchester\",\"partir\",\"Pep\",\"pourrait\",\"prochaine\",\"qu39il\"],\"articleSection\":[\"Premier League\"],\"inLanguage\":\"fr-FR\"},{\"@type\":\"WebPage\",\"@id\":\"https:\/\/footdavant.fr\/actualites\/pep-guardiola-evoque-lavenir-de-manchester-city-alors-quil-pourrait-partir-lannee-prochaine\/\",\"url\":\"https:\/\/footdavant.fr\/actualites\/pep-guardiola-evoque-lavenir-de-manchester-city-alors-quil-pourrait-partir-lannee-prochaine\/\",\"name\":\"Pep Guardiola \u00e9voque l&#39;avenir de Manchester City alors qu&#39;il pourrait partir l&#39;ann\u00e9e prochaine\",\"isPartOf\":{\"@id\":\"https:\/\/footdavant.fr\/actualites\/#website\"},\"datePublished\":\"2024-08-01T04:48:02+00:00\",\"dateModified\":\"2024-08-01T04:48:03+00:00\",\"breadcrumb\":{\"@id\":\"https:\/\/footdavant.fr\/actualites\/pep-guardiola-evoque-lavenir-de-manchester-city-alors-quil-pourrait-partir-lannee-prochaine\/#breadcrumb\"},\"inLanguage\":\"fr-FR\",\"potentialAction\":[{\"@type\":\"ReadAction\",\"target\":[\"https:\/\/footdavant.fr\/actualites\/pep-guardiola-evoque-lavenir-de-manchester-city-alors-quil-pourrait-partir-lannee-prochaine\/\"]}]},{\"@type\":\"BreadcrumbList\",\"@id\":\"https:\/\/footdavant.fr\/actualites\/pep-guardiola-evoque-lavenir-de-manchester-city-alors-quil-pourrait-partir-lannee-prochaine\/#breadcrumb\",\"itemListElement\":[{\"@type\":\"ListItem\",\"position\":1,\"name\":\"Accueil\",\"item\":\"https:\/\/footdavant.fr\/actualites\/\"},{\"@type\":\"ListItem\",\"position\":2,\"name\":\"Pep Guardiola \u00e9voque l&#39;avenir de Manchester City alors qu&#39;il pourrait partir l&#39;ann\u00e9e prochaine\"}]},{\"@type\":\"WebSite\",\"@id\":\"https:\/\/footdavant.fr\/actualites\/#website\",\"url\":\"https:\/\/footdavant.fr\/actualites\/\",\"name\":\"Foot d'avant\",\"description\":\"\",\"publisher\":{\"@id\":\"https:\/\/footdavant.fr\/actualites\/#organization\"},\"potentialAction\":[{\"@type\":\"SearchAction\",\"target\":{\"@type\":\"EntryPoint\",\"urlTemplate\":\"https:\/\/footdavant.fr\/actualites\/?s={search_term_string}\"},\"query-input\":\"required name=search_term_string\"}],\"inLanguage\":\"fr-FR\"},{\"@type\":\"Organization\",\"@id\":\"https:\/\/footdavant.fr\/actualites\/#organization\",\"name\":\"Foot d'avant\",\"url\":\"https:\/\/footdavant.fr\/actualites\/\",\"logo\":{\"@type\":\"ImageObject\",\"inLanguage\":\"fr-FR\",\"@id\":\"https:\/\/footdavant.fr\/actualites\/#\/schema\/logo\/image\/\",\"url\":\"https:\/\/footdavant.fr\/actualites\/wp-content\/uploads\/2023\/09\/Copy-of-FootDavant-Logo.png\",\"contentUrl\":\"https:\/\/footdavant.fr\/actualites\/wp-content\/uploads\/2023\/09\/Copy-of-FootDavant-Logo.png\",\"width\":936,\"height\":549,\"caption\":\"Foot d'avant\"},\"image\":{\"@id\":\"https:\/\/footdavant.fr\/actualites\/#\/schema\/logo\/image\/\"},\"sameAs\":[\"https:\/\/www.facebook.com\/Footdavant\/\",\"https:\/\/twitter.com\/FootdavantFr\",\"https:\/\/www.instagram.com\/footdavant.fr\/\"]},{\"@type\":\"Person\",\"@id\":\"https:\/\/footdavant.fr\/actualites\/#\/schema\/person\/bc222566d95871b37e597b3ed3ba5e1d\",\"name\":\"Cl\u00e9ment\",\"image\":{\"@type\":\"ImageObject\",\"inLanguage\":\"fr-FR\",\"@id\":\"https:\/\/footdavant.fr\/actualites\/#\/schema\/person\/image\/\",\"url\":\"https:\/\/secure.gravatar.com\/avatar\/7728b29aac2719421e1a9159b2254c44?s=96&d=mm&r=g\",\"contentUrl\":\"https:\/\/secure.gravatar.com\/avatar\/7728b29aac2719421e1a9159b2254c44?s=96&d=mm&r=g\",\"caption\":\"Cl\u00e9ment\"},\"sameAs\":[\"https:\/\/footdavant.fr\/\"]}]}<\/script>\n<!-- \/ Yoast SEO plugin. -->","yoast_head_json":{"title":"Pep Guardiola \u00e9voque l&#39;avenir de Manchester City alors qu&#39;il pourrait partir l&#39;ann\u00e9e prochaine","robots":{"index":"index","follow":"follow","max-snippet":"max-snippet:-1","max-image-preview":"max-image-preview:large","max-video-preview":"max-video-preview:-1"},"canonical":"https:\/\/footdavant.fr\/actualites\/pep-guardiola-evoque-lavenir-de-manchester-city-alors-quil-pourrait-partir-lannee-prochaine\/","og_locale":"fr_FR","og_type":"article","og_title":"Pep Guardiola \u00e9voque l&#39;avenir de Manchester City alors qu&#39;il pourrait partir l&#39;ann\u00e9e prochaine","og_description":"L&#39;entra\u00eeneur-chef de Manchester City, Pep Guardiola, a d\u00e9clar\u00e9 qu&#39;il \u00ab adorerait rester \u00bb \u00e0 l&#39;Etihad Stadium au-del\u00e0 de la fin de la saison prochaine. Manchester","og_url":"https:\/\/footdavant.fr\/actualites\/pep-guardiola-evoque-lavenir-de-manchester-city-alors-quil-pourrait-partir-lannee-prochaine\/","og_site_name":"Foot d&#039;avant","article_publisher":"https:\/\/www.facebook.com\/Footdavant\/","article_published_time":"2024-08-01T04:48:02+00:00","article_modified_time":"2024-08-01T04:48:03+00:00","og_image":[{"width":640,"height":480,"url":"https:\/\/footdavant.fr\/actualites\/wp-content\/uploads\/2024\/08\/Pep-Guardiola-evoque-l39avenir-de-Manchester-City-alors-qu39il-pourrait.jpg","type":"image\/jpeg"}],"author":"Cl\u00e9ment","twitter_card":"summary_large_image","twitter_creator":"@FootdavantFr","twitter_site":"@FootdavantFr","twitter_misc":{"\u00c9crit par":"Cl\u00e9ment","Dur\u00e9e de lecture estim\u00e9e":"3 minutes"},"schema":{"@context":"https:\/\/schema.org","@graph":[{"@type":"Article","@id":"https:\/\/footdavant.fr\/actualites\/pep-guardiola-evoque-lavenir-de-manchester-city-alors-quil-pourrait-partir-lannee-prochaine\/#article","isPartOf":{"@id":"https:\/\/footdavant.fr\/actualites\/pep-guardiola-evoque-lavenir-de-manchester-city-alors-quil-pourrait-partir-lannee-prochaine\/"},"author":{"name":"Cl\u00e9ment","@id":"https:\/\/footdavant.fr\/actualites\/#\/schema\/person\/bc222566d95871b37e597b3ed3ba5e1d"},"headline":"Pep Guardiola \u00e9voque l&#39;avenir de Manchester City alors qu&#39;il pourrait partir l&#39;ann\u00e9e prochaine","datePublished":"2024-08-01T04:48:02+00:00","dateModified":"2024-08-01T04:48:03+00:00","mainEntityOfPage":{"@id":"https:\/\/footdavant.fr\/actualites\/pep-guardiola-evoque-lavenir-de-manchester-city-alors-quil-pourrait-partir-lannee-prochaine\/"},"wordCount":614,"publisher":{"@id":"https:\/\/footdavant.fr\/actualites\/#organization"},"keywords":["alors","City","\u00e9voqu\u00e9","Guardiola","l39ann\u00e9e","l39avenir","Manchester","partir","Pep","pourrait","prochaine","qu39il"],"articleSection":["Premier League"],"inLanguage":"fr-FR"},{"@type":"WebPage","@id":"https:\/\/footdavant.fr\/actualites\/pep-guardiola-evoque-lavenir-de-manchester-city-alors-quil-pourrait-partir-lannee-prochaine\/","url":"https:\/\/footdavant.fr\/actualites\/pep-guardiola-evoque-lavenir-de-manchester-city-alors-quil-pourrait-partir-lannee-prochaine\/","name":"Pep Guardiola \u00e9voque l&#39;avenir de Manchester City alors qu&#39;il pourrait partir l&#39;ann\u00e9e prochaine","isPartOf":{"@id":"https:\/\/footdavant.fr\/actualites\/#website"},"datePublished":"2024-08-01T04:48:02+00:00","dateModified":"2024-08-01T04:48:03+00:00","breadcrumb":{"@id":"https:\/\/footdavant.fr\/actualites\/pep-guardiola-evoque-lavenir-de-manchester-city-alors-quil-pourrait-partir-lannee-prochaine\/#breadcrumb"},"inLanguage":"fr-FR","potentialAction":[{"@type":"ReadAction","target":["https:\/\/footdavant.fr\/actualites\/pep-guardiola-evoque-lavenir-de-manchester-city-alors-quil-pourrait-partir-lannee-prochaine\/"]}]},{"@type":"BreadcrumbList","@id":"https:\/\/footdavant.fr\/actualites\/pep-guardiola-evoque-lavenir-de-manchester-city-alors-quil-pourrait-partir-lannee-prochaine\/#breadcrumb","itemListElement":[{"@type":"ListItem","position":1,"name":"Accueil","item":"https:\/\/footdavant.fr\/actualites\/"},{"@type":"ListItem","position":2,"name":"Pep Guardiola \u00e9voque l&#39;avenir de Manchester City alors qu&#39;il pourrait partir l&#39;ann\u00e9e prochaine"}]},{"@type":"WebSite","@id":"https:\/\/footdavant.fr\/actualites\/#website","url":"https:\/\/footdavant.fr\/actualites\/","name":"Foot d'avant","description":"","publisher":{"@id":"https:\/\/footdavant.fr\/actualites\/#organization"},"potentialAction":[{"@type":"SearchAction","target":{"@type":"EntryPoint","urlTemplate":"https:\/\/footdavant.fr\/actualites\/?s={search_term_string}"},"query-input":"required name=search_term_string"}],"inLanguage":"fr-FR"},{"@type":"Organization","@id":"https:\/\/footdavant.fr\/actualites\/#organization","name":"Foot d'avant","url":"https:\/\/footdavant.fr\/actualites\/","logo":{"@type":"ImageObject","inLanguage":"fr-FR","@id":"https:\/\/footdavant.fr\/actualites\/#\/schema\/logo\/image\/","url":"https:\/\/footdavant.fr\/actualites\/wp-content\/uploads\/2023\/09\/Copy-of-FootDavant-Logo.png","contentUrl":"https:\/\/footdavant.fr\/actualites\/wp-content\/uploads\/2023\/09\/Copy-of-FootDavant-Logo.png","width":936,"height":549,"caption":"Foot d'avant"},"image":{"@id":"https:\/\/footdavant.fr\/actualites\/#\/schema\/logo\/image\/"},"sameAs":["https:\/\/www.facebook.com\/Footdavant\/","https:\/\/twitter.com\/FootdavantFr","https:\/\/www.instagram.com\/footdavant.fr\/"]},{"@type":"Person","@id":"https:\/\/footdavant.fr\/actualites\/#\/schema\/person\/bc222566d95871b37e597b3ed3ba5e1d","name":"Cl\u00e9ment","image":{"@type":"ImageObject","inLanguage":"fr-FR","@id":"https:\/\/footdavant.fr\/actualites\/#\/schema\/person\/image\/","url":"https:\/\/secure.gravatar.com\/avatar\/7728b29aac2719421e1a9159b2254c44?s=96&d=mm&r=g","contentUrl":"https:\/\/secure.gravatar.com\/avatar\/7728b29aac2719421e1a9159b2254c44?s=96&d=mm&r=g","caption":"Cl\u00e9ment"},"sameAs":["https:\/\/footdavant.fr\/"]}]}},"_links":{"self":[{"href":"https:\/\/footdavant.fr\/actualites\/wp-json\/wp\/v2\/posts\/11713"}],"collection":[{"href":"https:\/\/footdavant.fr\/actualites\/wp-json\/wp\/v2\/posts"}],"about":[{"href":"https:\/\/footdavant.fr\/actualites\/wp-json\/wp\/v2\/types\/post"}],"author":[{"embeddable":true,"href":"https:\/\/footdavant.fr\/actualites\/wp-json\/wp\/v2\/users\/1"}],"replies":[{"embeddable":true,"href":"https:\/\/footdavant.fr\/actualites\/wp-json\/wp\/v2\/comments?post=11713"}],"version-history":[{"count":1,"href":"https:\/\/footdavant.fr\/actualites\/wp-json\/wp\/v2\/posts\/11713\/revisions"}],"predecessor-version":[{"id":11715,"href":"https:\/\/footdavant.fr\/actualites\/wp-json\/wp\/v2\/posts\/11713\/revisions\/11715"}],"wp:featuredmedia":[{"embeddable":true,"href":"https:\/\/footdavant.fr\/actualites\/wp-json\/wp\/v2\/media\/11714"}],"wp:attachment":[{"href":"https:\/\/footdavant.fr\/actualites\/wp-json\/wp\/v2\/media?parent=11713"}],"wp:term":[{"taxonomy":"category","embeddable":true,"href":"https:\/\/footdavant.fr\/actualites\/wp-json\/wp\/v2\/categories?post=11713"},{"taxonomy":"post_tag","embeddable":true,"href":"https:\/\/footdavant.fr\/actualites\/wp-json\/wp\/v2\/tags?post=11713"}],"curies":[{"name":"wp","href":"https:\/\/api.w.org\/{rel}","templated":true}]}}