{"id":11719,"date":"2024-08-01T10:48:47","date_gmt":"2024-08-01T08:48:47","guid":{"rendered":"https:\/\/footdavant.fr\/actualites\/slot-le-patron-de-liverpool-fait-le-point-sur-jones-apres-sa-blessure-contre-le-real-betis\/"},"modified":"2024-08-01T10:48:48","modified_gmt":"2024-08-01T08:48:48","slug":"slot-le-patron-de-liverpool-fait-le-point-sur-jones-apres-sa-blessure-contre-le-real-betis","status":"publish","type":"post","link":"https:\/\/footdavant.fr\/actualites\/slot-le-patron-de-liverpool-fait-le-point-sur-jones-apres-sa-blessure-contre-le-real-betis\/","title":{"rendered":"Slot, le patron de Liverpool, fait le point sur Jones apr\u00e8s sa blessure contre le Real Betis"},"content":{"rendered":"<p>L&#39;entra\u00eeneur-chef de Liverpool, Arne Slot, donne le point sur la blessure de Curtis Jones, qui a \u00e9t\u00e9 contraint de quitter le terrain lors de la premi\u00e8re mi-temps du choc de pr\u00e9-saison contre le Real Betis.<\/p>\n<div id=\"article_body\" itemprop=\"articleBody\">\n<h3 class=\"firstPara\">\n<strong class=\"autotag\">Liverpool<\/strong> a eu peur d&#39;une blessure lors du choc de pr\u00e9-saison de vendredi soir contre <strong class=\"autotag\">Betis S\u00e9ville<\/strong>avec <strong class=\"autotag\">Curtis Jones<\/strong> \u00e9tant contraint de quitter le terrain en premi\u00e8re mi-temps du match amical.<\/h3>\n<p>Le milieu de terrain a boit\u00e9 en raison d&#39;un probl\u00e8me musculaire apparent \u00e0 la 30e minute de ce qui s&#39;est av\u00e9r\u00e9 \u00eatre une victoire 1-0 pour Liverpool, avec <strong class=\"autotag\">Dominik Szoboszlai<\/strong> marquant le seul but du match \u00e0 la 34e minute.<\/p>\n<p>Liverpool devrait affronter Arsenal lors de son prochain match amical le 31 juillet avant d&#39;affronter Manchester United le 3 ao\u00fbt avant un retour en Angleterre pour les derni\u00e8res \u00e9tapes de sa pr\u00e9-saison.<\/p>\n<p>Entra\u00eeneur principal des Reds <strong class=\"autotag\">Machine \u00e0 sous Arne<\/strong> Il a admis qu&#39;il \u00e9tait \u00ab trop t\u00f4t \u00bb pour donner un diagnostic de blessure lorsqu&#39;il a \u00e9t\u00e9 interrog\u00e9 imm\u00e9diatement apr\u00e8s l&#39;affrontement.<\/p>\n<p>\u00ab\u00a0Je pense qu&#39;il est trop t\u00f4t pour dire \u00e0 quel point c&#39;est grave. Il aurait peut-\u00eatre pu continuer \u00e0 jouer, mais je pense qu&#39;on pouvait peut-\u00eatre voir qu&#39;il n&#39;\u00e9tait pas \u00e0 100%\u00a0\u00bb, a d\u00e9clar\u00e9 Slot aux journalistes lors de sa conf\u00e9rence de presse d&#39;apr\u00e8s-match.<\/p>\n<p class=\"imgI\">\n<h2 class=\"k3\">Jones a boit\u00e9 en premi\u00e8re mi-temps contre le Real Betis<\/h2>\n<p>\u00ab\u00a0Dans un match amical, avec autant de jours \u00e0 venir dans notre tourn\u00e9e, il \u00e9tait pr\u00e9f\u00e9rable de le laisser au repos. J&#39;esp\u00e8re qu&#39;il pourra se remettre tr\u00e8s vite, mais nous devons attendre et voir.\u00a0\u00bb<\/p>\n<p>\u00ab Nous esp\u00e9rons qu&#39;il r\u00e9cup\u00e9rera tr\u00e8s vite pour que nous puissions le revoir lors des prochains matchs. \u00bb<\/p>\n<p>Jones a \u00e9t\u00e9 remplac\u00e9 contre le Real Betis par un joueur de 17 ans <strong class=\"autotag\">Trey Nyoni<\/strong>le milieu de terrain a eu l&#39;occasion de faire bonne impression contre les g\u00e9ants de la Liga, et sa performance a \u00e9t\u00e9 salu\u00e9e par le nouveau manager du club.<\/p>\n<p>\u00ab\u00a0C&#39;est toujours dommage qu&#39;il (Jones) doive sortir apr\u00e8s 25 minutes, une demi-heure. Et avant cela, on voyait qu&#39;il n&#39;\u00e9tait pas compl\u00e8tement libre\u00a0\u00bb, a ajout\u00e9 Slot.<\/p>\n<p>\u00ab C&#39;\u00e9tait dommage car il avait fait deux tr\u00e8s bonnes semaines lors des s\u00e9ances d&#39;entra\u00eenement, donc j&#39;avais h\u00e2te de le voir en match, mais malheureusement il a d\u00fb sortir.<\/p>\n<blockquote class=\"twitter-tweet\">\n<p lang=\"en\" dir=\"ltr\">Nous attendons de d\u00e9couvrir l&#39;\u00e9tendue de la blessure qui a forc\u00e9 Curtis Jones \u00e0 quitter le terrain lors de la premi\u00e8re mi-temps de notre victoire 1-0 contre le Real Betis \u2935\ufe0f<\/p>\n<p>\u2014 Liverpool FC (@LFC) <a rel=\"nofollow\" href=\"https:\/\/twitter.com\/LFC\/status\/1817025896303448319?ref_src=twsrc%5Etfw\">27 juillet 2024<\/a>\n<\/p><\/blockquote>\n<h2 class=\"k3\">Slot f\u00e9licite Nyoni pour sa performance impressionnante<\/h2>\n<p>\u00ab\u00a0Ce qui est bien, c&#39;est que nous avons fait entrer quelqu&#39;un qui m&#39;a impressionn\u00e9 pendant les 45 minutes \u00e0 l&#39;heure qu&#39;il a jou\u00e9 ensuite. C&#39;\u00e9tait le point positif du fait que Curtis ait remplac\u00e9 Trey, mais bien s\u00fbr, pour Curtis, c&#39;est dommage qu&#39;il n&#39;ait pas pu continuer \u00e0 jouer.\u00a0\u00bb<\/p>\n<p>\u00ab Je pense qu&#39;il (Nyoni) a vraiment bien jou\u00e9 aujourd&#39;hui, mais ce n&#39;\u00e9tait qu&#39;une heure de jeu. Comme je l&#39;ai dit, il a bien jou\u00e9. Il a \u00e9t\u00e9 l&#39;une des raisons pour lesquelles nous avons marqu\u00e9 le but, car il s&#39;est retourn\u00e9 tr\u00e8s rapidement et a fait une passe parfaite entre les lignes. Et il a \u00e9galement \u00e9t\u00e9 impliqu\u00e9 dans la plus grosse occasion de la seconde p\u00e9riode.<\/p>\n<p>\u00ab\u00a0Il a donc bien jou\u00e9. Mais il vient d&#39;avoir 17 ans et son corps doit grandir, et nous sommes tr\u00e8s prudents avec lui. Il ne participe donc pas \u00e0 toutes les s\u00e9ances et parfois il sort un peu plus t\u00f4t parce qu&#39;il n&#39;a que 17 ans et on peut voir sa qualit\u00e9 mais on peut aussi voir que son corps a encore besoin de temps pour grandir pour jouer au niveau de la Premier League. Mais il a montr\u00e9 des choses int\u00e9ressantes aujourd&#39;hui.\u00a0\u00bb<\/p>\n<p>Liverpool se pr\u00e9pare pour son premier match de Premier League 2024-25 contre Ipswich Town le 17 ao\u00fbt, et son dernier match amical de l&#39;\u00e9t\u00e9 aura lieu contre S\u00e9ville le 11 ao\u00fbt.<\/p>\n<\/div>\n<p><script async src=\"https:\/\/platform.twitter.com\/widgets.js\" charset=\"utf-8\"><\/script><\/p>\n","protected":false},"excerpt":{"rendered":"<p>L&#39;entra\u00eeneur-chef de Liverpool, Arne Slot, donne le point sur la blessure de Curtis Jones, qui a \u00e9t\u00e9 contraint de quitter le terrain lors de la<\/p>\n","protected":false},"author":1,"featured_media":11720,"comment_status":"closed","ping_status":"","sticky":false,"template":"","format":"standard","meta":{"footnotes":""},"categories":[5],"tags":[25,5131,15,20,152,968,53,231,153,302,4732,103],"yoast_head":"<!-- This site is optimized with the Yoast SEO plugin v21.0 - https:\/\/yoast.com\/wordpress\/plugins\/seo\/ -->\n<title>Slot, le patron de Liverpool, fait le point sur Jones apr\u00e8s sa blessure contre le Real Betis<\/title>\n<meta name=\"robots\" content=\"index, follow, max-snippet:-1, max-image-preview:large, max-video-preview:-1\" \/>\n<link rel=\"canonical\" href=\"https:\/\/footdavant.fr\/actualites\/slot-le-patron-de-liverpool-fait-le-point-sur-jones-apres-sa-blessure-contre-le-real-betis\/\" \/>\n<meta property=\"og:locale\" content=\"fr_FR\" \/>\n<meta property=\"og:type\" content=\"article\" \/>\n<meta property=\"og:title\" content=\"Slot, le patron de Liverpool, fait le point sur Jones apr\u00e8s sa blessure contre le Real Betis\" \/>\n<meta property=\"og:description\" content=\"L&#039;entra\u00eeneur-chef de Liverpool, Arne Slot, donne le point sur la blessure de Curtis Jones, qui a \u00e9t\u00e9 contraint de quitter le terrain lors de la\" \/>\n<meta property=\"og:url\" content=\"https:\/\/footdavant.fr\/actualites\/slot-le-patron-de-liverpool-fait-le-point-sur-jones-apres-sa-blessure-contre-le-real-betis\/\" \/>\n<meta property=\"og:site_name\" content=\"Foot d&#039;avant\" \/>\n<meta property=\"article:publisher\" content=\"https:\/\/www.facebook.com\/Footdavant\/\" \/>\n<meta property=\"article:published_time\" content=\"2024-08-01T08:48:47+00:00\" \/>\n<meta property=\"article:modified_time\" content=\"2024-08-01T08:48:48+00:00\" \/>\n<meta property=\"og:image\" content=\"https:\/\/footdavant.fr\/actualites\/wp-content\/uploads\/2024\/08\/Slot-le-patron-de-Liverpool-fait-le-point-sur-Jones.jpg\" \/>\n\t<meta property=\"og:image:width\" content=\"640\" \/>\n\t<meta property=\"og:image:height\" content=\"480\" \/>\n\t<meta property=\"og:image:type\" content=\"image\/jpeg\" \/>\n<meta name=\"author\" content=\"Cl\u00e9ment\" \/>\n<meta name=\"twitter:card\" content=\"summary_large_image\" \/>\n<meta name=\"twitter:creator\" content=\"@FootdavantFr\" \/>\n<meta name=\"twitter:site\" content=\"@FootdavantFr\" \/>\n<meta name=\"twitter:label1\" content=\"\u00c9crit par\" \/>\n\t<meta name=\"twitter:data1\" content=\"Cl\u00e9ment\" \/>\n\t<meta name=\"twitter:label2\" content=\"Dur\u00e9e de lecture estim\u00e9e\" \/>\n\t<meta name=\"twitter:data2\" content=\"4 minutes\" \/>\n<script type=\"application\/ld+json\" class=\"yoast-schema-graph\">{\"@context\":\"https:\/\/schema.org\",\"@graph\":[{\"@type\":\"Article\",\"@id\":\"https:\/\/footdavant.fr\/actualites\/slot-le-patron-de-liverpool-fait-le-point-sur-jones-apres-sa-blessure-contre-le-real-betis\/#article\",\"isPartOf\":{\"@id\":\"https:\/\/footdavant.fr\/actualites\/slot-le-patron-de-liverpool-fait-le-point-sur-jones-apres-sa-blessure-contre-le-real-betis\/\"},\"author\":{\"name\":\"Cl\u00e9ment\",\"@id\":\"https:\/\/footdavant.fr\/actualites\/#\/schema\/person\/bc222566d95871b37e597b3ed3ba5e1d\"},\"headline\":\"Slot, le patron de Liverpool, fait le point sur Jones apr\u00e8s sa blessure contre le Real Betis\",\"datePublished\":\"2024-08-01T08:48:47+00:00\",\"dateModified\":\"2024-08-01T08:48:48+00:00\",\"mainEntityOfPage\":{\"@id\":\"https:\/\/footdavant.fr\/actualites\/slot-le-patron-de-liverpool-fait-le-point-sur-jones-apres-sa-blessure-contre-le-real-betis\/\"},\"wordCount\":735,\"publisher\":{\"@id\":\"https:\/\/footdavant.fr\/actualites\/#organization\"},\"keywords\":[\"apr\u00e8s\",\"Betis\",\"Blessure\",\"contre\",\"fait\",\"Jones\",\"Liverpool\",\"patron\",\"point\",\"Real\",\"Slot\",\"sur\"],\"articleSection\":[\"Premier League\"],\"inLanguage\":\"fr-FR\"},{\"@type\":\"WebPage\",\"@id\":\"https:\/\/footdavant.fr\/actualites\/slot-le-patron-de-liverpool-fait-le-point-sur-jones-apres-sa-blessure-contre-le-real-betis\/\",\"url\":\"https:\/\/footdavant.fr\/actualites\/slot-le-patron-de-liverpool-fait-le-point-sur-jones-apres-sa-blessure-contre-le-real-betis\/\",\"name\":\"Slot, le patron de Liverpool, fait le point sur Jones apr\u00e8s sa blessure contre le Real Betis\",\"isPartOf\":{\"@id\":\"https:\/\/footdavant.fr\/actualites\/#website\"},\"datePublished\":\"2024-08-01T08:48:47+00:00\",\"dateModified\":\"2024-08-01T08:48:48+00:00\",\"breadcrumb\":{\"@id\":\"https:\/\/footdavant.fr\/actualites\/slot-le-patron-de-liverpool-fait-le-point-sur-jones-apres-sa-blessure-contre-le-real-betis\/#breadcrumb\"},\"inLanguage\":\"fr-FR\",\"potentialAction\":[{\"@type\":\"ReadAction\",\"target\":[\"https:\/\/footdavant.fr\/actualites\/slot-le-patron-de-liverpool-fait-le-point-sur-jones-apres-sa-blessure-contre-le-real-betis\/\"]}]},{\"@type\":\"BreadcrumbList\",\"@id\":\"https:\/\/footdavant.fr\/actualites\/slot-le-patron-de-liverpool-fait-le-point-sur-jones-apres-sa-blessure-contre-le-real-betis\/#breadcrumb\",\"itemListElement\":[{\"@type\":\"ListItem\",\"position\":1,\"name\":\"Accueil\",\"item\":\"https:\/\/footdavant.fr\/actualites\/\"},{\"@type\":\"ListItem\",\"position\":2,\"name\":\"Slot, le patron de Liverpool, fait le point sur Jones apr\u00e8s sa blessure contre le Real Betis\"}]},{\"@type\":\"WebSite\",\"@id\":\"https:\/\/footdavant.fr\/actualites\/#website\",\"url\":\"https:\/\/footdavant.fr\/actualites\/\",\"name\":\"Foot d'avant\",\"description\":\"\",\"publisher\":{\"@id\":\"https:\/\/footdavant.fr\/actualites\/#organization\"},\"potentialAction\":[{\"@type\":\"SearchAction\",\"target\":{\"@type\":\"EntryPoint\",\"urlTemplate\":\"https:\/\/footdavant.fr\/actualites\/?s={search_term_string}\"},\"query-input\":\"required name=search_term_string\"}],\"inLanguage\":\"fr-FR\"},{\"@type\":\"Organization\",\"@id\":\"https:\/\/footdavant.fr\/actualites\/#organization\",\"name\":\"Foot d'avant\",\"url\":\"https:\/\/footdavant.fr\/actualites\/\",\"logo\":{\"@type\":\"ImageObject\",\"inLanguage\":\"fr-FR\",\"@id\":\"https:\/\/footdavant.fr\/actualites\/#\/schema\/logo\/image\/\",\"url\":\"https:\/\/footdavant.fr\/actualites\/wp-content\/uploads\/2023\/09\/Copy-of-FootDavant-Logo.png\",\"contentUrl\":\"https:\/\/footdavant.fr\/actualites\/wp-content\/uploads\/2023\/09\/Copy-of-FootDavant-Logo.png\",\"width\":936,\"height\":549,\"caption\":\"Foot d'avant\"},\"image\":{\"@id\":\"https:\/\/footdavant.fr\/actualites\/#\/schema\/logo\/image\/\"},\"sameAs\":[\"https:\/\/www.facebook.com\/Footdavant\/\",\"https:\/\/twitter.com\/FootdavantFr\",\"https:\/\/www.instagram.com\/footdavant.fr\/\"]},{\"@type\":\"Person\",\"@id\":\"https:\/\/footdavant.fr\/actualites\/#\/schema\/person\/bc222566d95871b37e597b3ed3ba5e1d\",\"name\":\"Cl\u00e9ment\",\"image\":{\"@type\":\"ImageObject\",\"inLanguage\":\"fr-FR\",\"@id\":\"https:\/\/footdavant.fr\/actualites\/#\/schema\/person\/image\/\",\"url\":\"https:\/\/secure.gravatar.com\/avatar\/7728b29aac2719421e1a9159b2254c44?s=96&d=mm&r=g\",\"contentUrl\":\"https:\/\/secure.gravatar.com\/avatar\/7728b29aac2719421e1a9159b2254c44?s=96&d=mm&r=g\",\"caption\":\"Cl\u00e9ment\"},\"sameAs\":[\"https:\/\/footdavant.fr\/\"]}]}<\/script>\n<!-- \/ Yoast SEO plugin. -->","yoast_head_json":{"title":"Slot, le patron de Liverpool, fait le point sur Jones apr\u00e8s sa blessure contre le Real Betis","robots":{"index":"index","follow":"follow","max-snippet":"max-snippet:-1","max-image-preview":"max-image-preview:large","max-video-preview":"max-video-preview:-1"},"canonical":"https:\/\/footdavant.fr\/actualites\/slot-le-patron-de-liverpool-fait-le-point-sur-jones-apres-sa-blessure-contre-le-real-betis\/","og_locale":"fr_FR","og_type":"article","og_title":"Slot, le patron de Liverpool, fait le point sur Jones apr\u00e8s sa blessure contre le Real Betis","og_description":"L&#39;entra\u00eeneur-chef de Liverpool, Arne Slot, donne le point sur la blessure de Curtis Jones, qui a \u00e9t\u00e9 contraint de quitter le terrain lors de la","og_url":"https:\/\/footdavant.fr\/actualites\/slot-le-patron-de-liverpool-fait-le-point-sur-jones-apres-sa-blessure-contre-le-real-betis\/","og_site_name":"Foot d&#039;avant","article_publisher":"https:\/\/www.facebook.com\/Footdavant\/","article_published_time":"2024-08-01T08:48:47+00:00","article_modified_time":"2024-08-01T08:48:48+00:00","og_image":[{"width":640,"height":480,"url":"https:\/\/footdavant.fr\/actualites\/wp-content\/uploads\/2024\/08\/Slot-le-patron-de-Liverpool-fait-le-point-sur-Jones.jpg","type":"image\/jpeg"}],"author":"Cl\u00e9ment","twitter_card":"summary_large_image","twitter_creator":"@FootdavantFr","twitter_site":"@FootdavantFr","twitter_misc":{"\u00c9crit par":"Cl\u00e9ment","Dur\u00e9e de lecture estim\u00e9e":"4 minutes"},"schema":{"@context":"https:\/\/schema.org","@graph":[{"@type":"Article","@id":"https:\/\/footdavant.fr\/actualites\/slot-le-patron-de-liverpool-fait-le-point-sur-jones-apres-sa-blessure-contre-le-real-betis\/#article","isPartOf":{"@id":"https:\/\/footdavant.fr\/actualites\/slot-le-patron-de-liverpool-fait-le-point-sur-jones-apres-sa-blessure-contre-le-real-betis\/"},"author":{"name":"Cl\u00e9ment","@id":"https:\/\/footdavant.fr\/actualites\/#\/schema\/person\/bc222566d95871b37e597b3ed3ba5e1d"},"headline":"Slot, le patron de Liverpool, fait le point sur Jones apr\u00e8s sa blessure contre le Real Betis","datePublished":"2024-08-01T08:48:47+00:00","dateModified":"2024-08-01T08:48:48+00:00","mainEntityOfPage":{"@id":"https:\/\/footdavant.fr\/actualites\/slot-le-patron-de-liverpool-fait-le-point-sur-jones-apres-sa-blessure-contre-le-real-betis\/"},"wordCount":735,"publisher":{"@id":"https:\/\/footdavant.fr\/actualites\/#organization"},"keywords":["apr\u00e8s","Betis","Blessure","contre","fait","Jones","Liverpool","patron","point","Real","Slot","sur"],"articleSection":["Premier League"],"inLanguage":"fr-FR"},{"@type":"WebPage","@id":"https:\/\/footdavant.fr\/actualites\/slot-le-patron-de-liverpool-fait-le-point-sur-jones-apres-sa-blessure-contre-le-real-betis\/","url":"https:\/\/footdavant.fr\/actualites\/slot-le-patron-de-liverpool-fait-le-point-sur-jones-apres-sa-blessure-contre-le-real-betis\/","name":"Slot, le patron de Liverpool, fait le point sur Jones apr\u00e8s sa blessure contre le Real Betis","isPartOf":{"@id":"https:\/\/footdavant.fr\/actualites\/#website"},"datePublished":"2024-08-01T08:48:47+00:00","dateModified":"2024-08-01T08:48:48+00:00","breadcrumb":{"@id":"https:\/\/footdavant.fr\/actualites\/slot-le-patron-de-liverpool-fait-le-point-sur-jones-apres-sa-blessure-contre-le-real-betis\/#breadcrumb"},"inLanguage":"fr-FR","potentialAction":[{"@type":"ReadAction","target":["https:\/\/footdavant.fr\/actualites\/slot-le-patron-de-liverpool-fait-le-point-sur-jones-apres-sa-blessure-contre-le-real-betis\/"]}]},{"@type":"BreadcrumbList","@id":"https:\/\/footdavant.fr\/actualites\/slot-le-patron-de-liverpool-fait-le-point-sur-jones-apres-sa-blessure-contre-le-real-betis\/#breadcrumb","itemListElement":[{"@type":"ListItem","position":1,"name":"Accueil","item":"https:\/\/footdavant.fr\/actualites\/"},{"@type":"ListItem","position":2,"name":"Slot, le patron de Liverpool, fait le point sur Jones apr\u00e8s sa blessure contre le Real Betis"}]},{"@type":"WebSite","@id":"https:\/\/footdavant.fr\/actualites\/#website","url":"https:\/\/footdavant.fr\/actualites\/","name":"Foot d'avant","description":"","publisher":{"@id":"https:\/\/footdavant.fr\/actualites\/#organization"},"potentialAction":[{"@type":"SearchAction","target":{"@type":"EntryPoint","urlTemplate":"https:\/\/footdavant.fr\/actualites\/?s={search_term_string}"},"query-input":"required name=search_term_string"}],"inLanguage":"fr-FR"},{"@type":"Organization","@id":"https:\/\/footdavant.fr\/actualites\/#organization","name":"Foot d'avant","url":"https:\/\/footdavant.fr\/actualites\/","logo":{"@type":"ImageObject","inLanguage":"fr-FR","@id":"https:\/\/footdavant.fr\/actualites\/#\/schema\/logo\/image\/","url":"https:\/\/footdavant.fr\/actualites\/wp-content\/uploads\/2023\/09\/Copy-of-FootDavant-Logo.png","contentUrl":"https:\/\/footdavant.fr\/actualites\/wp-content\/uploads\/2023\/09\/Copy-of-FootDavant-Logo.png","width":936,"height":549,"caption":"Foot d'avant"},"image":{"@id":"https:\/\/footdavant.fr\/actualites\/#\/schema\/logo\/image\/"},"sameAs":["https:\/\/www.facebook.com\/Footdavant\/","https:\/\/twitter.com\/FootdavantFr","https:\/\/www.instagram.com\/footdavant.fr\/"]},{"@type":"Person","@id":"https:\/\/footdavant.fr\/actualites\/#\/schema\/person\/bc222566d95871b37e597b3ed3ba5e1d","name":"Cl\u00e9ment","image":{"@type":"ImageObject","inLanguage":"fr-FR","@id":"https:\/\/footdavant.fr\/actualites\/#\/schema\/person\/image\/","url":"https:\/\/secure.gravatar.com\/avatar\/7728b29aac2719421e1a9159b2254c44?s=96&d=mm&r=g","contentUrl":"https:\/\/secure.gravatar.com\/avatar\/7728b29aac2719421e1a9159b2254c44?s=96&d=mm&r=g","caption":"Cl\u00e9ment"},"sameAs":["https:\/\/footdavant.fr\/"]}]}},"_links":{"self":[{"href":"https:\/\/footdavant.fr\/actualites\/wp-json\/wp\/v2\/posts\/11719"}],"collection":[{"href":"https:\/\/footdavant.fr\/actualites\/wp-json\/wp\/v2\/posts"}],"about":[{"href":"https:\/\/footdavant.fr\/actualites\/wp-json\/wp\/v2\/types\/post"}],"author":[{"embeddable":true,"href":"https:\/\/footdavant.fr\/actualites\/wp-json\/wp\/v2\/users\/1"}],"replies":[{"embeddable":true,"href":"https:\/\/footdavant.fr\/actualites\/wp-json\/wp\/v2\/comments?post=11719"}],"version-history":[{"count":1,"href":"https:\/\/footdavant.fr\/actualites\/wp-json\/wp\/v2\/posts\/11719\/revisions"}],"predecessor-version":[{"id":11721,"href":"https:\/\/footdavant.fr\/actualites\/wp-json\/wp\/v2\/posts\/11719\/revisions\/11721"}],"wp:featuredmedia":[{"embeddable":true,"href":"https:\/\/footdavant.fr\/actualites\/wp-json\/wp\/v2\/media\/11720"}],"wp:attachment":[{"href":"https:\/\/footdavant.fr\/actualites\/wp-json\/wp\/v2\/media?parent=11719"}],"wp:term":[{"taxonomy":"category","embeddable":true,"href":"https:\/\/footdavant.fr\/actualites\/wp-json\/wp\/v2\/categories?post=11719"},{"taxonomy":"post_tag","embeddable":true,"href":"https:\/\/footdavant.fr\/actualites\/wp-json\/wp\/v2\/tags?post=11719"}],"curies":[{"name":"wp","href":"https:\/\/api.w.org\/{rel}","templated":true}]}}