{"id":11731,"date":"2024-08-01T18:52:30","date_gmt":"2024-08-01T16:52:30","guid":{"rendered":"https:\/\/footdavant.fr\/actualites\/actualites-et-rumeurs-sur-les-transferts-gnonto-a-everton-tah-attend-le-bayern\/"},"modified":"2024-08-01T18:52:31","modified_gmt":"2024-08-01T16:52:31","slug":"actualites-et-rumeurs-sur-les-transferts-gnonto-a-everton-tah-attend-le-bayern","status":"publish","type":"post","link":"https:\/\/footdavant.fr\/actualites\/actualites-et-rumeurs-sur-les-transferts-gnonto-a-everton-tah-attend-le-bayern\/","title":{"rendered":"Actualit\u00e9s et rumeurs sur les transferts : Gnonto \u00e0 Everton, Tah attend le Bayern"},"content":{"rendered":"<p>Sports Mole fait le point sur les derni\u00e8res nouvelles et rumeurs de transfert, notamment sur Wilfried Gnonto \u00e0 Everton et les derni\u00e8res nouvelles sur le transfert propos\u00e9 de Jonathan Tah au Bayern Munich.<\/p>\n<div id=\"article_body\" itemprop=\"articleBody\">\n<h3 class=\"firstPara\">\n<strong class=\"autotag\">Everton<\/strong> seraient toujours int\u00e9ress\u00e9s par la signature <strong class=\"autotag\">Leeds United<\/strong> attaquant <strong class=\"autotag\">Wilfried Gnonto<\/strong> pendant le mercato de cet \u00e9t\u00e9.<\/h3>\n<p>Le joueur de 20 ans a marqu\u00e9 neuf buts et enregistr\u00e9 trois passes d\u00e9cisives en 44 apparitions toutes comp\u00e9titions confondues pour son club de Championship au cours de la campagne 2023-24.<\/p>\n<p>Gnonto a un contrat \u00e0 Elland Road jusqu&#39;en juin 2027, mais il est pressenti pour partir cet \u00e9t\u00e9, Leeds n&#39;ayant pas r\u00e9ussi \u00e0 obtenir la promotion en Premier League la saison derni\u00e8re.<\/p>\n<p>On estime que Leeds voudrait environ 25 millions de livres sterling pour Gnonto, et selon <em>Football Insider<\/em>Everton reste int\u00e9ress\u00e9 par l&#39;obtention de sa signature cet \u00e9t\u00e9 malgr\u00e9 le r\u00e9cent effondrement du rachat du club.<\/p>\n<p>Il semblerait cependant que les Toffees ne soient pas dispos\u00e9s \u00e0 accepter le prix demand\u00e9 actuellement pour l&#39;attaquant et esp\u00e8rent pouvoir n\u00e9gocier le prix \u00e0 la baisse.<\/p>\n<p>Gnonto a marqu\u00e9 12 fois et enregistr\u00e9 10 passes d\u00e9cisives en 74 apparitions pour Leeds depuis son transfert au club depuis Zurich en 2022.<\/p>\n<p class=\"imgI\">\n<h2 class=\"k3\">Le Bayern n&#39;a pas encore trouv\u00e9 de solution pour Tah<\/h2>\n<p>Pendant ce temps, selon le journaliste italien <strong class=\"autotag\">Fabrice Romano<\/strong>, <strong class=\"autotag\">Bayern Munich<\/strong> doivent encore parvenir \u00e0 un accord avec <strong class=\"autotag\">Bayer Leverkusen<\/strong> sur un accord pour <strong class=\"autotag\">Jonathan Tah<\/strong> cet \u00e9t\u00e9.<\/p>\n<p>Le Bayern aurait fait de l&#39;international allemand sa principale cible d\u00e9fensive pendant la fen\u00eatre estivale.<\/p>\n<p>Cependant, Romano affirme que les champions en titre de la Bundesliga n&#39;ont pas encore donn\u00e9 leur feu vert pour que le transfert soit finalis\u00e9.<\/p>\n<p>On dit que Tah fait pression pour rejoindre l&#39;Allianz Arena, le d\u00e9fenseur donnant la priorit\u00e9 \u00e0 <strong class=\"autotag\">Vincent Kompany<\/strong>malgr\u00e9 l&#39;int\u00e9r\u00eat d&#39;autres clubs.<\/p>\n<p>Le joueur de 28 ans \u00e9volue \u00e0 Leverkusen depuis 2015, et a disput\u00e9 353 matches pour le club dans toutes les comp\u00e9titions, dont 48 sorties lors d&#39;une impressionnante campagne 2023-24 pour <strong class=\"autotag\">Xabi Alonso<\/strong>&#39;vapeur.<\/p>\n<p class=\"imgI\"><img decoding=\"async\" loading=\"lazy\" class=\"l\" src=\"https:\/\/footdavant.fr\/actualites\/wp-content\/uploads\/2024\/08\/1722531150_187_Actualites-et-rumeurs-sur-les-transferts-Gnonto-a-Everton.jpg\" title=\"L&#39;Ukrainien Artem Dovbyk en action avec le Maltais Enrico Pepe le 17 octobre 2023\" alt=\"L&#39;Ukrainien Artem Dovbyk en action avec le Maltais Enrico Pepe le 17 octobre 2023\" width=\"640\" height=\"480\"><\/p>\n<h2 class=\"k3\">Dovbyk \u00ab se rapproche \u00bb d&#39;un transfert \u00e0 <strong class=\"autotag\">Rome<\/strong><br \/>\n<\/h2>\n<p>Autre part, <strong class=\"autotag\">G\u00e9rone<\/strong> le buteur <strong class=\"autotag\">Artem Dovbyk<\/strong> serait sur le point de rejoindre le g\u00e9ant italien de la Roma.<\/p>\n<p><strong class=\"autotag\">Atletico Madrid<\/strong> semblait \u00eatre en t\u00eate de la file d&#39;attente pour l&#39;attaquant, qui \u00e9tait en excellente forme pour G\u00e9rone lors de la campagne 2023-24.<\/p>\n<p>Cependant, selon l&#39;expert des transferts Romano, l&#39;international ukrainien a d\u00e9j\u00e0 conclu un accord verbal avec la Roma pour un transfert vers l&#39;\u00e9quipe de Serie A.<\/p>\n<p>Les deux clubs seraient d\u00e9sormais en discussion sur le montant du transfert, G\u00e9rone exigeant un montant cons\u00e9quent.<\/p>\n<p>\u00ab\u00a0L&#39;Atl\u00e9tico Madrid est un grand club, mais nous n&#39;avons pas vu de projet s\u00e9rieux pour Artem l\u00e0-bas. Leur offre est nettement inf\u00e9rieure en termes financiers par rapport aux autres offres\u00a0\u00bb, a d\u00e9clar\u00e9 l&#39;agent de Dovbyk. <strong class=\"autotag\">Alex Lundovsky<\/strong> dit <em>Football ukrainien<\/em>.<\/p>\n<p>Le joueur de 27 ans a marqu\u00e9 24 buts en 36 apparitions en Liga pour G\u00e9rone la saison derni\u00e8re, aidant l&#39;\u00e9quipe catalane \u00e0 prendre la troisi\u00e8me place du classement et \u00e0 assurer une place en Ligue des champions 2024-25.<\/p>\n<\/div>\n","protected":false},"excerpt":{"rendered":"<p>Sports Mole fait le point sur les derni\u00e8res nouvelles et rumeurs de transfert, notamment sur Wilfried Gnonto \u00e0 Everton et les derni\u00e8res nouvelles sur le<\/p>\n","protected":false},"author":1,"featured_media":11732,"comment_status":"closed","ping_status":"","sticky":false,"template":"","format":"standard","meta":{"footnotes":""},"categories":[5],"tags":[7,4189,340,310,3338,93,976,103,5972,1376],"yoast_head":"<!-- This site is optimized with the Yoast SEO plugin v21.0 - https:\/\/yoast.com\/wordpress\/plugins\/seo\/ -->\n<title>Actualit\u00e9s et rumeurs sur les transferts : Gnonto \u00e0 Everton, Tah attend le Bayern<\/title>\n<meta name=\"robots\" content=\"index, follow, max-snippet:-1, max-image-preview:large, max-video-preview:-1\" \/>\n<link rel=\"canonical\" href=\"https:\/\/footdavant.fr\/actualites\/actualites-et-rumeurs-sur-les-transferts-gnonto-a-everton-tah-attend-le-bayern\/\" \/>\n<meta property=\"og:locale\" content=\"fr_FR\" \/>\n<meta property=\"og:type\" content=\"article\" \/>\n<meta property=\"og:title\" content=\"Actualit\u00e9s et rumeurs sur les transferts : Gnonto \u00e0 Everton, Tah attend le Bayern\" \/>\n<meta property=\"og:description\" content=\"Sports Mole fait le point sur les derni\u00e8res nouvelles et rumeurs de transfert, notamment sur Wilfried Gnonto \u00e0 Everton et les derni\u00e8res nouvelles sur le\" \/>\n<meta property=\"og:url\" content=\"https:\/\/footdavant.fr\/actualites\/actualites-et-rumeurs-sur-les-transferts-gnonto-a-everton-tah-attend-le-bayern\/\" \/>\n<meta property=\"og:site_name\" content=\"Foot d&#039;avant\" \/>\n<meta property=\"article:publisher\" content=\"https:\/\/www.facebook.com\/Footdavant\/\" \/>\n<meta property=\"article:published_time\" content=\"2024-08-01T16:52:30+00:00\" \/>\n<meta property=\"article:modified_time\" content=\"2024-08-01T16:52:31+00:00\" \/>\n<meta property=\"og:image\" content=\"https:\/\/footdavant.fr\/actualites\/wp-content\/uploads\/2024\/08\/Actualites-et-rumeurs-sur-les-transferts-Gnonto-a-Everton.jpg\" \/>\n\t<meta property=\"og:image:width\" content=\"640\" \/>\n\t<meta property=\"og:image:height\" content=\"480\" \/>\n\t<meta property=\"og:image:type\" content=\"image\/jpeg\" \/>\n<meta name=\"author\" content=\"Cl\u00e9ment\" \/>\n<meta name=\"twitter:card\" content=\"summary_large_image\" \/>\n<meta name=\"twitter:creator\" content=\"@FootdavantFr\" \/>\n<meta name=\"twitter:site\" content=\"@FootdavantFr\" \/>\n<meta name=\"twitter:label1\" content=\"\u00c9crit par\" \/>\n\t<meta name=\"twitter:data1\" content=\"Cl\u00e9ment\" \/>\n\t<meta name=\"twitter:label2\" content=\"Dur\u00e9e de lecture estim\u00e9e\" \/>\n\t<meta name=\"twitter:data2\" content=\"3 minutes\" \/>\n<script type=\"application\/ld+json\" class=\"yoast-schema-graph\">{\"@context\":\"https:\/\/schema.org\",\"@graph\":[{\"@type\":\"Article\",\"@id\":\"https:\/\/footdavant.fr\/actualites\/actualites-et-rumeurs-sur-les-transferts-gnonto-a-everton-tah-attend-le-bayern\/#article\",\"isPartOf\":{\"@id\":\"https:\/\/footdavant.fr\/actualites\/actualites-et-rumeurs-sur-les-transferts-gnonto-a-everton-tah-attend-le-bayern\/\"},\"author\":{\"name\":\"Cl\u00e9ment\",\"@id\":\"https:\/\/footdavant.fr\/actualites\/#\/schema\/person\/bc222566d95871b37e597b3ed3ba5e1d\"},\"headline\":\"Actualit\u00e9s et rumeurs sur les transferts : Gnonto \u00e0 Everton, Tah attend le Bayern\",\"datePublished\":\"2024-08-01T16:52:30+00:00\",\"dateModified\":\"2024-08-01T16:52:31+00:00\",\"mainEntityOfPage\":{\"@id\":\"https:\/\/footdavant.fr\/actualites\/actualites-et-rumeurs-sur-les-transferts-gnonto-a-everton-tah-attend-le-bayern\/\"},\"wordCount\":546,\"publisher\":{\"@id\":\"https:\/\/footdavant.fr\/actualites\/#organization\"},\"keywords\":[\"Actualit\u00e9s\",\"attend\",\"Bayern\",\"Everton\",\"Gnonto\",\"les\",\"rumeurs\",\"sur\",\"Tah\",\"transferts\"],\"articleSection\":[\"Premier League\"],\"inLanguage\":\"fr-FR\"},{\"@type\":\"WebPage\",\"@id\":\"https:\/\/footdavant.fr\/actualites\/actualites-et-rumeurs-sur-les-transferts-gnonto-a-everton-tah-attend-le-bayern\/\",\"url\":\"https:\/\/footdavant.fr\/actualites\/actualites-et-rumeurs-sur-les-transferts-gnonto-a-everton-tah-attend-le-bayern\/\",\"name\":\"Actualit\u00e9s et rumeurs sur les transferts : Gnonto \u00e0 Everton, Tah attend le Bayern\",\"isPartOf\":{\"@id\":\"https:\/\/footdavant.fr\/actualites\/#website\"},\"datePublished\":\"2024-08-01T16:52:30+00:00\",\"dateModified\":\"2024-08-01T16:52:31+00:00\",\"breadcrumb\":{\"@id\":\"https:\/\/footdavant.fr\/actualites\/actualites-et-rumeurs-sur-les-transferts-gnonto-a-everton-tah-attend-le-bayern\/#breadcrumb\"},\"inLanguage\":\"fr-FR\",\"potentialAction\":[{\"@type\":\"ReadAction\",\"target\":[\"https:\/\/footdavant.fr\/actualites\/actualites-et-rumeurs-sur-les-transferts-gnonto-a-everton-tah-attend-le-bayern\/\"]}]},{\"@type\":\"BreadcrumbList\",\"@id\":\"https:\/\/footdavant.fr\/actualites\/actualites-et-rumeurs-sur-les-transferts-gnonto-a-everton-tah-attend-le-bayern\/#breadcrumb\",\"itemListElement\":[{\"@type\":\"ListItem\",\"position\":1,\"name\":\"Accueil\",\"item\":\"https:\/\/footdavant.fr\/actualites\/\"},{\"@type\":\"ListItem\",\"position\":2,\"name\":\"Actualit\u00e9s et rumeurs sur les transferts : Gnonto \u00e0 Everton, Tah attend le Bayern\"}]},{\"@type\":\"WebSite\",\"@id\":\"https:\/\/footdavant.fr\/actualites\/#website\",\"url\":\"https:\/\/footdavant.fr\/actualites\/\",\"name\":\"Foot d'avant\",\"description\":\"\",\"publisher\":{\"@id\":\"https:\/\/footdavant.fr\/actualites\/#organization\"},\"potentialAction\":[{\"@type\":\"SearchAction\",\"target\":{\"@type\":\"EntryPoint\",\"urlTemplate\":\"https:\/\/footdavant.fr\/actualites\/?s={search_term_string}\"},\"query-input\":\"required name=search_term_string\"}],\"inLanguage\":\"fr-FR\"},{\"@type\":\"Organization\",\"@id\":\"https:\/\/footdavant.fr\/actualites\/#organization\",\"name\":\"Foot d'avant\",\"url\":\"https:\/\/footdavant.fr\/actualites\/\",\"logo\":{\"@type\":\"ImageObject\",\"inLanguage\":\"fr-FR\",\"@id\":\"https:\/\/footdavant.fr\/actualites\/#\/schema\/logo\/image\/\",\"url\":\"https:\/\/footdavant.fr\/actualites\/wp-content\/uploads\/2023\/09\/Copy-of-FootDavant-Logo.png\",\"contentUrl\":\"https:\/\/footdavant.fr\/actualites\/wp-content\/uploads\/2023\/09\/Copy-of-FootDavant-Logo.png\",\"width\":936,\"height\":549,\"caption\":\"Foot d'avant\"},\"image\":{\"@id\":\"https:\/\/footdavant.fr\/actualites\/#\/schema\/logo\/image\/\"},\"sameAs\":[\"https:\/\/www.facebook.com\/Footdavant\/\",\"https:\/\/twitter.com\/FootdavantFr\",\"https:\/\/www.instagram.com\/footdavant.fr\/\"]},{\"@type\":\"Person\",\"@id\":\"https:\/\/footdavant.fr\/actualites\/#\/schema\/person\/bc222566d95871b37e597b3ed3ba5e1d\",\"name\":\"Cl\u00e9ment\",\"image\":{\"@type\":\"ImageObject\",\"inLanguage\":\"fr-FR\",\"@id\":\"https:\/\/footdavant.fr\/actualites\/#\/schema\/person\/image\/\",\"url\":\"https:\/\/secure.gravatar.com\/avatar\/7728b29aac2719421e1a9159b2254c44?s=96&d=mm&r=g\",\"contentUrl\":\"https:\/\/secure.gravatar.com\/avatar\/7728b29aac2719421e1a9159b2254c44?s=96&d=mm&r=g\",\"caption\":\"Cl\u00e9ment\"},\"sameAs\":[\"https:\/\/footdavant.fr\/\"]}]}<\/script>\n<!-- \/ Yoast SEO plugin. -->","yoast_head_json":{"title":"Actualit\u00e9s et rumeurs sur les transferts : Gnonto \u00e0 Everton, Tah attend le Bayern","robots":{"index":"index","follow":"follow","max-snippet":"max-snippet:-1","max-image-preview":"max-image-preview:large","max-video-preview":"max-video-preview:-1"},"canonical":"https:\/\/footdavant.fr\/actualites\/actualites-et-rumeurs-sur-les-transferts-gnonto-a-everton-tah-attend-le-bayern\/","og_locale":"fr_FR","og_type":"article","og_title":"Actualit\u00e9s et rumeurs sur les transferts : Gnonto \u00e0 Everton, Tah attend le Bayern","og_description":"Sports Mole fait le point sur les derni\u00e8res nouvelles et rumeurs de transfert, notamment sur Wilfried Gnonto \u00e0 Everton et les derni\u00e8res nouvelles sur le","og_url":"https:\/\/footdavant.fr\/actualites\/actualites-et-rumeurs-sur-les-transferts-gnonto-a-everton-tah-attend-le-bayern\/","og_site_name":"Foot d&#039;avant","article_publisher":"https:\/\/www.facebook.com\/Footdavant\/","article_published_time":"2024-08-01T16:52:30+00:00","article_modified_time":"2024-08-01T16:52:31+00:00","og_image":[{"width":640,"height":480,"url":"https:\/\/footdavant.fr\/actualites\/wp-content\/uploads\/2024\/08\/Actualites-et-rumeurs-sur-les-transferts-Gnonto-a-Everton.jpg","type":"image\/jpeg"}],"author":"Cl\u00e9ment","twitter_card":"summary_large_image","twitter_creator":"@FootdavantFr","twitter_site":"@FootdavantFr","twitter_misc":{"\u00c9crit par":"Cl\u00e9ment","Dur\u00e9e de lecture estim\u00e9e":"3 minutes"},"schema":{"@context":"https:\/\/schema.org","@graph":[{"@type":"Article","@id":"https:\/\/footdavant.fr\/actualites\/actualites-et-rumeurs-sur-les-transferts-gnonto-a-everton-tah-attend-le-bayern\/#article","isPartOf":{"@id":"https:\/\/footdavant.fr\/actualites\/actualites-et-rumeurs-sur-les-transferts-gnonto-a-everton-tah-attend-le-bayern\/"},"author":{"name":"Cl\u00e9ment","@id":"https:\/\/footdavant.fr\/actualites\/#\/schema\/person\/bc222566d95871b37e597b3ed3ba5e1d"},"headline":"Actualit\u00e9s et rumeurs sur les transferts : Gnonto \u00e0 Everton, Tah attend le Bayern","datePublished":"2024-08-01T16:52:30+00:00","dateModified":"2024-08-01T16:52:31+00:00","mainEntityOfPage":{"@id":"https:\/\/footdavant.fr\/actualites\/actualites-et-rumeurs-sur-les-transferts-gnonto-a-everton-tah-attend-le-bayern\/"},"wordCount":546,"publisher":{"@id":"https:\/\/footdavant.fr\/actualites\/#organization"},"keywords":["Actualit\u00e9s","attend","Bayern","Everton","Gnonto","les","rumeurs","sur","Tah","transferts"],"articleSection":["Premier League"],"inLanguage":"fr-FR"},{"@type":"WebPage","@id":"https:\/\/footdavant.fr\/actualites\/actualites-et-rumeurs-sur-les-transferts-gnonto-a-everton-tah-attend-le-bayern\/","url":"https:\/\/footdavant.fr\/actualites\/actualites-et-rumeurs-sur-les-transferts-gnonto-a-everton-tah-attend-le-bayern\/","name":"Actualit\u00e9s et rumeurs sur les transferts : Gnonto \u00e0 Everton, Tah attend le Bayern","isPartOf":{"@id":"https:\/\/footdavant.fr\/actualites\/#website"},"datePublished":"2024-08-01T16:52:30+00:00","dateModified":"2024-08-01T16:52:31+00:00","breadcrumb":{"@id":"https:\/\/footdavant.fr\/actualites\/actualites-et-rumeurs-sur-les-transferts-gnonto-a-everton-tah-attend-le-bayern\/#breadcrumb"},"inLanguage":"fr-FR","potentialAction":[{"@type":"ReadAction","target":["https:\/\/footdavant.fr\/actualites\/actualites-et-rumeurs-sur-les-transferts-gnonto-a-everton-tah-attend-le-bayern\/"]}]},{"@type":"BreadcrumbList","@id":"https:\/\/footdavant.fr\/actualites\/actualites-et-rumeurs-sur-les-transferts-gnonto-a-everton-tah-attend-le-bayern\/#breadcrumb","itemListElement":[{"@type":"ListItem","position":1,"name":"Accueil","item":"https:\/\/footdavant.fr\/actualites\/"},{"@type":"ListItem","position":2,"name":"Actualit\u00e9s et rumeurs sur les transferts : Gnonto \u00e0 Everton, Tah attend le Bayern"}]},{"@type":"WebSite","@id":"https:\/\/footdavant.fr\/actualites\/#website","url":"https:\/\/footdavant.fr\/actualites\/","name":"Foot d'avant","description":"","publisher":{"@id":"https:\/\/footdavant.fr\/actualites\/#organization"},"potentialAction":[{"@type":"SearchAction","target":{"@type":"EntryPoint","urlTemplate":"https:\/\/footdavant.fr\/actualites\/?s={search_term_string}"},"query-input":"required name=search_term_string"}],"inLanguage":"fr-FR"},{"@type":"Organization","@id":"https:\/\/footdavant.fr\/actualites\/#organization","name":"Foot d'avant","url":"https:\/\/footdavant.fr\/actualites\/","logo":{"@type":"ImageObject","inLanguage":"fr-FR","@id":"https:\/\/footdavant.fr\/actualites\/#\/schema\/logo\/image\/","url":"https:\/\/footdavant.fr\/actualites\/wp-content\/uploads\/2023\/09\/Copy-of-FootDavant-Logo.png","contentUrl":"https:\/\/footdavant.fr\/actualites\/wp-content\/uploads\/2023\/09\/Copy-of-FootDavant-Logo.png","width":936,"height":549,"caption":"Foot d'avant"},"image":{"@id":"https:\/\/footdavant.fr\/actualites\/#\/schema\/logo\/image\/"},"sameAs":["https:\/\/www.facebook.com\/Footdavant\/","https:\/\/twitter.com\/FootdavantFr","https:\/\/www.instagram.com\/footdavant.fr\/"]},{"@type":"Person","@id":"https:\/\/footdavant.fr\/actualites\/#\/schema\/person\/bc222566d95871b37e597b3ed3ba5e1d","name":"Cl\u00e9ment","image":{"@type":"ImageObject","inLanguage":"fr-FR","@id":"https:\/\/footdavant.fr\/actualites\/#\/schema\/person\/image\/","url":"https:\/\/secure.gravatar.com\/avatar\/7728b29aac2719421e1a9159b2254c44?s=96&d=mm&r=g","contentUrl":"https:\/\/secure.gravatar.com\/avatar\/7728b29aac2719421e1a9159b2254c44?s=96&d=mm&r=g","caption":"Cl\u00e9ment"},"sameAs":["https:\/\/footdavant.fr\/"]}]}},"_links":{"self":[{"href":"https:\/\/footdavant.fr\/actualites\/wp-json\/wp\/v2\/posts\/11731"}],"collection":[{"href":"https:\/\/footdavant.fr\/actualites\/wp-json\/wp\/v2\/posts"}],"about":[{"href":"https:\/\/footdavant.fr\/actualites\/wp-json\/wp\/v2\/types\/post"}],"author":[{"embeddable":true,"href":"https:\/\/footdavant.fr\/actualites\/wp-json\/wp\/v2\/users\/1"}],"replies":[{"embeddable":true,"href":"https:\/\/footdavant.fr\/actualites\/wp-json\/wp\/v2\/comments?post=11731"}],"version-history":[{"count":1,"href":"https:\/\/footdavant.fr\/actualites\/wp-json\/wp\/v2\/posts\/11731\/revisions"}],"predecessor-version":[{"id":11733,"href":"https:\/\/footdavant.fr\/actualites\/wp-json\/wp\/v2\/posts\/11731\/revisions\/11733"}],"wp:featuredmedia":[{"embeddable":true,"href":"https:\/\/footdavant.fr\/actualites\/wp-json\/wp\/v2\/media\/11732"}],"wp:attachment":[{"href":"https:\/\/footdavant.fr\/actualites\/wp-json\/wp\/v2\/media?parent=11731"}],"wp:term":[{"taxonomy":"category","embeddable":true,"href":"https:\/\/footdavant.fr\/actualites\/wp-json\/wp\/v2\/categories?post=11731"},{"taxonomy":"post_tag","embeddable":true,"href":"https:\/\/footdavant.fr\/actualites\/wp-json\/wp\/v2\/tags?post=11731"}],"curies":[{"name":"wp","href":"https:\/\/api.w.org\/{rel}","templated":true}]}}