{"id":1184,"date":"2023-11-20T11:53:20","date_gmt":"2023-11-20T10:53:20","guid":{"rendered":"https:\/\/footdavant.fr\/actualites\/lancien-coequipier-de-virgil-van-dijk-se-souvient-du-moment-ou-il-a-ete-informe-de-lechec-du-transfert-du-neerlandais-a-man-utd\/"},"modified":"2023-11-20T11:53:26","modified_gmt":"2023-11-20T10:53:26","slug":"lancien-coequipier-de-virgil-van-dijk-se-souvient-du-moment-ou-il-a-ete-informe-de-lechec-du-transfert-du-neerlandais-a-man-utd","status":"publish","type":"post","link":"https:\/\/footdavant.fr\/actualites\/lancien-coequipier-de-virgil-van-dijk-se-souvient-du-moment-ou-il-a-ete-informe-de-lechec-du-transfert-du-neerlandais-a-man-utd\/","title":{"rendered":"L&rsquo;ancien co\u00e9quipier de Virgil van Dijk se souvient du moment o\u00f9 il a \u00e9t\u00e9 inform\u00e9 de l&rsquo;\u00e9chec du transfert du N\u00e9erlandais \u00e0 Man Utd"},"content":{"rendered":"<p><!-- Article Start --><\/p>\n<p>De nombreux supporters de Liverpool conviendront que la signature de Virgil van Dijk a v\u00e9ritablement lanc\u00e9 la p\u00e9riode de succ\u00e8s dont les Reds ont b\u00e9n\u00e9fici\u00e9 ces derni\u00e8res ann\u00e9es.<\/p>\n<p>L&rsquo;international n\u00e9erlandais a \u00e9t\u00e9 sign\u00e9 de Southampton en janvier 2018 pour la somme \u00e9norme de 75 millions de livres sterling et a instantan\u00e9ment transform\u00e9 l&rsquo;\u00e9quipe de Jurgen Klopp \u2013 aidant l&rsquo;\u00e9quipe d&rsquo;Anfield \u00e0 remporter tous les troph\u00e9es majeurs possibles depuis lors.<\/p>\n<p>Charlie Austin, ancien co\u00e9quipier de notre n\u00b04 lors de son passage sur la c\u00f4te sud, a r\u00e9v\u00e9l\u00e9 \u00e0 quel point le joueur de 32 ans \u00e9tait sur le point de rejoindre Manchester United alors que Jose Mourinho \u00e9tait \u00e0 la t\u00eate de l&rsquo;\u00e9quipe d&rsquo;Old Trafford.<\/p>\n<p>  Austin a d\u00e9clar\u00e9 \u00e0 talkSPORT en 2021 (via MEN). <\/p>\n<\/p>\n<p>United a d\u00fb s&rsquo;en vouloir lorsque van Dijk a d\u00e9m\u00e9nag\u00e9 dans le Merseyside et a eu un impact instantan\u00e9 six mois seulement apr\u00e8s avoir sign\u00e9 Victor Lindelof de Benfica.<\/p>\n<p>Le N\u00e9erlandais est reconnu comme l&rsquo;un des meilleurs d\u00e9fenseurs du monde depuis qu&rsquo;il a rejoint le club et revient sur son meilleur niveau cette saison apr\u00e8s avoir re\u00e7u le brassard de capitaine l&rsquo;\u00e9t\u00e9 suivant le d\u00e9part de Jordan Henderson en Arabie Saoudite.<\/p>\n<p>Esp\u00e9rons que le skipper pourra ajouter \u00e0 sa collection de troph\u00e9es d\u00e9j\u00e0 impressionnante cette saison apr\u00e8s notre lamentable campagne la derni\u00e8re fois.<\/p>\n<\/p>\n<p><!-- Article End --><\/p>\n<p>L&rsquo;ancien co\u00e9quipier de Virgil van Dijk se souvient du moment o\u00f9 il a \u00e9t\u00e9 inform\u00e9 de l&rsquo;\u00e9chec du transfert du N\u00e9erlandais \u00e0 Man Utd, apparu en premier sur The Empire of The Kop.<\/p>\n","protected":false},"excerpt":{"rendered":"<p>De nombreux supporters de Liverpool conviendront que la signature de Virgil van Dijk a v\u00e9ritablement lanc\u00e9 la p\u00e9riode de succ\u00e8s dont les Reds ont b\u00e9n\u00e9fici\u00e9<\/p>\n","protected":false},"author":1,"featured_media":1185,"comment_status":"closed","ping_status":"","sticky":false,"template":"","format":"standard","meta":{"footnotes":""},"categories":[3],"tags":[1340,784,776,1343,1302,1344,24,788,208,1342,1341,700,296,783,782],"yoast_head":"<!-- This site is optimized with the Yoast SEO plugin v21.0 - https:\/\/yoast.com\/wordpress\/plugins\/seo\/ -->\n<title>L&#039;ancien co\u00e9quipier de Virgil van Dijk se souvient du moment o\u00f9 il a \u00e9t\u00e9 inform\u00e9 de l&#039;\u00e9chec du transfert du N\u00e9erlandais \u00e0 Man Utd<\/title>\n<meta name=\"robots\" content=\"index, follow, max-snippet:-1, max-image-preview:large, max-video-preview:-1\" \/>\n<link rel=\"canonical\" href=\"https:\/\/footdavant.fr\/actualites\/lancien-coequipier-de-virgil-van-dijk-se-souvient-du-moment-ou-il-a-ete-informe-de-lechec-du-transfert-du-neerlandais-a-man-utd\/\" \/>\n<meta property=\"og:locale\" content=\"fr_FR\" \/>\n<meta property=\"og:type\" content=\"article\" \/>\n<meta property=\"og:title\" content=\"L&#039;ancien co\u00e9quipier de Virgil van Dijk se souvient du moment o\u00f9 il a \u00e9t\u00e9 inform\u00e9 de l&#039;\u00e9chec du transfert du N\u00e9erlandais \u00e0 Man Utd\" \/>\n<meta property=\"og:description\" content=\"De nombreux supporters de Liverpool conviendront que la signature de Virgil van Dijk a v\u00e9ritablement lanc\u00e9 la p\u00e9riode de succ\u00e8s dont les Reds ont b\u00e9n\u00e9fici\u00e9\" \/>\n<meta property=\"og:url\" content=\"https:\/\/footdavant.fr\/actualites\/lancien-coequipier-de-virgil-van-dijk-se-souvient-du-moment-ou-il-a-ete-informe-de-lechec-du-transfert-du-neerlandais-a-man-utd\/\" \/>\n<meta property=\"og:site_name\" content=\"Foot d&#039;avant\" \/>\n<meta property=\"article:publisher\" content=\"https:\/\/www.facebook.com\/Footdavant\/\" \/>\n<meta property=\"article:published_time\" content=\"2023-11-20T10:53:20+00:00\" \/>\n<meta property=\"article:modified_time\" content=\"2023-11-20T10:53:26+00:00\" \/>\n<meta property=\"og:image\" content=\"https:\/\/footdavant.fr\/actualites\/wp-content\/uploads\/2023\/11\/Lancien-coequipier-de-Virgil-van-Dijk-se-souvient-du-moment-scaled.jpg\" \/>\n\t<meta property=\"og:image:width\" content=\"2560\" \/>\n\t<meta property=\"og:image:height\" content=\"1716\" \/>\n\t<meta property=\"og:image:type\" content=\"image\/jpeg\" \/>\n<meta name=\"author\" content=\"Cl\u00e9ment\" \/>\n<meta name=\"twitter:card\" content=\"summary_large_image\" \/>\n<meta name=\"twitter:creator\" content=\"@FootdavantFr\" \/>\n<meta name=\"twitter:site\" content=\"@FootdavantFr\" \/>\n<meta name=\"twitter:label1\" content=\"\u00c9crit par\" \/>\n\t<meta name=\"twitter:data1\" content=\"Cl\u00e9ment\" \/>\n\t<meta name=\"twitter:label2\" content=\"Dur\u00e9e de lecture estim\u00e9e\" \/>\n\t<meta name=\"twitter:data2\" content=\"1 minute\" \/>\n<script type=\"application\/ld+json\" class=\"yoast-schema-graph\">{\"@context\":\"https:\/\/schema.org\",\"@graph\":[{\"@type\":\"Article\",\"@id\":\"https:\/\/footdavant.fr\/actualites\/lancien-coequipier-de-virgil-van-dijk-se-souvient-du-moment-ou-il-a-ete-informe-de-lechec-du-transfert-du-neerlandais-a-man-utd\/#article\",\"isPartOf\":{\"@id\":\"https:\/\/footdavant.fr\/actualites\/lancien-coequipier-de-virgil-van-dijk-se-souvient-du-moment-ou-il-a-ete-informe-de-lechec-du-transfert-du-neerlandais-a-man-utd\/\"},\"author\":{\"name\":\"Cl\u00e9ment\",\"@id\":\"https:\/\/footdavant.fr\/actualites\/#\/schema\/person\/bc222566d95871b37e597b3ed3ba5e1d\"},\"headline\":\"L&rsquo;ancien co\u00e9quipier de Virgil van Dijk se souvient du moment o\u00f9 il a \u00e9t\u00e9 inform\u00e9 de l&rsquo;\u00e9chec du transfert du N\u00e9erlandais \u00e0 Man Utd\",\"datePublished\":\"2023-11-20T10:53:20+00:00\",\"dateModified\":\"2023-11-20T10:53:26+00:00\",\"mainEntityOfPage\":{\"@id\":\"https:\/\/footdavant.fr\/actualites\/lancien-coequipier-de-virgil-van-dijk-se-souvient-du-moment-ou-il-a-ete-informe-de-lechec-du-transfert-du-neerlandais-a-man-utd\/\"},\"wordCount\":300,\"publisher\":{\"@id\":\"https:\/\/footdavant.fr\/actualites\/#organization\"},\"keywords\":[\"co\u00e9quipier\",\"Dijk\",\"\u00e9t\u00e9\",\"inform\u00e9\",\"Lancien\",\"l\u00e9chec\",\"Man\",\"moment\",\"n\u00e9erlandais\",\"o\u00f9\",\"souvient\",\"transfert\",\"Utd\",\"van\",\"Virgil\"],\"articleSection\":[\"Football\"],\"inLanguage\":\"fr-FR\"},{\"@type\":\"WebPage\",\"@id\":\"https:\/\/footdavant.fr\/actualites\/lancien-coequipier-de-virgil-van-dijk-se-souvient-du-moment-ou-il-a-ete-informe-de-lechec-du-transfert-du-neerlandais-a-man-utd\/\",\"url\":\"https:\/\/footdavant.fr\/actualites\/lancien-coequipier-de-virgil-van-dijk-se-souvient-du-moment-ou-il-a-ete-informe-de-lechec-du-transfert-du-neerlandais-a-man-utd\/\",\"name\":\"L'ancien co\u00e9quipier de Virgil van Dijk se souvient du moment o\u00f9 il a \u00e9t\u00e9 inform\u00e9 de l'\u00e9chec du transfert du N\u00e9erlandais \u00e0 Man Utd\",\"isPartOf\":{\"@id\":\"https:\/\/footdavant.fr\/actualites\/#website\"},\"datePublished\":\"2023-11-20T10:53:20+00:00\",\"dateModified\":\"2023-11-20T10:53:26+00:00\",\"breadcrumb\":{\"@id\":\"https:\/\/footdavant.fr\/actualites\/lancien-coequipier-de-virgil-van-dijk-se-souvient-du-moment-ou-il-a-ete-informe-de-lechec-du-transfert-du-neerlandais-a-man-utd\/#breadcrumb\"},\"inLanguage\":\"fr-FR\",\"potentialAction\":[{\"@type\":\"ReadAction\",\"target\":[\"https:\/\/footdavant.fr\/actualites\/lancien-coequipier-de-virgil-van-dijk-se-souvient-du-moment-ou-il-a-ete-informe-de-lechec-du-transfert-du-neerlandais-a-man-utd\/\"]}]},{\"@type\":\"BreadcrumbList\",\"@id\":\"https:\/\/footdavant.fr\/actualites\/lancien-coequipier-de-virgil-van-dijk-se-souvient-du-moment-ou-il-a-ete-informe-de-lechec-du-transfert-du-neerlandais-a-man-utd\/#breadcrumb\",\"itemListElement\":[{\"@type\":\"ListItem\",\"position\":1,\"name\":\"Accueil\",\"item\":\"https:\/\/footdavant.fr\/actualites\/\"},{\"@type\":\"ListItem\",\"position\":2,\"name\":\"L&rsquo;ancien co\u00e9quipier de Virgil van Dijk se souvient du moment o\u00f9 il a \u00e9t\u00e9 inform\u00e9 de l&rsquo;\u00e9chec du transfert du N\u00e9erlandais \u00e0 Man Utd\"}]},{\"@type\":\"WebSite\",\"@id\":\"https:\/\/footdavant.fr\/actualites\/#website\",\"url\":\"https:\/\/footdavant.fr\/actualites\/\",\"name\":\"Foot d'avant\",\"description\":\"\",\"publisher\":{\"@id\":\"https:\/\/footdavant.fr\/actualites\/#organization\"},\"potentialAction\":[{\"@type\":\"SearchAction\",\"target\":{\"@type\":\"EntryPoint\",\"urlTemplate\":\"https:\/\/footdavant.fr\/actualites\/?s={search_term_string}\"},\"query-input\":\"required name=search_term_string\"}],\"inLanguage\":\"fr-FR\"},{\"@type\":\"Organization\",\"@id\":\"https:\/\/footdavant.fr\/actualites\/#organization\",\"name\":\"Foot d'avant\",\"url\":\"https:\/\/footdavant.fr\/actualites\/\",\"logo\":{\"@type\":\"ImageObject\",\"inLanguage\":\"fr-FR\",\"@id\":\"https:\/\/footdavant.fr\/actualites\/#\/schema\/logo\/image\/\",\"url\":\"https:\/\/footdavant.fr\/actualites\/wp-content\/uploads\/2023\/09\/Copy-of-FootDavant-Logo.png\",\"contentUrl\":\"https:\/\/footdavant.fr\/actualites\/wp-content\/uploads\/2023\/09\/Copy-of-FootDavant-Logo.png\",\"width\":936,\"height\":549,\"caption\":\"Foot d'avant\"},\"image\":{\"@id\":\"https:\/\/footdavant.fr\/actualites\/#\/schema\/logo\/image\/\"},\"sameAs\":[\"https:\/\/www.facebook.com\/Footdavant\/\",\"https:\/\/twitter.com\/FootdavantFr\",\"https:\/\/www.instagram.com\/footdavant.fr\/\"]},{\"@type\":\"Person\",\"@id\":\"https:\/\/footdavant.fr\/actualites\/#\/schema\/person\/bc222566d95871b37e597b3ed3ba5e1d\",\"name\":\"Cl\u00e9ment\",\"image\":{\"@type\":\"ImageObject\",\"inLanguage\":\"fr-FR\",\"@id\":\"https:\/\/footdavant.fr\/actualites\/#\/schema\/person\/image\/\",\"url\":\"https:\/\/secure.gravatar.com\/avatar\/7728b29aac2719421e1a9159b2254c44?s=96&d=mm&r=g\",\"contentUrl\":\"https:\/\/secure.gravatar.com\/avatar\/7728b29aac2719421e1a9159b2254c44?s=96&d=mm&r=g\",\"caption\":\"Cl\u00e9ment\"},\"sameAs\":[\"https:\/\/footdavant.fr\/\"]}]}<\/script>\n<!-- \/ Yoast SEO plugin. -->","yoast_head_json":{"title":"L'ancien co\u00e9quipier de Virgil van Dijk se souvient du moment o\u00f9 il a \u00e9t\u00e9 inform\u00e9 de l'\u00e9chec du transfert du N\u00e9erlandais \u00e0 Man Utd","robots":{"index":"index","follow":"follow","max-snippet":"max-snippet:-1","max-image-preview":"max-image-preview:large","max-video-preview":"max-video-preview:-1"},"canonical":"https:\/\/footdavant.fr\/actualites\/lancien-coequipier-de-virgil-van-dijk-se-souvient-du-moment-ou-il-a-ete-informe-de-lechec-du-transfert-du-neerlandais-a-man-utd\/","og_locale":"fr_FR","og_type":"article","og_title":"L'ancien co\u00e9quipier de Virgil van Dijk se souvient du moment o\u00f9 il a \u00e9t\u00e9 inform\u00e9 de l'\u00e9chec du transfert du N\u00e9erlandais \u00e0 Man Utd","og_description":"De nombreux supporters de Liverpool conviendront que la signature de Virgil van Dijk a v\u00e9ritablement lanc\u00e9 la p\u00e9riode de succ\u00e8s dont les Reds ont b\u00e9n\u00e9fici\u00e9","og_url":"https:\/\/footdavant.fr\/actualites\/lancien-coequipier-de-virgil-van-dijk-se-souvient-du-moment-ou-il-a-ete-informe-de-lechec-du-transfert-du-neerlandais-a-man-utd\/","og_site_name":"Foot d&#039;avant","article_publisher":"https:\/\/www.facebook.com\/Footdavant\/","article_published_time":"2023-11-20T10:53:20+00:00","article_modified_time":"2023-11-20T10:53:26+00:00","og_image":[{"width":2560,"height":1716,"url":"https:\/\/footdavant.fr\/actualites\/wp-content\/uploads\/2023\/11\/Lancien-coequipier-de-Virgil-van-Dijk-se-souvient-du-moment-scaled.jpg","type":"image\/jpeg"}],"author":"Cl\u00e9ment","twitter_card":"summary_large_image","twitter_creator":"@FootdavantFr","twitter_site":"@FootdavantFr","twitter_misc":{"\u00c9crit par":"Cl\u00e9ment","Dur\u00e9e de lecture estim\u00e9e":"1 minute"},"schema":{"@context":"https:\/\/schema.org","@graph":[{"@type":"Article","@id":"https:\/\/footdavant.fr\/actualites\/lancien-coequipier-de-virgil-van-dijk-se-souvient-du-moment-ou-il-a-ete-informe-de-lechec-du-transfert-du-neerlandais-a-man-utd\/#article","isPartOf":{"@id":"https:\/\/footdavant.fr\/actualites\/lancien-coequipier-de-virgil-van-dijk-se-souvient-du-moment-ou-il-a-ete-informe-de-lechec-du-transfert-du-neerlandais-a-man-utd\/"},"author":{"name":"Cl\u00e9ment","@id":"https:\/\/footdavant.fr\/actualites\/#\/schema\/person\/bc222566d95871b37e597b3ed3ba5e1d"},"headline":"L&rsquo;ancien co\u00e9quipier de Virgil van Dijk se souvient du moment o\u00f9 il a \u00e9t\u00e9 inform\u00e9 de l&rsquo;\u00e9chec du transfert du N\u00e9erlandais \u00e0 Man Utd","datePublished":"2023-11-20T10:53:20+00:00","dateModified":"2023-11-20T10:53:26+00:00","mainEntityOfPage":{"@id":"https:\/\/footdavant.fr\/actualites\/lancien-coequipier-de-virgil-van-dijk-se-souvient-du-moment-ou-il-a-ete-informe-de-lechec-du-transfert-du-neerlandais-a-man-utd\/"},"wordCount":300,"publisher":{"@id":"https:\/\/footdavant.fr\/actualites\/#organization"},"keywords":["co\u00e9quipier","Dijk","\u00e9t\u00e9","inform\u00e9","Lancien","l\u00e9chec","Man","moment","n\u00e9erlandais","o\u00f9","souvient","transfert","Utd","van","Virgil"],"articleSection":["Football"],"inLanguage":"fr-FR"},{"@type":"WebPage","@id":"https:\/\/footdavant.fr\/actualites\/lancien-coequipier-de-virgil-van-dijk-se-souvient-du-moment-ou-il-a-ete-informe-de-lechec-du-transfert-du-neerlandais-a-man-utd\/","url":"https:\/\/footdavant.fr\/actualites\/lancien-coequipier-de-virgil-van-dijk-se-souvient-du-moment-ou-il-a-ete-informe-de-lechec-du-transfert-du-neerlandais-a-man-utd\/","name":"L'ancien co\u00e9quipier de Virgil van Dijk se souvient du moment o\u00f9 il a \u00e9t\u00e9 inform\u00e9 de l'\u00e9chec du transfert du N\u00e9erlandais \u00e0 Man Utd","isPartOf":{"@id":"https:\/\/footdavant.fr\/actualites\/#website"},"datePublished":"2023-11-20T10:53:20+00:00","dateModified":"2023-11-20T10:53:26+00:00","breadcrumb":{"@id":"https:\/\/footdavant.fr\/actualites\/lancien-coequipier-de-virgil-van-dijk-se-souvient-du-moment-ou-il-a-ete-informe-de-lechec-du-transfert-du-neerlandais-a-man-utd\/#breadcrumb"},"inLanguage":"fr-FR","potentialAction":[{"@type":"ReadAction","target":["https:\/\/footdavant.fr\/actualites\/lancien-coequipier-de-virgil-van-dijk-se-souvient-du-moment-ou-il-a-ete-informe-de-lechec-du-transfert-du-neerlandais-a-man-utd\/"]}]},{"@type":"BreadcrumbList","@id":"https:\/\/footdavant.fr\/actualites\/lancien-coequipier-de-virgil-van-dijk-se-souvient-du-moment-ou-il-a-ete-informe-de-lechec-du-transfert-du-neerlandais-a-man-utd\/#breadcrumb","itemListElement":[{"@type":"ListItem","position":1,"name":"Accueil","item":"https:\/\/footdavant.fr\/actualites\/"},{"@type":"ListItem","position":2,"name":"L&rsquo;ancien co\u00e9quipier de Virgil van Dijk se souvient du moment o\u00f9 il a \u00e9t\u00e9 inform\u00e9 de l&rsquo;\u00e9chec du transfert du N\u00e9erlandais \u00e0 Man Utd"}]},{"@type":"WebSite","@id":"https:\/\/footdavant.fr\/actualites\/#website","url":"https:\/\/footdavant.fr\/actualites\/","name":"Foot d'avant","description":"","publisher":{"@id":"https:\/\/footdavant.fr\/actualites\/#organization"},"potentialAction":[{"@type":"SearchAction","target":{"@type":"EntryPoint","urlTemplate":"https:\/\/footdavant.fr\/actualites\/?s={search_term_string}"},"query-input":"required name=search_term_string"}],"inLanguage":"fr-FR"},{"@type":"Organization","@id":"https:\/\/footdavant.fr\/actualites\/#organization","name":"Foot d'avant","url":"https:\/\/footdavant.fr\/actualites\/","logo":{"@type":"ImageObject","inLanguage":"fr-FR","@id":"https:\/\/footdavant.fr\/actualites\/#\/schema\/logo\/image\/","url":"https:\/\/footdavant.fr\/actualites\/wp-content\/uploads\/2023\/09\/Copy-of-FootDavant-Logo.png","contentUrl":"https:\/\/footdavant.fr\/actualites\/wp-content\/uploads\/2023\/09\/Copy-of-FootDavant-Logo.png","width":936,"height":549,"caption":"Foot d'avant"},"image":{"@id":"https:\/\/footdavant.fr\/actualites\/#\/schema\/logo\/image\/"},"sameAs":["https:\/\/www.facebook.com\/Footdavant\/","https:\/\/twitter.com\/FootdavantFr","https:\/\/www.instagram.com\/footdavant.fr\/"]},{"@type":"Person","@id":"https:\/\/footdavant.fr\/actualites\/#\/schema\/person\/bc222566d95871b37e597b3ed3ba5e1d","name":"Cl\u00e9ment","image":{"@type":"ImageObject","inLanguage":"fr-FR","@id":"https:\/\/footdavant.fr\/actualites\/#\/schema\/person\/image\/","url":"https:\/\/secure.gravatar.com\/avatar\/7728b29aac2719421e1a9159b2254c44?s=96&d=mm&r=g","contentUrl":"https:\/\/secure.gravatar.com\/avatar\/7728b29aac2719421e1a9159b2254c44?s=96&d=mm&r=g","caption":"Cl\u00e9ment"},"sameAs":["https:\/\/footdavant.fr\/"]}]}},"_links":{"self":[{"href":"https:\/\/footdavant.fr\/actualites\/wp-json\/wp\/v2\/posts\/1184"}],"collection":[{"href":"https:\/\/footdavant.fr\/actualites\/wp-json\/wp\/v2\/posts"}],"about":[{"href":"https:\/\/footdavant.fr\/actualites\/wp-json\/wp\/v2\/types\/post"}],"author":[{"embeddable":true,"href":"https:\/\/footdavant.fr\/actualites\/wp-json\/wp\/v2\/users\/1"}],"replies":[{"embeddable":true,"href":"https:\/\/footdavant.fr\/actualites\/wp-json\/wp\/v2\/comments?post=1184"}],"version-history":[{"count":1,"href":"https:\/\/footdavant.fr\/actualites\/wp-json\/wp\/v2\/posts\/1184\/revisions"}],"predecessor-version":[{"id":1186,"href":"https:\/\/footdavant.fr\/actualites\/wp-json\/wp\/v2\/posts\/1184\/revisions\/1186"}],"wp:featuredmedia":[{"embeddable":true,"href":"https:\/\/footdavant.fr\/actualites\/wp-json\/wp\/v2\/media\/1185"}],"wp:attachment":[{"href":"https:\/\/footdavant.fr\/actualites\/wp-json\/wp\/v2\/media?parent=1184"}],"wp:term":[{"taxonomy":"category","embeddable":true,"href":"https:\/\/footdavant.fr\/actualites\/wp-json\/wp\/v2\/categories?post=1184"},{"taxonomy":"post_tag","embeddable":true,"href":"https:\/\/footdavant.fr\/actualites\/wp-json\/wp\/v2\/tags?post=1184"}],"curies":[{"name":"wp","href":"https:\/\/api.w.org\/{rel}","templated":true}]}}