{"id":119,"date":"2023-11-01T05:37:41","date_gmt":"2023-11-01T04:37:41","guid":{"rendered":"https:\/\/footdavant.fr\/actualites\/mikel-arteta-arsenal-a-du-souffrir-lors-de-la-victoire-contre-seville\/"},"modified":"2023-11-01T05:37:41","modified_gmt":"2023-11-01T04:37:41","slug":"mikel-arteta-arsenal-a-du-souffrir-lors-de-la-victoire-contre-seville","status":"publish","type":"post","link":"https:\/\/footdavant.fr\/actualites\/mikel-arteta-arsenal-a-du-souffrir-lors-de-la-victoire-contre-seville\/","title":{"rendered":"Mikel Arteta : \u00ab\u00a0Arsenal a d\u00fb souffrir lors de la victoire contre S\u00e9ville\u00a0\u00bb"},"content":{"rendered":"<p>Le manager d&rsquo;Arsenal, Mikel Arteta, admet que son \u00e9quipe a d\u00fb \u00ab\u00a0souffrir\u00a0\u00bb pour remporter sa victoire en Ligue des champions contre S\u00e9ville mardi soir.<\/p>\n<div id=\"article_body\" itemprop=\"articleBody\">\n<h3 class=\"firstPara\">\n<strong class=\"autotag\">Arsenal<\/strong> directeur <strong class=\"autotag\">Mikel Arteta<\/strong> a admis que son \u00e9quipe \u00ab\u00a0avait souffert\u00a0\u00bb lors de leur <strong class=\"autotag\">Ligue des champions<\/strong> Victoire sur <strong class=\"autotag\">S\u00e9ville<\/strong> la nuit derni\u00e8re.<\/h3>\n<p>Buts du duo br\u00e9silien <strong class=\"autotag\">Gabriel Martinelli<\/strong> et <strong class=\"autotag\">Gabriel J\u00e9sus<\/strong> a assur\u00e9 une victoire importante pour les Gunners en Espagne, alors qu&rsquo;ils rebondissaient apr\u00e8s leur d\u00e9faite contre Lens pour se hisser en t\u00eate du groupe B.<\/p>\n<p>La victoire n&rsquo;a cependant pas \u00e9t\u00e9 sans co\u00fbt, puisque Jesus a \u00e9t\u00e9 contraint de partir vers les derni\u00e8res \u00e9tapes du match en raison d&rsquo;un probl\u00e8me aux ischio-jambiers, apr\u00e8s s&rsquo;\u00eatre aid\u00e9 \u00e0 marquer un but et \u00e0 d\u00e9livrer une passe d\u00e9cisive dans une d\u00e9monstration d&rsquo;homme du match.<\/p>\n<p>Malgr\u00e9 ce revers, Arteta a parl\u00e9 de sa joie de renverser les tenants de la Ligue Europa dans leur propre stade pour prendre le contr\u00f4le de leur groupe \u00e0 mi-parcours.<\/p>\n<p>\u00ab\u00a0Je suis tr\u00e8s heureux de gagner ici, peu d&rsquo;\u00e9quipes ont gagn\u00e9 ici au cours des 10 derni\u00e8res ann\u00e9es en Europe. Et nous l&rsquo;avons fait\u00a0\u00bb, a d\u00e9clar\u00e9 Arteta. <em>TNT Sports<\/em>.<\/p>\n<p>\u00ab\u00a0J&rsquo;ai vraiment aim\u00e9 l&rsquo;\u00e9quipe dans les 60 \u00e0 65 premi\u00e8res minutes parce que nous avons jou\u00e9 le match que nous voulions. Apr\u00e8s avoir men\u00e9 2-0, nous aurions d\u00fb en marquer un troisi\u00e8me et nous avons eu des occasions de le marquer.<\/p>\n<p class=\"imgI\">\n<p>\u00ab\u00a0Nous ne l&rsquo;avons pas fait et puis un corner, la premi\u00e8re action o\u00f9 ils ont eu quelque chose, ils ont marqu\u00e9 et \u00e0 partir de l\u00e0, ils ont l&rsquo;exp\u00e9rience et beaucoup de pr\u00e9sence, ainsi que beaucoup de confiance pour gagner le match et nous avons souffert.<\/p>\n<p>\u00ab\u00a0Il s&rsquo;agit d&rsquo;exp\u00e9riences et d&rsquo;apprentissage de ces exp\u00e9riences. Quand on perd, on apprend parfois beaucoup plus que quand on gagne et c&rsquo;\u00e9tait une \u00e9quipe tr\u00e8s diff\u00e9rente qui jouait \u00e0 Lens. Il y a eu des moments o\u00f9 nous \u00e9tions tr\u00e8s dominants et puis nous avons d\u00fb souffrir, et il faut souffrir pour gagner un match.<\/p>\n<p>\u00ab\u00a0Dans les grands matchs, il faut des moments magiques, il faut que les grands joueurs se mobilisent et cr\u00e9ent ces grands moments. Nous avons besoin de cela &#8211; des joueurs performants et [Jesus] fait quelque chose de sp\u00e9cial.\u00a0\u00bb<\/p>\n<p>Arteta a \u00e9galement admis apr\u00e8s le match qu&rsquo;il \u00e9tait pr\u00e9occup\u00e9 par la blessure de Jesus, bien que l&rsquo;attaquant lui-m\u00eame ait sembl\u00e9 en minimiser la gravit\u00e9.<\/p>\n<p>Arsenal pourrait se qualifier pour les huiti\u00e8mes de finale de la Ligue des champions avec deux matches \u00e0 jouer s&rsquo;il battait S\u00e9ville lors de son prochain match et que Lens battait le PSV Eindhoven.<\/p>\n<\/div>\n","protected":false},"excerpt":{"rendered":"<p>Le manager d&rsquo;Arsenal, Mikel Arteta, admet que son \u00e9quipe a d\u00fb \u00ab\u00a0souffrir\u00a0\u00bb pour remporter sa victoire en Ligue des champions contre S\u00e9ville mardi soir. Arsenal<\/p>\n","protected":false},"author":1,"featured_media":120,"comment_status":"closed","ping_status":"","sticky":false,"template":"","format":"standard","meta":{"footnotes":""},"categories":[4],"tags":[67,211,20,212,64,210,214,213,26],"yoast_head":"<!-- This site is optimized with the Yoast SEO plugin v21.0 - https:\/\/yoast.com\/wordpress\/plugins\/seo\/ -->\n<title>Mikel Arteta : &quot;Arsenal a d\u00fb souffrir lors de la victoire contre S\u00e9ville&quot;<\/title>\n<meta name=\"robots\" content=\"index, follow, max-snippet:-1, max-image-preview:large, max-video-preview:-1\" \/>\n<link rel=\"canonical\" href=\"https:\/\/footdavant.fr\/actualites\/mikel-arteta-arsenal-a-du-souffrir-lors-de-la-victoire-contre-seville\/\" \/>\n<meta property=\"og:locale\" content=\"fr_FR\" \/>\n<meta property=\"og:type\" content=\"article\" \/>\n<meta property=\"og:title\" content=\"Mikel Arteta : &quot;Arsenal a d\u00fb souffrir lors de la victoire contre S\u00e9ville&quot;\" \/>\n<meta property=\"og:description\" content=\"Le manager d&rsquo;Arsenal, Mikel Arteta, admet que son \u00e9quipe a d\u00fb \u00ab\u00a0souffrir\u00a0\u00bb pour remporter sa victoire en Ligue des champions contre S\u00e9ville mardi soir. Arsenal\" \/>\n<meta property=\"og:url\" content=\"https:\/\/footdavant.fr\/actualites\/mikel-arteta-arsenal-a-du-souffrir-lors-de-la-victoire-contre-seville\/\" \/>\n<meta property=\"og:site_name\" content=\"Foot d&#039;avant\" \/>\n<meta property=\"article:publisher\" content=\"https:\/\/www.facebook.com\/Footdavant\/\" \/>\n<meta property=\"article:published_time\" content=\"2023-11-01T04:37:41+00:00\" \/>\n<meta property=\"og:image\" content=\"https:\/\/footdavant.fr\/actualites\/wp-content\/uploads\/2023\/11\/Mikel-Arteta-Arsenal-a-du-souffrir-lors-de-la.jpg\" \/>\n\t<meta property=\"og:image:width\" content=\"640\" \/>\n\t<meta property=\"og:image:height\" content=\"480\" \/>\n\t<meta property=\"og:image:type\" content=\"image\/jpeg\" \/>\n<meta name=\"author\" content=\"Cl\u00e9ment\" \/>\n<meta name=\"twitter:card\" content=\"summary_large_image\" \/>\n<meta name=\"twitter:creator\" content=\"@FootdavantFr\" \/>\n<meta name=\"twitter:site\" content=\"@FootdavantFr\" \/>\n<meta name=\"twitter:label1\" content=\"\u00c9crit par\" \/>\n\t<meta name=\"twitter:data1\" content=\"Cl\u00e9ment\" \/>\n\t<meta name=\"twitter:label2\" content=\"Dur\u00e9e de lecture estim\u00e9e\" \/>\n\t<meta name=\"twitter:data2\" content=\"2 minutes\" \/>\n<script type=\"application\/ld+json\" class=\"yoast-schema-graph\">{\"@context\":\"https:\/\/schema.org\",\"@graph\":[{\"@type\":\"Article\",\"@id\":\"https:\/\/footdavant.fr\/actualites\/mikel-arteta-arsenal-a-du-souffrir-lors-de-la-victoire-contre-seville\/#article\",\"isPartOf\":{\"@id\":\"https:\/\/footdavant.fr\/actualites\/mikel-arteta-arsenal-a-du-souffrir-lors-de-la-victoire-contre-seville\/\"},\"author\":{\"name\":\"Cl\u00e9ment\",\"@id\":\"https:\/\/footdavant.fr\/actualites\/#\/schema\/person\/bc222566d95871b37e597b3ed3ba5e1d\"},\"headline\":\"Mikel Arteta : \u00ab\u00a0Arsenal a d\u00fb souffrir lors de la victoire contre S\u00e9ville\u00a0\u00bb\",\"datePublished\":\"2023-11-01T04:37:41+00:00\",\"dateModified\":\"2023-11-01T04:37:41+00:00\",\"mainEntityOfPage\":{\"@id\":\"https:\/\/footdavant.fr\/actualites\/mikel-arteta-arsenal-a-du-souffrir-lors-de-la-victoire-contre-seville\/\"},\"wordCount\":471,\"publisher\":{\"@id\":\"https:\/\/footdavant.fr\/actualites\/#organization\"},\"keywords\":[\"Arsenal\",\"Arteta\",\"contre\",\"d\u00fb\",\"lors\",\"Mikel\",\"S\u00e9ville\",\"souffrir\",\"victoire\"],\"articleSection\":[\"Champions League\"],\"inLanguage\":\"fr-FR\"},{\"@type\":\"WebPage\",\"@id\":\"https:\/\/footdavant.fr\/actualites\/mikel-arteta-arsenal-a-du-souffrir-lors-de-la-victoire-contre-seville\/\",\"url\":\"https:\/\/footdavant.fr\/actualites\/mikel-arteta-arsenal-a-du-souffrir-lors-de-la-victoire-contre-seville\/\",\"name\":\"Mikel Arteta : \\\"Arsenal a d\u00fb souffrir lors de la victoire contre S\u00e9ville\\\"\",\"isPartOf\":{\"@id\":\"https:\/\/footdavant.fr\/actualites\/#website\"},\"datePublished\":\"2023-11-01T04:37:41+00:00\",\"dateModified\":\"2023-11-01T04:37:41+00:00\",\"breadcrumb\":{\"@id\":\"https:\/\/footdavant.fr\/actualites\/mikel-arteta-arsenal-a-du-souffrir-lors-de-la-victoire-contre-seville\/#breadcrumb\"},\"inLanguage\":\"fr-FR\",\"potentialAction\":[{\"@type\":\"ReadAction\",\"target\":[\"https:\/\/footdavant.fr\/actualites\/mikel-arteta-arsenal-a-du-souffrir-lors-de-la-victoire-contre-seville\/\"]}]},{\"@type\":\"BreadcrumbList\",\"@id\":\"https:\/\/footdavant.fr\/actualites\/mikel-arteta-arsenal-a-du-souffrir-lors-de-la-victoire-contre-seville\/#breadcrumb\",\"itemListElement\":[{\"@type\":\"ListItem\",\"position\":1,\"name\":\"Accueil\",\"item\":\"https:\/\/footdavant.fr\/actualites\/\"},{\"@type\":\"ListItem\",\"position\":2,\"name\":\"Mikel Arteta : \u00ab\u00a0Arsenal a d\u00fb souffrir lors de la victoire contre S\u00e9ville\u00a0\u00bb\"}]},{\"@type\":\"WebSite\",\"@id\":\"https:\/\/footdavant.fr\/actualites\/#website\",\"url\":\"https:\/\/footdavant.fr\/actualites\/\",\"name\":\"Foot d'avant\",\"description\":\"\",\"publisher\":{\"@id\":\"https:\/\/footdavant.fr\/actualites\/#organization\"},\"potentialAction\":[{\"@type\":\"SearchAction\",\"target\":{\"@type\":\"EntryPoint\",\"urlTemplate\":\"https:\/\/footdavant.fr\/actualites\/?s={search_term_string}\"},\"query-input\":\"required name=search_term_string\"}],\"inLanguage\":\"fr-FR\"},{\"@type\":\"Organization\",\"@id\":\"https:\/\/footdavant.fr\/actualites\/#organization\",\"name\":\"Foot d'avant\",\"url\":\"https:\/\/footdavant.fr\/actualites\/\",\"logo\":{\"@type\":\"ImageObject\",\"inLanguage\":\"fr-FR\",\"@id\":\"https:\/\/footdavant.fr\/actualites\/#\/schema\/logo\/image\/\",\"url\":\"https:\/\/footdavant.fr\/actualites\/wp-content\/uploads\/2023\/09\/Copy-of-FootDavant-Logo.png\",\"contentUrl\":\"https:\/\/footdavant.fr\/actualites\/wp-content\/uploads\/2023\/09\/Copy-of-FootDavant-Logo.png\",\"width\":936,\"height\":549,\"caption\":\"Foot d'avant\"},\"image\":{\"@id\":\"https:\/\/footdavant.fr\/actualites\/#\/schema\/logo\/image\/\"},\"sameAs\":[\"https:\/\/www.facebook.com\/Footdavant\/\",\"https:\/\/twitter.com\/FootdavantFr\",\"https:\/\/www.instagram.com\/footdavant.fr\/\"]},{\"@type\":\"Person\",\"@id\":\"https:\/\/footdavant.fr\/actualites\/#\/schema\/person\/bc222566d95871b37e597b3ed3ba5e1d\",\"name\":\"Cl\u00e9ment\",\"image\":{\"@type\":\"ImageObject\",\"inLanguage\":\"fr-FR\",\"@id\":\"https:\/\/footdavant.fr\/actualites\/#\/schema\/person\/image\/\",\"url\":\"https:\/\/secure.gravatar.com\/avatar\/7728b29aac2719421e1a9159b2254c44?s=96&d=mm&r=g\",\"contentUrl\":\"https:\/\/secure.gravatar.com\/avatar\/7728b29aac2719421e1a9159b2254c44?s=96&d=mm&r=g\",\"caption\":\"Cl\u00e9ment\"},\"sameAs\":[\"https:\/\/footdavant.fr\/\"]}]}<\/script>\n<!-- \/ Yoast SEO plugin. -->","yoast_head_json":{"title":"Mikel Arteta : \"Arsenal a d\u00fb souffrir lors de la victoire contre S\u00e9ville\"","robots":{"index":"index","follow":"follow","max-snippet":"max-snippet:-1","max-image-preview":"max-image-preview:large","max-video-preview":"max-video-preview:-1"},"canonical":"https:\/\/footdavant.fr\/actualites\/mikel-arteta-arsenal-a-du-souffrir-lors-de-la-victoire-contre-seville\/","og_locale":"fr_FR","og_type":"article","og_title":"Mikel Arteta : \"Arsenal a d\u00fb souffrir lors de la victoire contre S\u00e9ville\"","og_description":"Le manager d&rsquo;Arsenal, Mikel Arteta, admet que son \u00e9quipe a d\u00fb \u00ab\u00a0souffrir\u00a0\u00bb pour remporter sa victoire en Ligue des champions contre S\u00e9ville mardi soir. Arsenal","og_url":"https:\/\/footdavant.fr\/actualites\/mikel-arteta-arsenal-a-du-souffrir-lors-de-la-victoire-contre-seville\/","og_site_name":"Foot d&#039;avant","article_publisher":"https:\/\/www.facebook.com\/Footdavant\/","article_published_time":"2023-11-01T04:37:41+00:00","og_image":[{"width":640,"height":480,"url":"https:\/\/footdavant.fr\/actualites\/wp-content\/uploads\/2023\/11\/Mikel-Arteta-Arsenal-a-du-souffrir-lors-de-la.jpg","type":"image\/jpeg"}],"author":"Cl\u00e9ment","twitter_card":"summary_large_image","twitter_creator":"@FootdavantFr","twitter_site":"@FootdavantFr","twitter_misc":{"\u00c9crit par":"Cl\u00e9ment","Dur\u00e9e de lecture estim\u00e9e":"2 minutes"},"schema":{"@context":"https:\/\/schema.org","@graph":[{"@type":"Article","@id":"https:\/\/footdavant.fr\/actualites\/mikel-arteta-arsenal-a-du-souffrir-lors-de-la-victoire-contre-seville\/#article","isPartOf":{"@id":"https:\/\/footdavant.fr\/actualites\/mikel-arteta-arsenal-a-du-souffrir-lors-de-la-victoire-contre-seville\/"},"author":{"name":"Cl\u00e9ment","@id":"https:\/\/footdavant.fr\/actualites\/#\/schema\/person\/bc222566d95871b37e597b3ed3ba5e1d"},"headline":"Mikel Arteta : \u00ab\u00a0Arsenal a d\u00fb souffrir lors de la victoire contre S\u00e9ville\u00a0\u00bb","datePublished":"2023-11-01T04:37:41+00:00","dateModified":"2023-11-01T04:37:41+00:00","mainEntityOfPage":{"@id":"https:\/\/footdavant.fr\/actualites\/mikel-arteta-arsenal-a-du-souffrir-lors-de-la-victoire-contre-seville\/"},"wordCount":471,"publisher":{"@id":"https:\/\/footdavant.fr\/actualites\/#organization"},"keywords":["Arsenal","Arteta","contre","d\u00fb","lors","Mikel","S\u00e9ville","souffrir","victoire"],"articleSection":["Champions League"],"inLanguage":"fr-FR"},{"@type":"WebPage","@id":"https:\/\/footdavant.fr\/actualites\/mikel-arteta-arsenal-a-du-souffrir-lors-de-la-victoire-contre-seville\/","url":"https:\/\/footdavant.fr\/actualites\/mikel-arteta-arsenal-a-du-souffrir-lors-de-la-victoire-contre-seville\/","name":"Mikel Arteta : \"Arsenal a d\u00fb souffrir lors de la victoire contre S\u00e9ville\"","isPartOf":{"@id":"https:\/\/footdavant.fr\/actualites\/#website"},"datePublished":"2023-11-01T04:37:41+00:00","dateModified":"2023-11-01T04:37:41+00:00","breadcrumb":{"@id":"https:\/\/footdavant.fr\/actualites\/mikel-arteta-arsenal-a-du-souffrir-lors-de-la-victoire-contre-seville\/#breadcrumb"},"inLanguage":"fr-FR","potentialAction":[{"@type":"ReadAction","target":["https:\/\/footdavant.fr\/actualites\/mikel-arteta-arsenal-a-du-souffrir-lors-de-la-victoire-contre-seville\/"]}]},{"@type":"BreadcrumbList","@id":"https:\/\/footdavant.fr\/actualites\/mikel-arteta-arsenal-a-du-souffrir-lors-de-la-victoire-contre-seville\/#breadcrumb","itemListElement":[{"@type":"ListItem","position":1,"name":"Accueil","item":"https:\/\/footdavant.fr\/actualites\/"},{"@type":"ListItem","position":2,"name":"Mikel Arteta : \u00ab\u00a0Arsenal a d\u00fb souffrir lors de la victoire contre S\u00e9ville\u00a0\u00bb"}]},{"@type":"WebSite","@id":"https:\/\/footdavant.fr\/actualites\/#website","url":"https:\/\/footdavant.fr\/actualites\/","name":"Foot d'avant","description":"","publisher":{"@id":"https:\/\/footdavant.fr\/actualites\/#organization"},"potentialAction":[{"@type":"SearchAction","target":{"@type":"EntryPoint","urlTemplate":"https:\/\/footdavant.fr\/actualites\/?s={search_term_string}"},"query-input":"required name=search_term_string"}],"inLanguage":"fr-FR"},{"@type":"Organization","@id":"https:\/\/footdavant.fr\/actualites\/#organization","name":"Foot d'avant","url":"https:\/\/footdavant.fr\/actualites\/","logo":{"@type":"ImageObject","inLanguage":"fr-FR","@id":"https:\/\/footdavant.fr\/actualites\/#\/schema\/logo\/image\/","url":"https:\/\/footdavant.fr\/actualites\/wp-content\/uploads\/2023\/09\/Copy-of-FootDavant-Logo.png","contentUrl":"https:\/\/footdavant.fr\/actualites\/wp-content\/uploads\/2023\/09\/Copy-of-FootDavant-Logo.png","width":936,"height":549,"caption":"Foot d'avant"},"image":{"@id":"https:\/\/footdavant.fr\/actualites\/#\/schema\/logo\/image\/"},"sameAs":["https:\/\/www.facebook.com\/Footdavant\/","https:\/\/twitter.com\/FootdavantFr","https:\/\/www.instagram.com\/footdavant.fr\/"]},{"@type":"Person","@id":"https:\/\/footdavant.fr\/actualites\/#\/schema\/person\/bc222566d95871b37e597b3ed3ba5e1d","name":"Cl\u00e9ment","image":{"@type":"ImageObject","inLanguage":"fr-FR","@id":"https:\/\/footdavant.fr\/actualites\/#\/schema\/person\/image\/","url":"https:\/\/secure.gravatar.com\/avatar\/7728b29aac2719421e1a9159b2254c44?s=96&d=mm&r=g","contentUrl":"https:\/\/secure.gravatar.com\/avatar\/7728b29aac2719421e1a9159b2254c44?s=96&d=mm&r=g","caption":"Cl\u00e9ment"},"sameAs":["https:\/\/footdavant.fr\/"]}]}},"_links":{"self":[{"href":"https:\/\/footdavant.fr\/actualites\/wp-json\/wp\/v2\/posts\/119"}],"collection":[{"href":"https:\/\/footdavant.fr\/actualites\/wp-json\/wp\/v2\/posts"}],"about":[{"href":"https:\/\/footdavant.fr\/actualites\/wp-json\/wp\/v2\/types\/post"}],"author":[{"embeddable":true,"href":"https:\/\/footdavant.fr\/actualites\/wp-json\/wp\/v2\/users\/1"}],"replies":[{"embeddable":true,"href":"https:\/\/footdavant.fr\/actualites\/wp-json\/wp\/v2\/comments?post=119"}],"version-history":[{"count":1,"href":"https:\/\/footdavant.fr\/actualites\/wp-json\/wp\/v2\/posts\/119\/revisions"}],"predecessor-version":[{"id":121,"href":"https:\/\/footdavant.fr\/actualites\/wp-json\/wp\/v2\/posts\/119\/revisions\/121"}],"wp:featuredmedia":[{"embeddable":true,"href":"https:\/\/footdavant.fr\/actualites\/wp-json\/wp\/v2\/media\/120"}],"wp:attachment":[{"href":"https:\/\/footdavant.fr\/actualites\/wp-json\/wp\/v2\/media?parent=119"}],"wp:term":[{"taxonomy":"category","embeddable":true,"href":"https:\/\/footdavant.fr\/actualites\/wp-json\/wp\/v2\/categories?post=119"},{"taxonomy":"post_tag","embeddable":true,"href":"https:\/\/footdavant.fr\/actualites\/wp-json\/wp\/v2\/tags?post=119"}],"curies":[{"name":"wp","href":"https:\/\/api.w.org\/{rel}","templated":true}]}}