{"id":1190,"date":"2023-11-20T14:50:09","date_gmt":"2023-11-20T13:50:09","guid":{"rendered":"https:\/\/footdavant.fr\/actualites\/mbappe-affirme-que-lionel-messi-meritait-de-remporter-le-8e-ballon-dor\/"},"modified":"2023-11-20T14:50:09","modified_gmt":"2023-11-20T13:50:09","slug":"mbappe-affirme-que-lionel-messi-meritait-de-remporter-le-8e-ballon-dor","status":"publish","type":"post","link":"https:\/\/footdavant.fr\/actualites\/mbappe-affirme-que-lionel-messi-meritait-de-remporter-le-8e-ballon-dor\/","title":{"rendered":"Mbappe affirme que Lionel Messi m\u00e9ritait de remporter le 8e Ballon d&rsquo;Or"},"content":{"rendered":"<div>\n<p>La superstar du Paris Saint-Germain (PSG), Kylian Mbappe, a d\u00e9clar\u00e9 qu&rsquo;il savait que Lionel Messi remporterait son huiti\u00e8me Ballon d&rsquo;Or d\u00e8s qu&rsquo;il aurait aid\u00e9 l&rsquo;Argentine \u00e0 remporter la Coupe du Monde de la FIFA au Qatar l&rsquo;ann\u00e9e derni\u00e8re.<\/p>\n<h2>Kylian Mbappe dit que Lionel Messi est \u00ab l\u2019un des meilleurs \u00bb joueurs de l\u2019histoire<\/h2>\n<p>La superstar de l&rsquo;Inter Miami, Messi, a remport\u00e9 son huiti\u00e8me Ballon d&rsquo;Or, un record, lors d&rsquo;un gala chic \u00e0 Paris le 30 octobre. L&rsquo;as de Manchester City Erling Haaland et Mbappe du PSG ont termin\u00e9 respectivement deuxi\u00e8me et troisi\u00e8me.<\/p>\n<p>Le huiti\u00e8me triomphe de Messi au Ballon d&rsquo;Or a \u00e9t\u00e9 aliment\u00e9 par la campagne r\u00e9ussie de l&rsquo;Argentine pour la Coupe du Monde de la FIFA au Qatar en 2022. Le joueur de 36 ans a marqu\u00e9 sept buts et trois passes d\u00e9cisives en sept matchs alors que l&rsquo;Albiceleste a remport\u00e9 sa premi\u00e8re Coupe du monde en 36 ans.  Messi a marqu\u00e9 un doubl\u00e9 alors que son \u00e9quipe battait la France de Mbappe lors d&rsquo;une fusillade acharn\u00e9e en finale.<\/p>\n<p>Dans une interview avec ESPN, Mbappe a parl\u00e9 de la victoire de Messi au Ballon d&rsquo;Or.  Le joueur de 24 ans a d\u00e9clar\u00e9 qu&rsquo;il savait que son ancien co\u00e9quipier du PSG remporterait la distinction individuelle au moment o\u00f9 il propulserait l&rsquo;Argentine vers la gloire.  Il a d\u00e9clar\u00e9:<\/p>\n<p>\u00ab\u00a0JE<em> je savais qu&rsquo;il le gagnerait [Ballon d\u2019Or] le soir de la finale de la Coupe du monde. <\/em><\/p>\n<p>\u00ab\u00a0<em>Messi le m\u00e9rite.  S&rsquo;il gagne la Coupe du Monde, il doit remporter le Ballon d&rsquo;Or.  Il est l\u2019un des meilleurs de l\u2019histoire, sinon le meilleur.<\/em>\u00bb<\/p>\n<h2>Mbapp\u00e9 d\u00e9fend le m\u00e9rite de la victoire de Messi au Ballon d&rsquo;Or et d\u00e9clare que c&rsquo;\u00e9tait une victoire \u00e9quitable<\/h2>\n<p>Mbappe et Haaland ont connu une campagne sup\u00e9rieure dans le football de club la saison derni\u00e8re.  Alors que Mbappe a marqu\u00e9 41 buts et d\u00e9livr\u00e9 10 passes d\u00e9cisives en 43 matches pour aider le PSG \u00e0 remporter le titre de Ligue 1, Haaland a marqu\u00e9 52 fois et fourni neuf passes d\u00e9cisives en 53 matchs pour propulser City vers le tripl\u00e9.  Messi, quant \u00e0 lui, a marqu\u00e9 21 fois et d\u00e9livr\u00e9 20 passes d\u00e9cisives en 41 matchs pour les Parisiens.<\/p>\n<p>Au lendemain de la victoire de Messi au Ballon d&rsquo;Or, certains ont remis en question le m\u00e9rite de ce prix, sugg\u00e9rant qu&rsquo;il n&rsquo;\u00e9tait pas le candidat m\u00e9ritant.  Mbappe, cependant, ne partage pas cette conviction, car il pense qu&rsquo;une victoire en Coupe du monde triomphe de toutes les autres comp\u00e9titions de clubs.<\/p>\n<p>\u00ab\u00a0<em>C&rsquo;est vrai qu&rsquo;Erling Haaland et moi avons fait une bonne saison, mais qu&rsquo;\u00e0 c\u00f4t\u00e9 d&rsquo;une Coupe du Monde remport\u00e9e par Messi, il n&rsquo;y a pas de comparaison.<\/em>\u00bb a conclu l\u2019attaquant fran\u00e7ais.<\/p>\n<\/p><\/div>\n","protected":false},"excerpt":{"rendered":"<p>La superstar du Paris Saint-Germain (PSG), Kylian Mbappe, a d\u00e9clar\u00e9 qu&rsquo;il savait que Lionel Messi remporterait son huiti\u00e8me Ballon d&rsquo;Or d\u00e8s qu&rsquo;il aurait aid\u00e9 l&rsquo;Argentine<\/p>\n","protected":false},"author":1,"featured_media":1191,"comment_status":"closed","ping_status":"","sticky":false,"template":"","format":"standard","meta":{"footnotes":""},"categories":[3],"tags":[1115,148,149,1346,63,1347,451,1348],"yoast_head":"<!-- This site is optimized with the Yoast SEO plugin v21.0 - https:\/\/yoast.com\/wordpress\/plugins\/seo\/ -->\n<title>Mbappe affirme que Lionel Messi m\u00e9ritait de remporter le 8e Ballon d&#039;Or<\/title>\n<meta name=\"robots\" content=\"index, follow, max-snippet:-1, max-image-preview:large, max-video-preview:-1\" \/>\n<link rel=\"canonical\" href=\"https:\/\/footdavant.fr\/actualites\/mbappe-affirme-que-lionel-messi-meritait-de-remporter-le-8e-ballon-dor\/\" \/>\n<meta property=\"og:locale\" content=\"fr_FR\" \/>\n<meta property=\"og:type\" content=\"article\" \/>\n<meta property=\"og:title\" content=\"Mbappe affirme que Lionel Messi m\u00e9ritait de remporter le 8e Ballon d&#039;Or\" \/>\n<meta property=\"og:description\" content=\"La superstar du Paris Saint-Germain (PSG), Kylian Mbappe, a d\u00e9clar\u00e9 qu&rsquo;il savait que Lionel Messi remporterait son huiti\u00e8me Ballon d&rsquo;Or d\u00e8s qu&rsquo;il aurait aid\u00e9 l&rsquo;Argentine\" \/>\n<meta property=\"og:url\" content=\"https:\/\/footdavant.fr\/actualites\/mbappe-affirme-que-lionel-messi-meritait-de-remporter-le-8e-ballon-dor\/\" \/>\n<meta property=\"og:site_name\" content=\"Foot d&#039;avant\" \/>\n<meta property=\"article:publisher\" content=\"https:\/\/www.facebook.com\/Footdavant\/\" \/>\n<meta property=\"article:published_time\" content=\"2023-11-20T13:50:09+00:00\" \/>\n<meta property=\"og:image\" content=\"https:\/\/footdavant.fr\/actualites\/wp-content\/uploads\/2023\/11\/Mbappe-affirme-que-Lionel-Messi-meritait-de-remporter-le-8e.jpg\" \/>\n\t<meta property=\"og:image:width\" content=\"696\" \/>\n\t<meta property=\"og:image:height\" content=\"478\" \/>\n\t<meta property=\"og:image:type\" content=\"image\/jpeg\" \/>\n<meta name=\"author\" content=\"Cl\u00e9ment\" \/>\n<meta name=\"twitter:card\" content=\"summary_large_image\" \/>\n<meta name=\"twitter:creator\" content=\"@FootdavantFr\" \/>\n<meta name=\"twitter:site\" content=\"@FootdavantFr\" \/>\n<meta name=\"twitter:label1\" content=\"\u00c9crit par\" \/>\n\t<meta name=\"twitter:data1\" content=\"Cl\u00e9ment\" \/>\n\t<meta name=\"twitter:label2\" content=\"Dur\u00e9e de lecture estim\u00e9e\" \/>\n\t<meta name=\"twitter:data2\" content=\"2 minutes\" \/>\n<script type=\"application\/ld+json\" class=\"yoast-schema-graph\">{\"@context\":\"https:\/\/schema.org\",\"@graph\":[{\"@type\":\"Article\",\"@id\":\"https:\/\/footdavant.fr\/actualites\/mbappe-affirme-que-lionel-messi-meritait-de-remporter-le-8e-ballon-dor\/#article\",\"isPartOf\":{\"@id\":\"https:\/\/footdavant.fr\/actualites\/mbappe-affirme-que-lionel-messi-meritait-de-remporter-le-8e-ballon-dor\/\"},\"author\":{\"name\":\"Cl\u00e9ment\",\"@id\":\"https:\/\/footdavant.fr\/actualites\/#\/schema\/person\/bc222566d95871b37e597b3ed3ba5e1d\"},\"headline\":\"Mbappe affirme que Lionel Messi m\u00e9ritait de remporter le 8e Ballon d&rsquo;Or\",\"datePublished\":\"2023-11-20T13:50:09+00:00\",\"dateModified\":\"2023-11-20T13:50:09+00:00\",\"mainEntityOfPage\":{\"@id\":\"https:\/\/footdavant.fr\/actualites\/mbappe-affirme-que-lionel-messi-meritait-de-remporter-le-8e-ballon-dor\/\"},\"wordCount\":476,\"publisher\":{\"@id\":\"https:\/\/footdavant.fr\/actualites\/#organization\"},\"keywords\":[\"affirme\",\"Ballon\",\"dOr\",\"Lionel\",\"Mbappe\",\"m\u00e9ritait\",\"Messi\",\"remporter\"],\"articleSection\":[\"Football\"],\"inLanguage\":\"fr-FR\"},{\"@type\":\"WebPage\",\"@id\":\"https:\/\/footdavant.fr\/actualites\/mbappe-affirme-que-lionel-messi-meritait-de-remporter-le-8e-ballon-dor\/\",\"url\":\"https:\/\/footdavant.fr\/actualites\/mbappe-affirme-que-lionel-messi-meritait-de-remporter-le-8e-ballon-dor\/\",\"name\":\"Mbappe affirme que Lionel Messi m\u00e9ritait de remporter le 8e Ballon d'Or\",\"isPartOf\":{\"@id\":\"https:\/\/footdavant.fr\/actualites\/#website\"},\"datePublished\":\"2023-11-20T13:50:09+00:00\",\"dateModified\":\"2023-11-20T13:50:09+00:00\",\"breadcrumb\":{\"@id\":\"https:\/\/footdavant.fr\/actualites\/mbappe-affirme-que-lionel-messi-meritait-de-remporter-le-8e-ballon-dor\/#breadcrumb\"},\"inLanguage\":\"fr-FR\",\"potentialAction\":[{\"@type\":\"ReadAction\",\"target\":[\"https:\/\/footdavant.fr\/actualites\/mbappe-affirme-que-lionel-messi-meritait-de-remporter-le-8e-ballon-dor\/\"]}]},{\"@type\":\"BreadcrumbList\",\"@id\":\"https:\/\/footdavant.fr\/actualites\/mbappe-affirme-que-lionel-messi-meritait-de-remporter-le-8e-ballon-dor\/#breadcrumb\",\"itemListElement\":[{\"@type\":\"ListItem\",\"position\":1,\"name\":\"Accueil\",\"item\":\"https:\/\/footdavant.fr\/actualites\/\"},{\"@type\":\"ListItem\",\"position\":2,\"name\":\"Mbappe affirme que Lionel Messi m\u00e9ritait de remporter le 8e Ballon d&rsquo;Or\"}]},{\"@type\":\"WebSite\",\"@id\":\"https:\/\/footdavant.fr\/actualites\/#website\",\"url\":\"https:\/\/footdavant.fr\/actualites\/\",\"name\":\"Foot d'avant\",\"description\":\"\",\"publisher\":{\"@id\":\"https:\/\/footdavant.fr\/actualites\/#organization\"},\"potentialAction\":[{\"@type\":\"SearchAction\",\"target\":{\"@type\":\"EntryPoint\",\"urlTemplate\":\"https:\/\/footdavant.fr\/actualites\/?s={search_term_string}\"},\"query-input\":\"required name=search_term_string\"}],\"inLanguage\":\"fr-FR\"},{\"@type\":\"Organization\",\"@id\":\"https:\/\/footdavant.fr\/actualites\/#organization\",\"name\":\"Foot d'avant\",\"url\":\"https:\/\/footdavant.fr\/actualites\/\",\"logo\":{\"@type\":\"ImageObject\",\"inLanguage\":\"fr-FR\",\"@id\":\"https:\/\/footdavant.fr\/actualites\/#\/schema\/logo\/image\/\",\"url\":\"https:\/\/footdavant.fr\/actualites\/wp-content\/uploads\/2023\/09\/Copy-of-FootDavant-Logo.png\",\"contentUrl\":\"https:\/\/footdavant.fr\/actualites\/wp-content\/uploads\/2023\/09\/Copy-of-FootDavant-Logo.png\",\"width\":936,\"height\":549,\"caption\":\"Foot d'avant\"},\"image\":{\"@id\":\"https:\/\/footdavant.fr\/actualites\/#\/schema\/logo\/image\/\"},\"sameAs\":[\"https:\/\/www.facebook.com\/Footdavant\/\",\"https:\/\/twitter.com\/FootdavantFr\",\"https:\/\/www.instagram.com\/footdavant.fr\/\"]},{\"@type\":\"Person\",\"@id\":\"https:\/\/footdavant.fr\/actualites\/#\/schema\/person\/bc222566d95871b37e597b3ed3ba5e1d\",\"name\":\"Cl\u00e9ment\",\"image\":{\"@type\":\"ImageObject\",\"inLanguage\":\"fr-FR\",\"@id\":\"https:\/\/footdavant.fr\/actualites\/#\/schema\/person\/image\/\",\"url\":\"https:\/\/secure.gravatar.com\/avatar\/7728b29aac2719421e1a9159b2254c44?s=96&d=mm&r=g\",\"contentUrl\":\"https:\/\/secure.gravatar.com\/avatar\/7728b29aac2719421e1a9159b2254c44?s=96&d=mm&r=g\",\"caption\":\"Cl\u00e9ment\"},\"sameAs\":[\"https:\/\/footdavant.fr\/\"]}]}<\/script>\n<!-- \/ Yoast SEO plugin. -->","yoast_head_json":{"title":"Mbappe affirme que Lionel Messi m\u00e9ritait de remporter le 8e Ballon d'Or","robots":{"index":"index","follow":"follow","max-snippet":"max-snippet:-1","max-image-preview":"max-image-preview:large","max-video-preview":"max-video-preview:-1"},"canonical":"https:\/\/footdavant.fr\/actualites\/mbappe-affirme-que-lionel-messi-meritait-de-remporter-le-8e-ballon-dor\/","og_locale":"fr_FR","og_type":"article","og_title":"Mbappe affirme que Lionel Messi m\u00e9ritait de remporter le 8e Ballon d'Or","og_description":"La superstar du Paris Saint-Germain (PSG), Kylian Mbappe, a d\u00e9clar\u00e9 qu&rsquo;il savait que Lionel Messi remporterait son huiti\u00e8me Ballon d&rsquo;Or d\u00e8s qu&rsquo;il aurait aid\u00e9 l&rsquo;Argentine","og_url":"https:\/\/footdavant.fr\/actualites\/mbappe-affirme-que-lionel-messi-meritait-de-remporter-le-8e-ballon-dor\/","og_site_name":"Foot d&#039;avant","article_publisher":"https:\/\/www.facebook.com\/Footdavant\/","article_published_time":"2023-11-20T13:50:09+00:00","og_image":[{"width":696,"height":478,"url":"https:\/\/footdavant.fr\/actualites\/wp-content\/uploads\/2023\/11\/Mbappe-affirme-que-Lionel-Messi-meritait-de-remporter-le-8e.jpg","type":"image\/jpeg"}],"author":"Cl\u00e9ment","twitter_card":"summary_large_image","twitter_creator":"@FootdavantFr","twitter_site":"@FootdavantFr","twitter_misc":{"\u00c9crit par":"Cl\u00e9ment","Dur\u00e9e de lecture estim\u00e9e":"2 minutes"},"schema":{"@context":"https:\/\/schema.org","@graph":[{"@type":"Article","@id":"https:\/\/footdavant.fr\/actualites\/mbappe-affirme-que-lionel-messi-meritait-de-remporter-le-8e-ballon-dor\/#article","isPartOf":{"@id":"https:\/\/footdavant.fr\/actualites\/mbappe-affirme-que-lionel-messi-meritait-de-remporter-le-8e-ballon-dor\/"},"author":{"name":"Cl\u00e9ment","@id":"https:\/\/footdavant.fr\/actualites\/#\/schema\/person\/bc222566d95871b37e597b3ed3ba5e1d"},"headline":"Mbappe affirme que Lionel Messi m\u00e9ritait de remporter le 8e Ballon d&rsquo;Or","datePublished":"2023-11-20T13:50:09+00:00","dateModified":"2023-11-20T13:50:09+00:00","mainEntityOfPage":{"@id":"https:\/\/footdavant.fr\/actualites\/mbappe-affirme-que-lionel-messi-meritait-de-remporter-le-8e-ballon-dor\/"},"wordCount":476,"publisher":{"@id":"https:\/\/footdavant.fr\/actualites\/#organization"},"keywords":["affirme","Ballon","dOr","Lionel","Mbappe","m\u00e9ritait","Messi","remporter"],"articleSection":["Football"],"inLanguage":"fr-FR"},{"@type":"WebPage","@id":"https:\/\/footdavant.fr\/actualites\/mbappe-affirme-que-lionel-messi-meritait-de-remporter-le-8e-ballon-dor\/","url":"https:\/\/footdavant.fr\/actualites\/mbappe-affirme-que-lionel-messi-meritait-de-remporter-le-8e-ballon-dor\/","name":"Mbappe affirme que Lionel Messi m\u00e9ritait de remporter le 8e Ballon d'Or","isPartOf":{"@id":"https:\/\/footdavant.fr\/actualites\/#website"},"datePublished":"2023-11-20T13:50:09+00:00","dateModified":"2023-11-20T13:50:09+00:00","breadcrumb":{"@id":"https:\/\/footdavant.fr\/actualites\/mbappe-affirme-que-lionel-messi-meritait-de-remporter-le-8e-ballon-dor\/#breadcrumb"},"inLanguage":"fr-FR","potentialAction":[{"@type":"ReadAction","target":["https:\/\/footdavant.fr\/actualites\/mbappe-affirme-que-lionel-messi-meritait-de-remporter-le-8e-ballon-dor\/"]}]},{"@type":"BreadcrumbList","@id":"https:\/\/footdavant.fr\/actualites\/mbappe-affirme-que-lionel-messi-meritait-de-remporter-le-8e-ballon-dor\/#breadcrumb","itemListElement":[{"@type":"ListItem","position":1,"name":"Accueil","item":"https:\/\/footdavant.fr\/actualites\/"},{"@type":"ListItem","position":2,"name":"Mbappe affirme que Lionel Messi m\u00e9ritait de remporter le 8e Ballon d&rsquo;Or"}]},{"@type":"WebSite","@id":"https:\/\/footdavant.fr\/actualites\/#website","url":"https:\/\/footdavant.fr\/actualites\/","name":"Foot d'avant","description":"","publisher":{"@id":"https:\/\/footdavant.fr\/actualites\/#organization"},"potentialAction":[{"@type":"SearchAction","target":{"@type":"EntryPoint","urlTemplate":"https:\/\/footdavant.fr\/actualites\/?s={search_term_string}"},"query-input":"required name=search_term_string"}],"inLanguage":"fr-FR"},{"@type":"Organization","@id":"https:\/\/footdavant.fr\/actualites\/#organization","name":"Foot d'avant","url":"https:\/\/footdavant.fr\/actualites\/","logo":{"@type":"ImageObject","inLanguage":"fr-FR","@id":"https:\/\/footdavant.fr\/actualites\/#\/schema\/logo\/image\/","url":"https:\/\/footdavant.fr\/actualites\/wp-content\/uploads\/2023\/09\/Copy-of-FootDavant-Logo.png","contentUrl":"https:\/\/footdavant.fr\/actualites\/wp-content\/uploads\/2023\/09\/Copy-of-FootDavant-Logo.png","width":936,"height":549,"caption":"Foot d'avant"},"image":{"@id":"https:\/\/footdavant.fr\/actualites\/#\/schema\/logo\/image\/"},"sameAs":["https:\/\/www.facebook.com\/Footdavant\/","https:\/\/twitter.com\/FootdavantFr","https:\/\/www.instagram.com\/footdavant.fr\/"]},{"@type":"Person","@id":"https:\/\/footdavant.fr\/actualites\/#\/schema\/person\/bc222566d95871b37e597b3ed3ba5e1d","name":"Cl\u00e9ment","image":{"@type":"ImageObject","inLanguage":"fr-FR","@id":"https:\/\/footdavant.fr\/actualites\/#\/schema\/person\/image\/","url":"https:\/\/secure.gravatar.com\/avatar\/7728b29aac2719421e1a9159b2254c44?s=96&d=mm&r=g","contentUrl":"https:\/\/secure.gravatar.com\/avatar\/7728b29aac2719421e1a9159b2254c44?s=96&d=mm&r=g","caption":"Cl\u00e9ment"},"sameAs":["https:\/\/footdavant.fr\/"]}]}},"_links":{"self":[{"href":"https:\/\/footdavant.fr\/actualites\/wp-json\/wp\/v2\/posts\/1190"}],"collection":[{"href":"https:\/\/footdavant.fr\/actualites\/wp-json\/wp\/v2\/posts"}],"about":[{"href":"https:\/\/footdavant.fr\/actualites\/wp-json\/wp\/v2\/types\/post"}],"author":[{"embeddable":true,"href":"https:\/\/footdavant.fr\/actualites\/wp-json\/wp\/v2\/users\/1"}],"replies":[{"embeddable":true,"href":"https:\/\/footdavant.fr\/actualites\/wp-json\/wp\/v2\/comments?post=1190"}],"version-history":[{"count":1,"href":"https:\/\/footdavant.fr\/actualites\/wp-json\/wp\/v2\/posts\/1190\/revisions"}],"predecessor-version":[{"id":1192,"href":"https:\/\/footdavant.fr\/actualites\/wp-json\/wp\/v2\/posts\/1190\/revisions\/1192"}],"wp:featuredmedia":[{"embeddable":true,"href":"https:\/\/footdavant.fr\/actualites\/wp-json\/wp\/v2\/media\/1191"}],"wp:attachment":[{"href":"https:\/\/footdavant.fr\/actualites\/wp-json\/wp\/v2\/media?parent=1190"}],"wp:term":[{"taxonomy":"category","embeddable":true,"href":"https:\/\/footdavant.fr\/actualites\/wp-json\/wp\/v2\/categories?post=1190"},{"taxonomy":"post_tag","embeddable":true,"href":"https:\/\/footdavant.fr\/actualites\/wp-json\/wp\/v2\/tags?post=1190"}],"curies":[{"name":"wp","href":"https:\/\/api.w.org\/{rel}","templated":true}]}}