{"id":12010,"date":"2024-08-08T20:49:09","date_gmt":"2024-08-08T18:49:09","guid":{"rendered":"https:\/\/footdavant.fr\/actualites\/une-icone-du-portugal-de-porto-et-du-real-madrid-prend-sa-retraite-avec-un-message-emouvant\/"},"modified":"2024-08-08T20:49:11","modified_gmt":"2024-08-08T18:49:11","slug":"une-icone-du-portugal-de-porto-et-du-real-madrid-prend-sa-retraite-avec-un-message-emouvant","status":"publish","type":"post","link":"https:\/\/footdavant.fr\/actualites\/une-icone-du-portugal-de-porto-et-du-real-madrid-prend-sa-retraite-avec-un-message-emouvant\/","title":{"rendered":"Une ic\u00f4ne du Portugal, de Porto et du Real Madrid prend sa retraite avec un message \u00e9mouvant"},"content":{"rendered":"<div>\n<p>La l\u00e9gende portugaise Pepe a offert \u00ab un c\u00e2lin de gratitude \u00bb \u00e0 ses amis et \u00e0 sa famille dans une vid\u00e9o de 33 minutes annon\u00e7ant sa retraite apr\u00e8s 878 apparitions en club et en s\u00e9lection internationale.<\/p>\n<p>L&#39;homme de 41 ans a d\u00e9clar\u00e9 qu&#39;il avait \u00ab vraiment cru \u00bb que le Portugal remporterait l&#39;Euro 2024 de l&#39;UEFA cet \u00e9t\u00e9, o\u00f9 il est devenu le joueur le plus \u00e2g\u00e9 \u00e0 participer \u00e0 la phase finale, et a admis avoir \u00ab vers\u00e9 des larmes d&#39;impuissance \u00bb lorsque les champions de 2016 ont \u00e9t\u00e9 \u00e9limin\u00e9s par la France aux tirs au but en quarts de finale.<\/p>\n<p>La victoire en comp\u00e9tition portugaise, la Taca de Portugal, s&#39;est av\u00e9r\u00e9e \u00eatre le dernier match de club de Pepe dans une carri\u00e8re qui comprenait trois titres de Ligue des champions de l&#39;UEFA lors de son passage au Real Madrid entre 2007 et 2017.<\/p>\n<blockquote class=\"instagram-media\" data-instgrm-permalink=\"https:\/\/www.instagram.com\/reel\/C-aa3UiKpj5\/?utm_source=ig_embed&amp;utm_campaign=loading\" data-instgrm-version=\"14\" style=\" background:#FFF; border:0; border-radius:3px; box-shadow:0 0 1px 0 rgba(0,0,0,0.5),0 1px 10px 0 rgba(0,0,0,0.15); margin: 1px; max-width:540px; min-width:326px; padding:0; width:99.375%; width:-webkit-calc(100% - 2px); width:calc(100% - 2px);\">\n<\/blockquote>\n<h2><span id=\"Pepe_stats\">Statistiques de Pepe<\/span><\/h2>\n<p>Pepe a commenc\u00e9 sa carri\u00e8re avec l&#39;\u00e9quipe portugaise Maritimo en 2002, avant de rejoindre Porto en 2004. \u00ab Lors de ma premi\u00e8re visite, lorsque je suis all\u00e9 au bureau du FC Porto, le pr\u00e9sident a ouvert le rideau pour moi, a relev\u00e9 les stores et m&#39;a dit : \u00ab\u00a0ce sera ta maison\u00a0\u00bb \u00bb, se souvient Pepe.<\/p>\n<p>\u00ab[The chairman added] \u00ab Bienvenue, j\u2019esp\u00e8re que tu seras tr\u00e8s heureux au FC Porto. Ton bonheur sera le n\u00f4tre \u00bb. Je me souviens de ces mots, des matchs que j\u2019ai disput\u00e9s \u00e0 l\u2019Estadio do Drag\u00e3o. C\u2019\u00e9tait un club qui m\u2019a mis sous les projecteurs du football europ\u00e9en.<\/p>\n<p>Apr\u00e8s trois saisons impressionnantes avec Porto, le Real Madrid a recrut\u00e9 Pepe pour environ 26,7 millions de livres sterling. Il a ensuite remport\u00e9 trois titres de champion d&#39;Europe et trois titres de Liga avec le club le plus titr\u00e9 d&#39;Europe avant de passer une saison en Turquie avec Besiktas.<\/p>\n<p>Il a pass\u00e9 les cinq derni\u00e8res ann\u00e9es de sa carri\u00e8re de joueur avec Porto, terminant avec 34 troph\u00e9es au cours de sa carri\u00e8re, dont cinq titres portugais.<\/p>\n<blockquote class=\"instagram-media\" data-instgrm-permalink=\"https:\/\/www.instagram.com\/p\/C8XjvB_sbFE\/?utm_source=ig_embed&amp;utm_campaign=loading\" data-instgrm-version=\"14\" style=\" background:#FFF; border:0; border-radius:3px; box-shadow:0 0 1px 0 rgba(0,0,0,0.5),0 1px 10px 0 rgba(0,0,0,0.15); margin: 1px; max-width:540px; min-width:326px; padding:0; width:99.375%; width:-webkit-calc(100% - 2px); width:calc(100% - 2px);\">\n<\/blockquote>\n<h2><span id=\"Portugal_Pepe_caps\">Portugal : Pepe caps<\/span><\/h2>\n<p>N\u00e9 et \u00e9lev\u00e9 au Br\u00e9sil, Pepe est devenu citoyen portugais en ao\u00fbt 2007 et a \u00e9t\u00e9 s\u00e9lectionn\u00e9 par le Portugal pour la premi\u00e8re fois plus tard dans le mois.<\/p>\n<p>Seuls Cristiano Ronaldo, avec 212 s\u00e9lections, et Jo\u00e3o Moutinho, avec 146, ont fait plus d&#39;apparitions pour la Sele\u00e7ao que les 141 accumul\u00e9es par Pepe.<\/p>\n<p>Le d\u00e9fenseur central a remerci\u00e9 son agent Jorge Mendes et ses repr\u00e9sentants, et a \u00e9galement qualifi\u00e9 sa m\u00e8re d&#39;\u00ab essentielle dans mon parcours en me permettant de voler vers mon r\u00eave, qui \u00e9tait de devenir footballeur professionnel \u00bb.<\/p>\n<p>\u00ab Ma femme \u00e9tait \u00e0 la maison pendant mon absence [and I thank] \u00ab Mes enfants pour avoir cru en moi, pour avoir \u00e9t\u00e9 un soutien fondamental dans ma vie, pour m&#39;avoir soutenu lorsque je quittais la maison pour jouer \u00bb, a ajout\u00e9 Pepe.<\/p>\n<p>Le milieu de terrain de Porto, Marko Grujic, a qualifi\u00e9 Pepe de \u00ab grand personnage dans le vestiaire \u00bb et de \u00ab vrai capitaine \u00bb. \u00ab Bien s\u00fbr, un joueur comme lui nous manquera \u00bb, a ajout\u00e9 Grujic, via Ojogo.<\/p>\n<p>\u00ab Ce club doit vivre avec ce qu\u2019il a. Les joueurs plus \u00e2g\u00e9s, comme moi, essaieront d\u2019aider les plus jeunes et de faire comme Pepe. \u00bb<\/p>\n<\/p><\/div>\n<p><script async src=\"\/\/www.instagram.com\/embed.js\"><\/script><\/p>\n","protected":false},"excerpt":{"rendered":"<p>La l\u00e9gende portugaise Pepe a offert \u00ab un c\u00e2lin de gratitude \u00bb \u00e0 ses amis et \u00e0 sa famille dans une vid\u00e9o de 33 minutes<\/p>\n","protected":false},"author":1,"featured_media":12011,"comment_status":"closed","ping_status":"","sticky":false,"template":"","format":"standard","meta":{"footnotes":""},"categories":[3],"tags":[91,5963,6020,303,678,381,4389,88,302,2460,92],"yoast_head":"<!-- This site is optimized with the Yoast SEO plugin v21.0 - https:\/\/yoast.com\/wordpress\/plugins\/seo\/ -->\n<title>Une ic\u00f4ne du Portugal, de Porto et du Real Madrid prend sa retraite avec un message \u00e9mouvant<\/title>\n<meta name=\"robots\" content=\"index, follow, max-snippet:-1, max-image-preview:large, max-video-preview:-1\" \/>\n<link rel=\"canonical\" href=\"https:\/\/footdavant.fr\/actualites\/une-icone-du-portugal-de-porto-et-du-real-madrid-prend-sa-retraite-avec-un-message-emouvant\/\" \/>\n<meta property=\"og:locale\" content=\"fr_FR\" \/>\n<meta property=\"og:type\" content=\"article\" \/>\n<meta property=\"og:title\" content=\"Une ic\u00f4ne du Portugal, de Porto et du Real Madrid prend sa retraite avec un message \u00e9mouvant\" \/>\n<meta property=\"og:description\" content=\"La l\u00e9gende portugaise Pepe a offert \u00ab un c\u00e2lin de gratitude \u00bb \u00e0 ses amis et \u00e0 sa famille dans une vid\u00e9o de 33 minutes\" \/>\n<meta property=\"og:url\" content=\"https:\/\/footdavant.fr\/actualites\/une-icone-du-portugal-de-porto-et-du-real-madrid-prend-sa-retraite-avec-un-message-emouvant\/\" \/>\n<meta property=\"og:site_name\" content=\"Foot d&#039;avant\" \/>\n<meta property=\"article:publisher\" content=\"https:\/\/www.facebook.com\/Footdavant\/\" \/>\n<meta property=\"article:published_time\" content=\"2024-08-08T18:49:09+00:00\" \/>\n<meta property=\"article:modified_time\" content=\"2024-08-08T18:49:11+00:00\" \/>\n<meta property=\"og:image\" content=\"https:\/\/footdavant.fr\/actualites\/wp-content\/uploads\/2024\/08\/Une-icone-du-Portugal-de-Porto-et-du-Real-Madrid.jpg\" \/>\n\t<meta property=\"og:image:width\" content=\"1200\" \/>\n\t<meta property=\"og:image:height\" content=\"675\" \/>\n\t<meta property=\"og:image:type\" content=\"image\/jpeg\" \/>\n<meta name=\"author\" content=\"Cl\u00e9ment\" \/>\n<meta name=\"twitter:card\" content=\"summary_large_image\" \/>\n<meta name=\"twitter:creator\" content=\"@FootdavantFr\" \/>\n<meta name=\"twitter:site\" content=\"@FootdavantFr\" \/>\n<meta name=\"twitter:label1\" content=\"\u00c9crit par\" \/>\n\t<meta name=\"twitter:data1\" content=\"Cl\u00e9ment\" \/>\n\t<meta name=\"twitter:label2\" content=\"Dur\u00e9e de lecture estim\u00e9e\" \/>\n\t<meta name=\"twitter:data2\" content=\"3 minutes\" \/>\n<script type=\"application\/ld+json\" class=\"yoast-schema-graph\">{\"@context\":\"https:\/\/schema.org\",\"@graph\":[{\"@type\":\"Article\",\"@id\":\"https:\/\/footdavant.fr\/actualites\/une-icone-du-portugal-de-porto-et-du-real-madrid-prend-sa-retraite-avec-un-message-emouvant\/#article\",\"isPartOf\":{\"@id\":\"https:\/\/footdavant.fr\/actualites\/une-icone-du-portugal-de-porto-et-du-real-madrid-prend-sa-retraite-avec-un-message-emouvant\/\"},\"author\":{\"name\":\"Cl\u00e9ment\",\"@id\":\"https:\/\/footdavant.fr\/actualites\/#\/schema\/person\/bc222566d95871b37e597b3ed3ba5e1d\"},\"headline\":\"Une ic\u00f4ne du Portugal, de Porto et du Real Madrid prend sa retraite avec un message \u00e9mouvant\",\"datePublished\":\"2024-08-08T18:49:09+00:00\",\"dateModified\":\"2024-08-08T18:49:11+00:00\",\"mainEntityOfPage\":{\"@id\":\"https:\/\/footdavant.fr\/actualites\/une-icone-du-portugal-de-porto-et-du-real-madrid-prend-sa-retraite-avec-un-message-emouvant\/\"},\"wordCount\":567,\"publisher\":{\"@id\":\"https:\/\/footdavant.fr\/actualites\/#organization\"},\"keywords\":[\"avec\",\"\u00e9mouvant\",\"ic\u00f4ne\",\"Madrid\",\"message\",\"Porto\",\"Portugal\",\"prend\",\"Real\",\"retraite\",\"une\"],\"articleSection\":[\"Football\"],\"inLanguage\":\"fr-FR\"},{\"@type\":\"WebPage\",\"@id\":\"https:\/\/footdavant.fr\/actualites\/une-icone-du-portugal-de-porto-et-du-real-madrid-prend-sa-retraite-avec-un-message-emouvant\/\",\"url\":\"https:\/\/footdavant.fr\/actualites\/une-icone-du-portugal-de-porto-et-du-real-madrid-prend-sa-retraite-avec-un-message-emouvant\/\",\"name\":\"Une ic\u00f4ne du Portugal, de Porto et du Real Madrid prend sa retraite avec un message \u00e9mouvant\",\"isPartOf\":{\"@id\":\"https:\/\/footdavant.fr\/actualites\/#website\"},\"datePublished\":\"2024-08-08T18:49:09+00:00\",\"dateModified\":\"2024-08-08T18:49:11+00:00\",\"breadcrumb\":{\"@id\":\"https:\/\/footdavant.fr\/actualites\/une-icone-du-portugal-de-porto-et-du-real-madrid-prend-sa-retraite-avec-un-message-emouvant\/#breadcrumb\"},\"inLanguage\":\"fr-FR\",\"potentialAction\":[{\"@type\":\"ReadAction\",\"target\":[\"https:\/\/footdavant.fr\/actualites\/une-icone-du-portugal-de-porto-et-du-real-madrid-prend-sa-retraite-avec-un-message-emouvant\/\"]}]},{\"@type\":\"BreadcrumbList\",\"@id\":\"https:\/\/footdavant.fr\/actualites\/une-icone-du-portugal-de-porto-et-du-real-madrid-prend-sa-retraite-avec-un-message-emouvant\/#breadcrumb\",\"itemListElement\":[{\"@type\":\"ListItem\",\"position\":1,\"name\":\"Accueil\",\"item\":\"https:\/\/footdavant.fr\/actualites\/\"},{\"@type\":\"ListItem\",\"position\":2,\"name\":\"Une ic\u00f4ne du Portugal, de Porto et du Real Madrid prend sa retraite avec un message \u00e9mouvant\"}]},{\"@type\":\"WebSite\",\"@id\":\"https:\/\/footdavant.fr\/actualites\/#website\",\"url\":\"https:\/\/footdavant.fr\/actualites\/\",\"name\":\"Foot d'avant\",\"description\":\"\",\"publisher\":{\"@id\":\"https:\/\/footdavant.fr\/actualites\/#organization\"},\"potentialAction\":[{\"@type\":\"SearchAction\",\"target\":{\"@type\":\"EntryPoint\",\"urlTemplate\":\"https:\/\/footdavant.fr\/actualites\/?s={search_term_string}\"},\"query-input\":\"required name=search_term_string\"}],\"inLanguage\":\"fr-FR\"},{\"@type\":\"Organization\",\"@id\":\"https:\/\/footdavant.fr\/actualites\/#organization\",\"name\":\"Foot d'avant\",\"url\":\"https:\/\/footdavant.fr\/actualites\/\",\"logo\":{\"@type\":\"ImageObject\",\"inLanguage\":\"fr-FR\",\"@id\":\"https:\/\/footdavant.fr\/actualites\/#\/schema\/logo\/image\/\",\"url\":\"https:\/\/footdavant.fr\/actualites\/wp-content\/uploads\/2023\/09\/Copy-of-FootDavant-Logo.png\",\"contentUrl\":\"https:\/\/footdavant.fr\/actualites\/wp-content\/uploads\/2023\/09\/Copy-of-FootDavant-Logo.png\",\"width\":936,\"height\":549,\"caption\":\"Foot d'avant\"},\"image\":{\"@id\":\"https:\/\/footdavant.fr\/actualites\/#\/schema\/logo\/image\/\"},\"sameAs\":[\"https:\/\/www.facebook.com\/Footdavant\/\",\"https:\/\/twitter.com\/FootdavantFr\",\"https:\/\/www.instagram.com\/footdavant.fr\/\"]},{\"@type\":\"Person\",\"@id\":\"https:\/\/footdavant.fr\/actualites\/#\/schema\/person\/bc222566d95871b37e597b3ed3ba5e1d\",\"name\":\"Cl\u00e9ment\",\"image\":{\"@type\":\"ImageObject\",\"inLanguage\":\"fr-FR\",\"@id\":\"https:\/\/footdavant.fr\/actualites\/#\/schema\/person\/image\/\",\"url\":\"https:\/\/secure.gravatar.com\/avatar\/7728b29aac2719421e1a9159b2254c44?s=96&d=mm&r=g\",\"contentUrl\":\"https:\/\/secure.gravatar.com\/avatar\/7728b29aac2719421e1a9159b2254c44?s=96&d=mm&r=g\",\"caption\":\"Cl\u00e9ment\"},\"sameAs\":[\"https:\/\/footdavant.fr\/\"]}]}<\/script>\n<!-- \/ Yoast SEO plugin. -->","yoast_head_json":{"title":"Une ic\u00f4ne du Portugal, de Porto et du Real Madrid prend sa retraite avec un message \u00e9mouvant","robots":{"index":"index","follow":"follow","max-snippet":"max-snippet:-1","max-image-preview":"max-image-preview:large","max-video-preview":"max-video-preview:-1"},"canonical":"https:\/\/footdavant.fr\/actualites\/une-icone-du-portugal-de-porto-et-du-real-madrid-prend-sa-retraite-avec-un-message-emouvant\/","og_locale":"fr_FR","og_type":"article","og_title":"Une ic\u00f4ne du Portugal, de Porto et du Real Madrid prend sa retraite avec un message \u00e9mouvant","og_description":"La l\u00e9gende portugaise Pepe a offert \u00ab un c\u00e2lin de gratitude \u00bb \u00e0 ses amis et \u00e0 sa famille dans une vid\u00e9o de 33 minutes","og_url":"https:\/\/footdavant.fr\/actualites\/une-icone-du-portugal-de-porto-et-du-real-madrid-prend-sa-retraite-avec-un-message-emouvant\/","og_site_name":"Foot d&#039;avant","article_publisher":"https:\/\/www.facebook.com\/Footdavant\/","article_published_time":"2024-08-08T18:49:09+00:00","article_modified_time":"2024-08-08T18:49:11+00:00","og_image":[{"width":1200,"height":675,"url":"https:\/\/footdavant.fr\/actualites\/wp-content\/uploads\/2024\/08\/Une-icone-du-Portugal-de-Porto-et-du-Real-Madrid.jpg","type":"image\/jpeg"}],"author":"Cl\u00e9ment","twitter_card":"summary_large_image","twitter_creator":"@FootdavantFr","twitter_site":"@FootdavantFr","twitter_misc":{"\u00c9crit par":"Cl\u00e9ment","Dur\u00e9e de lecture estim\u00e9e":"3 minutes"},"schema":{"@context":"https:\/\/schema.org","@graph":[{"@type":"Article","@id":"https:\/\/footdavant.fr\/actualites\/une-icone-du-portugal-de-porto-et-du-real-madrid-prend-sa-retraite-avec-un-message-emouvant\/#article","isPartOf":{"@id":"https:\/\/footdavant.fr\/actualites\/une-icone-du-portugal-de-porto-et-du-real-madrid-prend-sa-retraite-avec-un-message-emouvant\/"},"author":{"name":"Cl\u00e9ment","@id":"https:\/\/footdavant.fr\/actualites\/#\/schema\/person\/bc222566d95871b37e597b3ed3ba5e1d"},"headline":"Une ic\u00f4ne du Portugal, de Porto et du Real Madrid prend sa retraite avec un message \u00e9mouvant","datePublished":"2024-08-08T18:49:09+00:00","dateModified":"2024-08-08T18:49:11+00:00","mainEntityOfPage":{"@id":"https:\/\/footdavant.fr\/actualites\/une-icone-du-portugal-de-porto-et-du-real-madrid-prend-sa-retraite-avec-un-message-emouvant\/"},"wordCount":567,"publisher":{"@id":"https:\/\/footdavant.fr\/actualites\/#organization"},"keywords":["avec","\u00e9mouvant","ic\u00f4ne","Madrid","message","Porto","Portugal","prend","Real","retraite","une"],"articleSection":["Football"],"inLanguage":"fr-FR"},{"@type":"WebPage","@id":"https:\/\/footdavant.fr\/actualites\/une-icone-du-portugal-de-porto-et-du-real-madrid-prend-sa-retraite-avec-un-message-emouvant\/","url":"https:\/\/footdavant.fr\/actualites\/une-icone-du-portugal-de-porto-et-du-real-madrid-prend-sa-retraite-avec-un-message-emouvant\/","name":"Une ic\u00f4ne du Portugal, de Porto et du Real Madrid prend sa retraite avec un message \u00e9mouvant","isPartOf":{"@id":"https:\/\/footdavant.fr\/actualites\/#website"},"datePublished":"2024-08-08T18:49:09+00:00","dateModified":"2024-08-08T18:49:11+00:00","breadcrumb":{"@id":"https:\/\/footdavant.fr\/actualites\/une-icone-du-portugal-de-porto-et-du-real-madrid-prend-sa-retraite-avec-un-message-emouvant\/#breadcrumb"},"inLanguage":"fr-FR","potentialAction":[{"@type":"ReadAction","target":["https:\/\/footdavant.fr\/actualites\/une-icone-du-portugal-de-porto-et-du-real-madrid-prend-sa-retraite-avec-un-message-emouvant\/"]}]},{"@type":"BreadcrumbList","@id":"https:\/\/footdavant.fr\/actualites\/une-icone-du-portugal-de-porto-et-du-real-madrid-prend-sa-retraite-avec-un-message-emouvant\/#breadcrumb","itemListElement":[{"@type":"ListItem","position":1,"name":"Accueil","item":"https:\/\/footdavant.fr\/actualites\/"},{"@type":"ListItem","position":2,"name":"Une ic\u00f4ne du Portugal, de Porto et du Real Madrid prend sa retraite avec un message \u00e9mouvant"}]},{"@type":"WebSite","@id":"https:\/\/footdavant.fr\/actualites\/#website","url":"https:\/\/footdavant.fr\/actualites\/","name":"Foot d'avant","description":"","publisher":{"@id":"https:\/\/footdavant.fr\/actualites\/#organization"},"potentialAction":[{"@type":"SearchAction","target":{"@type":"EntryPoint","urlTemplate":"https:\/\/footdavant.fr\/actualites\/?s={search_term_string}"},"query-input":"required name=search_term_string"}],"inLanguage":"fr-FR"},{"@type":"Organization","@id":"https:\/\/footdavant.fr\/actualites\/#organization","name":"Foot d'avant","url":"https:\/\/footdavant.fr\/actualites\/","logo":{"@type":"ImageObject","inLanguage":"fr-FR","@id":"https:\/\/footdavant.fr\/actualites\/#\/schema\/logo\/image\/","url":"https:\/\/footdavant.fr\/actualites\/wp-content\/uploads\/2023\/09\/Copy-of-FootDavant-Logo.png","contentUrl":"https:\/\/footdavant.fr\/actualites\/wp-content\/uploads\/2023\/09\/Copy-of-FootDavant-Logo.png","width":936,"height":549,"caption":"Foot d'avant"},"image":{"@id":"https:\/\/footdavant.fr\/actualites\/#\/schema\/logo\/image\/"},"sameAs":["https:\/\/www.facebook.com\/Footdavant\/","https:\/\/twitter.com\/FootdavantFr","https:\/\/www.instagram.com\/footdavant.fr\/"]},{"@type":"Person","@id":"https:\/\/footdavant.fr\/actualites\/#\/schema\/person\/bc222566d95871b37e597b3ed3ba5e1d","name":"Cl\u00e9ment","image":{"@type":"ImageObject","inLanguage":"fr-FR","@id":"https:\/\/footdavant.fr\/actualites\/#\/schema\/person\/image\/","url":"https:\/\/secure.gravatar.com\/avatar\/7728b29aac2719421e1a9159b2254c44?s=96&d=mm&r=g","contentUrl":"https:\/\/secure.gravatar.com\/avatar\/7728b29aac2719421e1a9159b2254c44?s=96&d=mm&r=g","caption":"Cl\u00e9ment"},"sameAs":["https:\/\/footdavant.fr\/"]}]}},"_links":{"self":[{"href":"https:\/\/footdavant.fr\/actualites\/wp-json\/wp\/v2\/posts\/12010"}],"collection":[{"href":"https:\/\/footdavant.fr\/actualites\/wp-json\/wp\/v2\/posts"}],"about":[{"href":"https:\/\/footdavant.fr\/actualites\/wp-json\/wp\/v2\/types\/post"}],"author":[{"embeddable":true,"href":"https:\/\/footdavant.fr\/actualites\/wp-json\/wp\/v2\/users\/1"}],"replies":[{"embeddable":true,"href":"https:\/\/footdavant.fr\/actualites\/wp-json\/wp\/v2\/comments?post=12010"}],"version-history":[{"count":1,"href":"https:\/\/footdavant.fr\/actualites\/wp-json\/wp\/v2\/posts\/12010\/revisions"}],"predecessor-version":[{"id":12012,"href":"https:\/\/footdavant.fr\/actualites\/wp-json\/wp\/v2\/posts\/12010\/revisions\/12012"}],"wp:featuredmedia":[{"embeddable":true,"href":"https:\/\/footdavant.fr\/actualites\/wp-json\/wp\/v2\/media\/12011"}],"wp:attachment":[{"href":"https:\/\/footdavant.fr\/actualites\/wp-json\/wp\/v2\/media?parent=12010"}],"wp:term":[{"taxonomy":"category","embeddable":true,"href":"https:\/\/footdavant.fr\/actualites\/wp-json\/wp\/v2\/categories?post=12010"},{"taxonomy":"post_tag","embeddable":true,"href":"https:\/\/footdavant.fr\/actualites\/wp-json\/wp\/v2\/tags?post=12010"}],"curies":[{"name":"wp","href":"https:\/\/api.w.org\/{rel}","templated":true}]}}