{"id":12013,"date":"2024-08-08T22:48:29","date_gmt":"2024-08-08T20:48:29","guid":{"rendered":"https:\/\/footdavant.fr\/actualites\/transferts-de-manchester-city-bernardo-silva-prend-une-decision-sur-son-depart-estival\/"},"modified":"2024-08-08T22:48:29","modified_gmt":"2024-08-08T20:48:29","slug":"transferts-de-manchester-city-bernardo-silva-prend-une-decision-sur-son-depart-estival","status":"publish","type":"post","link":"https:\/\/footdavant.fr\/actualites\/transferts-de-manchester-city-bernardo-silva-prend-une-decision-sur-son-depart-estival\/","title":{"rendered":"Transferts de Manchester City : Bernardo Silva \u00ab prend une d\u00e9cision \u00bb sur son d\u00e9part estival"},"content":{"rendered":"<p>Le milieu de terrain de Manchester City, Bernardo Silva, devrait rester \u00e0 l&#39;Etihad Stadium cet \u00e9t\u00e9 malgr\u00e9 l&#39;int\u00e9r\u00eat de Barcelone et du Paris Saint-Germain.<\/p>\n<div id=\"article_body\" itemprop=\"articleBody\">\n<h3 class=\"firstPara\">\n<strong class=\"autotag\">Manchester City<\/strong> milieu de terrain <strong class=\"autotag\">Bernardo Silva<\/strong> devrait rester au stade Etihad cet \u00e9t\u00e9 malgr\u00e9 l&#39;int\u00e9r\u00eat de <strong class=\"autotag\">Barcelone<\/strong> et <strong class=\"autotag\">Paris Saint Germain<\/strong>selon un rapport. <\/h3>\n<p>Depuis qu&#39;il a rejoint les Citizens en provenance de Monaco en 2017, Silva a remport\u00e9 six titres de Premier League, quatre Coupes de la Ligue, deux FA Cups, une Ligue des champions et la Coupe du monde des clubs. <\/p>\n<p>Au cours de ses sept ann\u00e9es \u00e0 Manchester, l&#39;international portugais a fait 355 apparitions, marquant 66 buts et fournissant 66 passes d\u00e9cisives, et continue d&#39;\u00eatre un joueur essentiel pour <strong class=\"autotag\">Pep Guardiola<\/strong>du c\u00f4t\u00e9 de.<\/p>\n<p>La saison derni\u00e8re, le joueur de 29 ans a fait 49 apparitions toutes comp\u00e9titions confondues, contribuant \u00e0 11 buts et 10 passes d\u00e9cisives, aidant son \u00e9quipe \u00e0 remporter un quatri\u00e8me titre cons\u00e9cutif en Premier League, un record.<\/p>\n<p>Bien qu&#39;il soit fortement li\u00e9 \u00e0 un transfert \u00e0 Barcelone vers la fin de la saison 2023-24, il semble que Silva soit d\u00e9sormais pr\u00eat \u00e0 rester \u00e0 Manchester pendant au moins un an de plus. <\/p>\n<p class=\"imgI\">\n<h2 class=\"k3\">Silva devrait rester \u00e0 Manchester City en 2024-25<\/h2>\n<p>Selon <em>Football Insider<\/em>Le PSG avait manifest\u00e9 son int\u00e9r\u00eat pour la signature de l&#39;international portugais cet \u00e9t\u00e9, mais n&#39;avait jamais pr\u00e9sent\u00e9 d&#39;offre officielle aux Citizens. <\/p>\n<p>Silva a \u00e9galement admis dans le pass\u00e9 que m\u00eame s&#39;il aimait faire partie de City, il avait l&#39;espoir de jouer un jour pour Barcelone. <\/p>\n<p>Il a souvent \u00e9t\u00e9 question que les Catalans soient en pourparlers avec le joueur, mais leurs contraintes financi\u00e8res ont souvent affect\u00e9 leur capacit\u00e9 \u00e0 respecter sa clause lib\u00e9ratoire. <\/p>\n<p>Le rapport ajoute que malgr\u00e9 les sp\u00e9culations constantes sur son avenir, le milieu de terrain de 29 ans devrait d\u00e9sormais rester \u00e0 l&#39;Etihad en 2024-25 apr\u00e8s avoir re\u00e7u des assurances sur sa place dans l&#39;\u00e9quipe de la part de Guardiola. <\/p>\n<p>City a renouvel\u00e9 son contrat l&#39;\u00e9t\u00e9 dernier, lui offrant deux ann\u00e9es suppl\u00e9mentaires \u00e0 Manchester, tout en incluant une clause lib\u00e9ratoire de 50 millions de livres sterling dans son contrat. <\/p>\n<p class=\"imgI\"><img decoding=\"async\" loading=\"lazy\" class=\"l\" src=\"https:\/\/footdavant.fr\/actualites\/wp-content\/uploads\/2024\/08\/Transferts-de-Manchester-City-Bernardo-Silva-prend-une.jpg\" title=\"Le manager de Manchester City, Pep Guardiola, avant le match des FC Series le 23 juillet 2024\" alt=\"Le manager de Manchester City, Pep Guardiola, avant le match des FC Series le 23 juillet 2024\" width=\"640\" height=\"480\"><\/p>\n<h2 class=\"k3\">Guardiola pr\u00eat \u00e0 laisser partir les joueurs \u00ab m\u00e9contents \u00bb cet \u00e9t\u00e9<\/h2>\n<p>Man City a connu une p\u00e9riode de transfert assez calme par rapport \u00e0 certains de ses rivaux de Premier League, avec <strong class=\"autotag\">Savinho<\/strong> \u00e9tant la seule signature confirm\u00e9e \u00e0 ce jour. <\/p>\n<p>Bien qu&#39;il y ait encore suffisamment de temps pour que cela change, il semble probable qu&#39;il y ait quelques d\u00e9parts tr\u00e8s m\u00e9diatis\u00e9s cet \u00e9t\u00e9, Guardiola \u00e9tant apparemment pr\u00eat \u00e0 permettre \u00e0 tout joueur m\u00e9content de quitter le club si ses probl\u00e8mes ne peuvent \u00eatre r\u00e9solus.<\/p>\n<p>Ceci suit <strong class=\"autotag\">Julian Alvarez<\/strong> laissant entendre qu&#39;il pourrait chercher \u00e0 quitter Manchester cet \u00e9t\u00e9 \u00e0 la recherche d&#39;un temps de jeu r\u00e9gulier. <\/p>\n<p>Le joueur de 24 ans est actuellement en d\u00e9placement avec l&#39;Argentine aux Jeux olympiques de Paris et devrait engager des discussions avec Guardiola \u00e0 son retour \u00e0 Manchester. <\/p>\n<p><strong class=\"autotag\">Kalvin Phillips<\/strong> aurait \u00e9galement demand\u00e9 \u00e0 \u00eatre vendu cet \u00e9t\u00e9, n&#39;ayant jamais atteint les sommets attendus depuis son arriv\u00e9e aux Citizens en provenance de Leeds United en juillet 2022.<\/p>\n<\/div>\n","protected":false},"excerpt":{"rendered":"<p>Le milieu de terrain de Manchester City, Bernardo Silva, devrait rester \u00e0 l&#39;Etihad Stadium cet \u00e9t\u00e9 malgr\u00e9 l&#39;int\u00e9r\u00eat de Barcelone et du Paris Saint-Germain. Manchester<\/p>\n","protected":false},"author":1,"featured_media":12014,"comment_status":"closed","ping_status":"","sticky":false,"template":"","format":"standard","meta":{"footnotes":""},"categories":[5],"tags":[215,27,497,560,2750,11,88,216,86,103,1376,92],"yoast_head":"<!-- This site is optimized with the Yoast SEO plugin v21.0 - https:\/\/yoast.com\/wordpress\/plugins\/seo\/ -->\n<title>Transferts de Manchester City : Bernardo Silva \u00ab prend une d\u00e9cision \u00bb sur son d\u00e9part estival<\/title>\n<meta name=\"robots\" content=\"index, follow, max-snippet:-1, max-image-preview:large, max-video-preview:-1\" \/>\n<link rel=\"canonical\" href=\"https:\/\/footdavant.fr\/actualites\/transferts-de-manchester-city-bernardo-silva-prend-une-decision-sur-son-depart-estival\/\" \/>\n<meta property=\"og:locale\" content=\"fr_FR\" \/>\n<meta property=\"og:type\" content=\"article\" \/>\n<meta property=\"og:title\" content=\"Transferts de Manchester City : Bernardo Silva \u00ab prend une d\u00e9cision \u00bb sur son d\u00e9part estival\" \/>\n<meta property=\"og:description\" content=\"Le milieu de terrain de Manchester City, Bernardo Silva, devrait rester \u00e0 l&#039;Etihad Stadium cet \u00e9t\u00e9 malgr\u00e9 l&#039;int\u00e9r\u00eat de Barcelone et du Paris Saint-Germain. Manchester\" \/>\n<meta property=\"og:url\" content=\"https:\/\/footdavant.fr\/actualites\/transferts-de-manchester-city-bernardo-silva-prend-une-decision-sur-son-depart-estival\/\" \/>\n<meta property=\"og:site_name\" content=\"Foot d&#039;avant\" \/>\n<meta property=\"article:publisher\" content=\"https:\/\/www.facebook.com\/Footdavant\/\" \/>\n<meta property=\"article:published_time\" content=\"2024-08-08T20:48:29+00:00\" \/>\n<meta property=\"og:image\" content=\"https:\/\/footdavant.fr\/actualites\/wp-content\/uploads\/2024\/08\/Transferts-de-Manchester-City-Bernardo-Silva-prend-une.JPG\" \/>\n\t<meta property=\"og:image:width\" content=\"640\" \/>\n\t<meta property=\"og:image:height\" content=\"480\" \/>\n\t<meta property=\"og:image:type\" content=\"image\/jpeg\" \/>\n<meta name=\"author\" content=\"Cl\u00e9ment\" \/>\n<meta name=\"twitter:card\" content=\"summary_large_image\" \/>\n<meta name=\"twitter:creator\" content=\"@FootdavantFr\" \/>\n<meta name=\"twitter:site\" content=\"@FootdavantFr\" \/>\n<meta name=\"twitter:label1\" content=\"\u00c9crit par\" \/>\n\t<meta name=\"twitter:data1\" content=\"Cl\u00e9ment\" \/>\n\t<meta name=\"twitter:label2\" content=\"Dur\u00e9e de lecture estim\u00e9e\" \/>\n\t<meta name=\"twitter:data2\" content=\"3 minutes\" \/>\n<script type=\"application\/ld+json\" class=\"yoast-schema-graph\">{\"@context\":\"https:\/\/schema.org\",\"@graph\":[{\"@type\":\"Article\",\"@id\":\"https:\/\/footdavant.fr\/actualites\/transferts-de-manchester-city-bernardo-silva-prend-une-decision-sur-son-depart-estival\/#article\",\"isPartOf\":{\"@id\":\"https:\/\/footdavant.fr\/actualites\/transferts-de-manchester-city-bernardo-silva-prend-une-decision-sur-son-depart-estival\/\"},\"author\":{\"name\":\"Cl\u00e9ment\",\"@id\":\"https:\/\/footdavant.fr\/actualites\/#\/schema\/person\/bc222566d95871b37e597b3ed3ba5e1d\"},\"headline\":\"Transferts de Manchester City : Bernardo Silva \u00ab prend une d\u00e9cision \u00bb sur son d\u00e9part estival\",\"datePublished\":\"2024-08-08T20:48:29+00:00\",\"dateModified\":\"2024-08-08T20:48:29+00:00\",\"mainEntityOfPage\":{\"@id\":\"https:\/\/footdavant.fr\/actualites\/transferts-de-manchester-city-bernardo-silva-prend-une-decision-sur-son-depart-estival\/\"},\"wordCount\":553,\"publisher\":{\"@id\":\"https:\/\/footdavant.fr\/actualites\/#organization\"},\"keywords\":[\"Bernardo\",\"City\",\"d\u00e9cision\",\"d\u00e9part\",\"estival\",\"Manchester\",\"prend\",\"Silva\",\"son\",\"sur\",\"transferts\",\"une\"],\"articleSection\":[\"Premier League\"],\"inLanguage\":\"fr-FR\"},{\"@type\":\"WebPage\",\"@id\":\"https:\/\/footdavant.fr\/actualites\/transferts-de-manchester-city-bernardo-silva-prend-une-decision-sur-son-depart-estival\/\",\"url\":\"https:\/\/footdavant.fr\/actualites\/transferts-de-manchester-city-bernardo-silva-prend-une-decision-sur-son-depart-estival\/\",\"name\":\"Transferts de Manchester City : Bernardo Silva \u00ab prend une d\u00e9cision \u00bb sur son d\u00e9part estival\",\"isPartOf\":{\"@id\":\"https:\/\/footdavant.fr\/actualites\/#website\"},\"datePublished\":\"2024-08-08T20:48:29+00:00\",\"dateModified\":\"2024-08-08T20:48:29+00:00\",\"breadcrumb\":{\"@id\":\"https:\/\/footdavant.fr\/actualites\/transferts-de-manchester-city-bernardo-silva-prend-une-decision-sur-son-depart-estival\/#breadcrumb\"},\"inLanguage\":\"fr-FR\",\"potentialAction\":[{\"@type\":\"ReadAction\",\"target\":[\"https:\/\/footdavant.fr\/actualites\/transferts-de-manchester-city-bernardo-silva-prend-une-decision-sur-son-depart-estival\/\"]}]},{\"@type\":\"BreadcrumbList\",\"@id\":\"https:\/\/footdavant.fr\/actualites\/transferts-de-manchester-city-bernardo-silva-prend-une-decision-sur-son-depart-estival\/#breadcrumb\",\"itemListElement\":[{\"@type\":\"ListItem\",\"position\":1,\"name\":\"Accueil\",\"item\":\"https:\/\/footdavant.fr\/actualites\/\"},{\"@type\":\"ListItem\",\"position\":2,\"name\":\"Transferts de Manchester City : Bernardo Silva \u00ab prend une d\u00e9cision \u00bb sur son d\u00e9part estival\"}]},{\"@type\":\"WebSite\",\"@id\":\"https:\/\/footdavant.fr\/actualites\/#website\",\"url\":\"https:\/\/footdavant.fr\/actualites\/\",\"name\":\"Foot d'avant\",\"description\":\"\",\"publisher\":{\"@id\":\"https:\/\/footdavant.fr\/actualites\/#organization\"},\"potentialAction\":[{\"@type\":\"SearchAction\",\"target\":{\"@type\":\"EntryPoint\",\"urlTemplate\":\"https:\/\/footdavant.fr\/actualites\/?s={search_term_string}\"},\"query-input\":\"required name=search_term_string\"}],\"inLanguage\":\"fr-FR\"},{\"@type\":\"Organization\",\"@id\":\"https:\/\/footdavant.fr\/actualites\/#organization\",\"name\":\"Foot d'avant\",\"url\":\"https:\/\/footdavant.fr\/actualites\/\",\"logo\":{\"@type\":\"ImageObject\",\"inLanguage\":\"fr-FR\",\"@id\":\"https:\/\/footdavant.fr\/actualites\/#\/schema\/logo\/image\/\",\"url\":\"https:\/\/footdavant.fr\/actualites\/wp-content\/uploads\/2023\/09\/Copy-of-FootDavant-Logo.png\",\"contentUrl\":\"https:\/\/footdavant.fr\/actualites\/wp-content\/uploads\/2023\/09\/Copy-of-FootDavant-Logo.png\",\"width\":936,\"height\":549,\"caption\":\"Foot d'avant\"},\"image\":{\"@id\":\"https:\/\/footdavant.fr\/actualites\/#\/schema\/logo\/image\/\"},\"sameAs\":[\"https:\/\/www.facebook.com\/Footdavant\/\",\"https:\/\/twitter.com\/FootdavantFr\",\"https:\/\/www.instagram.com\/footdavant.fr\/\"]},{\"@type\":\"Person\",\"@id\":\"https:\/\/footdavant.fr\/actualites\/#\/schema\/person\/bc222566d95871b37e597b3ed3ba5e1d\",\"name\":\"Cl\u00e9ment\",\"image\":{\"@type\":\"ImageObject\",\"inLanguage\":\"fr-FR\",\"@id\":\"https:\/\/footdavant.fr\/actualites\/#\/schema\/person\/image\/\",\"url\":\"https:\/\/secure.gravatar.com\/avatar\/7728b29aac2719421e1a9159b2254c44?s=96&d=mm&r=g\",\"contentUrl\":\"https:\/\/secure.gravatar.com\/avatar\/7728b29aac2719421e1a9159b2254c44?s=96&d=mm&r=g\",\"caption\":\"Cl\u00e9ment\"},\"sameAs\":[\"https:\/\/footdavant.fr\/\"]}]}<\/script>\n<!-- \/ Yoast SEO plugin. -->","yoast_head_json":{"title":"Transferts de Manchester City : Bernardo Silva \u00ab prend une d\u00e9cision \u00bb sur son d\u00e9part estival","robots":{"index":"index","follow":"follow","max-snippet":"max-snippet:-1","max-image-preview":"max-image-preview:large","max-video-preview":"max-video-preview:-1"},"canonical":"https:\/\/footdavant.fr\/actualites\/transferts-de-manchester-city-bernardo-silva-prend-une-decision-sur-son-depart-estival\/","og_locale":"fr_FR","og_type":"article","og_title":"Transferts de Manchester City : Bernardo Silva \u00ab prend une d\u00e9cision \u00bb sur son d\u00e9part estival","og_description":"Le milieu de terrain de Manchester City, Bernardo Silva, devrait rester \u00e0 l&#39;Etihad Stadium cet \u00e9t\u00e9 malgr\u00e9 l&#39;int\u00e9r\u00eat de Barcelone et du Paris Saint-Germain. Manchester","og_url":"https:\/\/footdavant.fr\/actualites\/transferts-de-manchester-city-bernardo-silva-prend-une-decision-sur-son-depart-estival\/","og_site_name":"Foot d&#039;avant","article_publisher":"https:\/\/www.facebook.com\/Footdavant\/","article_published_time":"2024-08-08T20:48:29+00:00","og_image":[{"width":640,"height":480,"url":"https:\/\/footdavant.fr\/actualites\/wp-content\/uploads\/2024\/08\/Transferts-de-Manchester-City-Bernardo-Silva-prend-une.JPG","type":"image\/jpeg"}],"author":"Cl\u00e9ment","twitter_card":"summary_large_image","twitter_creator":"@FootdavantFr","twitter_site":"@FootdavantFr","twitter_misc":{"\u00c9crit par":"Cl\u00e9ment","Dur\u00e9e de lecture estim\u00e9e":"3 minutes"},"schema":{"@context":"https:\/\/schema.org","@graph":[{"@type":"Article","@id":"https:\/\/footdavant.fr\/actualites\/transferts-de-manchester-city-bernardo-silva-prend-une-decision-sur-son-depart-estival\/#article","isPartOf":{"@id":"https:\/\/footdavant.fr\/actualites\/transferts-de-manchester-city-bernardo-silva-prend-une-decision-sur-son-depart-estival\/"},"author":{"name":"Cl\u00e9ment","@id":"https:\/\/footdavant.fr\/actualites\/#\/schema\/person\/bc222566d95871b37e597b3ed3ba5e1d"},"headline":"Transferts de Manchester City : Bernardo Silva \u00ab prend une d\u00e9cision \u00bb sur son d\u00e9part estival","datePublished":"2024-08-08T20:48:29+00:00","dateModified":"2024-08-08T20:48:29+00:00","mainEntityOfPage":{"@id":"https:\/\/footdavant.fr\/actualites\/transferts-de-manchester-city-bernardo-silva-prend-une-decision-sur-son-depart-estival\/"},"wordCount":553,"publisher":{"@id":"https:\/\/footdavant.fr\/actualites\/#organization"},"keywords":["Bernardo","City","d\u00e9cision","d\u00e9part","estival","Manchester","prend","Silva","son","sur","transferts","une"],"articleSection":["Premier League"],"inLanguage":"fr-FR"},{"@type":"WebPage","@id":"https:\/\/footdavant.fr\/actualites\/transferts-de-manchester-city-bernardo-silva-prend-une-decision-sur-son-depart-estival\/","url":"https:\/\/footdavant.fr\/actualites\/transferts-de-manchester-city-bernardo-silva-prend-une-decision-sur-son-depart-estival\/","name":"Transferts de Manchester City : Bernardo Silva \u00ab prend une d\u00e9cision \u00bb sur son d\u00e9part estival","isPartOf":{"@id":"https:\/\/footdavant.fr\/actualites\/#website"},"datePublished":"2024-08-08T20:48:29+00:00","dateModified":"2024-08-08T20:48:29+00:00","breadcrumb":{"@id":"https:\/\/footdavant.fr\/actualites\/transferts-de-manchester-city-bernardo-silva-prend-une-decision-sur-son-depart-estival\/#breadcrumb"},"inLanguage":"fr-FR","potentialAction":[{"@type":"ReadAction","target":["https:\/\/footdavant.fr\/actualites\/transferts-de-manchester-city-bernardo-silva-prend-une-decision-sur-son-depart-estival\/"]}]},{"@type":"BreadcrumbList","@id":"https:\/\/footdavant.fr\/actualites\/transferts-de-manchester-city-bernardo-silva-prend-une-decision-sur-son-depart-estival\/#breadcrumb","itemListElement":[{"@type":"ListItem","position":1,"name":"Accueil","item":"https:\/\/footdavant.fr\/actualites\/"},{"@type":"ListItem","position":2,"name":"Transferts de Manchester City : Bernardo Silva \u00ab prend une d\u00e9cision \u00bb sur son d\u00e9part estival"}]},{"@type":"WebSite","@id":"https:\/\/footdavant.fr\/actualites\/#website","url":"https:\/\/footdavant.fr\/actualites\/","name":"Foot d'avant","description":"","publisher":{"@id":"https:\/\/footdavant.fr\/actualites\/#organization"},"potentialAction":[{"@type":"SearchAction","target":{"@type":"EntryPoint","urlTemplate":"https:\/\/footdavant.fr\/actualites\/?s={search_term_string}"},"query-input":"required name=search_term_string"}],"inLanguage":"fr-FR"},{"@type":"Organization","@id":"https:\/\/footdavant.fr\/actualites\/#organization","name":"Foot d'avant","url":"https:\/\/footdavant.fr\/actualites\/","logo":{"@type":"ImageObject","inLanguage":"fr-FR","@id":"https:\/\/footdavant.fr\/actualites\/#\/schema\/logo\/image\/","url":"https:\/\/footdavant.fr\/actualites\/wp-content\/uploads\/2023\/09\/Copy-of-FootDavant-Logo.png","contentUrl":"https:\/\/footdavant.fr\/actualites\/wp-content\/uploads\/2023\/09\/Copy-of-FootDavant-Logo.png","width":936,"height":549,"caption":"Foot d'avant"},"image":{"@id":"https:\/\/footdavant.fr\/actualites\/#\/schema\/logo\/image\/"},"sameAs":["https:\/\/www.facebook.com\/Footdavant\/","https:\/\/twitter.com\/FootdavantFr","https:\/\/www.instagram.com\/footdavant.fr\/"]},{"@type":"Person","@id":"https:\/\/footdavant.fr\/actualites\/#\/schema\/person\/bc222566d95871b37e597b3ed3ba5e1d","name":"Cl\u00e9ment","image":{"@type":"ImageObject","inLanguage":"fr-FR","@id":"https:\/\/footdavant.fr\/actualites\/#\/schema\/person\/image\/","url":"https:\/\/secure.gravatar.com\/avatar\/7728b29aac2719421e1a9159b2254c44?s=96&d=mm&r=g","contentUrl":"https:\/\/secure.gravatar.com\/avatar\/7728b29aac2719421e1a9159b2254c44?s=96&d=mm&r=g","caption":"Cl\u00e9ment"},"sameAs":["https:\/\/footdavant.fr\/"]}]}},"_links":{"self":[{"href":"https:\/\/footdavant.fr\/actualites\/wp-json\/wp\/v2\/posts\/12013"}],"collection":[{"href":"https:\/\/footdavant.fr\/actualites\/wp-json\/wp\/v2\/posts"}],"about":[{"href":"https:\/\/footdavant.fr\/actualites\/wp-json\/wp\/v2\/types\/post"}],"author":[{"embeddable":true,"href":"https:\/\/footdavant.fr\/actualites\/wp-json\/wp\/v2\/users\/1"}],"replies":[{"embeddable":true,"href":"https:\/\/footdavant.fr\/actualites\/wp-json\/wp\/v2\/comments?post=12013"}],"version-history":[{"count":1,"href":"https:\/\/footdavant.fr\/actualites\/wp-json\/wp\/v2\/posts\/12013\/revisions"}],"predecessor-version":[{"id":12015,"href":"https:\/\/footdavant.fr\/actualites\/wp-json\/wp\/v2\/posts\/12013\/revisions\/12015"}],"wp:featuredmedia":[{"embeddable":true,"href":"https:\/\/footdavant.fr\/actualites\/wp-json\/wp\/v2\/media\/12014"}],"wp:attachment":[{"href":"https:\/\/footdavant.fr\/actualites\/wp-json\/wp\/v2\/media?parent=12013"}],"wp:term":[{"taxonomy":"category","embeddable":true,"href":"https:\/\/footdavant.fr\/actualites\/wp-json\/wp\/v2\/categories?post=12013"},{"taxonomy":"post_tag","embeddable":true,"href":"https:\/\/footdavant.fr\/actualites\/wp-json\/wp\/v2\/tags?post=12013"}],"curies":[{"name":"wp","href":"https:\/\/api.w.org\/{rel}","templated":true}]}}