{"id":12016,"date":"2024-08-09T00:49:20","date_gmt":"2024-08-08T22:49:20","guid":{"rendered":"https:\/\/footdavant.fr\/actualites\/le-transfert-daaron-wan-bissaka-a-west-ham-est-desormais-completement-annule-ses-revendications-salariales-etant-un-obstacle-insurmontable\/"},"modified":"2024-08-09T00:49:24","modified_gmt":"2024-08-08T22:49:24","slug":"le-transfert-daaron-wan-bissaka-a-west-ham-est-desormais-completement-annule-ses-revendications-salariales-etant-un-obstacle-insurmontable","status":"publish","type":"post","link":"https:\/\/footdavant.fr\/actualites\/le-transfert-daaron-wan-bissaka-a-west-ham-est-desormais-completement-annule-ses-revendications-salariales-etant-un-obstacle-insurmontable\/","title":{"rendered":"Le transfert d&#39;Aaron Wan-Bissaka \u00e0 West Ham est d\u00e9sormais compl\u00e8tement annul\u00e9, ses revendications salariales \u00e9tant un \u00ab obstacle insurmontable \u00bb &#8211;"},"content":{"rendered":"<div id=\"penci-post-entry-inner\">\n<p>\t\t\t<i class=\"penci-post-countview-number-check\" style=\"display:none\">1<\/i><\/p>\n<p><!--Article Start--><br \/>Selon certaines informations, le d\u00e9fenseur de Manchester United Aaron Wan-Bissaka ne fera pas le transfert \u00e0 West Ham United, ses exigences salariales s&#39;av\u00e9rant trop excessives pour l&#39;\u00e9quipe de Julen Lopetegui.<\/p>\n<p>Depuis quelques semaines, West Ham court apr\u00e8s Wan-Bissaka pour renforcer son poste d&#39;arri\u00e8re droit.<\/p>\n<p>On pense que les Hammers auraient m\u00eame d\u00e9montr\u00e9 leur volont\u00e9 de payer le prix demand\u00e9 par United pour le joueur, soit 18 millions de livres sterling.<\/p>\n<p>Cependant, il a \u00e9t\u00e9 d\u00e9clar\u00e9 qu&#39;un transfert n&#39;a pas encore eu lieu car Wan-Bissaka exige un paiement de plusieurs millions de livres sterling de la part de United.<\/p>\n<p>Les repr\u00e9sentants du d\u00e9fenseur font pression sur les Red Devils pour qu&#39;ils donnent au joueur une somme de 18 millions de livres sterling pour garantir que son transfert \u00e0 West Ham se d\u00e9roule avec succ\u00e8s.<\/p>\n<p>Un rapport r\u00e9cent couvert par The Peoples Person a rapport\u00e9 que Wan-Bissaka recherche un gain d&#39;environ 7 millions de livres sterling.<\/p>\n<p>Au milieu de tout cela, il est apparu que les Hammers ont tourn\u00e9 leur attention vers Kieran Trippier de Newcastle. Il a \u00e9t\u00e9 affirm\u00e9 que West Ham n&#39;avait pas compl\u00e8tement abandonn\u00e9 sa poursuite de Wan-Bissaka car ils le tiennent toujours en haute estime.<\/p>\n<p>Cependant, TEAMtalk r\u00e9v\u00e8le d\u00e9sormais que les Irons ont abandonn\u00e9 l&#39;accord.<\/p>\n<p>\u00ab Le transfert propos\u00e9 d&#39;Aaron Wan-Bissaka de Manchester United \u00e0 West Ham est annul\u00e9, r\u00e9v\u00e8le TEAMtalk, les revendications salariales du joueur \u00e9tant un obstacle insurmontable \u00e0 l&#39;accord. \u00bb<\/p>\n<p>\u00ab Et cela pourrait nuire aux espoirs de Manchester United de faire venir Noussair Mazraoui, l&#39;accord pour l&#39;arri\u00e8re lat\u00e9ral du Bayern Munich d\u00e9pendant probablement du d\u00e9part de Wan-Bissaka vers de nouveaux horizons. \u00bb<\/p>\n<p>\u00ab On pense que les clubs ont conclu un accord de principe pour Wan-Bissaka, dont le contrat actuel expire l&#39;\u00e9t\u00e9 prochain, ce qui aurait permis \u00e0 Manchester United de conclure un accord pour Mazraoui, 26 ans. De plus, des rapports ailleurs ont affirm\u00e9 que West Ham et Wan-Bissaka avaient convenu verbalement des conditions personnelles il y a environ une semaine. Ce n&#39;\u00e9tait pas le cas. \u00bb<\/p>\n<p>\u00ab TEAMtalk peut r\u00e9v\u00e9ler que les exigences salariales de Wan-Bissaka ont an\u00e9anti tout espoir de voir West Ham conclure un accord. \u00bb<\/p>\n<p>Le m\u00e9dia note qu&#39;une \u00ab solution alternative \u00bb a \u00e9merg\u00e9 pour United, sous la forme de Denzel Dumfries.<\/p>\n<p>Plus t\u00f4t cette semaine, le fiable David Ornstein a expliqu\u00e9 que Dumfries avait d\u00e9cid\u00e9 de ne pas signer un nouveau contrat avec l&#39;Inter Milan, dans l&#39;espoir que United se pr\u00e9cipite sur lui avant la fin de la p\u00e9riode de transfert.<\/p>\n<p>Il y a d\u00e9sormais une r\u00e9elle possibilit\u00e9 qu&#39;un \u00e9change direct ait lieu, ce qui verrait Dumfries rejoindre United et Wan-Bissaka faire l&#39;inverse. Cette option a \u00e9t\u00e9 sugg\u00e9r\u00e9e par des interm\u00e9diaires mais le transfert de Wan-Bissaka \u00e0 West Ham n&#39;\u00e9tant plus d&#39;actualit\u00e9, elle \u00ab pourrait rapidement prendre de l&#39;ampleur \u00bb.<\/p>\n<p>Wan-Bissaka trouve un transfert vers les champions de Serie A plus attrayant que vers les Irons.<\/p>\n<hr>\n<p>\n<\/div>\n","protected":false},"excerpt":{"rendered":"<p>1 Selon certaines informations, le d\u00e9fenseur de Manchester United Aaron Wan-Bissaka ne fera pas le transfert \u00e0 West Ham United, ses exigences salariales s&#39;av\u00e9rant trop<\/p>\n","protected":false},"author":1,"featured_media":12017,"comment_status":"closed","ping_status":"","sticky":false,"template":"","format":"standard","meta":{"footnotes":""},"categories":[3],"tags":[4039,3868,6037,1564,217,5123,286,6038,3694,5495,5496,154,700,1195,285],"yoast_head":"<!-- This site is optimized with the Yoast SEO plugin v21.0 - https:\/\/yoast.com\/wordpress\/plugins\/seo\/ -->\n<title>Le transfert d&#039;Aaron Wan-Bissaka \u00e0 West Ham est d\u00e9sormais compl\u00e8tement annul\u00e9, ses revendications salariales \u00e9tant un \u00ab obstacle insurmontable \u00bb -<\/title>\n<meta name=\"robots\" content=\"index, follow, max-snippet:-1, max-image-preview:large, max-video-preview:-1\" \/>\n<link rel=\"canonical\" href=\"https:\/\/footdavant.fr\/actualites\/le-transfert-daaron-wan-bissaka-a-west-ham-est-desormais-completement-annule-ses-revendications-salariales-etant-un-obstacle-insurmontable\/\" \/>\n<meta property=\"og:locale\" content=\"fr_FR\" \/>\n<meta property=\"og:type\" content=\"article\" \/>\n<meta property=\"og:title\" content=\"Le transfert d&#039;Aaron Wan-Bissaka \u00e0 West Ham est d\u00e9sormais compl\u00e8tement annul\u00e9, ses revendications salariales \u00e9tant un \u00ab obstacle insurmontable \u00bb -\" \/>\n<meta property=\"og:description\" content=\"1 Selon certaines informations, le d\u00e9fenseur de Manchester United Aaron Wan-Bissaka ne fera pas le transfert \u00e0 West Ham United, ses exigences salariales s&#039;av\u00e9rant trop\" \/>\n<meta property=\"og:url\" content=\"https:\/\/footdavant.fr\/actualites\/le-transfert-daaron-wan-bissaka-a-west-ham-est-desormais-completement-annule-ses-revendications-salariales-etant-un-obstacle-insurmontable\/\" \/>\n<meta property=\"og:site_name\" content=\"Foot d&#039;avant\" \/>\n<meta property=\"article:publisher\" content=\"https:\/\/www.facebook.com\/Footdavant\/\" \/>\n<meta property=\"article:published_time\" content=\"2024-08-08T22:49:20+00:00\" \/>\n<meta property=\"article:modified_time\" content=\"2024-08-08T22:49:24+00:00\" \/>\n<meta property=\"og:image\" content=\"https:\/\/footdavant.fr\/actualites\/wp-content\/uploads\/2024\/08\/Le-transfert-d39Aaron-Wan-Bissaka-a-West-Ham-est-desormais-completement.jpg\" \/>\n\t<meta property=\"og:image:width\" content=\"1600\" \/>\n\t<meta property=\"og:image:height\" content=\"703\" \/>\n\t<meta property=\"og:image:type\" content=\"image\/jpeg\" \/>\n<meta name=\"author\" content=\"Cl\u00e9ment\" \/>\n<meta name=\"twitter:card\" content=\"summary_large_image\" \/>\n<meta name=\"twitter:creator\" content=\"@FootdavantFr\" \/>\n<meta name=\"twitter:site\" content=\"@FootdavantFr\" \/>\n<meta name=\"twitter:label1\" content=\"\u00c9crit par\" \/>\n\t<meta name=\"twitter:data1\" content=\"Cl\u00e9ment\" \/>\n\t<meta name=\"twitter:label2\" content=\"Dur\u00e9e de lecture estim\u00e9e\" \/>\n\t<meta name=\"twitter:data2\" content=\"3 minutes\" \/>\n<script type=\"application\/ld+json\" class=\"yoast-schema-graph\">{\"@context\":\"https:\/\/schema.org\",\"@graph\":[{\"@type\":\"Article\",\"@id\":\"https:\/\/footdavant.fr\/actualites\/le-transfert-daaron-wan-bissaka-a-west-ham-est-desormais-completement-annule-ses-revendications-salariales-etant-un-obstacle-insurmontable\/#article\",\"isPartOf\":{\"@id\":\"https:\/\/footdavant.fr\/actualites\/le-transfert-daaron-wan-bissaka-a-west-ham-est-desormais-completement-annule-ses-revendications-salariales-etant-un-obstacle-insurmontable\/\"},\"author\":{\"name\":\"Cl\u00e9ment\",\"@id\":\"https:\/\/footdavant.fr\/actualites\/#\/schema\/person\/bc222566d95871b37e597b3ed3ba5e1d\"},\"headline\":\"Le transfert d&#39;Aaron Wan-Bissaka \u00e0 West Ham est d\u00e9sormais compl\u00e8tement annul\u00e9, ses revendications salariales \u00e9tant un \u00ab obstacle insurmontable \u00bb &#8211;\",\"datePublished\":\"2024-08-08T22:49:20+00:00\",\"dateModified\":\"2024-08-08T22:49:24+00:00\",\"mainEntityOfPage\":{\"@id\":\"https:\/\/footdavant.fr\/actualites\/le-transfert-daaron-wan-bissaka-a-west-ham-est-desormais-completement-annule-ses-revendications-salariales-etant-un-obstacle-insurmontable\/\"},\"wordCount\":536,\"publisher\":{\"@id\":\"https:\/\/footdavant.fr\/actualites\/#organization\"},\"keywords\":[\"annul\u00e9\",\"compl\u00e8tement\",\"d39Aaron\",\"d\u00e9sormais\",\"est\",\"\u00e9tant\",\"Ham\",\"insurmontable\",\"obstacle\",\"revendications\",\"salariales\",\"ses\",\"transfert\",\"WanBissaka\",\"West\"],\"articleSection\":[\"Football\"],\"inLanguage\":\"fr-FR\"},{\"@type\":\"WebPage\",\"@id\":\"https:\/\/footdavant.fr\/actualites\/le-transfert-daaron-wan-bissaka-a-west-ham-est-desormais-completement-annule-ses-revendications-salariales-etant-un-obstacle-insurmontable\/\",\"url\":\"https:\/\/footdavant.fr\/actualites\/le-transfert-daaron-wan-bissaka-a-west-ham-est-desormais-completement-annule-ses-revendications-salariales-etant-un-obstacle-insurmontable\/\",\"name\":\"Le transfert d&#39;Aaron Wan-Bissaka \u00e0 West Ham est d\u00e9sormais compl\u00e8tement annul\u00e9, ses revendications salariales \u00e9tant un \u00ab obstacle insurmontable \u00bb -\",\"isPartOf\":{\"@id\":\"https:\/\/footdavant.fr\/actualites\/#website\"},\"datePublished\":\"2024-08-08T22:49:20+00:00\",\"dateModified\":\"2024-08-08T22:49:24+00:00\",\"breadcrumb\":{\"@id\":\"https:\/\/footdavant.fr\/actualites\/le-transfert-daaron-wan-bissaka-a-west-ham-est-desormais-completement-annule-ses-revendications-salariales-etant-un-obstacle-insurmontable\/#breadcrumb\"},\"inLanguage\":\"fr-FR\",\"potentialAction\":[{\"@type\":\"ReadAction\",\"target\":[\"https:\/\/footdavant.fr\/actualites\/le-transfert-daaron-wan-bissaka-a-west-ham-est-desormais-completement-annule-ses-revendications-salariales-etant-un-obstacle-insurmontable\/\"]}]},{\"@type\":\"BreadcrumbList\",\"@id\":\"https:\/\/footdavant.fr\/actualites\/le-transfert-daaron-wan-bissaka-a-west-ham-est-desormais-completement-annule-ses-revendications-salariales-etant-un-obstacle-insurmontable\/#breadcrumb\",\"itemListElement\":[{\"@type\":\"ListItem\",\"position\":1,\"name\":\"Accueil\",\"item\":\"https:\/\/footdavant.fr\/actualites\/\"},{\"@type\":\"ListItem\",\"position\":2,\"name\":\"Le transfert d&#39;Aaron Wan-Bissaka \u00e0 West Ham est d\u00e9sormais compl\u00e8tement annul\u00e9, ses revendications salariales \u00e9tant un \u00ab obstacle insurmontable \u00bb &#8211;\"}]},{\"@type\":\"WebSite\",\"@id\":\"https:\/\/footdavant.fr\/actualites\/#website\",\"url\":\"https:\/\/footdavant.fr\/actualites\/\",\"name\":\"Foot d'avant\",\"description\":\"\",\"publisher\":{\"@id\":\"https:\/\/footdavant.fr\/actualites\/#organization\"},\"potentialAction\":[{\"@type\":\"SearchAction\",\"target\":{\"@type\":\"EntryPoint\",\"urlTemplate\":\"https:\/\/footdavant.fr\/actualites\/?s={search_term_string}\"},\"query-input\":\"required name=search_term_string\"}],\"inLanguage\":\"fr-FR\"},{\"@type\":\"Organization\",\"@id\":\"https:\/\/footdavant.fr\/actualites\/#organization\",\"name\":\"Foot d'avant\",\"url\":\"https:\/\/footdavant.fr\/actualites\/\",\"logo\":{\"@type\":\"ImageObject\",\"inLanguage\":\"fr-FR\",\"@id\":\"https:\/\/footdavant.fr\/actualites\/#\/schema\/logo\/image\/\",\"url\":\"https:\/\/footdavant.fr\/actualites\/wp-content\/uploads\/2023\/09\/Copy-of-FootDavant-Logo.png\",\"contentUrl\":\"https:\/\/footdavant.fr\/actualites\/wp-content\/uploads\/2023\/09\/Copy-of-FootDavant-Logo.png\",\"width\":936,\"height\":549,\"caption\":\"Foot d'avant\"},\"image\":{\"@id\":\"https:\/\/footdavant.fr\/actualites\/#\/schema\/logo\/image\/\"},\"sameAs\":[\"https:\/\/www.facebook.com\/Footdavant\/\",\"https:\/\/twitter.com\/FootdavantFr\",\"https:\/\/www.instagram.com\/footdavant.fr\/\"]},{\"@type\":\"Person\",\"@id\":\"https:\/\/footdavant.fr\/actualites\/#\/schema\/person\/bc222566d95871b37e597b3ed3ba5e1d\",\"name\":\"Cl\u00e9ment\",\"image\":{\"@type\":\"ImageObject\",\"inLanguage\":\"fr-FR\",\"@id\":\"https:\/\/footdavant.fr\/actualites\/#\/schema\/person\/image\/\",\"url\":\"https:\/\/secure.gravatar.com\/avatar\/7728b29aac2719421e1a9159b2254c44?s=96&d=mm&r=g\",\"contentUrl\":\"https:\/\/secure.gravatar.com\/avatar\/7728b29aac2719421e1a9159b2254c44?s=96&d=mm&r=g\",\"caption\":\"Cl\u00e9ment\"},\"sameAs\":[\"https:\/\/footdavant.fr\/\"]}]}<\/script>\n<!-- \/ Yoast SEO plugin. -->","yoast_head_json":{"title":"Le transfert d&#39;Aaron Wan-Bissaka \u00e0 West Ham est d\u00e9sormais compl\u00e8tement annul\u00e9, ses revendications salariales \u00e9tant un \u00ab obstacle insurmontable \u00bb -","robots":{"index":"index","follow":"follow","max-snippet":"max-snippet:-1","max-image-preview":"max-image-preview:large","max-video-preview":"max-video-preview:-1"},"canonical":"https:\/\/footdavant.fr\/actualites\/le-transfert-daaron-wan-bissaka-a-west-ham-est-desormais-completement-annule-ses-revendications-salariales-etant-un-obstacle-insurmontable\/","og_locale":"fr_FR","og_type":"article","og_title":"Le transfert d&#39;Aaron Wan-Bissaka \u00e0 West Ham est d\u00e9sormais compl\u00e8tement annul\u00e9, ses revendications salariales \u00e9tant un \u00ab obstacle insurmontable \u00bb -","og_description":"1 Selon certaines informations, le d\u00e9fenseur de Manchester United Aaron Wan-Bissaka ne fera pas le transfert \u00e0 West Ham United, ses exigences salariales s&#39;av\u00e9rant trop","og_url":"https:\/\/footdavant.fr\/actualites\/le-transfert-daaron-wan-bissaka-a-west-ham-est-desormais-completement-annule-ses-revendications-salariales-etant-un-obstacle-insurmontable\/","og_site_name":"Foot d&#039;avant","article_publisher":"https:\/\/www.facebook.com\/Footdavant\/","article_published_time":"2024-08-08T22:49:20+00:00","article_modified_time":"2024-08-08T22:49:24+00:00","og_image":[{"width":1600,"height":703,"url":"https:\/\/footdavant.fr\/actualites\/wp-content\/uploads\/2024\/08\/Le-transfert-d39Aaron-Wan-Bissaka-a-West-Ham-est-desormais-completement.jpg","type":"image\/jpeg"}],"author":"Cl\u00e9ment","twitter_card":"summary_large_image","twitter_creator":"@FootdavantFr","twitter_site":"@FootdavantFr","twitter_misc":{"\u00c9crit par":"Cl\u00e9ment","Dur\u00e9e de lecture estim\u00e9e":"3 minutes"},"schema":{"@context":"https:\/\/schema.org","@graph":[{"@type":"Article","@id":"https:\/\/footdavant.fr\/actualites\/le-transfert-daaron-wan-bissaka-a-west-ham-est-desormais-completement-annule-ses-revendications-salariales-etant-un-obstacle-insurmontable\/#article","isPartOf":{"@id":"https:\/\/footdavant.fr\/actualites\/le-transfert-daaron-wan-bissaka-a-west-ham-est-desormais-completement-annule-ses-revendications-salariales-etant-un-obstacle-insurmontable\/"},"author":{"name":"Cl\u00e9ment","@id":"https:\/\/footdavant.fr\/actualites\/#\/schema\/person\/bc222566d95871b37e597b3ed3ba5e1d"},"headline":"Le transfert d&#39;Aaron Wan-Bissaka \u00e0 West Ham est d\u00e9sormais compl\u00e8tement annul\u00e9, ses revendications salariales \u00e9tant un \u00ab obstacle insurmontable \u00bb &#8211;","datePublished":"2024-08-08T22:49:20+00:00","dateModified":"2024-08-08T22:49:24+00:00","mainEntityOfPage":{"@id":"https:\/\/footdavant.fr\/actualites\/le-transfert-daaron-wan-bissaka-a-west-ham-est-desormais-completement-annule-ses-revendications-salariales-etant-un-obstacle-insurmontable\/"},"wordCount":536,"publisher":{"@id":"https:\/\/footdavant.fr\/actualites\/#organization"},"keywords":["annul\u00e9","compl\u00e8tement","d39Aaron","d\u00e9sormais","est","\u00e9tant","Ham","insurmontable","obstacle","revendications","salariales","ses","transfert","WanBissaka","West"],"articleSection":["Football"],"inLanguage":"fr-FR"},{"@type":"WebPage","@id":"https:\/\/footdavant.fr\/actualites\/le-transfert-daaron-wan-bissaka-a-west-ham-est-desormais-completement-annule-ses-revendications-salariales-etant-un-obstacle-insurmontable\/","url":"https:\/\/footdavant.fr\/actualites\/le-transfert-daaron-wan-bissaka-a-west-ham-est-desormais-completement-annule-ses-revendications-salariales-etant-un-obstacle-insurmontable\/","name":"Le transfert d&#39;Aaron Wan-Bissaka \u00e0 West Ham est d\u00e9sormais compl\u00e8tement annul\u00e9, ses revendications salariales \u00e9tant un \u00ab obstacle insurmontable \u00bb -","isPartOf":{"@id":"https:\/\/footdavant.fr\/actualites\/#website"},"datePublished":"2024-08-08T22:49:20+00:00","dateModified":"2024-08-08T22:49:24+00:00","breadcrumb":{"@id":"https:\/\/footdavant.fr\/actualites\/le-transfert-daaron-wan-bissaka-a-west-ham-est-desormais-completement-annule-ses-revendications-salariales-etant-un-obstacle-insurmontable\/#breadcrumb"},"inLanguage":"fr-FR","potentialAction":[{"@type":"ReadAction","target":["https:\/\/footdavant.fr\/actualites\/le-transfert-daaron-wan-bissaka-a-west-ham-est-desormais-completement-annule-ses-revendications-salariales-etant-un-obstacle-insurmontable\/"]}]},{"@type":"BreadcrumbList","@id":"https:\/\/footdavant.fr\/actualites\/le-transfert-daaron-wan-bissaka-a-west-ham-est-desormais-completement-annule-ses-revendications-salariales-etant-un-obstacle-insurmontable\/#breadcrumb","itemListElement":[{"@type":"ListItem","position":1,"name":"Accueil","item":"https:\/\/footdavant.fr\/actualites\/"},{"@type":"ListItem","position":2,"name":"Le transfert d&#39;Aaron Wan-Bissaka \u00e0 West Ham est d\u00e9sormais compl\u00e8tement annul\u00e9, ses revendications salariales \u00e9tant un \u00ab obstacle insurmontable \u00bb &#8211;"}]},{"@type":"WebSite","@id":"https:\/\/footdavant.fr\/actualites\/#website","url":"https:\/\/footdavant.fr\/actualites\/","name":"Foot d'avant","description":"","publisher":{"@id":"https:\/\/footdavant.fr\/actualites\/#organization"},"potentialAction":[{"@type":"SearchAction","target":{"@type":"EntryPoint","urlTemplate":"https:\/\/footdavant.fr\/actualites\/?s={search_term_string}"},"query-input":"required name=search_term_string"}],"inLanguage":"fr-FR"},{"@type":"Organization","@id":"https:\/\/footdavant.fr\/actualites\/#organization","name":"Foot d'avant","url":"https:\/\/footdavant.fr\/actualites\/","logo":{"@type":"ImageObject","inLanguage":"fr-FR","@id":"https:\/\/footdavant.fr\/actualites\/#\/schema\/logo\/image\/","url":"https:\/\/footdavant.fr\/actualites\/wp-content\/uploads\/2023\/09\/Copy-of-FootDavant-Logo.png","contentUrl":"https:\/\/footdavant.fr\/actualites\/wp-content\/uploads\/2023\/09\/Copy-of-FootDavant-Logo.png","width":936,"height":549,"caption":"Foot d'avant"},"image":{"@id":"https:\/\/footdavant.fr\/actualites\/#\/schema\/logo\/image\/"},"sameAs":["https:\/\/www.facebook.com\/Footdavant\/","https:\/\/twitter.com\/FootdavantFr","https:\/\/www.instagram.com\/footdavant.fr\/"]},{"@type":"Person","@id":"https:\/\/footdavant.fr\/actualites\/#\/schema\/person\/bc222566d95871b37e597b3ed3ba5e1d","name":"Cl\u00e9ment","image":{"@type":"ImageObject","inLanguage":"fr-FR","@id":"https:\/\/footdavant.fr\/actualites\/#\/schema\/person\/image\/","url":"https:\/\/secure.gravatar.com\/avatar\/7728b29aac2719421e1a9159b2254c44?s=96&d=mm&r=g","contentUrl":"https:\/\/secure.gravatar.com\/avatar\/7728b29aac2719421e1a9159b2254c44?s=96&d=mm&r=g","caption":"Cl\u00e9ment"},"sameAs":["https:\/\/footdavant.fr\/"]}]}},"_links":{"self":[{"href":"https:\/\/footdavant.fr\/actualites\/wp-json\/wp\/v2\/posts\/12016"}],"collection":[{"href":"https:\/\/footdavant.fr\/actualites\/wp-json\/wp\/v2\/posts"}],"about":[{"href":"https:\/\/footdavant.fr\/actualites\/wp-json\/wp\/v2\/types\/post"}],"author":[{"embeddable":true,"href":"https:\/\/footdavant.fr\/actualites\/wp-json\/wp\/v2\/users\/1"}],"replies":[{"embeddable":true,"href":"https:\/\/footdavant.fr\/actualites\/wp-json\/wp\/v2\/comments?post=12016"}],"version-history":[{"count":1,"href":"https:\/\/footdavant.fr\/actualites\/wp-json\/wp\/v2\/posts\/12016\/revisions"}],"predecessor-version":[{"id":12018,"href":"https:\/\/footdavant.fr\/actualites\/wp-json\/wp\/v2\/posts\/12016\/revisions\/12018"}],"wp:featuredmedia":[{"embeddable":true,"href":"https:\/\/footdavant.fr\/actualites\/wp-json\/wp\/v2\/media\/12017"}],"wp:attachment":[{"href":"https:\/\/footdavant.fr\/actualites\/wp-json\/wp\/v2\/media?parent=12016"}],"wp:term":[{"taxonomy":"category","embeddable":true,"href":"https:\/\/footdavant.fr\/actualites\/wp-json\/wp\/v2\/categories?post=12016"},{"taxonomy":"post_tag","embeddable":true,"href":"https:\/\/footdavant.fr\/actualites\/wp-json\/wp\/v2\/tags?post=12016"}],"curies":[{"name":"wp","href":"https:\/\/api.w.org\/{rel}","templated":true}]}}