{"id":1223,"date":"2023-11-21T10:58:50","date_gmt":"2023-11-21T09:58:50","guid":{"rendered":"https:\/\/footdavant.fr\/actualites\/bellerin-fait-un-pronostic-plein-despoir-pour-arsenal-en-premier-league\/"},"modified":"2023-11-21T10:58:51","modified_gmt":"2023-11-21T09:58:51","slug":"bellerin-fait-un-pronostic-plein-despoir-pour-arsenal-en-premier-league","status":"publish","type":"post","link":"https:\/\/footdavant.fr\/actualites\/bellerin-fait-un-pronostic-plein-despoir-pour-arsenal-en-premier-league\/","title":{"rendered":"Bellerin fait un pronostic plein d\u2019espoir pour Arsenal en Premier League"},"content":{"rendered":"<div>\n<p>L&rsquo;ancien arri\u00e8re lat\u00e9ral d&rsquo;Arsenal, Hector Bellerin, a sugg\u00e9r\u00e9 que son ancienne \u00e9quipe poss\u00e8de d\u00e9sormais l&rsquo;exp\u00e9rience requise non seulement pour d\u00e9fier, mais \u00e9galement pour tenir la distance dans la course \u00e0 la Premier League.<\/p>\n<p>Arsenal \u00e9tait en t\u00eate du classement de la Premier League pendant la majeure partie de la saison 2022-23.  Cependant, ils n&rsquo;ont pas pu apporter la touche finale, perdant leur avantage face \u00e0 Manchester City dans le dernier tour de la course et terminant deuxi\u00e8me.<\/p>\n<p>Les Gunners ont renforc\u00e9 leur \u00e9quipe au cours de l&rsquo;\u00e9t\u00e9 et devraient relever un d\u00e9fi encore meilleur cette saison, et Bellerin pense que des jeunes comme Bukayo Saka pourraient s&rsquo;av\u00e9rer d\u00e9cisifs.<\/p>\n<h2>Bellerin s&rsquo;attend \u00e0 des am\u00e9liorations d&rsquo;Arsenal d&rsquo;une ann\u00e9e sur l&rsquo;autre<\/h2>\n<p>Dans une interview avec Sky Sports, Bellerin a d\u00e9clar\u00e9 qu&rsquo;il \u00e9tait fier de Saka and Co. et a exprim\u00e9 son enthousiasme pour l&rsquo;avenir.  L&rsquo;Espagnol, qui a quitt\u00e9 le club pour le Real Betis l&rsquo;\u00e9t\u00e9 dernier, a d\u00e9clar\u00e9 :<\/p>\n<p>\u00ab\u00a0<em>J&rsquo;ai partag\u00e9 plein de moments avec eux et j&rsquo;ai vu Bukayo [Saka] et Reiss [Nelson] passer par l&rsquo;acad\u00e9mie et je suis tr\u00e8s fier d&rsquo;eux. <\/em><\/p>\n<p>\u00ab\u00a0<em>Bien s\u00fbr, il y a de tr\u00e8s jeunes joueurs dans cette \u00e9quipe qui ont maintenant beaucoup d&rsquo;exp\u00e9rience comme Bukayo lui-m\u00eame et je pense que c&rsquo;est l&rsquo;une des choses qui nous manquent maintenant.  Je suis s\u00fbr que chaque ann\u00e9e sera meilleure pour eux et je pense que c&rsquo;est l\u00e0 que le club de football d&rsquo;Arsenal m\u00e9rite d&rsquo;\u00eatre.<\/em>.\u00bb<\/p>\n<h2>Mikel Arteta allait toujours \u00eatre manager, d\u00e9clare Bellerin<\/h2>\n<p>Bellerin a \u00e9galement parl\u00e9 du patron d&rsquo;Arsenal, Mikel Arteta, le f\u00e9licitant pour sa capacit\u00e9 d&rsquo;adaptation et sa soif d&rsquo;apprendre.<\/p>\n<p>L&rsquo;ancien international espagnol a ajout\u00e9 :<\/p>\n<p>\u00ab\u00a0<em>Il apprend constamment et je pense que c&rsquo;est ce qui est bien chez lui.<\/em><\/p>\n<p>\u00ab\u00a0<em>Il est capable de s&rsquo;adapter et d&rsquo;apprendre de ses erreurs et il est capable de devenir un nouvel Arteta chaque saison.<\/em>\u00bb<\/p>\n<p>Bellerin a \u00e9galement d\u00e9clar\u00e9 que devenir manager \u00e9tait toujours envisageable pour Arteta, car il \u00e9tait entra\u00eeneur m\u00eame pendant ses jours de jeu.<\/p>\n<p>Bellerin a ajout\u00e9 :<\/p>\n<p>\u00ab\u00a0<em>En tant que joueur qu&rsquo;il entra\u00eenait d\u00e9j\u00e0, il nous parlait de la fa\u00e7on dont il pensait que le match se d\u00e9roulerait, de la fa\u00e7on dont nous devrions presser et des trucs comme \u00e7a.  Nous savions tous qu&rsquo;\u00e0 un moment donn\u00e9, il prendrait les choses en main et deviendrait manager.<\/em>.\u00bb<\/p>\n<p>Bellerin et Arteta ont partag\u00e9 le terrain 12 fois au total au cours des saisons 2014-15 et 2015-16, mais ne se sont jamais combin\u00e9s pour marquer un but.<\/p>\n<\/p><\/div>\n","protected":false},"excerpt":{"rendered":"<p>L&rsquo;ancien arri\u00e8re lat\u00e9ral d&rsquo;Arsenal, Hector Bellerin, a sugg\u00e9r\u00e9 que son ancienne \u00e9quipe poss\u00e8de d\u00e9sormais l&rsquo;exp\u00e9rience requise non seulement pour d\u00e9fier, mais \u00e9galement pour tenir la<\/p>\n","protected":false},"author":1,"featured_media":1224,"comment_status":"closed","ping_status":"","sticky":false,"template":"","format":"standard","meta":{"footnotes":""},"categories":[3],"tags":[67,1382,1385,152,202,1384,51,201,1383],"yoast_head":"<!-- This site is optimized with the Yoast SEO plugin v21.0 - https:\/\/yoast.com\/wordpress\/plugins\/seo\/ -->\n<title>Bellerin fait un pronostic plein d\u2019espoir pour Arsenal en Premier League<\/title>\n<meta name=\"robots\" content=\"index, follow, max-snippet:-1, max-image-preview:large, max-video-preview:-1\" \/>\n<link rel=\"canonical\" href=\"https:\/\/footdavant.fr\/actualites\/bellerin-fait-un-pronostic-plein-despoir-pour-arsenal-en-premier-league\/\" \/>\n<meta property=\"og:locale\" content=\"fr_FR\" \/>\n<meta property=\"og:type\" content=\"article\" \/>\n<meta property=\"og:title\" content=\"Bellerin fait un pronostic plein d\u2019espoir pour Arsenal en Premier League\" \/>\n<meta property=\"og:description\" content=\"L&rsquo;ancien arri\u00e8re lat\u00e9ral d&rsquo;Arsenal, Hector Bellerin, a sugg\u00e9r\u00e9 que son ancienne \u00e9quipe poss\u00e8de d\u00e9sormais l&rsquo;exp\u00e9rience requise non seulement pour d\u00e9fier, mais \u00e9galement pour tenir la\" \/>\n<meta property=\"og:url\" content=\"https:\/\/footdavant.fr\/actualites\/bellerin-fait-un-pronostic-plein-despoir-pour-arsenal-en-premier-league\/\" \/>\n<meta property=\"og:site_name\" content=\"Foot d&#039;avant\" \/>\n<meta property=\"article:publisher\" content=\"https:\/\/www.facebook.com\/Footdavant\/\" \/>\n<meta property=\"article:published_time\" content=\"2023-11-21T09:58:50+00:00\" \/>\n<meta property=\"article:modified_time\" content=\"2023-11-21T09:58:51+00:00\" \/>\n<meta property=\"og:image\" content=\"https:\/\/footdavant.fr\/actualites\/wp-content\/uploads\/2023\/11\/Bellerin-fait-un-pronostic-plein-despoir-pour-Arsenal-en-Premier.jpg\" \/>\n\t<meta property=\"og:image:width\" content=\"696\" \/>\n\t<meta property=\"og:image:height\" content=\"464\" \/>\n\t<meta property=\"og:image:type\" content=\"image\/jpeg\" \/>\n<meta name=\"author\" content=\"Cl\u00e9ment\" \/>\n<meta name=\"twitter:card\" content=\"summary_large_image\" \/>\n<meta name=\"twitter:creator\" content=\"@FootdavantFr\" \/>\n<meta name=\"twitter:site\" content=\"@FootdavantFr\" \/>\n<meta name=\"twitter:label1\" content=\"\u00c9crit par\" \/>\n\t<meta name=\"twitter:data1\" content=\"Cl\u00e9ment\" \/>\n\t<meta name=\"twitter:label2\" content=\"Dur\u00e9e de lecture estim\u00e9e\" \/>\n\t<meta name=\"twitter:data2\" content=\"2 minutes\" \/>\n<script type=\"application\/ld+json\" class=\"yoast-schema-graph\">{\"@context\":\"https:\/\/schema.org\",\"@graph\":[{\"@type\":\"Article\",\"@id\":\"https:\/\/footdavant.fr\/actualites\/bellerin-fait-un-pronostic-plein-despoir-pour-arsenal-en-premier-league\/#article\",\"isPartOf\":{\"@id\":\"https:\/\/footdavant.fr\/actualites\/bellerin-fait-un-pronostic-plein-despoir-pour-arsenal-en-premier-league\/\"},\"author\":{\"name\":\"Cl\u00e9ment\",\"@id\":\"https:\/\/footdavant.fr\/actualites\/#\/schema\/person\/bc222566d95871b37e597b3ed3ba5e1d\"},\"headline\":\"Bellerin fait un pronostic plein d\u2019espoir pour Arsenal en Premier League\",\"datePublished\":\"2023-11-21T09:58:50+00:00\",\"dateModified\":\"2023-11-21T09:58:51+00:00\",\"mainEntityOfPage\":{\"@id\":\"https:\/\/footdavant.fr\/actualites\/bellerin-fait-un-pronostic-plein-despoir-pour-arsenal-en-premier-league\/\"},\"wordCount\":451,\"publisher\":{\"@id\":\"https:\/\/footdavant.fr\/actualites\/#organization\"},\"keywords\":[\"Arsenal\",\"Bellerin\",\"despoir\",\"fait\",\"League\",\"plein\",\"pour\",\"Premier\",\"pronostic\"],\"articleSection\":[\"Football\"],\"inLanguage\":\"fr-FR\"},{\"@type\":\"WebPage\",\"@id\":\"https:\/\/footdavant.fr\/actualites\/bellerin-fait-un-pronostic-plein-despoir-pour-arsenal-en-premier-league\/\",\"url\":\"https:\/\/footdavant.fr\/actualites\/bellerin-fait-un-pronostic-plein-despoir-pour-arsenal-en-premier-league\/\",\"name\":\"Bellerin fait un pronostic plein d\u2019espoir pour Arsenal en Premier League\",\"isPartOf\":{\"@id\":\"https:\/\/footdavant.fr\/actualites\/#website\"},\"datePublished\":\"2023-11-21T09:58:50+00:00\",\"dateModified\":\"2023-11-21T09:58:51+00:00\",\"breadcrumb\":{\"@id\":\"https:\/\/footdavant.fr\/actualites\/bellerin-fait-un-pronostic-plein-despoir-pour-arsenal-en-premier-league\/#breadcrumb\"},\"inLanguage\":\"fr-FR\",\"potentialAction\":[{\"@type\":\"ReadAction\",\"target\":[\"https:\/\/footdavant.fr\/actualites\/bellerin-fait-un-pronostic-plein-despoir-pour-arsenal-en-premier-league\/\"]}]},{\"@type\":\"BreadcrumbList\",\"@id\":\"https:\/\/footdavant.fr\/actualites\/bellerin-fait-un-pronostic-plein-despoir-pour-arsenal-en-premier-league\/#breadcrumb\",\"itemListElement\":[{\"@type\":\"ListItem\",\"position\":1,\"name\":\"Accueil\",\"item\":\"https:\/\/footdavant.fr\/actualites\/\"},{\"@type\":\"ListItem\",\"position\":2,\"name\":\"Bellerin fait un pronostic plein d\u2019espoir pour Arsenal en Premier League\"}]},{\"@type\":\"WebSite\",\"@id\":\"https:\/\/footdavant.fr\/actualites\/#website\",\"url\":\"https:\/\/footdavant.fr\/actualites\/\",\"name\":\"Foot d'avant\",\"description\":\"\",\"publisher\":{\"@id\":\"https:\/\/footdavant.fr\/actualites\/#organization\"},\"potentialAction\":[{\"@type\":\"SearchAction\",\"target\":{\"@type\":\"EntryPoint\",\"urlTemplate\":\"https:\/\/footdavant.fr\/actualites\/?s={search_term_string}\"},\"query-input\":\"required name=search_term_string\"}],\"inLanguage\":\"fr-FR\"},{\"@type\":\"Organization\",\"@id\":\"https:\/\/footdavant.fr\/actualites\/#organization\",\"name\":\"Foot d'avant\",\"url\":\"https:\/\/footdavant.fr\/actualites\/\",\"logo\":{\"@type\":\"ImageObject\",\"inLanguage\":\"fr-FR\",\"@id\":\"https:\/\/footdavant.fr\/actualites\/#\/schema\/logo\/image\/\",\"url\":\"https:\/\/footdavant.fr\/actualites\/wp-content\/uploads\/2023\/09\/Copy-of-FootDavant-Logo.png\",\"contentUrl\":\"https:\/\/footdavant.fr\/actualites\/wp-content\/uploads\/2023\/09\/Copy-of-FootDavant-Logo.png\",\"width\":936,\"height\":549,\"caption\":\"Foot d'avant\"},\"image\":{\"@id\":\"https:\/\/footdavant.fr\/actualites\/#\/schema\/logo\/image\/\"},\"sameAs\":[\"https:\/\/www.facebook.com\/Footdavant\/\",\"https:\/\/twitter.com\/FootdavantFr\",\"https:\/\/www.instagram.com\/footdavant.fr\/\"]},{\"@type\":\"Person\",\"@id\":\"https:\/\/footdavant.fr\/actualites\/#\/schema\/person\/bc222566d95871b37e597b3ed3ba5e1d\",\"name\":\"Cl\u00e9ment\",\"image\":{\"@type\":\"ImageObject\",\"inLanguage\":\"fr-FR\",\"@id\":\"https:\/\/footdavant.fr\/actualites\/#\/schema\/person\/image\/\",\"url\":\"https:\/\/secure.gravatar.com\/avatar\/7728b29aac2719421e1a9159b2254c44?s=96&d=mm&r=g\",\"contentUrl\":\"https:\/\/secure.gravatar.com\/avatar\/7728b29aac2719421e1a9159b2254c44?s=96&d=mm&r=g\",\"caption\":\"Cl\u00e9ment\"},\"sameAs\":[\"https:\/\/footdavant.fr\/\"]}]}<\/script>\n<!-- \/ Yoast SEO plugin. -->","yoast_head_json":{"title":"Bellerin fait un pronostic plein d\u2019espoir pour Arsenal en Premier League","robots":{"index":"index","follow":"follow","max-snippet":"max-snippet:-1","max-image-preview":"max-image-preview:large","max-video-preview":"max-video-preview:-1"},"canonical":"https:\/\/footdavant.fr\/actualites\/bellerin-fait-un-pronostic-plein-despoir-pour-arsenal-en-premier-league\/","og_locale":"fr_FR","og_type":"article","og_title":"Bellerin fait un pronostic plein d\u2019espoir pour Arsenal en Premier League","og_description":"L&rsquo;ancien arri\u00e8re lat\u00e9ral d&rsquo;Arsenal, Hector Bellerin, a sugg\u00e9r\u00e9 que son ancienne \u00e9quipe poss\u00e8de d\u00e9sormais l&rsquo;exp\u00e9rience requise non seulement pour d\u00e9fier, mais \u00e9galement pour tenir la","og_url":"https:\/\/footdavant.fr\/actualites\/bellerin-fait-un-pronostic-plein-despoir-pour-arsenal-en-premier-league\/","og_site_name":"Foot d&#039;avant","article_publisher":"https:\/\/www.facebook.com\/Footdavant\/","article_published_time":"2023-11-21T09:58:50+00:00","article_modified_time":"2023-11-21T09:58:51+00:00","og_image":[{"width":696,"height":464,"url":"https:\/\/footdavant.fr\/actualites\/wp-content\/uploads\/2023\/11\/Bellerin-fait-un-pronostic-plein-despoir-pour-Arsenal-en-Premier.jpg","type":"image\/jpeg"}],"author":"Cl\u00e9ment","twitter_card":"summary_large_image","twitter_creator":"@FootdavantFr","twitter_site":"@FootdavantFr","twitter_misc":{"\u00c9crit par":"Cl\u00e9ment","Dur\u00e9e de lecture estim\u00e9e":"2 minutes"},"schema":{"@context":"https:\/\/schema.org","@graph":[{"@type":"Article","@id":"https:\/\/footdavant.fr\/actualites\/bellerin-fait-un-pronostic-plein-despoir-pour-arsenal-en-premier-league\/#article","isPartOf":{"@id":"https:\/\/footdavant.fr\/actualites\/bellerin-fait-un-pronostic-plein-despoir-pour-arsenal-en-premier-league\/"},"author":{"name":"Cl\u00e9ment","@id":"https:\/\/footdavant.fr\/actualites\/#\/schema\/person\/bc222566d95871b37e597b3ed3ba5e1d"},"headline":"Bellerin fait un pronostic plein d\u2019espoir pour Arsenal en Premier League","datePublished":"2023-11-21T09:58:50+00:00","dateModified":"2023-11-21T09:58:51+00:00","mainEntityOfPage":{"@id":"https:\/\/footdavant.fr\/actualites\/bellerin-fait-un-pronostic-plein-despoir-pour-arsenal-en-premier-league\/"},"wordCount":451,"publisher":{"@id":"https:\/\/footdavant.fr\/actualites\/#organization"},"keywords":["Arsenal","Bellerin","despoir","fait","League","plein","pour","Premier","pronostic"],"articleSection":["Football"],"inLanguage":"fr-FR"},{"@type":"WebPage","@id":"https:\/\/footdavant.fr\/actualites\/bellerin-fait-un-pronostic-plein-despoir-pour-arsenal-en-premier-league\/","url":"https:\/\/footdavant.fr\/actualites\/bellerin-fait-un-pronostic-plein-despoir-pour-arsenal-en-premier-league\/","name":"Bellerin fait un pronostic plein d\u2019espoir pour Arsenal en Premier League","isPartOf":{"@id":"https:\/\/footdavant.fr\/actualites\/#website"},"datePublished":"2023-11-21T09:58:50+00:00","dateModified":"2023-11-21T09:58:51+00:00","breadcrumb":{"@id":"https:\/\/footdavant.fr\/actualites\/bellerin-fait-un-pronostic-plein-despoir-pour-arsenal-en-premier-league\/#breadcrumb"},"inLanguage":"fr-FR","potentialAction":[{"@type":"ReadAction","target":["https:\/\/footdavant.fr\/actualites\/bellerin-fait-un-pronostic-plein-despoir-pour-arsenal-en-premier-league\/"]}]},{"@type":"BreadcrumbList","@id":"https:\/\/footdavant.fr\/actualites\/bellerin-fait-un-pronostic-plein-despoir-pour-arsenal-en-premier-league\/#breadcrumb","itemListElement":[{"@type":"ListItem","position":1,"name":"Accueil","item":"https:\/\/footdavant.fr\/actualites\/"},{"@type":"ListItem","position":2,"name":"Bellerin fait un pronostic plein d\u2019espoir pour Arsenal en Premier League"}]},{"@type":"WebSite","@id":"https:\/\/footdavant.fr\/actualites\/#website","url":"https:\/\/footdavant.fr\/actualites\/","name":"Foot d'avant","description":"","publisher":{"@id":"https:\/\/footdavant.fr\/actualites\/#organization"},"potentialAction":[{"@type":"SearchAction","target":{"@type":"EntryPoint","urlTemplate":"https:\/\/footdavant.fr\/actualites\/?s={search_term_string}"},"query-input":"required name=search_term_string"}],"inLanguage":"fr-FR"},{"@type":"Organization","@id":"https:\/\/footdavant.fr\/actualites\/#organization","name":"Foot d'avant","url":"https:\/\/footdavant.fr\/actualites\/","logo":{"@type":"ImageObject","inLanguage":"fr-FR","@id":"https:\/\/footdavant.fr\/actualites\/#\/schema\/logo\/image\/","url":"https:\/\/footdavant.fr\/actualites\/wp-content\/uploads\/2023\/09\/Copy-of-FootDavant-Logo.png","contentUrl":"https:\/\/footdavant.fr\/actualites\/wp-content\/uploads\/2023\/09\/Copy-of-FootDavant-Logo.png","width":936,"height":549,"caption":"Foot d'avant"},"image":{"@id":"https:\/\/footdavant.fr\/actualites\/#\/schema\/logo\/image\/"},"sameAs":["https:\/\/www.facebook.com\/Footdavant\/","https:\/\/twitter.com\/FootdavantFr","https:\/\/www.instagram.com\/footdavant.fr\/"]},{"@type":"Person","@id":"https:\/\/footdavant.fr\/actualites\/#\/schema\/person\/bc222566d95871b37e597b3ed3ba5e1d","name":"Cl\u00e9ment","image":{"@type":"ImageObject","inLanguage":"fr-FR","@id":"https:\/\/footdavant.fr\/actualites\/#\/schema\/person\/image\/","url":"https:\/\/secure.gravatar.com\/avatar\/7728b29aac2719421e1a9159b2254c44?s=96&d=mm&r=g","contentUrl":"https:\/\/secure.gravatar.com\/avatar\/7728b29aac2719421e1a9159b2254c44?s=96&d=mm&r=g","caption":"Cl\u00e9ment"},"sameAs":["https:\/\/footdavant.fr\/"]}]}},"_links":{"self":[{"href":"https:\/\/footdavant.fr\/actualites\/wp-json\/wp\/v2\/posts\/1223"}],"collection":[{"href":"https:\/\/footdavant.fr\/actualites\/wp-json\/wp\/v2\/posts"}],"about":[{"href":"https:\/\/footdavant.fr\/actualites\/wp-json\/wp\/v2\/types\/post"}],"author":[{"embeddable":true,"href":"https:\/\/footdavant.fr\/actualites\/wp-json\/wp\/v2\/users\/1"}],"replies":[{"embeddable":true,"href":"https:\/\/footdavant.fr\/actualites\/wp-json\/wp\/v2\/comments?post=1223"}],"version-history":[{"count":1,"href":"https:\/\/footdavant.fr\/actualites\/wp-json\/wp\/v2\/posts\/1223\/revisions"}],"predecessor-version":[{"id":1225,"href":"https:\/\/footdavant.fr\/actualites\/wp-json\/wp\/v2\/posts\/1223\/revisions\/1225"}],"wp:featuredmedia":[{"embeddable":true,"href":"https:\/\/footdavant.fr\/actualites\/wp-json\/wp\/v2\/media\/1224"}],"wp:attachment":[{"href":"https:\/\/footdavant.fr\/actualites\/wp-json\/wp\/v2\/media?parent=1223"}],"wp:term":[{"taxonomy":"category","embeddable":true,"href":"https:\/\/footdavant.fr\/actualites\/wp-json\/wp\/v2\/categories?post=1223"},{"taxonomy":"post_tag","embeddable":true,"href":"https:\/\/footdavant.fr\/actualites\/wp-json\/wp\/v2\/tags?post=1223"}],"curies":[{"name":"wp","href":"https:\/\/api.w.org\/{rel}","templated":true}]}}