{"id":12239,"date":"2024-08-14T16:49:57","date_gmt":"2024-08-14T14:49:57","guid":{"rendered":"https:\/\/footdavant.fr\/actualites\/chelsea-envisage-probablement-une-eventuelle-interdiction-de-transfert-en-faisant-des-reserves\/"},"modified":"2024-08-14T16:49:57","modified_gmt":"2024-08-14T14:49:57","slug":"chelsea-envisage-probablement-une-eventuelle-interdiction-de-transfert-en-faisant-des-reserves","status":"publish","type":"post","link":"https:\/\/footdavant.fr\/actualites\/chelsea-envisage-probablement-une-eventuelle-interdiction-de-transfert-en-faisant-des-reserves\/","title":{"rendered":"Chelsea envisage probablement une \u00e9ventuelle interdiction de transfert en faisant des r\u00e9serves \u2013"},"content":{"rendered":"<div id=\"mvp-content-main\">\n<p>Comme vous le savez, Chelsea fait l&#39;objet d&#39;une enqu\u00eate de la part de la ligue pour violation historique des r\u00e8gles sous la direction de Roman Abramovich.<\/p>\n<p>Il y a tellement d&#39;infractions et d&#39;accusations faisant l&#39;objet d&#39;une enqu\u00eate li\u00e9es \u00e0 des accords de transfert ant\u00e9rieurs sous l&#39;ancien propri\u00e9taire qu&#39;il semble qu&#39;il sera impossible pour Chelsea d&#39;\u00e9viter toute sanction grave ici.<\/p>\n<p>Tout cela est extr\u00eamement complexe et il y a tellement de probl\u00e8mes et d&#39;incidents pour lesquels Chelsea fait l&#39;objet d&#39;une enqu\u00eate, c&#39;est pourquoi cela a pris autant de temps.<\/p>\n<p>Mais une conclusion est d\u00e9sormais tr\u00e8s proche\u2026.<\/p>\n<p>Le directeur g\u00e9n\u00e9ral de la Premier League, Richard Masters, s&#39;est exprim\u00e9 hier sur l&#39;enqu\u00eate sur Chelsea :<\/p>\n<p>\u00ab Il est \u00e9vident que nous parlons d&#39;un \u00e9v\u00e9nement historique. C&#39;est compliqu\u00e9 quand le club nous parle de choses qui se sont pass\u00e9es sous l&#39;ancien propri\u00e9taire. Tout ce que je peux dire, c&#39;est que l&#39;enqu\u00eate et les discussions sont en train d&#39;aboutir, mais tant que cela n&#39;est pas fait, je ne peux pas dire ce qui va se passer ensuite. \u00bb<\/p>\n<p>Personnellement, je pense que nous devrions peut-\u00eatre nous pr\u00e9parer au pire. Je ne sais pas ce qui va se passer, mais si nous nous attendons au pire, tout le reste n&#39;est que du bonus.<\/p>\n<p>Comme je l&#39;ai signal\u00e9 la semaine derni\u00e8re, Chelsea fait exactement cela, se pr\u00e9parant au pire. Ils ont le sentiment qu&#39;ils risquent une amende et une interdiction de transfert qui pourraient d\u00e9passer une ou deux fen\u00eatres. Des sources ont d\u00e9clar\u00e9 que c&#39;est l&#39;une des nombreuses raisons pour lesquelles ils ont accumul\u00e9 des talents et recrut\u00e9 autant de joueurs. Mais ce n&#39;est pas la seule raison. Nous en avons parl\u00e9 il y a quelques semaines.<\/p>\n<p>J&#39;ai vu qu&#39;il \u00e9tait sugg\u00e9r\u00e9 que Chelsea pourrait se voir infliger une interdiction de transfert pour plusieurs p\u00e9riodes de jeu pour les infractions, ce qui pourrait \u00eatre deux ans (donc quatre p\u00e9riodes de jeu). Il dit aussi qu&#39;il pense que ce pourrait \u00eatre le cas, mais sans amende.<\/p>\n<p>N&#39;oubliez pas, ce n&#39;est que l&#39;opinion de Rob. Personne ne sait encore quelle sera la punition.<\/p>\n<p>Mais comme je l&#39;ai d\u00e9j\u00e0 dit, Chelsea se pr\u00e9pare au pire et \u00e0 toutes les \u00e9ventualit\u00e9s. Mais ils pensent aussi que le fait de signaler eux-m\u00eames les probl\u00e8mes les a aid\u00e9s et devraient en voir les r\u00e9sultats dans la sanction.<\/p>\n<p>\t\t\t\t\t\t\t\t\t<!--mvp-post-tags--><\/p><\/div>\n","protected":false},"excerpt":{"rendered":"<p>Comme vous le savez, Chelsea fait l&#39;objet d&#39;une enqu\u00eate de la part de la ligue pour violation historique des r\u00e8gles sous la direction de Roman<\/p>\n","protected":false},"author":1,"featured_media":6214,"comment_status":"closed","ping_status":"","sticky":false,"template":"","format":"standard","meta":{"footnotes":""},"categories":[3],"tags":[171,12,496,4398,3536,6082,2472,2861,700,92],"yoast_head":"<!-- This site is optimized with the Yoast SEO plugin v21.0 - https:\/\/yoast.com\/wordpress\/plugins\/seo\/ -->\n<title>Chelsea envisage probablement une \u00e9ventuelle interdiction de transfert en faisant des r\u00e9serves \u2013<\/title>\n<meta name=\"robots\" content=\"index, follow, max-snippet:-1, max-image-preview:large, max-video-preview:-1\" \/>\n<link rel=\"canonical\" href=\"https:\/\/footdavant.fr\/actualites\/chelsea-envisage-probablement-une-eventuelle-interdiction-de-transfert-en-faisant-des-reserves\/\" \/>\n<meta property=\"og:locale\" content=\"fr_FR\" \/>\n<meta property=\"og:type\" content=\"article\" \/>\n<meta property=\"og:title\" content=\"Chelsea envisage probablement une \u00e9ventuelle interdiction de transfert en faisant des r\u00e9serves \u2013\" \/>\n<meta property=\"og:description\" content=\"Comme vous le savez, Chelsea fait l&#039;objet d&#039;une enqu\u00eate de la part de la ligue pour violation historique des r\u00e8gles sous la direction de Roman\" \/>\n<meta property=\"og:url\" content=\"https:\/\/footdavant.fr\/actualites\/chelsea-envisage-probablement-une-eventuelle-interdiction-de-transfert-en-faisant-des-reserves\/\" \/>\n<meta property=\"og:site_name\" content=\"Foot d&#039;avant\" \/>\n<meta property=\"article:publisher\" content=\"https:\/\/www.facebook.com\/Footdavant\/\" \/>\n<meta property=\"article:published_time\" content=\"2024-08-14T14:49:57+00:00\" \/>\n<meta property=\"og:image\" content=\"https:\/\/footdavant.fr\/actualites\/wp-content\/uploads\/2024\/03\/Pourquoi-les-proprietaires-de-Chelsea-doivent-suivre-Liverpool-dans-ce.jpg\" \/>\n\t<meta property=\"og:image:width\" content=\"1000\" \/>\n\t<meta property=\"og:image:height\" content=\"600\" \/>\n\t<meta property=\"og:image:type\" content=\"image\/jpeg\" \/>\n<meta name=\"author\" content=\"Cl\u00e9ment\" \/>\n<meta name=\"twitter:card\" content=\"summary_large_image\" \/>\n<meta name=\"twitter:creator\" content=\"@FootdavantFr\" \/>\n<meta name=\"twitter:site\" content=\"@FootdavantFr\" \/>\n<meta name=\"twitter:label1\" content=\"\u00c9crit par\" \/>\n\t<meta name=\"twitter:data1\" content=\"Cl\u00e9ment\" \/>\n\t<meta name=\"twitter:label2\" content=\"Dur\u00e9e de lecture estim\u00e9e\" \/>\n\t<meta name=\"twitter:data2\" content=\"2 minutes\" \/>\n<script type=\"application\/ld+json\" class=\"yoast-schema-graph\">{\"@context\":\"https:\/\/schema.org\",\"@graph\":[{\"@type\":\"Article\",\"@id\":\"https:\/\/footdavant.fr\/actualites\/chelsea-envisage-probablement-une-eventuelle-interdiction-de-transfert-en-faisant-des-reserves\/#article\",\"isPartOf\":{\"@id\":\"https:\/\/footdavant.fr\/actualites\/chelsea-envisage-probablement-une-eventuelle-interdiction-de-transfert-en-faisant-des-reserves\/\"},\"author\":{\"name\":\"Cl\u00e9ment\",\"@id\":\"https:\/\/footdavant.fr\/actualites\/#\/schema\/person\/bc222566d95871b37e597b3ed3ba5e1d\"},\"headline\":\"Chelsea envisage probablement une \u00e9ventuelle interdiction de transfert en faisant des r\u00e9serves \u2013\",\"datePublished\":\"2024-08-14T14:49:57+00:00\",\"dateModified\":\"2024-08-14T14:49:57+00:00\",\"mainEntityOfPage\":{\"@id\":\"https:\/\/footdavant.fr\/actualites\/chelsea-envisage-probablement-une-eventuelle-interdiction-de-transfert-en-faisant-des-reserves\/\"},\"wordCount\":463,\"publisher\":{\"@id\":\"https:\/\/footdavant.fr\/actualites\/#organization\"},\"keywords\":[\"Chelsea\",\"des\",\"envisage\",\"\u00e9ventuelle\",\"faisant\",\"interdiction\",\"probablement\",\"r\u00e9serv\u00e9s\",\"transfert\",\"une\"],\"articleSection\":[\"Football\"],\"inLanguage\":\"fr-FR\"},{\"@type\":\"WebPage\",\"@id\":\"https:\/\/footdavant.fr\/actualites\/chelsea-envisage-probablement-une-eventuelle-interdiction-de-transfert-en-faisant-des-reserves\/\",\"url\":\"https:\/\/footdavant.fr\/actualites\/chelsea-envisage-probablement-une-eventuelle-interdiction-de-transfert-en-faisant-des-reserves\/\",\"name\":\"Chelsea envisage probablement une \u00e9ventuelle interdiction de transfert en faisant des r\u00e9serves \u2013\",\"isPartOf\":{\"@id\":\"https:\/\/footdavant.fr\/actualites\/#website\"},\"datePublished\":\"2024-08-14T14:49:57+00:00\",\"dateModified\":\"2024-08-14T14:49:57+00:00\",\"breadcrumb\":{\"@id\":\"https:\/\/footdavant.fr\/actualites\/chelsea-envisage-probablement-une-eventuelle-interdiction-de-transfert-en-faisant-des-reserves\/#breadcrumb\"},\"inLanguage\":\"fr-FR\",\"potentialAction\":[{\"@type\":\"ReadAction\",\"target\":[\"https:\/\/footdavant.fr\/actualites\/chelsea-envisage-probablement-une-eventuelle-interdiction-de-transfert-en-faisant-des-reserves\/\"]}]},{\"@type\":\"BreadcrumbList\",\"@id\":\"https:\/\/footdavant.fr\/actualites\/chelsea-envisage-probablement-une-eventuelle-interdiction-de-transfert-en-faisant-des-reserves\/#breadcrumb\",\"itemListElement\":[{\"@type\":\"ListItem\",\"position\":1,\"name\":\"Accueil\",\"item\":\"https:\/\/footdavant.fr\/actualites\/\"},{\"@type\":\"ListItem\",\"position\":2,\"name\":\"Chelsea envisage probablement une \u00e9ventuelle interdiction de transfert en faisant des r\u00e9serves \u2013\"}]},{\"@type\":\"WebSite\",\"@id\":\"https:\/\/footdavant.fr\/actualites\/#website\",\"url\":\"https:\/\/footdavant.fr\/actualites\/\",\"name\":\"Foot d'avant\",\"description\":\"\",\"publisher\":{\"@id\":\"https:\/\/footdavant.fr\/actualites\/#organization\"},\"potentialAction\":[{\"@type\":\"SearchAction\",\"target\":{\"@type\":\"EntryPoint\",\"urlTemplate\":\"https:\/\/footdavant.fr\/actualites\/?s={search_term_string}\"},\"query-input\":\"required name=search_term_string\"}],\"inLanguage\":\"fr-FR\"},{\"@type\":\"Organization\",\"@id\":\"https:\/\/footdavant.fr\/actualites\/#organization\",\"name\":\"Foot d'avant\",\"url\":\"https:\/\/footdavant.fr\/actualites\/\",\"logo\":{\"@type\":\"ImageObject\",\"inLanguage\":\"fr-FR\",\"@id\":\"https:\/\/footdavant.fr\/actualites\/#\/schema\/logo\/image\/\",\"url\":\"https:\/\/footdavant.fr\/actualites\/wp-content\/uploads\/2023\/09\/Copy-of-FootDavant-Logo.png\",\"contentUrl\":\"https:\/\/footdavant.fr\/actualites\/wp-content\/uploads\/2023\/09\/Copy-of-FootDavant-Logo.png\",\"width\":936,\"height\":549,\"caption\":\"Foot d'avant\"},\"image\":{\"@id\":\"https:\/\/footdavant.fr\/actualites\/#\/schema\/logo\/image\/\"},\"sameAs\":[\"https:\/\/www.facebook.com\/Footdavant\/\",\"https:\/\/twitter.com\/FootdavantFr\",\"https:\/\/www.instagram.com\/footdavant.fr\/\"]},{\"@type\":\"Person\",\"@id\":\"https:\/\/footdavant.fr\/actualites\/#\/schema\/person\/bc222566d95871b37e597b3ed3ba5e1d\",\"name\":\"Cl\u00e9ment\",\"image\":{\"@type\":\"ImageObject\",\"inLanguage\":\"fr-FR\",\"@id\":\"https:\/\/footdavant.fr\/actualites\/#\/schema\/person\/image\/\",\"url\":\"https:\/\/secure.gravatar.com\/avatar\/7728b29aac2719421e1a9159b2254c44?s=96&d=mm&r=g\",\"contentUrl\":\"https:\/\/secure.gravatar.com\/avatar\/7728b29aac2719421e1a9159b2254c44?s=96&d=mm&r=g\",\"caption\":\"Cl\u00e9ment\"},\"sameAs\":[\"https:\/\/footdavant.fr\/\"]}]}<\/script>\n<!-- \/ Yoast SEO plugin. -->","yoast_head_json":{"title":"Chelsea envisage probablement une \u00e9ventuelle interdiction de transfert en faisant des r\u00e9serves \u2013","robots":{"index":"index","follow":"follow","max-snippet":"max-snippet:-1","max-image-preview":"max-image-preview:large","max-video-preview":"max-video-preview:-1"},"canonical":"https:\/\/footdavant.fr\/actualites\/chelsea-envisage-probablement-une-eventuelle-interdiction-de-transfert-en-faisant-des-reserves\/","og_locale":"fr_FR","og_type":"article","og_title":"Chelsea envisage probablement une \u00e9ventuelle interdiction de transfert en faisant des r\u00e9serves \u2013","og_description":"Comme vous le savez, Chelsea fait l&#39;objet d&#39;une enqu\u00eate de la part de la ligue pour violation historique des r\u00e8gles sous la direction de Roman","og_url":"https:\/\/footdavant.fr\/actualites\/chelsea-envisage-probablement-une-eventuelle-interdiction-de-transfert-en-faisant-des-reserves\/","og_site_name":"Foot d&#039;avant","article_publisher":"https:\/\/www.facebook.com\/Footdavant\/","article_published_time":"2024-08-14T14:49:57+00:00","og_image":[{"width":1000,"height":600,"url":"https:\/\/footdavant.fr\/actualites\/wp-content\/uploads\/2024\/03\/Pourquoi-les-proprietaires-de-Chelsea-doivent-suivre-Liverpool-dans-ce.jpg","type":"image\/jpeg"}],"author":"Cl\u00e9ment","twitter_card":"summary_large_image","twitter_creator":"@FootdavantFr","twitter_site":"@FootdavantFr","twitter_misc":{"\u00c9crit par":"Cl\u00e9ment","Dur\u00e9e de lecture estim\u00e9e":"2 minutes"},"schema":{"@context":"https:\/\/schema.org","@graph":[{"@type":"Article","@id":"https:\/\/footdavant.fr\/actualites\/chelsea-envisage-probablement-une-eventuelle-interdiction-de-transfert-en-faisant-des-reserves\/#article","isPartOf":{"@id":"https:\/\/footdavant.fr\/actualites\/chelsea-envisage-probablement-une-eventuelle-interdiction-de-transfert-en-faisant-des-reserves\/"},"author":{"name":"Cl\u00e9ment","@id":"https:\/\/footdavant.fr\/actualites\/#\/schema\/person\/bc222566d95871b37e597b3ed3ba5e1d"},"headline":"Chelsea envisage probablement une \u00e9ventuelle interdiction de transfert en faisant des r\u00e9serves \u2013","datePublished":"2024-08-14T14:49:57+00:00","dateModified":"2024-08-14T14:49:57+00:00","mainEntityOfPage":{"@id":"https:\/\/footdavant.fr\/actualites\/chelsea-envisage-probablement-une-eventuelle-interdiction-de-transfert-en-faisant-des-reserves\/"},"wordCount":463,"publisher":{"@id":"https:\/\/footdavant.fr\/actualites\/#organization"},"keywords":["Chelsea","des","envisage","\u00e9ventuelle","faisant","interdiction","probablement","r\u00e9serv\u00e9s","transfert","une"],"articleSection":["Football"],"inLanguage":"fr-FR"},{"@type":"WebPage","@id":"https:\/\/footdavant.fr\/actualites\/chelsea-envisage-probablement-une-eventuelle-interdiction-de-transfert-en-faisant-des-reserves\/","url":"https:\/\/footdavant.fr\/actualites\/chelsea-envisage-probablement-une-eventuelle-interdiction-de-transfert-en-faisant-des-reserves\/","name":"Chelsea envisage probablement une \u00e9ventuelle interdiction de transfert en faisant des r\u00e9serves \u2013","isPartOf":{"@id":"https:\/\/footdavant.fr\/actualites\/#website"},"datePublished":"2024-08-14T14:49:57+00:00","dateModified":"2024-08-14T14:49:57+00:00","breadcrumb":{"@id":"https:\/\/footdavant.fr\/actualites\/chelsea-envisage-probablement-une-eventuelle-interdiction-de-transfert-en-faisant-des-reserves\/#breadcrumb"},"inLanguage":"fr-FR","potentialAction":[{"@type":"ReadAction","target":["https:\/\/footdavant.fr\/actualites\/chelsea-envisage-probablement-une-eventuelle-interdiction-de-transfert-en-faisant-des-reserves\/"]}]},{"@type":"BreadcrumbList","@id":"https:\/\/footdavant.fr\/actualites\/chelsea-envisage-probablement-une-eventuelle-interdiction-de-transfert-en-faisant-des-reserves\/#breadcrumb","itemListElement":[{"@type":"ListItem","position":1,"name":"Accueil","item":"https:\/\/footdavant.fr\/actualites\/"},{"@type":"ListItem","position":2,"name":"Chelsea envisage probablement une \u00e9ventuelle interdiction de transfert en faisant des r\u00e9serves \u2013"}]},{"@type":"WebSite","@id":"https:\/\/footdavant.fr\/actualites\/#website","url":"https:\/\/footdavant.fr\/actualites\/","name":"Foot d'avant","description":"","publisher":{"@id":"https:\/\/footdavant.fr\/actualites\/#organization"},"potentialAction":[{"@type":"SearchAction","target":{"@type":"EntryPoint","urlTemplate":"https:\/\/footdavant.fr\/actualites\/?s={search_term_string}"},"query-input":"required name=search_term_string"}],"inLanguage":"fr-FR"},{"@type":"Organization","@id":"https:\/\/footdavant.fr\/actualites\/#organization","name":"Foot d'avant","url":"https:\/\/footdavant.fr\/actualites\/","logo":{"@type":"ImageObject","inLanguage":"fr-FR","@id":"https:\/\/footdavant.fr\/actualites\/#\/schema\/logo\/image\/","url":"https:\/\/footdavant.fr\/actualites\/wp-content\/uploads\/2023\/09\/Copy-of-FootDavant-Logo.png","contentUrl":"https:\/\/footdavant.fr\/actualites\/wp-content\/uploads\/2023\/09\/Copy-of-FootDavant-Logo.png","width":936,"height":549,"caption":"Foot d'avant"},"image":{"@id":"https:\/\/footdavant.fr\/actualites\/#\/schema\/logo\/image\/"},"sameAs":["https:\/\/www.facebook.com\/Footdavant\/","https:\/\/twitter.com\/FootdavantFr","https:\/\/www.instagram.com\/footdavant.fr\/"]},{"@type":"Person","@id":"https:\/\/footdavant.fr\/actualites\/#\/schema\/person\/bc222566d95871b37e597b3ed3ba5e1d","name":"Cl\u00e9ment","image":{"@type":"ImageObject","inLanguage":"fr-FR","@id":"https:\/\/footdavant.fr\/actualites\/#\/schema\/person\/image\/","url":"https:\/\/secure.gravatar.com\/avatar\/7728b29aac2719421e1a9159b2254c44?s=96&d=mm&r=g","contentUrl":"https:\/\/secure.gravatar.com\/avatar\/7728b29aac2719421e1a9159b2254c44?s=96&d=mm&r=g","caption":"Cl\u00e9ment"},"sameAs":["https:\/\/footdavant.fr\/"]}]}},"_links":{"self":[{"href":"https:\/\/footdavant.fr\/actualites\/wp-json\/wp\/v2\/posts\/12239"}],"collection":[{"href":"https:\/\/footdavant.fr\/actualites\/wp-json\/wp\/v2\/posts"}],"about":[{"href":"https:\/\/footdavant.fr\/actualites\/wp-json\/wp\/v2\/types\/post"}],"author":[{"embeddable":true,"href":"https:\/\/footdavant.fr\/actualites\/wp-json\/wp\/v2\/users\/1"}],"replies":[{"embeddable":true,"href":"https:\/\/footdavant.fr\/actualites\/wp-json\/wp\/v2\/comments?post=12239"}],"version-history":[{"count":1,"href":"https:\/\/footdavant.fr\/actualites\/wp-json\/wp\/v2\/posts\/12239\/revisions"}],"predecessor-version":[{"id":12240,"href":"https:\/\/footdavant.fr\/actualites\/wp-json\/wp\/v2\/posts\/12239\/revisions\/12240"}],"wp:featuredmedia":[{"embeddable":true,"href":"https:\/\/footdavant.fr\/actualites\/wp-json\/wp\/v2\/media\/6214"}],"wp:attachment":[{"href":"https:\/\/footdavant.fr\/actualites\/wp-json\/wp\/v2\/media?parent=12239"}],"wp:term":[{"taxonomy":"category","embeddable":true,"href":"https:\/\/footdavant.fr\/actualites\/wp-json\/wp\/v2\/categories?post=12239"},{"taxonomy":"post_tag","embeddable":true,"href":"https:\/\/footdavant.fr\/actualites\/wp-json\/wp\/v2\/tags?post=12239"}],"curies":[{"name":"wp","href":"https:\/\/api.w.org\/{rel}","templated":true}]}}