{"id":12241,"date":"2024-08-14T18:49:39","date_gmt":"2024-08-14T16:49:39","guid":{"rendered":"https:\/\/footdavant.fr\/actualites\/manchester-city-a-ete-touche-par-une-blessure-tardive-avant-le-community-shield\/"},"modified":"2024-08-14T18:49:40","modified_gmt":"2024-08-14T16:49:40","slug":"manchester-city-a-ete-touche-par-une-blessure-tardive-avant-le-community-shield","status":"publish","type":"post","link":"https:\/\/footdavant.fr\/actualites\/manchester-city-a-ete-touche-par-une-blessure-tardive-avant-le-community-shield\/","title":{"rendered":"Manchester City a \u00e9t\u00e9 \u00ab touch\u00e9 \u00bb par une blessure tardive avant le Community Shield"},"content":{"rendered":"<p>Manchester City serait priv\u00e9 de son attaquant Jack Grealish pour le Community Shield de samedi contre Manchester United.<\/p>\n<div id=\"article_body\" itemprop=\"articleBody\">\n<h3 class=\"firstPara\">\n<strong class=\"autotag\">Manchester City<\/strong> sera pr\u00e9tendument priv\u00e9 des services de <strong class=\"autotag\">Jack Grealish<\/strong> pour le Community Shield de samedi contre <strong class=\"autotag\">Manchester United<\/strong>l&#39;attaquant ayant \u00e9t\u00e9 bless\u00e9 \u00e0 l&#39;entra\u00eenement.<\/h3>\n<p>On s&#39;attendait \u00e0 ce que Grealish soit titulaire au stade de Wembley, l&#39;international anglais \u00e9tant en grande forme avec les Citizens lors de leur pr\u00e9paration pour la campagne 2024-25.<\/p>\n<p>Le joueur de 28 ans n&#39;a pas \u00e9t\u00e9 retenu dans l&#39;\u00e9quipe d&#39;Angleterre pour l&#39;Euro 2024, ce qui signifie qu&#39;il a eu une pr\u00e9-saison compl\u00e8te pour Man City alors qu&#39;un certain nombre de ses co\u00e9quipiers \u00e9taient absents en raison d&#39;engagements internationaux.<\/p>\n<p>Selon <em>Le soleil<\/em>cependant, Grealish ne sera pas pr\u00e9sent pour Man City contre Man United en raison d&#39;une blessure qu&#39;il a subie lors d&#39;une s\u00e9ance d&#39;entra\u00eenement avant le match.<\/p>\n<p>Dans l&#39;\u00e9tat actuel des choses, l&#39;ampleur du probl\u00e8me n&#39;est pas claire, mais il est possible qu&#39;il soit \u00e9galement incertain pour le premier match de son \u00e9quipe en Premier League, qui aura lieu le 18 ao\u00fbt \u00e0 Chelsea.<\/p>\n<p class=\"imgI\">\n<h2 class=\"k3\">Grealish \u00ab exclu \u00bb du Community Shield<\/h2>\n<p>Grealish a eu du mal \u00e0 s&#39;imposer chez les Citizens la saison derni\u00e8re, n&#39;ayant marqu\u00e9 que trois buts et r\u00e9alis\u00e9 trois passes d\u00e9cisives en 36 apparitions toutes comp\u00e9titions confondues.<\/p>\n<p>L&#39;attaquant n&#39;a marqu\u00e9 que trois fois et enregistr\u00e9 une passe d\u00e9cisive en 20 matches de Premier League, mais cela a quand m\u00eame \u00e9t\u00e9 une surprise qu&#39;il soit exclu de l&#39;\u00e9quipe d&#39;Angleterre pour l&#39;Euro 2024.<\/p>\n<p>Il y avait eu des sp\u00e9culations autour de l&#39;avenir de Grealish plus t\u00f4t cet \u00e9t\u00e9, mais le montant de son salaire et l&#39;\u00e9valuation de Man City ont rendu un accord cet \u00e9t\u00e9 presque impossible.<\/p>\n<p>Le patron de Manchester City <strong class=\"autotag\">Pep Guardiola<\/strong> a \u00e9t\u00e9 \u00e9logieux \u00e0 l&#39;\u00e9gard des performances de l&#39;attaquant pendant la pr\u00e9-saison, d\u00e9clarant r\u00e9cemment aux journalistes : \u00ab Ce que j&#39;ai vu jusqu&#39;\u00e0 pr\u00e9sent ici, une semaine en pr\u00e9-saison en tourn\u00e9e, j&#39;ai ador\u00e9.<\/p>\n<p class=\"imgI\"><img decoding=\"async\" loading=\"lazy\" class=\"l\" src=\"https:\/\/footdavant.fr\/actualites\/wp-content\/uploads\/2024\/08\/Manchester-City-a-ete-touche-par-une-blessure.jpg\" title=\"L&#39;attaquant de Manchester City Jack Grealish le 30 juillet 2024\" alt=\"L&#39;attaquant de Manchester City Jack Grealish le 30 juillet 2024\" width=\"640\" height=\"480\"><\/p>\n<h2 class=\"k3\">Guardiola salue Grealish, un joueur \u00ab agressif \u00bb<\/h2>\n<p>\u00ab\u00a0Peu importe comment il joue, c&#39;est son engagement et ses efforts \u00e0 chaque s\u00e9ance, contre Barcelone il a fait cinq ou six tirs, il \u00e9tait agressif avec le ballon, c&#39;est tout, apr\u00e8s cela sa qualit\u00e9 fera le reste.<\/p>\n<p>\u00ab Je sais qu&#39;il sera bient\u00f4t papa et nous en sommes tr\u00e8s heureux. Tout ce que je demande aux joueurs, c&#39;est qu&#39;ils aiment jouer au football, oui, alors jouez.<\/p>\n<p>\u00ab J&#39;esp\u00e8re qu&#39;il pourra tenir jusqu&#39;\u00e0 la fin de la saison et, comme les autres, rivaliser avec tout le monde pour une place dans le onze de d\u00e9part, cela d\u00e9pend de lui.<\/p>\n<p>\u00ab Ce que je vois dans les comportements, dans l&#39;entra\u00eenement et dans la fa\u00e7on dont vous performez, plus vous faites bien, plus vous avez de chances. \u00bb<\/p>\n<p>Grealish a rejoint Manchester City depuis Aston Villa en ao\u00fbt 2021, et il a marqu\u00e9 14 buts et enregistr\u00e9 18 passes d\u00e9cisives en 125 apparitions pour les champions d&#39;Angleterre en titre dans toutes les comp\u00e9titions.<\/p>\n<\/div>\n","protected":false},"excerpt":{"rendered":"<p>Manchester City serait priv\u00e9 de son attaquant Jack Grealish pour le Community Shield de samedi contre Manchester United. Manchester City sera pr\u00e9tendument priv\u00e9 des services<\/p>\n","protected":false},"author":1,"featured_media":12242,"comment_status":"closed","ping_status":"","sticky":false,"template":"","format":"standard","meta":{"footnotes":""},"categories":[5],"tags":[491,15,27,5519,776,11,75,5520,546,4179,92],"yoast_head":"<!-- This site is optimized with the Yoast SEO plugin v21.0 - https:\/\/yoast.com\/wordpress\/plugins\/seo\/ -->\n<title>Manchester City a \u00e9t\u00e9 \u00ab touch\u00e9 \u00bb par une blessure tardive avant le Community Shield<\/title>\n<meta name=\"robots\" content=\"index, follow, max-snippet:-1, max-image-preview:large, max-video-preview:-1\" \/>\n<link rel=\"canonical\" href=\"https:\/\/footdavant.fr\/actualites\/manchester-city-a-ete-touche-par-une-blessure-tardive-avant-le-community-shield\/\" \/>\n<meta property=\"og:locale\" content=\"fr_FR\" \/>\n<meta property=\"og:type\" content=\"article\" \/>\n<meta property=\"og:title\" content=\"Manchester City a \u00e9t\u00e9 \u00ab touch\u00e9 \u00bb par une blessure tardive avant le Community Shield\" \/>\n<meta property=\"og:description\" content=\"Manchester City serait priv\u00e9 de son attaquant Jack Grealish pour le Community Shield de samedi contre Manchester United. Manchester City sera pr\u00e9tendument priv\u00e9 des services\" \/>\n<meta property=\"og:url\" content=\"https:\/\/footdavant.fr\/actualites\/manchester-city-a-ete-touche-par-une-blessure-tardive-avant-le-community-shield\/\" \/>\n<meta property=\"og:site_name\" content=\"Foot d&#039;avant\" \/>\n<meta property=\"article:publisher\" content=\"https:\/\/www.facebook.com\/Footdavant\/\" \/>\n<meta property=\"article:published_time\" content=\"2024-08-14T16:49:39+00:00\" \/>\n<meta property=\"article:modified_time\" content=\"2024-08-14T16:49:40+00:00\" \/>\n<meta property=\"og:image\" content=\"https:\/\/footdavant.fr\/actualites\/wp-content\/uploads\/2024\/08\/Manchester-City-a-ete-touche-par-une-blessure.JPG\" \/>\n\t<meta property=\"og:image:width\" content=\"640\" \/>\n\t<meta property=\"og:image:height\" content=\"480\" \/>\n\t<meta property=\"og:image:type\" content=\"image\/jpeg\" \/>\n<meta name=\"author\" content=\"Cl\u00e9ment\" \/>\n<meta name=\"twitter:card\" content=\"summary_large_image\" \/>\n<meta name=\"twitter:creator\" content=\"@FootdavantFr\" \/>\n<meta name=\"twitter:site\" content=\"@FootdavantFr\" \/>\n<meta name=\"twitter:label1\" content=\"\u00c9crit par\" \/>\n\t<meta name=\"twitter:data1\" content=\"Cl\u00e9ment\" \/>\n\t<meta name=\"twitter:label2\" content=\"Dur\u00e9e de lecture estim\u00e9e\" \/>\n\t<meta name=\"twitter:data2\" content=\"3 minutes\" \/>\n<script type=\"application\/ld+json\" class=\"yoast-schema-graph\">{\"@context\":\"https:\/\/schema.org\",\"@graph\":[{\"@type\":\"Article\",\"@id\":\"https:\/\/footdavant.fr\/actualites\/manchester-city-a-ete-touche-par-une-blessure-tardive-avant-le-community-shield\/#article\",\"isPartOf\":{\"@id\":\"https:\/\/footdavant.fr\/actualites\/manchester-city-a-ete-touche-par-une-blessure-tardive-avant-le-community-shield\/\"},\"author\":{\"name\":\"Cl\u00e9ment\",\"@id\":\"https:\/\/footdavant.fr\/actualites\/#\/schema\/person\/bc222566d95871b37e597b3ed3ba5e1d\"},\"headline\":\"Manchester City a \u00e9t\u00e9 \u00ab touch\u00e9 \u00bb par une blessure tardive avant le Community Shield\",\"datePublished\":\"2024-08-14T16:49:39+00:00\",\"dateModified\":\"2024-08-14T16:49:40+00:00\",\"mainEntityOfPage\":{\"@id\":\"https:\/\/footdavant.fr\/actualites\/manchester-city-a-ete-touche-par-une-blessure-tardive-avant-le-community-shield\/\"},\"wordCount\":555,\"publisher\":{\"@id\":\"https:\/\/footdavant.fr\/actualites\/#organization\"},\"keywords\":[\"avant\",\"Blessure\",\"City\",\"Community\",\"\u00e9t\u00e9\",\"Manchester\",\"par\",\"Shield\",\"tardive\",\"touche\",\"une\"],\"articleSection\":[\"Premier League\"],\"inLanguage\":\"fr-FR\"},{\"@type\":\"WebPage\",\"@id\":\"https:\/\/footdavant.fr\/actualites\/manchester-city-a-ete-touche-par-une-blessure-tardive-avant-le-community-shield\/\",\"url\":\"https:\/\/footdavant.fr\/actualites\/manchester-city-a-ete-touche-par-une-blessure-tardive-avant-le-community-shield\/\",\"name\":\"Manchester City a \u00e9t\u00e9 \u00ab touch\u00e9 \u00bb par une blessure tardive avant le Community Shield\",\"isPartOf\":{\"@id\":\"https:\/\/footdavant.fr\/actualites\/#website\"},\"datePublished\":\"2024-08-14T16:49:39+00:00\",\"dateModified\":\"2024-08-14T16:49:40+00:00\",\"breadcrumb\":{\"@id\":\"https:\/\/footdavant.fr\/actualites\/manchester-city-a-ete-touche-par-une-blessure-tardive-avant-le-community-shield\/#breadcrumb\"},\"inLanguage\":\"fr-FR\",\"potentialAction\":[{\"@type\":\"ReadAction\",\"target\":[\"https:\/\/footdavant.fr\/actualites\/manchester-city-a-ete-touche-par-une-blessure-tardive-avant-le-community-shield\/\"]}]},{\"@type\":\"BreadcrumbList\",\"@id\":\"https:\/\/footdavant.fr\/actualites\/manchester-city-a-ete-touche-par-une-blessure-tardive-avant-le-community-shield\/#breadcrumb\",\"itemListElement\":[{\"@type\":\"ListItem\",\"position\":1,\"name\":\"Accueil\",\"item\":\"https:\/\/footdavant.fr\/actualites\/\"},{\"@type\":\"ListItem\",\"position\":2,\"name\":\"Manchester City a \u00e9t\u00e9 \u00ab touch\u00e9 \u00bb par une blessure tardive avant le Community Shield\"}]},{\"@type\":\"WebSite\",\"@id\":\"https:\/\/footdavant.fr\/actualites\/#website\",\"url\":\"https:\/\/footdavant.fr\/actualites\/\",\"name\":\"Foot d'avant\",\"description\":\"\",\"publisher\":{\"@id\":\"https:\/\/footdavant.fr\/actualites\/#organization\"},\"potentialAction\":[{\"@type\":\"SearchAction\",\"target\":{\"@type\":\"EntryPoint\",\"urlTemplate\":\"https:\/\/footdavant.fr\/actualites\/?s={search_term_string}\"},\"query-input\":\"required name=search_term_string\"}],\"inLanguage\":\"fr-FR\"},{\"@type\":\"Organization\",\"@id\":\"https:\/\/footdavant.fr\/actualites\/#organization\",\"name\":\"Foot d'avant\",\"url\":\"https:\/\/footdavant.fr\/actualites\/\",\"logo\":{\"@type\":\"ImageObject\",\"inLanguage\":\"fr-FR\",\"@id\":\"https:\/\/footdavant.fr\/actualites\/#\/schema\/logo\/image\/\",\"url\":\"https:\/\/footdavant.fr\/actualites\/wp-content\/uploads\/2023\/09\/Copy-of-FootDavant-Logo.png\",\"contentUrl\":\"https:\/\/footdavant.fr\/actualites\/wp-content\/uploads\/2023\/09\/Copy-of-FootDavant-Logo.png\",\"width\":936,\"height\":549,\"caption\":\"Foot d'avant\"},\"image\":{\"@id\":\"https:\/\/footdavant.fr\/actualites\/#\/schema\/logo\/image\/\"},\"sameAs\":[\"https:\/\/www.facebook.com\/Footdavant\/\",\"https:\/\/twitter.com\/FootdavantFr\",\"https:\/\/www.instagram.com\/footdavant.fr\/\"]},{\"@type\":\"Person\",\"@id\":\"https:\/\/footdavant.fr\/actualites\/#\/schema\/person\/bc222566d95871b37e597b3ed3ba5e1d\",\"name\":\"Cl\u00e9ment\",\"image\":{\"@type\":\"ImageObject\",\"inLanguage\":\"fr-FR\",\"@id\":\"https:\/\/footdavant.fr\/actualites\/#\/schema\/person\/image\/\",\"url\":\"https:\/\/secure.gravatar.com\/avatar\/7728b29aac2719421e1a9159b2254c44?s=96&d=mm&r=g\",\"contentUrl\":\"https:\/\/secure.gravatar.com\/avatar\/7728b29aac2719421e1a9159b2254c44?s=96&d=mm&r=g\",\"caption\":\"Cl\u00e9ment\"},\"sameAs\":[\"https:\/\/footdavant.fr\/\"]}]}<\/script>\n<!-- \/ Yoast SEO plugin. -->","yoast_head_json":{"title":"Manchester City a \u00e9t\u00e9 \u00ab touch\u00e9 \u00bb par une blessure tardive avant le Community Shield","robots":{"index":"index","follow":"follow","max-snippet":"max-snippet:-1","max-image-preview":"max-image-preview:large","max-video-preview":"max-video-preview:-1"},"canonical":"https:\/\/footdavant.fr\/actualites\/manchester-city-a-ete-touche-par-une-blessure-tardive-avant-le-community-shield\/","og_locale":"fr_FR","og_type":"article","og_title":"Manchester City a \u00e9t\u00e9 \u00ab touch\u00e9 \u00bb par une blessure tardive avant le Community Shield","og_description":"Manchester City serait priv\u00e9 de son attaquant Jack Grealish pour le Community Shield de samedi contre Manchester United. Manchester City sera pr\u00e9tendument priv\u00e9 des services","og_url":"https:\/\/footdavant.fr\/actualites\/manchester-city-a-ete-touche-par-une-blessure-tardive-avant-le-community-shield\/","og_site_name":"Foot d&#039;avant","article_publisher":"https:\/\/www.facebook.com\/Footdavant\/","article_published_time":"2024-08-14T16:49:39+00:00","article_modified_time":"2024-08-14T16:49:40+00:00","og_image":[{"width":640,"height":480,"url":"https:\/\/footdavant.fr\/actualites\/wp-content\/uploads\/2024\/08\/Manchester-City-a-ete-touche-par-une-blessure.JPG","type":"image\/jpeg"}],"author":"Cl\u00e9ment","twitter_card":"summary_large_image","twitter_creator":"@FootdavantFr","twitter_site":"@FootdavantFr","twitter_misc":{"\u00c9crit par":"Cl\u00e9ment","Dur\u00e9e de lecture estim\u00e9e":"3 minutes"},"schema":{"@context":"https:\/\/schema.org","@graph":[{"@type":"Article","@id":"https:\/\/footdavant.fr\/actualites\/manchester-city-a-ete-touche-par-une-blessure-tardive-avant-le-community-shield\/#article","isPartOf":{"@id":"https:\/\/footdavant.fr\/actualites\/manchester-city-a-ete-touche-par-une-blessure-tardive-avant-le-community-shield\/"},"author":{"name":"Cl\u00e9ment","@id":"https:\/\/footdavant.fr\/actualites\/#\/schema\/person\/bc222566d95871b37e597b3ed3ba5e1d"},"headline":"Manchester City a \u00e9t\u00e9 \u00ab touch\u00e9 \u00bb par une blessure tardive avant le Community Shield","datePublished":"2024-08-14T16:49:39+00:00","dateModified":"2024-08-14T16:49:40+00:00","mainEntityOfPage":{"@id":"https:\/\/footdavant.fr\/actualites\/manchester-city-a-ete-touche-par-une-blessure-tardive-avant-le-community-shield\/"},"wordCount":555,"publisher":{"@id":"https:\/\/footdavant.fr\/actualites\/#organization"},"keywords":["avant","Blessure","City","Community","\u00e9t\u00e9","Manchester","par","Shield","tardive","touche","une"],"articleSection":["Premier League"],"inLanguage":"fr-FR"},{"@type":"WebPage","@id":"https:\/\/footdavant.fr\/actualites\/manchester-city-a-ete-touche-par-une-blessure-tardive-avant-le-community-shield\/","url":"https:\/\/footdavant.fr\/actualites\/manchester-city-a-ete-touche-par-une-blessure-tardive-avant-le-community-shield\/","name":"Manchester City a \u00e9t\u00e9 \u00ab touch\u00e9 \u00bb par une blessure tardive avant le Community Shield","isPartOf":{"@id":"https:\/\/footdavant.fr\/actualites\/#website"},"datePublished":"2024-08-14T16:49:39+00:00","dateModified":"2024-08-14T16:49:40+00:00","breadcrumb":{"@id":"https:\/\/footdavant.fr\/actualites\/manchester-city-a-ete-touche-par-une-blessure-tardive-avant-le-community-shield\/#breadcrumb"},"inLanguage":"fr-FR","potentialAction":[{"@type":"ReadAction","target":["https:\/\/footdavant.fr\/actualites\/manchester-city-a-ete-touche-par-une-blessure-tardive-avant-le-community-shield\/"]}]},{"@type":"BreadcrumbList","@id":"https:\/\/footdavant.fr\/actualites\/manchester-city-a-ete-touche-par-une-blessure-tardive-avant-le-community-shield\/#breadcrumb","itemListElement":[{"@type":"ListItem","position":1,"name":"Accueil","item":"https:\/\/footdavant.fr\/actualites\/"},{"@type":"ListItem","position":2,"name":"Manchester City a \u00e9t\u00e9 \u00ab touch\u00e9 \u00bb par une blessure tardive avant le Community Shield"}]},{"@type":"WebSite","@id":"https:\/\/footdavant.fr\/actualites\/#website","url":"https:\/\/footdavant.fr\/actualites\/","name":"Foot d'avant","description":"","publisher":{"@id":"https:\/\/footdavant.fr\/actualites\/#organization"},"potentialAction":[{"@type":"SearchAction","target":{"@type":"EntryPoint","urlTemplate":"https:\/\/footdavant.fr\/actualites\/?s={search_term_string}"},"query-input":"required name=search_term_string"}],"inLanguage":"fr-FR"},{"@type":"Organization","@id":"https:\/\/footdavant.fr\/actualites\/#organization","name":"Foot d'avant","url":"https:\/\/footdavant.fr\/actualites\/","logo":{"@type":"ImageObject","inLanguage":"fr-FR","@id":"https:\/\/footdavant.fr\/actualites\/#\/schema\/logo\/image\/","url":"https:\/\/footdavant.fr\/actualites\/wp-content\/uploads\/2023\/09\/Copy-of-FootDavant-Logo.png","contentUrl":"https:\/\/footdavant.fr\/actualites\/wp-content\/uploads\/2023\/09\/Copy-of-FootDavant-Logo.png","width":936,"height":549,"caption":"Foot d'avant"},"image":{"@id":"https:\/\/footdavant.fr\/actualites\/#\/schema\/logo\/image\/"},"sameAs":["https:\/\/www.facebook.com\/Footdavant\/","https:\/\/twitter.com\/FootdavantFr","https:\/\/www.instagram.com\/footdavant.fr\/"]},{"@type":"Person","@id":"https:\/\/footdavant.fr\/actualites\/#\/schema\/person\/bc222566d95871b37e597b3ed3ba5e1d","name":"Cl\u00e9ment","image":{"@type":"ImageObject","inLanguage":"fr-FR","@id":"https:\/\/footdavant.fr\/actualites\/#\/schema\/person\/image\/","url":"https:\/\/secure.gravatar.com\/avatar\/7728b29aac2719421e1a9159b2254c44?s=96&d=mm&r=g","contentUrl":"https:\/\/secure.gravatar.com\/avatar\/7728b29aac2719421e1a9159b2254c44?s=96&d=mm&r=g","caption":"Cl\u00e9ment"},"sameAs":["https:\/\/footdavant.fr\/"]}]}},"_links":{"self":[{"href":"https:\/\/footdavant.fr\/actualites\/wp-json\/wp\/v2\/posts\/12241"}],"collection":[{"href":"https:\/\/footdavant.fr\/actualites\/wp-json\/wp\/v2\/posts"}],"about":[{"href":"https:\/\/footdavant.fr\/actualites\/wp-json\/wp\/v2\/types\/post"}],"author":[{"embeddable":true,"href":"https:\/\/footdavant.fr\/actualites\/wp-json\/wp\/v2\/users\/1"}],"replies":[{"embeddable":true,"href":"https:\/\/footdavant.fr\/actualites\/wp-json\/wp\/v2\/comments?post=12241"}],"version-history":[{"count":1,"href":"https:\/\/footdavant.fr\/actualites\/wp-json\/wp\/v2\/posts\/12241\/revisions"}],"predecessor-version":[{"id":12243,"href":"https:\/\/footdavant.fr\/actualites\/wp-json\/wp\/v2\/posts\/12241\/revisions\/12243"}],"wp:featuredmedia":[{"embeddable":true,"href":"https:\/\/footdavant.fr\/actualites\/wp-json\/wp\/v2\/media\/12242"}],"wp:attachment":[{"href":"https:\/\/footdavant.fr\/actualites\/wp-json\/wp\/v2\/media?parent=12241"}],"wp:term":[{"taxonomy":"category","embeddable":true,"href":"https:\/\/footdavant.fr\/actualites\/wp-json\/wp\/v2\/categories?post=12241"},{"taxonomy":"post_tag","embeddable":true,"href":"https:\/\/footdavant.fr\/actualites\/wp-json\/wp\/v2\/tags?post=12241"}],"curies":[{"name":"wp","href":"https:\/\/api.w.org\/{rel}","templated":true}]}}