{"id":12283,"date":"2024-08-15T22:49:27","date_gmt":"2024-08-15T20:49:27","guid":{"rendered":"https:\/\/footdavant.fr\/actualites\/transferts-a-chelsea-la-juventus-senquiert-du-statut-de-linternational-anglais\/"},"modified":"2024-08-15T22:49:28","modified_gmt":"2024-08-15T20:49:28","slug":"transferts-a-chelsea-la-juventus-senquiert-du-statut-de-linternational-anglais","status":"publish","type":"post","link":"https:\/\/footdavant.fr\/actualites\/transferts-a-chelsea-la-juventus-senquiert-du-statut-de-linternational-anglais\/","title":{"rendered":"Transferts \u00e0 Chelsea : la Juventus \u00ab s&#39;enquiert \u00bb du statut de l&#39;international anglais"},"content":{"rendered":"<p>Selon certaines informations, la Juventus aurait pris contact pour \u00e9tablir la disponibilit\u00e9 potentielle d&#39;un international anglais \u00e0 Chelsea.<\/p>\n<div id=\"article_body\" itemprop=\"articleBody\">\n<h3 class=\"firstPara\">\n<strong class=\"autotag\">Juventus<\/strong> auraient pris contact au sujet de la disponibilit\u00e9 d&#39;un <strong class=\"autotag\">Chelsea<\/strong> joueur dont l&#39;avenir \u00e0 Stamford Bridge pourrait \u00eatre incertain.<\/h3>\n<p>Ayant nomm\u00e9 <strong class=\"autotag\">Thiago Motta<\/strong> en tant que nouvel entra\u00eeneur, il y a eu des entr\u00e9es et des sorties importantes chez les g\u00e9ants italiens.<\/p>\n<p>Le milieu de terrain a \u00e9t\u00e9 renforc\u00e9 avec les arriv\u00e9es de <strong class=\"autotag\">Douglas Luiz<\/strong> et <strong class=\"autotag\">Kh\u00e9phren Thuram<\/strong>alors que <strong class=\"autotag\">Juan Cabal<\/strong> esp\u00e8re briguer une place r\u00e9guli\u00e8re au poste d&#39;arri\u00e8re gauche.<\/p>\n<p>Cependant, malgr\u00e9 les fonds r\u00e9cup\u00e9r\u00e9s gr\u00e2ce aux ventes de joueurs, la Juventus est toujours dans une position o\u00f9 elle a du mal \u00e0 conclure d&#39;autres accords.<\/p>\n<p>Bon d\u00e9fenseur central <strong class=\"autotag\">Jean-Clair Todibo<\/strong> il semblait probable qu&#39;il arrive \u00e0 Turin, mais la Juventus n&#39;a pas r\u00e9ussi \u00e0 finaliser les conditions financi\u00e8res avec l&#39;\u00e9quipe fran\u00e7aise et a permis \u00e0 West Ham United de d\u00e9tourner ce transfert.<\/p>\n<p>Il est donc n\u00e9cessaire de r\u00e9fl\u00e9chir davantage \u00e0 leurs futures acquisitions, et il semble qu&#39;ils pourraient chercher \u00e0 profiter d&#39;une situation qui pourrait se mat\u00e9rialiser \u00e0 Chelsea.<\/p>\n<p class=\"imgI\">\n<h2 class=\"k3\">La Juventus ouverte \u00e0 la signature de Sterling<\/h2>\n<p>Selon un journaliste italien <strong class=\"autotag\">Gianluca Di Marzio<\/strong>La Juventus a pris contact concernant la possible signature de <strong class=\"autotag\">Raheem Sterling<\/strong>.<\/p>\n<p>La Juventus voudrait apparemment d\u00e9terminer quelles conditions Chelsea pourrait rechercher s&#39;il envisageait le d\u00e9part permanent ou temporaire de l&#39;international anglais.<\/p>\n<p>L&#39;indication est qu&#39;un accord de pr\u00eat serait la pr\u00e9f\u00e9rence de la Juventus \u00e0 un moment o\u00f9 son compatriote des Trois Lions <strong class=\"autotag\">Jadon Sancho<\/strong> de Manchester United a \u00e9galement \u00e9t\u00e9 sur leur radar.<\/p>\n<p>Il reste moins de trois ans de contrat \u00e0 Sterling chez les Londoniens de l&#39;Ouest et il n&#39;y a d\u00e9j\u00e0 aucune chance de renouvellement en raison de son \u00e2ge, de son salaire et de la pr\u00e9f\u00e9rence de Chelsea pour les joueurs plus jeunes.<\/p>\n<p class=\"imgI\"><img decoding=\"async\" loading=\"lazy\" class=\"l\" src=\"https:\/\/footdavant.fr\/actualites\/wp-content\/uploads\/2024\/08\/Transferts-a-Chelsea-la-Juventus-s39enquiert-du.JPG\" title=\"Raheem Sterling en action pour Chelsea le 17 mars 2024.\" alt=\"Raheem Sterling en action pour Chelsea le 17 mars 2024.\" width=\"640\" height=\"480\"><\/p>\n<h2 class=\"k3\">Comment la situation pourrait-elle \u00e9voluer ?<\/h2>\n<p>Malgr\u00e9 un retour de 19 buts et 12 passes d\u00e9cisives en 81 apparitions, les fans de Chelsea ne se sont pas encore attach\u00e9s \u00e0 Sterling, en partie \u00e0 cause de certaines de ses prises de d\u00e9cision en cours de jeu.<\/p>\n<p>Les rapports ont toujours indiqu\u00e9 que Sterling souhaite rester dans la capitale, mais il n&#39;est pas certain que sa position s&#39;assouplira une fois <strong class=\"autotag\">Pedro Neto<\/strong> est arriv\u00e9 de Wolverhampton Wanderers.<\/p>\n<p>Lors de la tourn\u00e9e de pr\u00e9-saison de Chelsea aux \u00c9tats-Unis, le joueur de 29 ans a particip\u00e9 aux cinq matches amicaux, mais n&#39;a jamais jou\u00e9 plus de 63 minutes dans un seul match.<\/p>\n<p>Avec <strong class=\"autotag\">Nicolas Jackson<\/strong> et <strong class=\"autotag\">Mykhaylo Mudryk<\/strong> il existe \u00e9galement des alternatives sur le flanc gauche, Chelsea serait probablement ouvert \u00e0 faciliter un d\u00e9part pour Sterling si le joueur \u00e9tait int\u00e9ress\u00e9 par une sortie.<\/p>\n<\/div>\n","protected":false},"excerpt":{"rendered":"<p>Selon certaines informations, la Juventus aurait pris contact pour \u00e9tablir la disponibilit\u00e9 potentielle d&#39;un international anglais \u00e0 Chelsea. Juventus auraient pris contact au sujet de<\/p>\n","protected":false},"author":1,"featured_media":12284,"comment_status":"closed","ping_status":"","sticky":false,"template":"","format":"standard","meta":{"footnotes":""},"categories":[5],"tags":[2440,171,711,4369,5378,2060,1376],"yoast_head":"<!-- This site is optimized with the Yoast SEO plugin v21.0 - https:\/\/yoast.com\/wordpress\/plugins\/seo\/ -->\n<title>Transferts \u00e0 Chelsea : la Juventus \u00ab s&#039;enquiert \u00bb du statut de l&#039;international anglais<\/title>\n<meta name=\"robots\" content=\"index, follow, max-snippet:-1, max-image-preview:large, max-video-preview:-1\" \/>\n<link rel=\"canonical\" href=\"https:\/\/footdavant.fr\/actualites\/transferts-a-chelsea-la-juventus-senquiert-du-statut-de-linternational-anglais\/\" \/>\n<meta property=\"og:locale\" content=\"fr_FR\" \/>\n<meta property=\"og:type\" content=\"article\" \/>\n<meta property=\"og:title\" content=\"Transferts \u00e0 Chelsea : la Juventus \u00ab s&#039;enquiert \u00bb du statut de l&#039;international anglais\" \/>\n<meta property=\"og:description\" content=\"Selon certaines informations, la Juventus aurait pris contact pour \u00e9tablir la disponibilit\u00e9 potentielle d&#039;un international anglais \u00e0 Chelsea. Juventus auraient pris contact au sujet de\" \/>\n<meta property=\"og:url\" content=\"https:\/\/footdavant.fr\/actualites\/transferts-a-chelsea-la-juventus-senquiert-du-statut-de-linternational-anglais\/\" \/>\n<meta property=\"og:site_name\" content=\"Foot d&#039;avant\" \/>\n<meta property=\"article:publisher\" content=\"https:\/\/www.facebook.com\/Footdavant\/\" \/>\n<meta property=\"article:published_time\" content=\"2024-08-15T20:49:27+00:00\" \/>\n<meta property=\"article:modified_time\" content=\"2024-08-15T20:49:28+00:00\" \/>\n<meta property=\"og:image\" content=\"https:\/\/footdavant.fr\/actualites\/wp-content\/uploads\/2024\/08\/Transferts-a-Chelsea-la-Juventus-s39enquiert-du.jpg\" \/>\n\t<meta property=\"og:image:width\" content=\"640\" \/>\n\t<meta property=\"og:image:height\" content=\"480\" \/>\n\t<meta property=\"og:image:type\" content=\"image\/jpeg\" \/>\n<meta name=\"author\" content=\"Cl\u00e9ment\" \/>\n<meta name=\"twitter:card\" content=\"summary_large_image\" \/>\n<meta name=\"twitter:creator\" content=\"@FootdavantFr\" \/>\n<meta name=\"twitter:site\" content=\"@FootdavantFr\" \/>\n<meta name=\"twitter:label1\" content=\"\u00c9crit par\" \/>\n\t<meta name=\"twitter:data1\" content=\"Cl\u00e9ment\" \/>\n\t<meta name=\"twitter:label2\" content=\"Dur\u00e9e de lecture estim\u00e9e\" \/>\n\t<meta name=\"twitter:data2\" content=\"2 minutes\" \/>\n<script type=\"application\/ld+json\" class=\"yoast-schema-graph\">{\"@context\":\"https:\/\/schema.org\",\"@graph\":[{\"@type\":\"Article\",\"@id\":\"https:\/\/footdavant.fr\/actualites\/transferts-a-chelsea-la-juventus-senquiert-du-statut-de-linternational-anglais\/#article\",\"isPartOf\":{\"@id\":\"https:\/\/footdavant.fr\/actualites\/transferts-a-chelsea-la-juventus-senquiert-du-statut-de-linternational-anglais\/\"},\"author\":{\"name\":\"Cl\u00e9ment\",\"@id\":\"https:\/\/footdavant.fr\/actualites\/#\/schema\/person\/bc222566d95871b37e597b3ed3ba5e1d\"},\"headline\":\"Transferts \u00e0 Chelsea : la Juventus \u00ab s&#39;enquiert \u00bb du statut de l&#39;international anglais\",\"datePublished\":\"2024-08-15T20:49:27+00:00\",\"dateModified\":\"2024-08-15T20:49:28+00:00\",\"mainEntityOfPage\":{\"@id\":\"https:\/\/footdavant.fr\/actualites\/transferts-a-chelsea-la-juventus-senquiert-du-statut-de-linternational-anglais\/\"},\"wordCount\":489,\"publisher\":{\"@id\":\"https:\/\/footdavant.fr\/actualites\/#organization\"},\"keywords\":[\"anglais\",\"Chelsea\",\"Juventus\",\"l39international\",\"s39enquiert\",\"statut\",\"transferts\"],\"articleSection\":[\"Premier League\"],\"inLanguage\":\"fr-FR\"},{\"@type\":\"WebPage\",\"@id\":\"https:\/\/footdavant.fr\/actualites\/transferts-a-chelsea-la-juventus-senquiert-du-statut-de-linternational-anglais\/\",\"url\":\"https:\/\/footdavant.fr\/actualites\/transferts-a-chelsea-la-juventus-senquiert-du-statut-de-linternational-anglais\/\",\"name\":\"Transferts \u00e0 Chelsea : la Juventus \u00ab s&#39;enquiert \u00bb du statut de l&#39;international anglais\",\"isPartOf\":{\"@id\":\"https:\/\/footdavant.fr\/actualites\/#website\"},\"datePublished\":\"2024-08-15T20:49:27+00:00\",\"dateModified\":\"2024-08-15T20:49:28+00:00\",\"breadcrumb\":{\"@id\":\"https:\/\/footdavant.fr\/actualites\/transferts-a-chelsea-la-juventus-senquiert-du-statut-de-linternational-anglais\/#breadcrumb\"},\"inLanguage\":\"fr-FR\",\"potentialAction\":[{\"@type\":\"ReadAction\",\"target\":[\"https:\/\/footdavant.fr\/actualites\/transferts-a-chelsea-la-juventus-senquiert-du-statut-de-linternational-anglais\/\"]}]},{\"@type\":\"BreadcrumbList\",\"@id\":\"https:\/\/footdavant.fr\/actualites\/transferts-a-chelsea-la-juventus-senquiert-du-statut-de-linternational-anglais\/#breadcrumb\",\"itemListElement\":[{\"@type\":\"ListItem\",\"position\":1,\"name\":\"Accueil\",\"item\":\"https:\/\/footdavant.fr\/actualites\/\"},{\"@type\":\"ListItem\",\"position\":2,\"name\":\"Transferts \u00e0 Chelsea : la Juventus \u00ab s&#39;enquiert \u00bb du statut de l&#39;international anglais\"}]},{\"@type\":\"WebSite\",\"@id\":\"https:\/\/footdavant.fr\/actualites\/#website\",\"url\":\"https:\/\/footdavant.fr\/actualites\/\",\"name\":\"Foot d'avant\",\"description\":\"\",\"publisher\":{\"@id\":\"https:\/\/footdavant.fr\/actualites\/#organization\"},\"potentialAction\":[{\"@type\":\"SearchAction\",\"target\":{\"@type\":\"EntryPoint\",\"urlTemplate\":\"https:\/\/footdavant.fr\/actualites\/?s={search_term_string}\"},\"query-input\":\"required name=search_term_string\"}],\"inLanguage\":\"fr-FR\"},{\"@type\":\"Organization\",\"@id\":\"https:\/\/footdavant.fr\/actualites\/#organization\",\"name\":\"Foot d'avant\",\"url\":\"https:\/\/footdavant.fr\/actualites\/\",\"logo\":{\"@type\":\"ImageObject\",\"inLanguage\":\"fr-FR\",\"@id\":\"https:\/\/footdavant.fr\/actualites\/#\/schema\/logo\/image\/\",\"url\":\"https:\/\/footdavant.fr\/actualites\/wp-content\/uploads\/2023\/09\/Copy-of-FootDavant-Logo.png\",\"contentUrl\":\"https:\/\/footdavant.fr\/actualites\/wp-content\/uploads\/2023\/09\/Copy-of-FootDavant-Logo.png\",\"width\":936,\"height\":549,\"caption\":\"Foot d'avant\"},\"image\":{\"@id\":\"https:\/\/footdavant.fr\/actualites\/#\/schema\/logo\/image\/\"},\"sameAs\":[\"https:\/\/www.facebook.com\/Footdavant\/\",\"https:\/\/twitter.com\/FootdavantFr\",\"https:\/\/www.instagram.com\/footdavant.fr\/\"]},{\"@type\":\"Person\",\"@id\":\"https:\/\/footdavant.fr\/actualites\/#\/schema\/person\/bc222566d95871b37e597b3ed3ba5e1d\",\"name\":\"Cl\u00e9ment\",\"image\":{\"@type\":\"ImageObject\",\"inLanguage\":\"fr-FR\",\"@id\":\"https:\/\/footdavant.fr\/actualites\/#\/schema\/person\/image\/\",\"url\":\"https:\/\/secure.gravatar.com\/avatar\/7728b29aac2719421e1a9159b2254c44?s=96&d=mm&r=g\",\"contentUrl\":\"https:\/\/secure.gravatar.com\/avatar\/7728b29aac2719421e1a9159b2254c44?s=96&d=mm&r=g\",\"caption\":\"Cl\u00e9ment\"},\"sameAs\":[\"https:\/\/footdavant.fr\/\"]}]}<\/script>\n<!-- \/ Yoast SEO plugin. -->","yoast_head_json":{"title":"Transferts \u00e0 Chelsea : la Juventus \u00ab s&#39;enquiert \u00bb du statut de l&#39;international anglais","robots":{"index":"index","follow":"follow","max-snippet":"max-snippet:-1","max-image-preview":"max-image-preview:large","max-video-preview":"max-video-preview:-1"},"canonical":"https:\/\/footdavant.fr\/actualites\/transferts-a-chelsea-la-juventus-senquiert-du-statut-de-linternational-anglais\/","og_locale":"fr_FR","og_type":"article","og_title":"Transferts \u00e0 Chelsea : la Juventus \u00ab s&#39;enquiert \u00bb du statut de l&#39;international anglais","og_description":"Selon certaines informations, la Juventus aurait pris contact pour \u00e9tablir la disponibilit\u00e9 potentielle d&#39;un international anglais \u00e0 Chelsea. Juventus auraient pris contact au sujet de","og_url":"https:\/\/footdavant.fr\/actualites\/transferts-a-chelsea-la-juventus-senquiert-du-statut-de-linternational-anglais\/","og_site_name":"Foot d&#039;avant","article_publisher":"https:\/\/www.facebook.com\/Footdavant\/","article_published_time":"2024-08-15T20:49:27+00:00","article_modified_time":"2024-08-15T20:49:28+00:00","og_image":[{"width":640,"height":480,"url":"https:\/\/footdavant.fr\/actualites\/wp-content\/uploads\/2024\/08\/Transferts-a-Chelsea-la-Juventus-s39enquiert-du.jpg","type":"image\/jpeg"}],"author":"Cl\u00e9ment","twitter_card":"summary_large_image","twitter_creator":"@FootdavantFr","twitter_site":"@FootdavantFr","twitter_misc":{"\u00c9crit par":"Cl\u00e9ment","Dur\u00e9e de lecture estim\u00e9e":"2 minutes"},"schema":{"@context":"https:\/\/schema.org","@graph":[{"@type":"Article","@id":"https:\/\/footdavant.fr\/actualites\/transferts-a-chelsea-la-juventus-senquiert-du-statut-de-linternational-anglais\/#article","isPartOf":{"@id":"https:\/\/footdavant.fr\/actualites\/transferts-a-chelsea-la-juventus-senquiert-du-statut-de-linternational-anglais\/"},"author":{"name":"Cl\u00e9ment","@id":"https:\/\/footdavant.fr\/actualites\/#\/schema\/person\/bc222566d95871b37e597b3ed3ba5e1d"},"headline":"Transferts \u00e0 Chelsea : la Juventus \u00ab s&#39;enquiert \u00bb du statut de l&#39;international anglais","datePublished":"2024-08-15T20:49:27+00:00","dateModified":"2024-08-15T20:49:28+00:00","mainEntityOfPage":{"@id":"https:\/\/footdavant.fr\/actualites\/transferts-a-chelsea-la-juventus-senquiert-du-statut-de-linternational-anglais\/"},"wordCount":489,"publisher":{"@id":"https:\/\/footdavant.fr\/actualites\/#organization"},"keywords":["anglais","Chelsea","Juventus","l39international","s39enquiert","statut","transferts"],"articleSection":["Premier League"],"inLanguage":"fr-FR"},{"@type":"WebPage","@id":"https:\/\/footdavant.fr\/actualites\/transferts-a-chelsea-la-juventus-senquiert-du-statut-de-linternational-anglais\/","url":"https:\/\/footdavant.fr\/actualites\/transferts-a-chelsea-la-juventus-senquiert-du-statut-de-linternational-anglais\/","name":"Transferts \u00e0 Chelsea : la Juventus \u00ab s&#39;enquiert \u00bb du statut de l&#39;international anglais","isPartOf":{"@id":"https:\/\/footdavant.fr\/actualites\/#website"},"datePublished":"2024-08-15T20:49:27+00:00","dateModified":"2024-08-15T20:49:28+00:00","breadcrumb":{"@id":"https:\/\/footdavant.fr\/actualites\/transferts-a-chelsea-la-juventus-senquiert-du-statut-de-linternational-anglais\/#breadcrumb"},"inLanguage":"fr-FR","potentialAction":[{"@type":"ReadAction","target":["https:\/\/footdavant.fr\/actualites\/transferts-a-chelsea-la-juventus-senquiert-du-statut-de-linternational-anglais\/"]}]},{"@type":"BreadcrumbList","@id":"https:\/\/footdavant.fr\/actualites\/transferts-a-chelsea-la-juventus-senquiert-du-statut-de-linternational-anglais\/#breadcrumb","itemListElement":[{"@type":"ListItem","position":1,"name":"Accueil","item":"https:\/\/footdavant.fr\/actualites\/"},{"@type":"ListItem","position":2,"name":"Transferts \u00e0 Chelsea : la Juventus \u00ab s&#39;enquiert \u00bb du statut de l&#39;international anglais"}]},{"@type":"WebSite","@id":"https:\/\/footdavant.fr\/actualites\/#website","url":"https:\/\/footdavant.fr\/actualites\/","name":"Foot d'avant","description":"","publisher":{"@id":"https:\/\/footdavant.fr\/actualites\/#organization"},"potentialAction":[{"@type":"SearchAction","target":{"@type":"EntryPoint","urlTemplate":"https:\/\/footdavant.fr\/actualites\/?s={search_term_string}"},"query-input":"required name=search_term_string"}],"inLanguage":"fr-FR"},{"@type":"Organization","@id":"https:\/\/footdavant.fr\/actualites\/#organization","name":"Foot d'avant","url":"https:\/\/footdavant.fr\/actualites\/","logo":{"@type":"ImageObject","inLanguage":"fr-FR","@id":"https:\/\/footdavant.fr\/actualites\/#\/schema\/logo\/image\/","url":"https:\/\/footdavant.fr\/actualites\/wp-content\/uploads\/2023\/09\/Copy-of-FootDavant-Logo.png","contentUrl":"https:\/\/footdavant.fr\/actualites\/wp-content\/uploads\/2023\/09\/Copy-of-FootDavant-Logo.png","width":936,"height":549,"caption":"Foot d'avant"},"image":{"@id":"https:\/\/footdavant.fr\/actualites\/#\/schema\/logo\/image\/"},"sameAs":["https:\/\/www.facebook.com\/Footdavant\/","https:\/\/twitter.com\/FootdavantFr","https:\/\/www.instagram.com\/footdavant.fr\/"]},{"@type":"Person","@id":"https:\/\/footdavant.fr\/actualites\/#\/schema\/person\/bc222566d95871b37e597b3ed3ba5e1d","name":"Cl\u00e9ment","image":{"@type":"ImageObject","inLanguage":"fr-FR","@id":"https:\/\/footdavant.fr\/actualites\/#\/schema\/person\/image\/","url":"https:\/\/secure.gravatar.com\/avatar\/7728b29aac2719421e1a9159b2254c44?s=96&d=mm&r=g","contentUrl":"https:\/\/secure.gravatar.com\/avatar\/7728b29aac2719421e1a9159b2254c44?s=96&d=mm&r=g","caption":"Cl\u00e9ment"},"sameAs":["https:\/\/footdavant.fr\/"]}]}},"_links":{"self":[{"href":"https:\/\/footdavant.fr\/actualites\/wp-json\/wp\/v2\/posts\/12283"}],"collection":[{"href":"https:\/\/footdavant.fr\/actualites\/wp-json\/wp\/v2\/posts"}],"about":[{"href":"https:\/\/footdavant.fr\/actualites\/wp-json\/wp\/v2\/types\/post"}],"author":[{"embeddable":true,"href":"https:\/\/footdavant.fr\/actualites\/wp-json\/wp\/v2\/users\/1"}],"replies":[{"embeddable":true,"href":"https:\/\/footdavant.fr\/actualites\/wp-json\/wp\/v2\/comments?post=12283"}],"version-history":[{"count":1,"href":"https:\/\/footdavant.fr\/actualites\/wp-json\/wp\/v2\/posts\/12283\/revisions"}],"predecessor-version":[{"id":12285,"href":"https:\/\/footdavant.fr\/actualites\/wp-json\/wp\/v2\/posts\/12283\/revisions\/12285"}],"wp:featuredmedia":[{"embeddable":true,"href":"https:\/\/footdavant.fr\/actualites\/wp-json\/wp\/v2\/media\/12284"}],"wp:attachment":[{"href":"https:\/\/footdavant.fr\/actualites\/wp-json\/wp\/v2\/media?parent=12283"}],"wp:term":[{"taxonomy":"category","embeddable":true,"href":"https:\/\/footdavant.fr\/actualites\/wp-json\/wp\/v2\/categories?post=12283"},{"taxonomy":"post_tag","embeddable":true,"href":"https:\/\/footdavant.fr\/actualites\/wp-json\/wp\/v2\/tags?post=12283"}],"curies":[{"name":"wp","href":"https:\/\/api.w.org\/{rel}","templated":true}]}}