{"id":12412,"date":"2024-08-19T08:48:59","date_gmt":"2024-08-19T06:48:59","guid":{"rendered":"https:\/\/footdavant.fr\/actualites\/mise-a-jour-sur-le-transfert-de-romano-a-liverpool-11-jours-avant-la-fermeture-de-la-fenetre-estivale\/"},"modified":"2024-08-19T08:49:00","modified_gmt":"2024-08-19T06:49:00","slug":"mise-a-jour-sur-le-transfert-de-romano-a-liverpool-11-jours-avant-la-fermeture-de-la-fenetre-estivale","status":"publish","type":"post","link":"https:\/\/footdavant.fr\/actualites\/mise-a-jour-sur-le-transfert-de-romano-a-liverpool-11-jours-avant-la-fermeture-de-la-fenetre-estivale\/","title":{"rendered":"Mise \u00e0 jour sur le transfert de Romano \u00e0 Liverpool 11 jours avant la fermeture de la fen\u00eatre estivale"},"content":{"rendered":"<div id=\"article-body\">\n<!-- Article Start --><\/p>\n<p>Les Merseysiders ont \u00e9t\u00e9 \u00e0 deux doigts de conclure un accord avec la Real Sociedad pour faire venir Martin Zubimendi \u00e0 Anfield. Malheureusement, l&#39;offensive de charme de la Real s&#39;est av\u00e9r\u00e9e \u00eatre l&#39;argument gagnant, l&#39;Espagnol \u00e9tant cens\u00e9 rester \u00e0 Saint-S\u00e9bastien dans un avenir proche.<\/p>\n<p>Cela ne suffira toutefois pas \u00e0 emp\u00eacher Richard Hughes et son \u00e9quipe d\u2019examiner les options disponibles ailleurs.<\/p>\n<p>le chroniqueur s&#39;est exprim\u00e9 sur le .<\/p>\n<\/p>\n<\/p>\n<p>Il est rassurant d&#39;entendre qu&#39;il existe n\u00e9anmoins une certaine confiance dans les options disponibles dans l&#39;\u00e9quipe apr\u00e8s une premi\u00e8re performance impressionnante contre Ipswich lors du premier match de la saison des Reds.<\/p>\n<\/p>\n<h2>La confiance dans l&#39;\u00e9quipe est essentielle, mais Liverpool doit reconna\u00eetre ses limites<\/h2>\n<figure class=\"wp-caption alignnone\"><picture><source type=\"image\/webp\" data- data-><\/source><\/picture><\/figure>\n<p>Il y a un nouvel espoir que nous puissions chercher \u00e0 r\u00e9duire la fr\u00e9quence \u00e0 laquelle nous souffrons de blessures tout au long de la saison.<\/p>\n<p>Nous esp\u00e9rons certainement que le travail de Ruben Peeters (le nouvel entra\u00eeneur principal de la performance physique de Liverpool) s&#39;av\u00e9rera fructueux \u00e0 cet \u00e9gard.<\/p>\n<p>Il faut cependant reconna\u00eetre que les probabilit\u00e9s sont actuellement en faveur d\u2019une r\u00e9p\u00e9tition de l\u2019histoire au moment le plus inopportun.<\/p>\n<p>Si l&#39;on ajoute \u00e0 cela le format r\u00e9vis\u00e9 de la Ligue des champions, il est difficile d&#39;imaginer comment nous parviendrons \u00e0 ma\u00eetriser parfaitement la fatigue et les risques de blessures.<\/p>\n<p>En termes simples, nous avons besoin de plus de corps.<\/p>\n<p>Le fait que nous n&#39;ayons toujours pas de rempla\u00e7ant digne de ce nom pour Mo Salah est stup\u00e9fiant. Le fait que nous n&#39;ayons pas encore sign\u00e9 de nouveau d\u00e9fenseur central et qu&#39;il existe une possibilit\u00e9 que Joe Gomez suive l&#39;agent libre Joel Matip est sans doute encore plus stup\u00e9fiant.<\/p>\n<p>Nous ne pouvons pas vous contredire en ce qui concerne le nombre de talents de qualit\u00e9 dans l&#39;\u00e9quipe. Le plus difficile, comme J\u00fcrgen Klopp peut en t\u00e9moigner, a toujours \u00e9t\u00e9 de les maintenir en forme pendant suffisamment longtemps pour que nous restions comp\u00e9titifs.<\/p>\n<\/p>\n<p><span class=\"embed-youtube\"><\/span><\/p>\n<p><!-- Article End -->\t\t\t\t<\/div>\n<p><script async src=\"\/\/www.instagram.com\/embed.js\"><\/script><\/p>\n","protected":false},"excerpt":{"rendered":"<p>Les Merseysiders ont \u00e9t\u00e9 \u00e0 deux doigts de conclure un accord avec la Real Sociedad pour faire venir Martin Zubimendi \u00e0 Anfield. Malheureusement, l&#39;offensive de<\/p>\n","protected":false},"author":1,"featured_media":4664,"comment_status":"closed","ping_status":"","sticky":false,"template":"","format":"standard","meta":{"footnotes":""},"categories":[3],"tags":[491,2908,2446,6130,328,55,53,327,1114,103,700],"yoast_head":"<!-- This site is optimized with the Yoast SEO plugin v21.0 - https:\/\/yoast.com\/wordpress\/plugins\/seo\/ -->\n<title>Mise \u00e0 jour sur le transfert de Romano \u00e0 Liverpool 11 jours avant la fermeture de la fen\u00eatre estivale<\/title>\n<meta name=\"robots\" content=\"index, follow, max-snippet:-1, max-image-preview:large, max-video-preview:-1\" \/>\n<link rel=\"canonical\" href=\"https:\/\/footdavant.fr\/actualites\/mise-a-jour-sur-le-transfert-de-romano-a-liverpool-11-jours-avant-la-fermeture-de-la-fenetre-estivale\/\" \/>\n<meta property=\"og:locale\" content=\"fr_FR\" \/>\n<meta property=\"og:type\" content=\"article\" \/>\n<meta property=\"og:title\" content=\"Mise \u00e0 jour sur le transfert de Romano \u00e0 Liverpool 11 jours avant la fermeture de la fen\u00eatre estivale\" \/>\n<meta property=\"og:description\" content=\"Les Merseysiders ont \u00e9t\u00e9 \u00e0 deux doigts de conclure un accord avec la Real Sociedad pour faire venir Martin Zubimendi \u00e0 Anfield. Malheureusement, l&#039;offensive de\" \/>\n<meta property=\"og:url\" content=\"https:\/\/footdavant.fr\/actualites\/mise-a-jour-sur-le-transfert-de-romano-a-liverpool-11-jours-avant-la-fermeture-de-la-fenetre-estivale\/\" \/>\n<meta property=\"og:site_name\" content=\"Foot d&#039;avant\" \/>\n<meta property=\"article:publisher\" content=\"https:\/\/www.facebook.com\/Footdavant\/\" \/>\n<meta property=\"article:published_time\" content=\"2024-08-19T06:48:59+00:00\" \/>\n<meta property=\"article:modified_time\" content=\"2024-08-19T06:49:00+00:00\" \/>\n<meta property=\"og:image\" content=\"https:\/\/footdavant.fr\/actualites\/wp-content\/uploads\/2024\/02\/Liverpool-sest-vu-offrir-23-ans-vers-la-fin-janvier.jpg\" \/>\n\t<meta property=\"og:image:width\" content=\"940\" \/>\n\t<meta property=\"og:image:height\" content=\"619\" \/>\n\t<meta property=\"og:image:type\" content=\"image\/jpeg\" \/>\n<meta name=\"author\" content=\"Cl\u00e9ment\" \/>\n<meta name=\"twitter:card\" content=\"summary_large_image\" \/>\n<meta name=\"twitter:creator\" content=\"@FootdavantFr\" \/>\n<meta name=\"twitter:site\" content=\"@FootdavantFr\" \/>\n<meta name=\"twitter:label1\" content=\"\u00c9crit par\" \/>\n\t<meta name=\"twitter:data1\" content=\"Cl\u00e9ment\" \/>\n\t<meta name=\"twitter:label2\" content=\"Dur\u00e9e de lecture estim\u00e9e\" \/>\n\t<meta name=\"twitter:data2\" content=\"2 minutes\" \/>\n<script type=\"application\/ld+json\" class=\"yoast-schema-graph\">{\"@context\":\"https:\/\/schema.org\",\"@graph\":[{\"@type\":\"Article\",\"@id\":\"https:\/\/footdavant.fr\/actualites\/mise-a-jour-sur-le-transfert-de-romano-a-liverpool-11-jours-avant-la-fermeture-de-la-fenetre-estivale\/#article\",\"isPartOf\":{\"@id\":\"https:\/\/footdavant.fr\/actualites\/mise-a-jour-sur-le-transfert-de-romano-a-liverpool-11-jours-avant-la-fermeture-de-la-fenetre-estivale\/\"},\"author\":{\"name\":\"Cl\u00e9ment\",\"@id\":\"https:\/\/footdavant.fr\/actualites\/#\/schema\/person\/bc222566d95871b37e597b3ed3ba5e1d\"},\"headline\":\"Mise \u00e0 jour sur le transfert de Romano \u00e0 Liverpool 11 jours avant la fermeture de la fen\u00eatre estivale\",\"datePublished\":\"2024-08-19T06:48:59+00:00\",\"dateModified\":\"2024-08-19T06:49:00+00:00\",\"mainEntityOfPage\":{\"@id\":\"https:\/\/footdavant.fr\/actualites\/mise-a-jour-sur-le-transfert-de-romano-a-liverpool-11-jours-avant-la-fermeture-de-la-fenetre-estivale\/\"},\"wordCount\":367,\"publisher\":{\"@id\":\"https:\/\/footdavant.fr\/actualites\/#organization\"},\"keywords\":[\"avant\",\"estivale\",\"fen\u00eatre\",\"fermeture\",\"jour\",\"Jours\",\"Liverpool\",\"mise\",\"Romano\",\"sur\",\"transfert\"],\"articleSection\":[\"Football\"],\"inLanguage\":\"fr-FR\"},{\"@type\":\"WebPage\",\"@id\":\"https:\/\/footdavant.fr\/actualites\/mise-a-jour-sur-le-transfert-de-romano-a-liverpool-11-jours-avant-la-fermeture-de-la-fenetre-estivale\/\",\"url\":\"https:\/\/footdavant.fr\/actualites\/mise-a-jour-sur-le-transfert-de-romano-a-liverpool-11-jours-avant-la-fermeture-de-la-fenetre-estivale\/\",\"name\":\"Mise \u00e0 jour sur le transfert de Romano \u00e0 Liverpool 11 jours avant la fermeture de la fen\u00eatre estivale\",\"isPartOf\":{\"@id\":\"https:\/\/footdavant.fr\/actualites\/#website\"},\"datePublished\":\"2024-08-19T06:48:59+00:00\",\"dateModified\":\"2024-08-19T06:49:00+00:00\",\"breadcrumb\":{\"@id\":\"https:\/\/footdavant.fr\/actualites\/mise-a-jour-sur-le-transfert-de-romano-a-liverpool-11-jours-avant-la-fermeture-de-la-fenetre-estivale\/#breadcrumb\"},\"inLanguage\":\"fr-FR\",\"potentialAction\":[{\"@type\":\"ReadAction\",\"target\":[\"https:\/\/footdavant.fr\/actualites\/mise-a-jour-sur-le-transfert-de-romano-a-liverpool-11-jours-avant-la-fermeture-de-la-fenetre-estivale\/\"]}]},{\"@type\":\"BreadcrumbList\",\"@id\":\"https:\/\/footdavant.fr\/actualites\/mise-a-jour-sur-le-transfert-de-romano-a-liverpool-11-jours-avant-la-fermeture-de-la-fenetre-estivale\/#breadcrumb\",\"itemListElement\":[{\"@type\":\"ListItem\",\"position\":1,\"name\":\"Accueil\",\"item\":\"https:\/\/footdavant.fr\/actualites\/\"},{\"@type\":\"ListItem\",\"position\":2,\"name\":\"Mise \u00e0 jour sur le transfert de Romano \u00e0 Liverpool 11 jours avant la fermeture de la fen\u00eatre estivale\"}]},{\"@type\":\"WebSite\",\"@id\":\"https:\/\/footdavant.fr\/actualites\/#website\",\"url\":\"https:\/\/footdavant.fr\/actualites\/\",\"name\":\"Foot d'avant\",\"description\":\"\",\"publisher\":{\"@id\":\"https:\/\/footdavant.fr\/actualites\/#organization\"},\"potentialAction\":[{\"@type\":\"SearchAction\",\"target\":{\"@type\":\"EntryPoint\",\"urlTemplate\":\"https:\/\/footdavant.fr\/actualites\/?s={search_term_string}\"},\"query-input\":\"required name=search_term_string\"}],\"inLanguage\":\"fr-FR\"},{\"@type\":\"Organization\",\"@id\":\"https:\/\/footdavant.fr\/actualites\/#organization\",\"name\":\"Foot d'avant\",\"url\":\"https:\/\/footdavant.fr\/actualites\/\",\"logo\":{\"@type\":\"ImageObject\",\"inLanguage\":\"fr-FR\",\"@id\":\"https:\/\/footdavant.fr\/actualites\/#\/schema\/logo\/image\/\",\"url\":\"https:\/\/footdavant.fr\/actualites\/wp-content\/uploads\/2023\/09\/Copy-of-FootDavant-Logo.png\",\"contentUrl\":\"https:\/\/footdavant.fr\/actualites\/wp-content\/uploads\/2023\/09\/Copy-of-FootDavant-Logo.png\",\"width\":936,\"height\":549,\"caption\":\"Foot d'avant\"},\"image\":{\"@id\":\"https:\/\/footdavant.fr\/actualites\/#\/schema\/logo\/image\/\"},\"sameAs\":[\"https:\/\/www.facebook.com\/Footdavant\/\",\"https:\/\/twitter.com\/FootdavantFr\",\"https:\/\/www.instagram.com\/footdavant.fr\/\"]},{\"@type\":\"Person\",\"@id\":\"https:\/\/footdavant.fr\/actualites\/#\/schema\/person\/bc222566d95871b37e597b3ed3ba5e1d\",\"name\":\"Cl\u00e9ment\",\"image\":{\"@type\":\"ImageObject\",\"inLanguage\":\"fr-FR\",\"@id\":\"https:\/\/footdavant.fr\/actualites\/#\/schema\/person\/image\/\",\"url\":\"https:\/\/secure.gravatar.com\/avatar\/7728b29aac2719421e1a9159b2254c44?s=96&d=mm&r=g\",\"contentUrl\":\"https:\/\/secure.gravatar.com\/avatar\/7728b29aac2719421e1a9159b2254c44?s=96&d=mm&r=g\",\"caption\":\"Cl\u00e9ment\"},\"sameAs\":[\"https:\/\/footdavant.fr\/\"]}]}<\/script>\n<!-- \/ Yoast SEO plugin. -->","yoast_head_json":{"title":"Mise \u00e0 jour sur le transfert de Romano \u00e0 Liverpool 11 jours avant la fermeture de la fen\u00eatre estivale","robots":{"index":"index","follow":"follow","max-snippet":"max-snippet:-1","max-image-preview":"max-image-preview:large","max-video-preview":"max-video-preview:-1"},"canonical":"https:\/\/footdavant.fr\/actualites\/mise-a-jour-sur-le-transfert-de-romano-a-liverpool-11-jours-avant-la-fermeture-de-la-fenetre-estivale\/","og_locale":"fr_FR","og_type":"article","og_title":"Mise \u00e0 jour sur le transfert de Romano \u00e0 Liverpool 11 jours avant la fermeture de la fen\u00eatre estivale","og_description":"Les Merseysiders ont \u00e9t\u00e9 \u00e0 deux doigts de conclure un accord avec la Real Sociedad pour faire venir Martin Zubimendi \u00e0 Anfield. Malheureusement, l&#39;offensive de","og_url":"https:\/\/footdavant.fr\/actualites\/mise-a-jour-sur-le-transfert-de-romano-a-liverpool-11-jours-avant-la-fermeture-de-la-fenetre-estivale\/","og_site_name":"Foot d&#039;avant","article_publisher":"https:\/\/www.facebook.com\/Footdavant\/","article_published_time":"2024-08-19T06:48:59+00:00","article_modified_time":"2024-08-19T06:49:00+00:00","og_image":[{"width":940,"height":619,"url":"https:\/\/footdavant.fr\/actualites\/wp-content\/uploads\/2024\/02\/Liverpool-sest-vu-offrir-23-ans-vers-la-fin-janvier.jpg","type":"image\/jpeg"}],"author":"Cl\u00e9ment","twitter_card":"summary_large_image","twitter_creator":"@FootdavantFr","twitter_site":"@FootdavantFr","twitter_misc":{"\u00c9crit par":"Cl\u00e9ment","Dur\u00e9e de lecture estim\u00e9e":"2 minutes"},"schema":{"@context":"https:\/\/schema.org","@graph":[{"@type":"Article","@id":"https:\/\/footdavant.fr\/actualites\/mise-a-jour-sur-le-transfert-de-romano-a-liverpool-11-jours-avant-la-fermeture-de-la-fenetre-estivale\/#article","isPartOf":{"@id":"https:\/\/footdavant.fr\/actualites\/mise-a-jour-sur-le-transfert-de-romano-a-liverpool-11-jours-avant-la-fermeture-de-la-fenetre-estivale\/"},"author":{"name":"Cl\u00e9ment","@id":"https:\/\/footdavant.fr\/actualites\/#\/schema\/person\/bc222566d95871b37e597b3ed3ba5e1d"},"headline":"Mise \u00e0 jour sur le transfert de Romano \u00e0 Liverpool 11 jours avant la fermeture de la fen\u00eatre estivale","datePublished":"2024-08-19T06:48:59+00:00","dateModified":"2024-08-19T06:49:00+00:00","mainEntityOfPage":{"@id":"https:\/\/footdavant.fr\/actualites\/mise-a-jour-sur-le-transfert-de-romano-a-liverpool-11-jours-avant-la-fermeture-de-la-fenetre-estivale\/"},"wordCount":367,"publisher":{"@id":"https:\/\/footdavant.fr\/actualites\/#organization"},"keywords":["avant","estivale","fen\u00eatre","fermeture","jour","Jours","Liverpool","mise","Romano","sur","transfert"],"articleSection":["Football"],"inLanguage":"fr-FR"},{"@type":"WebPage","@id":"https:\/\/footdavant.fr\/actualites\/mise-a-jour-sur-le-transfert-de-romano-a-liverpool-11-jours-avant-la-fermeture-de-la-fenetre-estivale\/","url":"https:\/\/footdavant.fr\/actualites\/mise-a-jour-sur-le-transfert-de-romano-a-liverpool-11-jours-avant-la-fermeture-de-la-fenetre-estivale\/","name":"Mise \u00e0 jour sur le transfert de Romano \u00e0 Liverpool 11 jours avant la fermeture de la fen\u00eatre estivale","isPartOf":{"@id":"https:\/\/footdavant.fr\/actualites\/#website"},"datePublished":"2024-08-19T06:48:59+00:00","dateModified":"2024-08-19T06:49:00+00:00","breadcrumb":{"@id":"https:\/\/footdavant.fr\/actualites\/mise-a-jour-sur-le-transfert-de-romano-a-liverpool-11-jours-avant-la-fermeture-de-la-fenetre-estivale\/#breadcrumb"},"inLanguage":"fr-FR","potentialAction":[{"@type":"ReadAction","target":["https:\/\/footdavant.fr\/actualites\/mise-a-jour-sur-le-transfert-de-romano-a-liverpool-11-jours-avant-la-fermeture-de-la-fenetre-estivale\/"]}]},{"@type":"BreadcrumbList","@id":"https:\/\/footdavant.fr\/actualites\/mise-a-jour-sur-le-transfert-de-romano-a-liverpool-11-jours-avant-la-fermeture-de-la-fenetre-estivale\/#breadcrumb","itemListElement":[{"@type":"ListItem","position":1,"name":"Accueil","item":"https:\/\/footdavant.fr\/actualites\/"},{"@type":"ListItem","position":2,"name":"Mise \u00e0 jour sur le transfert de Romano \u00e0 Liverpool 11 jours avant la fermeture de la fen\u00eatre estivale"}]},{"@type":"WebSite","@id":"https:\/\/footdavant.fr\/actualites\/#website","url":"https:\/\/footdavant.fr\/actualites\/","name":"Foot d'avant","description":"","publisher":{"@id":"https:\/\/footdavant.fr\/actualites\/#organization"},"potentialAction":[{"@type":"SearchAction","target":{"@type":"EntryPoint","urlTemplate":"https:\/\/footdavant.fr\/actualites\/?s={search_term_string}"},"query-input":"required name=search_term_string"}],"inLanguage":"fr-FR"},{"@type":"Organization","@id":"https:\/\/footdavant.fr\/actualites\/#organization","name":"Foot d'avant","url":"https:\/\/footdavant.fr\/actualites\/","logo":{"@type":"ImageObject","inLanguage":"fr-FR","@id":"https:\/\/footdavant.fr\/actualites\/#\/schema\/logo\/image\/","url":"https:\/\/footdavant.fr\/actualites\/wp-content\/uploads\/2023\/09\/Copy-of-FootDavant-Logo.png","contentUrl":"https:\/\/footdavant.fr\/actualites\/wp-content\/uploads\/2023\/09\/Copy-of-FootDavant-Logo.png","width":936,"height":549,"caption":"Foot d'avant"},"image":{"@id":"https:\/\/footdavant.fr\/actualites\/#\/schema\/logo\/image\/"},"sameAs":["https:\/\/www.facebook.com\/Footdavant\/","https:\/\/twitter.com\/FootdavantFr","https:\/\/www.instagram.com\/footdavant.fr\/"]},{"@type":"Person","@id":"https:\/\/footdavant.fr\/actualites\/#\/schema\/person\/bc222566d95871b37e597b3ed3ba5e1d","name":"Cl\u00e9ment","image":{"@type":"ImageObject","inLanguage":"fr-FR","@id":"https:\/\/footdavant.fr\/actualites\/#\/schema\/person\/image\/","url":"https:\/\/secure.gravatar.com\/avatar\/7728b29aac2719421e1a9159b2254c44?s=96&d=mm&r=g","contentUrl":"https:\/\/secure.gravatar.com\/avatar\/7728b29aac2719421e1a9159b2254c44?s=96&d=mm&r=g","caption":"Cl\u00e9ment"},"sameAs":["https:\/\/footdavant.fr\/"]}]}},"_links":{"self":[{"href":"https:\/\/footdavant.fr\/actualites\/wp-json\/wp\/v2\/posts\/12412"}],"collection":[{"href":"https:\/\/footdavant.fr\/actualites\/wp-json\/wp\/v2\/posts"}],"about":[{"href":"https:\/\/footdavant.fr\/actualites\/wp-json\/wp\/v2\/types\/post"}],"author":[{"embeddable":true,"href":"https:\/\/footdavant.fr\/actualites\/wp-json\/wp\/v2\/users\/1"}],"replies":[{"embeddable":true,"href":"https:\/\/footdavant.fr\/actualites\/wp-json\/wp\/v2\/comments?post=12412"}],"version-history":[{"count":1,"href":"https:\/\/footdavant.fr\/actualites\/wp-json\/wp\/v2\/posts\/12412\/revisions"}],"predecessor-version":[{"id":12413,"href":"https:\/\/footdavant.fr\/actualites\/wp-json\/wp\/v2\/posts\/12412\/revisions\/12413"}],"wp:featuredmedia":[{"embeddable":true,"href":"https:\/\/footdavant.fr\/actualites\/wp-json\/wp\/v2\/media\/4664"}],"wp:attachment":[{"href":"https:\/\/footdavant.fr\/actualites\/wp-json\/wp\/v2\/media?parent=12412"}],"wp:term":[{"taxonomy":"category","embeddable":true,"href":"https:\/\/footdavant.fr\/actualites\/wp-json\/wp\/v2\/categories?post=12412"},{"taxonomy":"post_tag","embeddable":true,"href":"https:\/\/footdavant.fr\/actualites\/wp-json\/wp\/v2\/tags?post=12412"}],"curies":[{"name":"wp","href":"https:\/\/api.w.org\/{rel}","templated":true}]}}