{"id":12414,"date":"2024-08-19T10:48:18","date_gmt":"2024-08-19T08:48:18","guid":{"rendered":"https:\/\/footdavant.fr\/actualites\/de-ligt-et-mazraoui-seront-ils-dans-lequipe-de-manchester-united-contre-fulham\/"},"modified":"2024-08-19T10:48:20","modified_gmt":"2024-08-19T08:48:20","slug":"de-ligt-et-mazraoui-seront-ils-dans-lequipe-de-manchester-united-contre-fulham","status":"publish","type":"post","link":"https:\/\/footdavant.fr\/actualites\/de-ligt-et-mazraoui-seront-ils-dans-lequipe-de-manchester-united-contre-fulham\/","title":{"rendered":"De Ligt et Mazraoui seront-ils dans l&#39;\u00e9quipe de Manchester United contre Fulham ?"},"content":{"rendered":"<p>Le patron de Manchester United, Erik ten Hag, r\u00e9v\u00e8le que les nouvelles recrues Matthijs de Ligt et Noussair Mazraoui seront tous deux dans l&#39;\u00e9quipe pour le choc de Premier League de vendredi contre Fulham \u00e0 Old Trafford.<\/p>\n<div id=\"article_body\" itemprop=\"articleBody\">\n<h3 class=\"firstPara\">\n<strong class=\"autotag\">Manchester United<\/strong> entra\u00eeneur principal <strong class=\"autotag\">Erik le sorcier<\/strong> a r\u00e9v\u00e9l\u00e9 que <strong class=\"autotag\">Matthijs de Ligt<\/strong> et <strong class=\"autotag\">Noussair Mazraoui<\/strong> seront tous deux dans l&#39;\u00e9quipe pour le choc de Premier League de vendredi avec <strong class=\"autotag\">Fulham<\/strong> \u00e0 Old Trafford.<\/h3>\n<p>Les Red Devils ont confirm\u00e9 des accords pour la paire d\u00e9fensive plus t\u00f4t cette semaine, le duo arrivant du g\u00e9ant allemand du Bayern Munich.<\/p>\n<p>De Ligt et Mazraoui se sont entra\u00een\u00e9s aux c\u00f4t\u00e9s de leurs nouveaux co\u00e9quipiers cette semaine, et Ten Hag a d\u00e9clar\u00e9 lors de la conf\u00e9rence de presse de jeudi que les deux seraient disponibles pour le premier match de la campagne de l&#39;\u00e9quipe contre Fulham.<\/p>\n<p>\u00ab\u00a0Ils seront dans l&#39;\u00e9quipe\u00a0\u00bb, a d\u00e9clar\u00e9 Ten Hag aux journalistes, le N\u00e9erlandais r\u00e9v\u00e9lant \u00e9galement que <strong class=\"autotag\">Harry Maguire<\/strong> est disponible malgr\u00e9 une petite frayeur physique lors du Community Shield contre Manchester City le week-end dernier.<\/p>\n<p class=\"imgI\">\n<h2 class=\"k3\">Ten Hag parle de l&#39;absence de Shaw<\/h2>\n<p>Cependant, Man United a r\u00e9v\u00e9l\u00e9 plus t\u00f4t cette semaine que <strong class=\"autotag\">Luke Shaw<\/strong> avait contract\u00e9 un probl\u00e8me au mollet et l&#39;arri\u00e8re gauche devrait \u00eatre absent pendant les premi\u00e8res semaines de la nouvelle saison.<\/p>\n<p>\u00ab\u00a0Je pense qu&#39;il reviendra \u00e0 court terme, cela ne prend pas longtemps\u00a0\u00bb, a d\u00e9clar\u00e9 Ten Hag lorsqu&#39;on l&#39;a interrog\u00e9 sur l&#39;international anglais, qui a jou\u00e9 pour son pays dans les derni\u00e8res phases du Championnat d&#39;Europe de cet \u00e9t\u00e9.<\/p>\n<p>\u00ab Nous sommes impatients de le voir revenir, bien s\u00fbr. Luke Shaw est un joueur tr\u00e8s important pour notre \u00e9quipe. Il est extr\u00eamement important, nous voulons donc le r\u00e9cup\u00e9rer le plus rapidement possible, mais nous ne pouvons pas forcer ce processus. \u00bb<\/p>\n<p><strong class=\"autotag\">Rasmus Hojlund<\/strong>, <strong class=\"autotag\">Leny Yoro<\/strong> et <strong class=\"autotag\">Tyrell Malacia<\/strong> sera \u00e9galement absent pour le match d&#39;ouverture de la nouvelle saison de Manchester United contre Fulham, mais Ten Hag a insist\u00e9 sur le fait qu&#39;il serait toujours en mesure de nommer une \u00e9quipe forte.<\/p>\n<p>\u00ab\u00a0Les probl\u00e8mes sont l\u00e0, mais ce n&#39;est pas \u00e0 cause des joueurs qui ne sont pas disponibles. Comme je l&#39;ai dit la saison derni\u00e8re, ce sont les joueurs qui sont disponibles et nous avons un bon groupe\u00a0\u00bb, a-t-il d\u00e9clar\u00e9.<\/p>\n<p class=\"imgI\"><img decoding=\"async\" loading=\"lazy\" class=\"l\" src=\"https:\/\/footdavant.fr\/actualites\/wp-content\/uploads\/2024\/08\/1724057298_670_De-Ligt-et-Mazraoui-seront-ils-dans-l39equipe-de-Manchester-United.jpg\" title=\"Luke Shaw, joueur de Manchester United, quitte le terrain pour \u00eatre remplac\u00e9 en raison d&#39;une blessure le 18 f\u00e9vrier 2024\" alt=\"Luke Shaw, joueur de Manchester United, quitte le terrain pour \u00eatre remplac\u00e9 en raison d&#39;une blessure le 18 f\u00e9vrier 2024\" width=\"640\" height=\"480\"><\/p>\n<h2 class=\"k3\">Ten Hag se concentre sur les joueurs disponibles en raison de probl\u00e8mes de blessures<\/h2>\n<p>\u00ab Nous pouvons faire une s\u00e9lection solide, nous pouvons aligner une \u00e9quipe solide, c&#39;est ce que nous ferons. \u00bb<\/p>\n<p>Ten Hag a \u00e9galement d\u00e9clar\u00e9 qu&#39;il \u00e9tait confiant avant la nouvelle saison, le N\u00e9erlandais cherchant \u00e0 remporter davantage de troph\u00e9es en 2024-25.<\/p>\n<p>\u00ab\u00a0Nous connaissons nos objectifs, nous savons que nous sommes dans la bonne direction, nous savons que nous avons remport\u00e9 deux troph\u00e9es, nous connaissons notre mod\u00e8le de jeu, donc maintenant nous devons int\u00e9grer les nouveaux joueurs et voir s&#39;ils peuvent am\u00e9liorer le mod\u00e8le de jeu et am\u00e9liorer le niveau de l&#39;\u00e9quipe. Et partir de l\u00e0. J&#39;ai toujours de tr\u00e8s grandes attentes mais nous voulons aller chercher des troph\u00e9es\u00a0\u00bb, a ajout\u00e9 le N\u00e9erlandais.<\/p>\n<p>Manchester United a termin\u00e9 huiti\u00e8me de la Premier League la saison derni\u00e8re, mais ils ont remport\u00e9 la FA Cup fin mai pour s&#39;assurer une place en phase de groupes de la Ligue Europa 2024-25.<\/p>\n<\/div>\n","protected":false},"excerpt":{"rendered":"<p>Le patron de Manchester United, Erik ten Hag, r\u00e9v\u00e8le que les nouvelles recrues Matthijs de Ligt et Noussair Mazraoui seront tous deux dans l&#39;\u00e9quipe pour<\/p>\n","protected":false},"author":1,"featured_media":12415,"comment_status":"closed","ping_status":"","sticky":false,"template":"","format":"standard","meta":{"footnotes":""},"categories":[5],"tags":[20,19,348,4219,5304,11,5940,3000,13],"yoast_head":"<!-- This site is optimized with the Yoast SEO plugin v21.0 - https:\/\/yoast.com\/wordpress\/plugins\/seo\/ -->\n<title>De Ligt et Mazraoui seront-ils dans l&#039;\u00e9quipe de Manchester United contre Fulham ?<\/title>\n<meta name=\"robots\" content=\"index, follow, max-snippet:-1, max-image-preview:large, max-video-preview:-1\" \/>\n<link rel=\"canonical\" href=\"https:\/\/footdavant.fr\/actualites\/de-ligt-et-mazraoui-seront-ils-dans-lequipe-de-manchester-united-contre-fulham\/\" \/>\n<meta property=\"og:locale\" content=\"fr_FR\" \/>\n<meta property=\"og:type\" content=\"article\" \/>\n<meta property=\"og:title\" content=\"De Ligt et Mazraoui seront-ils dans l&#039;\u00e9quipe de Manchester United contre Fulham ?\" \/>\n<meta property=\"og:description\" content=\"Le patron de Manchester United, Erik ten Hag, r\u00e9v\u00e8le que les nouvelles recrues Matthijs de Ligt et Noussair Mazraoui seront tous deux dans l&#039;\u00e9quipe pour\" \/>\n<meta property=\"og:url\" content=\"https:\/\/footdavant.fr\/actualites\/de-ligt-et-mazraoui-seront-ils-dans-lequipe-de-manchester-united-contre-fulham\/\" \/>\n<meta property=\"og:site_name\" content=\"Foot d&#039;avant\" \/>\n<meta property=\"article:publisher\" content=\"https:\/\/www.facebook.com\/Footdavant\/\" \/>\n<meta property=\"article:published_time\" content=\"2024-08-19T08:48:18+00:00\" \/>\n<meta property=\"article:modified_time\" content=\"2024-08-19T08:48:20+00:00\" \/>\n<meta property=\"og:image\" content=\"https:\/\/footdavant.fr\/actualites\/wp-content\/uploads\/2024\/08\/De-Ligt-et-Mazraoui-seront-ils-dans-l39equipe-de-Manchester-United.jpg\" \/>\n\t<meta property=\"og:image:width\" content=\"640\" \/>\n\t<meta property=\"og:image:height\" content=\"480\" \/>\n\t<meta property=\"og:image:type\" content=\"image\/jpeg\" \/>\n<meta name=\"author\" content=\"Cl\u00e9ment\" \/>\n<meta name=\"twitter:card\" content=\"summary_large_image\" \/>\n<meta name=\"twitter:creator\" content=\"@FootdavantFr\" \/>\n<meta name=\"twitter:site\" content=\"@FootdavantFr\" \/>\n<meta name=\"twitter:label1\" content=\"\u00c9crit par\" \/>\n\t<meta name=\"twitter:data1\" content=\"Cl\u00e9ment\" \/>\n\t<meta name=\"twitter:label2\" content=\"Dur\u00e9e de lecture estim\u00e9e\" \/>\n\t<meta name=\"twitter:data2\" content=\"3 minutes\" \/>\n<script type=\"application\/ld+json\" class=\"yoast-schema-graph\">{\"@context\":\"https:\/\/schema.org\",\"@graph\":[{\"@type\":\"Article\",\"@id\":\"https:\/\/footdavant.fr\/actualites\/de-ligt-et-mazraoui-seront-ils-dans-lequipe-de-manchester-united-contre-fulham\/#article\",\"isPartOf\":{\"@id\":\"https:\/\/footdavant.fr\/actualites\/de-ligt-et-mazraoui-seront-ils-dans-lequipe-de-manchester-united-contre-fulham\/\"},\"author\":{\"name\":\"Cl\u00e9ment\",\"@id\":\"https:\/\/footdavant.fr\/actualites\/#\/schema\/person\/bc222566d95871b37e597b3ed3ba5e1d\"},\"headline\":\"De Ligt et Mazraoui seront-ils dans l&#39;\u00e9quipe de Manchester United contre Fulham ?\",\"datePublished\":\"2024-08-19T08:48:18+00:00\",\"dateModified\":\"2024-08-19T08:48:20+00:00\",\"mainEntityOfPage\":{\"@id\":\"https:\/\/footdavant.fr\/actualites\/de-ligt-et-mazraoui-seront-ils-dans-lequipe-de-manchester-united-contre-fulham\/\"},\"wordCount\":608,\"publisher\":{\"@id\":\"https:\/\/footdavant.fr\/actualites\/#organization\"},\"keywords\":[\"contre\",\"dans\",\"Fulham\",\"l39\u00e9quipe\",\"Ligt\",\"Manchester\",\"Mazraoui\",\"serontils\",\"United\"],\"articleSection\":[\"Premier League\"],\"inLanguage\":\"fr-FR\"},{\"@type\":\"WebPage\",\"@id\":\"https:\/\/footdavant.fr\/actualites\/de-ligt-et-mazraoui-seront-ils-dans-lequipe-de-manchester-united-contre-fulham\/\",\"url\":\"https:\/\/footdavant.fr\/actualites\/de-ligt-et-mazraoui-seront-ils-dans-lequipe-de-manchester-united-contre-fulham\/\",\"name\":\"De Ligt et Mazraoui seront-ils dans l&#39;\u00e9quipe de Manchester United contre Fulham ?\",\"isPartOf\":{\"@id\":\"https:\/\/footdavant.fr\/actualites\/#website\"},\"datePublished\":\"2024-08-19T08:48:18+00:00\",\"dateModified\":\"2024-08-19T08:48:20+00:00\",\"breadcrumb\":{\"@id\":\"https:\/\/footdavant.fr\/actualites\/de-ligt-et-mazraoui-seront-ils-dans-lequipe-de-manchester-united-contre-fulham\/#breadcrumb\"},\"inLanguage\":\"fr-FR\",\"potentialAction\":[{\"@type\":\"ReadAction\",\"target\":[\"https:\/\/footdavant.fr\/actualites\/de-ligt-et-mazraoui-seront-ils-dans-lequipe-de-manchester-united-contre-fulham\/\"]}]},{\"@type\":\"BreadcrumbList\",\"@id\":\"https:\/\/footdavant.fr\/actualites\/de-ligt-et-mazraoui-seront-ils-dans-lequipe-de-manchester-united-contre-fulham\/#breadcrumb\",\"itemListElement\":[{\"@type\":\"ListItem\",\"position\":1,\"name\":\"Accueil\",\"item\":\"https:\/\/footdavant.fr\/actualites\/\"},{\"@type\":\"ListItem\",\"position\":2,\"name\":\"De Ligt et Mazraoui seront-ils dans l&#39;\u00e9quipe de Manchester United contre Fulham ?\"}]},{\"@type\":\"WebSite\",\"@id\":\"https:\/\/footdavant.fr\/actualites\/#website\",\"url\":\"https:\/\/footdavant.fr\/actualites\/\",\"name\":\"Foot d'avant\",\"description\":\"\",\"publisher\":{\"@id\":\"https:\/\/footdavant.fr\/actualites\/#organization\"},\"potentialAction\":[{\"@type\":\"SearchAction\",\"target\":{\"@type\":\"EntryPoint\",\"urlTemplate\":\"https:\/\/footdavant.fr\/actualites\/?s={search_term_string}\"},\"query-input\":\"required name=search_term_string\"}],\"inLanguage\":\"fr-FR\"},{\"@type\":\"Organization\",\"@id\":\"https:\/\/footdavant.fr\/actualites\/#organization\",\"name\":\"Foot d'avant\",\"url\":\"https:\/\/footdavant.fr\/actualites\/\",\"logo\":{\"@type\":\"ImageObject\",\"inLanguage\":\"fr-FR\",\"@id\":\"https:\/\/footdavant.fr\/actualites\/#\/schema\/logo\/image\/\",\"url\":\"https:\/\/footdavant.fr\/actualites\/wp-content\/uploads\/2023\/09\/Copy-of-FootDavant-Logo.png\",\"contentUrl\":\"https:\/\/footdavant.fr\/actualites\/wp-content\/uploads\/2023\/09\/Copy-of-FootDavant-Logo.png\",\"width\":936,\"height\":549,\"caption\":\"Foot d'avant\"},\"image\":{\"@id\":\"https:\/\/footdavant.fr\/actualites\/#\/schema\/logo\/image\/\"},\"sameAs\":[\"https:\/\/www.facebook.com\/Footdavant\/\",\"https:\/\/twitter.com\/FootdavantFr\",\"https:\/\/www.instagram.com\/footdavant.fr\/\"]},{\"@type\":\"Person\",\"@id\":\"https:\/\/footdavant.fr\/actualites\/#\/schema\/person\/bc222566d95871b37e597b3ed3ba5e1d\",\"name\":\"Cl\u00e9ment\",\"image\":{\"@type\":\"ImageObject\",\"inLanguage\":\"fr-FR\",\"@id\":\"https:\/\/footdavant.fr\/actualites\/#\/schema\/person\/image\/\",\"url\":\"https:\/\/secure.gravatar.com\/avatar\/7728b29aac2719421e1a9159b2254c44?s=96&d=mm&r=g\",\"contentUrl\":\"https:\/\/secure.gravatar.com\/avatar\/7728b29aac2719421e1a9159b2254c44?s=96&d=mm&r=g\",\"caption\":\"Cl\u00e9ment\"},\"sameAs\":[\"https:\/\/footdavant.fr\/\"]}]}<\/script>\n<!-- \/ Yoast SEO plugin. -->","yoast_head_json":{"title":"De Ligt et Mazraoui seront-ils dans l&#39;\u00e9quipe de Manchester United contre Fulham ?","robots":{"index":"index","follow":"follow","max-snippet":"max-snippet:-1","max-image-preview":"max-image-preview:large","max-video-preview":"max-video-preview:-1"},"canonical":"https:\/\/footdavant.fr\/actualites\/de-ligt-et-mazraoui-seront-ils-dans-lequipe-de-manchester-united-contre-fulham\/","og_locale":"fr_FR","og_type":"article","og_title":"De Ligt et Mazraoui seront-ils dans l&#39;\u00e9quipe de Manchester United contre Fulham ?","og_description":"Le patron de Manchester United, Erik ten Hag, r\u00e9v\u00e8le que les nouvelles recrues Matthijs de Ligt et Noussair Mazraoui seront tous deux dans l&#39;\u00e9quipe pour","og_url":"https:\/\/footdavant.fr\/actualites\/de-ligt-et-mazraoui-seront-ils-dans-lequipe-de-manchester-united-contre-fulham\/","og_site_name":"Foot d&#039;avant","article_publisher":"https:\/\/www.facebook.com\/Footdavant\/","article_published_time":"2024-08-19T08:48:18+00:00","article_modified_time":"2024-08-19T08:48:20+00:00","og_image":[{"width":640,"height":480,"url":"https:\/\/footdavant.fr\/actualites\/wp-content\/uploads\/2024\/08\/De-Ligt-et-Mazraoui-seront-ils-dans-l39equipe-de-Manchester-United.jpg","type":"image\/jpeg"}],"author":"Cl\u00e9ment","twitter_card":"summary_large_image","twitter_creator":"@FootdavantFr","twitter_site":"@FootdavantFr","twitter_misc":{"\u00c9crit par":"Cl\u00e9ment","Dur\u00e9e de lecture estim\u00e9e":"3 minutes"},"schema":{"@context":"https:\/\/schema.org","@graph":[{"@type":"Article","@id":"https:\/\/footdavant.fr\/actualites\/de-ligt-et-mazraoui-seront-ils-dans-lequipe-de-manchester-united-contre-fulham\/#article","isPartOf":{"@id":"https:\/\/footdavant.fr\/actualites\/de-ligt-et-mazraoui-seront-ils-dans-lequipe-de-manchester-united-contre-fulham\/"},"author":{"name":"Cl\u00e9ment","@id":"https:\/\/footdavant.fr\/actualites\/#\/schema\/person\/bc222566d95871b37e597b3ed3ba5e1d"},"headline":"De Ligt et Mazraoui seront-ils dans l&#39;\u00e9quipe de Manchester United contre Fulham ?","datePublished":"2024-08-19T08:48:18+00:00","dateModified":"2024-08-19T08:48:20+00:00","mainEntityOfPage":{"@id":"https:\/\/footdavant.fr\/actualites\/de-ligt-et-mazraoui-seront-ils-dans-lequipe-de-manchester-united-contre-fulham\/"},"wordCount":608,"publisher":{"@id":"https:\/\/footdavant.fr\/actualites\/#organization"},"keywords":["contre","dans","Fulham","l39\u00e9quipe","Ligt","Manchester","Mazraoui","serontils","United"],"articleSection":["Premier League"],"inLanguage":"fr-FR"},{"@type":"WebPage","@id":"https:\/\/footdavant.fr\/actualites\/de-ligt-et-mazraoui-seront-ils-dans-lequipe-de-manchester-united-contre-fulham\/","url":"https:\/\/footdavant.fr\/actualites\/de-ligt-et-mazraoui-seront-ils-dans-lequipe-de-manchester-united-contre-fulham\/","name":"De Ligt et Mazraoui seront-ils dans l&#39;\u00e9quipe de Manchester United contre Fulham ?","isPartOf":{"@id":"https:\/\/footdavant.fr\/actualites\/#website"},"datePublished":"2024-08-19T08:48:18+00:00","dateModified":"2024-08-19T08:48:20+00:00","breadcrumb":{"@id":"https:\/\/footdavant.fr\/actualites\/de-ligt-et-mazraoui-seront-ils-dans-lequipe-de-manchester-united-contre-fulham\/#breadcrumb"},"inLanguage":"fr-FR","potentialAction":[{"@type":"ReadAction","target":["https:\/\/footdavant.fr\/actualites\/de-ligt-et-mazraoui-seront-ils-dans-lequipe-de-manchester-united-contre-fulham\/"]}]},{"@type":"BreadcrumbList","@id":"https:\/\/footdavant.fr\/actualites\/de-ligt-et-mazraoui-seront-ils-dans-lequipe-de-manchester-united-contre-fulham\/#breadcrumb","itemListElement":[{"@type":"ListItem","position":1,"name":"Accueil","item":"https:\/\/footdavant.fr\/actualites\/"},{"@type":"ListItem","position":2,"name":"De Ligt et Mazraoui seront-ils dans l&#39;\u00e9quipe de Manchester United contre Fulham ?"}]},{"@type":"WebSite","@id":"https:\/\/footdavant.fr\/actualites\/#website","url":"https:\/\/footdavant.fr\/actualites\/","name":"Foot d'avant","description":"","publisher":{"@id":"https:\/\/footdavant.fr\/actualites\/#organization"},"potentialAction":[{"@type":"SearchAction","target":{"@type":"EntryPoint","urlTemplate":"https:\/\/footdavant.fr\/actualites\/?s={search_term_string}"},"query-input":"required name=search_term_string"}],"inLanguage":"fr-FR"},{"@type":"Organization","@id":"https:\/\/footdavant.fr\/actualites\/#organization","name":"Foot d'avant","url":"https:\/\/footdavant.fr\/actualites\/","logo":{"@type":"ImageObject","inLanguage":"fr-FR","@id":"https:\/\/footdavant.fr\/actualites\/#\/schema\/logo\/image\/","url":"https:\/\/footdavant.fr\/actualites\/wp-content\/uploads\/2023\/09\/Copy-of-FootDavant-Logo.png","contentUrl":"https:\/\/footdavant.fr\/actualites\/wp-content\/uploads\/2023\/09\/Copy-of-FootDavant-Logo.png","width":936,"height":549,"caption":"Foot d'avant"},"image":{"@id":"https:\/\/footdavant.fr\/actualites\/#\/schema\/logo\/image\/"},"sameAs":["https:\/\/www.facebook.com\/Footdavant\/","https:\/\/twitter.com\/FootdavantFr","https:\/\/www.instagram.com\/footdavant.fr\/"]},{"@type":"Person","@id":"https:\/\/footdavant.fr\/actualites\/#\/schema\/person\/bc222566d95871b37e597b3ed3ba5e1d","name":"Cl\u00e9ment","image":{"@type":"ImageObject","inLanguage":"fr-FR","@id":"https:\/\/footdavant.fr\/actualites\/#\/schema\/person\/image\/","url":"https:\/\/secure.gravatar.com\/avatar\/7728b29aac2719421e1a9159b2254c44?s=96&d=mm&r=g","contentUrl":"https:\/\/secure.gravatar.com\/avatar\/7728b29aac2719421e1a9159b2254c44?s=96&d=mm&r=g","caption":"Cl\u00e9ment"},"sameAs":["https:\/\/footdavant.fr\/"]}]}},"_links":{"self":[{"href":"https:\/\/footdavant.fr\/actualites\/wp-json\/wp\/v2\/posts\/12414"}],"collection":[{"href":"https:\/\/footdavant.fr\/actualites\/wp-json\/wp\/v2\/posts"}],"about":[{"href":"https:\/\/footdavant.fr\/actualites\/wp-json\/wp\/v2\/types\/post"}],"author":[{"embeddable":true,"href":"https:\/\/footdavant.fr\/actualites\/wp-json\/wp\/v2\/users\/1"}],"replies":[{"embeddable":true,"href":"https:\/\/footdavant.fr\/actualites\/wp-json\/wp\/v2\/comments?post=12414"}],"version-history":[{"count":1,"href":"https:\/\/footdavant.fr\/actualites\/wp-json\/wp\/v2\/posts\/12414\/revisions"}],"predecessor-version":[{"id":12416,"href":"https:\/\/footdavant.fr\/actualites\/wp-json\/wp\/v2\/posts\/12414\/revisions\/12416"}],"wp:featuredmedia":[{"embeddable":true,"href":"https:\/\/footdavant.fr\/actualites\/wp-json\/wp\/v2\/media\/12415"}],"wp:attachment":[{"href":"https:\/\/footdavant.fr\/actualites\/wp-json\/wp\/v2\/media?parent=12414"}],"wp:term":[{"taxonomy":"category","embeddable":true,"href":"https:\/\/footdavant.fr\/actualites\/wp-json\/wp\/v2\/categories?post=12414"},{"taxonomy":"post_tag","embeddable":true,"href":"https:\/\/footdavant.fr\/actualites\/wp-json\/wp\/v2\/tags?post=12414"}],"curies":[{"name":"wp","href":"https:\/\/api.w.org\/{rel}","templated":true}]}}