{"id":12417,"date":"2024-08-19T12:48:45","date_gmt":"2024-08-19T10:48:45","guid":{"rendered":"https:\/\/footdavant.fr\/actualites\/mbappe-ne-parvient-pas-a-marquer-lors-de-ses-debuts-en-liga\/"},"modified":"2024-08-19T12:48:50","modified_gmt":"2024-08-19T10:48:50","slug":"mbappe-ne-parvient-pas-a-marquer-lors-de-ses-debuts-en-liga","status":"publish","type":"post","link":"https:\/\/footdavant.fr\/actualites\/mbappe-ne-parvient-pas-a-marquer-lors-de-ses-debuts-en-liga\/","title":{"rendered":"Mbapp\u00e9 ne parvient pas \u00e0 marquer lors de ses d\u00e9buts en Liga"},"content":{"rendered":"<div>\n<p>Le Real Madrid, champion d&#39;Espagne en titre, a entam\u00e9 la d\u00e9fense de son titre en Liga en affrontant le RCD Mallorca au stade Mallorca Son Moix, dimanche soir 18 ao\u00fbt. Comme pr\u00e9vu, Majorque a jou\u00e9 en retrait pendant la majeure partie du match, frustrant les attaquants de classe mondiale des Blancos. Le plan a fonctionn\u00e9 \u00e0 merveille, puisque Majorque a d\u00e9croch\u00e9 un point dans le match, tenant les poids lourds en \u00e9chec 1-1.<\/p>\n<h2>Une nuit frustrante pour le Real Madrid<\/h2>\n<p>Apr\u00e8s sa victoire en Supercoupe de l&#39;UEFA contre l&#39;Atalanta, le Real Madrid a abord\u00e9 le match avec confiance. Ses mouvements \u00e9taient vifs, ses combinaisons \u00e9taient bonnes et il n&#39;h\u00e9sitait pas \u00e0 courir vers l&#39;adversaire. Quelques minutes apr\u00e8s que Kylian Mbapp\u00e9, qui d\u00e9butait en Liga, ait vu son penalty refus\u00e9, le Real Madrid a frapp\u00e9 Majorque en contre. Profitant d&#39;une superbe talonnade de Vinicius Jr., Rodrygo a coup\u00e9 depuis la gauche, s&#39;est ouvert un peu d&#39;espace et a vis\u00e9 le but. Le ballon s&#39;est enroul\u00e9 vers l&#39;int\u00e9rieur pour se loger au fond des filets, donnant au Real Madrid l&#39;avantage 1-0 \u00e0 la 13e minute.<\/p>\n<p>Majorque a fait preuve de plus de cran en fin de premi\u00e8re p\u00e9riode. Apr\u00e8s que Daniel Rodriguez n&#39;a pas r\u00e9ussi \u00e0 mettre Thibaut Courtois en difficult\u00e9 de la t\u00eate \u00e0 la 38e minute, Vedat Muriqi a \u00e9t\u00e9 tout pr\u00e8s de marquer depuis la surface \u00e0 la 42e minute. Heureusement pour les visiteurs, Antonio Rudiger a su anticiper le danger et a repris de vol\u00e9e en corner. Le Real Madrid s&#39;en est tir\u00e9 mais la chance lui a tourn\u00e9 \u00e0 la 53e minute, lorsque Muriqi a transform\u00e9 un corner impeccable de Rodriguez. La t\u00eate puissante de l&#39;avant-centre \u00e0 bout portant n&#39;a laiss\u00e9 aucune chance \u00e0 Courtois.<\/p>\n<p>Les choses ont empir\u00e9 pour les Merengues \u00e0 la septi\u00e8me minute du temps additionnel, lorsque Ferland Mendy a re\u00e7u un carton rouge m\u00e9rit\u00e9 pour un tacle terrible sur Muriqi. Le lat\u00e9ral gauche a touch\u00e9 l&#39;attaquant au mollet avec les crampons sortis. L&#39;arbitre, qui a vu l&#39;incident de pr\u00e8s, a donn\u00e9 un carton rouge direct au Fran\u00e7ais, le mettant hors jeu pour plusieurs matchs. Les Merengues n&#39;ont pas pris le risque de tenter de marquer le but de la victoire pendant les deux minutes suivantes et se sont content\u00e9s d&#39;un match nul 1-1.<\/p>\n<h2>Quelle performance a r\u00e9alis\u00e9 Kylian Mbapp\u00e9 lors de ses d\u00e9buts en Liga ?<\/h2>\n<p>Tous les regards \u00e9taient tourn\u00e9s vers le nouveau Galactique du Real Madrid, Kylian Mbapp\u00e9, alors que le Real Madrid entamait son parcours en Liga 2024-25 par un d\u00e9placement sur le terrain du RCD Majorque. L&#39;ancien attaquant du Paris Saint-Germain (PSG), qui avait marqu\u00e9 la semaine derni\u00e8re lors de la victoire des Blancos en Supercoupe de l&#39;UEFA, a tent\u00e9 de faire la diff\u00e9rence. Cependant, tout ne s&#39;est pas d\u00e9roul\u00e9 comme pr\u00e9vu. Majorque l&#39;a marqu\u00e9 de pr\u00e8s, ne lui permettant pas de courir vers la d\u00e9fense.<\/p>\n<p>Le joueur de 25 ans a cadr\u00e9 deux tirs, compl\u00e9t\u00e9 25 passes (avec 81 % de pr\u00e9cision), r\u00e9ussi trois dribbles et effectu\u00e9 trois passes dans le dernier tiers du terrain. Bien que son jeu soit globalement bon, il n&#39;a pas \u00e9t\u00e9 \u00e0 la hauteur sur le plan cr\u00e9atif, ne parvenant pas \u00e0 cr\u00e9er une seule occasion tout au long du match. Carlo Ancelotti aura besoin que son attaquant aux talons hauts joue un r\u00f4le plus actif, notamment contre les \u00e9quipes d\u00e9fensives, \u00e0 l&#39;avenir.<\/p>\n<\/p><\/div>\n","protected":false},"excerpt":{"rendered":"<p>Le Real Madrid, champion d&#39;Espagne en titre, a entam\u00e9 la d\u00e9fense de son titre en Liga en affrontant le RCD Mallorca au stade Mallorca Son<\/p>\n","protected":false},"author":1,"featured_media":12418,"comment_status":"closed","ping_status":"","sticky":false,"template":"","format":"standard","meta":{"footnotes":""},"categories":[3],"tags":[721,1704,64,1635,63,2829,71,154],"yoast_head":"<!-- This site is optimized with the Yoast SEO plugin v21.0 - https:\/\/yoast.com\/wordpress\/plugins\/seo\/ -->\n<title>Mbapp\u00e9 ne parvient pas \u00e0 marquer lors de ses d\u00e9buts en Liga<\/title>\n<meta name=\"robots\" content=\"index, follow, max-snippet:-1, max-image-preview:large, max-video-preview:-1\" \/>\n<link rel=\"canonical\" href=\"https:\/\/footdavant.fr\/actualites\/mbappe-ne-parvient-pas-a-marquer-lors-de-ses-debuts-en-liga\/\" \/>\n<meta property=\"og:locale\" content=\"fr_FR\" \/>\n<meta property=\"og:type\" content=\"article\" \/>\n<meta property=\"og:title\" content=\"Mbapp\u00e9 ne parvient pas \u00e0 marquer lors de ses d\u00e9buts en Liga\" \/>\n<meta property=\"og:description\" content=\"Le Real Madrid, champion d&#039;Espagne en titre, a entam\u00e9 la d\u00e9fense de son titre en Liga en affrontant le RCD Mallorca au stade Mallorca Son\" \/>\n<meta property=\"og:url\" content=\"https:\/\/footdavant.fr\/actualites\/mbappe-ne-parvient-pas-a-marquer-lors-de-ses-debuts-en-liga\/\" \/>\n<meta property=\"og:site_name\" content=\"Foot d&#039;avant\" \/>\n<meta property=\"article:publisher\" content=\"https:\/\/www.facebook.com\/Footdavant\/\" \/>\n<meta property=\"article:published_time\" content=\"2024-08-19T10:48:45+00:00\" \/>\n<meta property=\"article:modified_time\" content=\"2024-08-19T10:48:50+00:00\" \/>\n<meta property=\"og:image\" content=\"https:\/\/footdavant.fr\/actualites\/wp-content\/uploads\/2024\/08\/Mbappe-ne-parvient-pas-a-marquer-lors-de-ses-debuts.jpg\" \/>\n\t<meta property=\"og:image:width\" content=\"1296\" \/>\n\t<meta property=\"og:image:height\" content=\"729\" \/>\n\t<meta property=\"og:image:type\" content=\"image\/jpeg\" \/>\n<meta name=\"author\" content=\"Cl\u00e9ment\" \/>\n<meta name=\"twitter:card\" content=\"summary_large_image\" \/>\n<meta name=\"twitter:creator\" content=\"@FootdavantFr\" \/>\n<meta name=\"twitter:site\" content=\"@FootdavantFr\" \/>\n<meta name=\"twitter:label1\" content=\"\u00c9crit par\" \/>\n\t<meta name=\"twitter:data1\" content=\"Cl\u00e9ment\" \/>\n\t<meta name=\"twitter:label2\" content=\"Dur\u00e9e de lecture estim\u00e9e\" \/>\n\t<meta name=\"twitter:data2\" content=\"3 minutes\" \/>\n<script type=\"application\/ld+json\" class=\"yoast-schema-graph\">{\"@context\":\"https:\/\/schema.org\",\"@graph\":[{\"@type\":\"Article\",\"@id\":\"https:\/\/footdavant.fr\/actualites\/mbappe-ne-parvient-pas-a-marquer-lors-de-ses-debuts-en-liga\/#article\",\"isPartOf\":{\"@id\":\"https:\/\/footdavant.fr\/actualites\/mbappe-ne-parvient-pas-a-marquer-lors-de-ses-debuts-en-liga\/\"},\"author\":{\"name\":\"Cl\u00e9ment\",\"@id\":\"https:\/\/footdavant.fr\/actualites\/#\/schema\/person\/bc222566d95871b37e597b3ed3ba5e1d\"},\"headline\":\"Mbapp\u00e9 ne parvient pas \u00e0 marquer lors de ses d\u00e9buts en Liga\",\"datePublished\":\"2024-08-19T10:48:45+00:00\",\"dateModified\":\"2024-08-19T10:48:50+00:00\",\"mainEntityOfPage\":{\"@id\":\"https:\/\/footdavant.fr\/actualites\/mbappe-ne-parvient-pas-a-marquer-lors-de-ses-debuts-en-liga\/\"},\"wordCount\":620,\"publisher\":{\"@id\":\"https:\/\/footdavant.fr\/actualites\/#organization\"},\"keywords\":[\"d\u00e9buts\",\"Liga\",\"lors\",\"marquer\",\"Mbappe\",\"parvient\",\"pas\",\"ses\"],\"articleSection\":[\"Football\"],\"inLanguage\":\"fr-FR\"},{\"@type\":\"WebPage\",\"@id\":\"https:\/\/footdavant.fr\/actualites\/mbappe-ne-parvient-pas-a-marquer-lors-de-ses-debuts-en-liga\/\",\"url\":\"https:\/\/footdavant.fr\/actualites\/mbappe-ne-parvient-pas-a-marquer-lors-de-ses-debuts-en-liga\/\",\"name\":\"Mbapp\u00e9 ne parvient pas \u00e0 marquer lors de ses d\u00e9buts en Liga\",\"isPartOf\":{\"@id\":\"https:\/\/footdavant.fr\/actualites\/#website\"},\"datePublished\":\"2024-08-19T10:48:45+00:00\",\"dateModified\":\"2024-08-19T10:48:50+00:00\",\"breadcrumb\":{\"@id\":\"https:\/\/footdavant.fr\/actualites\/mbappe-ne-parvient-pas-a-marquer-lors-de-ses-debuts-en-liga\/#breadcrumb\"},\"inLanguage\":\"fr-FR\",\"potentialAction\":[{\"@type\":\"ReadAction\",\"target\":[\"https:\/\/footdavant.fr\/actualites\/mbappe-ne-parvient-pas-a-marquer-lors-de-ses-debuts-en-liga\/\"]}]},{\"@type\":\"BreadcrumbList\",\"@id\":\"https:\/\/footdavant.fr\/actualites\/mbappe-ne-parvient-pas-a-marquer-lors-de-ses-debuts-en-liga\/#breadcrumb\",\"itemListElement\":[{\"@type\":\"ListItem\",\"position\":1,\"name\":\"Accueil\",\"item\":\"https:\/\/footdavant.fr\/actualites\/\"},{\"@type\":\"ListItem\",\"position\":2,\"name\":\"Mbapp\u00e9 ne parvient pas \u00e0 marquer lors de ses d\u00e9buts en Liga\"}]},{\"@type\":\"WebSite\",\"@id\":\"https:\/\/footdavant.fr\/actualites\/#website\",\"url\":\"https:\/\/footdavant.fr\/actualites\/\",\"name\":\"Foot d'avant\",\"description\":\"\",\"publisher\":{\"@id\":\"https:\/\/footdavant.fr\/actualites\/#organization\"},\"potentialAction\":[{\"@type\":\"SearchAction\",\"target\":{\"@type\":\"EntryPoint\",\"urlTemplate\":\"https:\/\/footdavant.fr\/actualites\/?s={search_term_string}\"},\"query-input\":\"required name=search_term_string\"}],\"inLanguage\":\"fr-FR\"},{\"@type\":\"Organization\",\"@id\":\"https:\/\/footdavant.fr\/actualites\/#organization\",\"name\":\"Foot d'avant\",\"url\":\"https:\/\/footdavant.fr\/actualites\/\",\"logo\":{\"@type\":\"ImageObject\",\"inLanguage\":\"fr-FR\",\"@id\":\"https:\/\/footdavant.fr\/actualites\/#\/schema\/logo\/image\/\",\"url\":\"https:\/\/footdavant.fr\/actualites\/wp-content\/uploads\/2023\/09\/Copy-of-FootDavant-Logo.png\",\"contentUrl\":\"https:\/\/footdavant.fr\/actualites\/wp-content\/uploads\/2023\/09\/Copy-of-FootDavant-Logo.png\",\"width\":936,\"height\":549,\"caption\":\"Foot d'avant\"},\"image\":{\"@id\":\"https:\/\/footdavant.fr\/actualites\/#\/schema\/logo\/image\/\"},\"sameAs\":[\"https:\/\/www.facebook.com\/Footdavant\/\",\"https:\/\/twitter.com\/FootdavantFr\",\"https:\/\/www.instagram.com\/footdavant.fr\/\"]},{\"@type\":\"Person\",\"@id\":\"https:\/\/footdavant.fr\/actualites\/#\/schema\/person\/bc222566d95871b37e597b3ed3ba5e1d\",\"name\":\"Cl\u00e9ment\",\"image\":{\"@type\":\"ImageObject\",\"inLanguage\":\"fr-FR\",\"@id\":\"https:\/\/footdavant.fr\/actualites\/#\/schema\/person\/image\/\",\"url\":\"https:\/\/secure.gravatar.com\/avatar\/7728b29aac2719421e1a9159b2254c44?s=96&d=mm&r=g\",\"contentUrl\":\"https:\/\/secure.gravatar.com\/avatar\/7728b29aac2719421e1a9159b2254c44?s=96&d=mm&r=g\",\"caption\":\"Cl\u00e9ment\"},\"sameAs\":[\"https:\/\/footdavant.fr\/\"]}]}<\/script>\n<!-- \/ Yoast SEO plugin. -->","yoast_head_json":{"title":"Mbapp\u00e9 ne parvient pas \u00e0 marquer lors de ses d\u00e9buts en Liga","robots":{"index":"index","follow":"follow","max-snippet":"max-snippet:-1","max-image-preview":"max-image-preview:large","max-video-preview":"max-video-preview:-1"},"canonical":"https:\/\/footdavant.fr\/actualites\/mbappe-ne-parvient-pas-a-marquer-lors-de-ses-debuts-en-liga\/","og_locale":"fr_FR","og_type":"article","og_title":"Mbapp\u00e9 ne parvient pas \u00e0 marquer lors de ses d\u00e9buts en Liga","og_description":"Le Real Madrid, champion d&#39;Espagne en titre, a entam\u00e9 la d\u00e9fense de son titre en Liga en affrontant le RCD Mallorca au stade Mallorca Son","og_url":"https:\/\/footdavant.fr\/actualites\/mbappe-ne-parvient-pas-a-marquer-lors-de-ses-debuts-en-liga\/","og_site_name":"Foot d&#039;avant","article_publisher":"https:\/\/www.facebook.com\/Footdavant\/","article_published_time":"2024-08-19T10:48:45+00:00","article_modified_time":"2024-08-19T10:48:50+00:00","og_image":[{"width":1296,"height":729,"url":"https:\/\/footdavant.fr\/actualites\/wp-content\/uploads\/2024\/08\/Mbappe-ne-parvient-pas-a-marquer-lors-de-ses-debuts.jpg","type":"image\/jpeg"}],"author":"Cl\u00e9ment","twitter_card":"summary_large_image","twitter_creator":"@FootdavantFr","twitter_site":"@FootdavantFr","twitter_misc":{"\u00c9crit par":"Cl\u00e9ment","Dur\u00e9e de lecture estim\u00e9e":"3 minutes"},"schema":{"@context":"https:\/\/schema.org","@graph":[{"@type":"Article","@id":"https:\/\/footdavant.fr\/actualites\/mbappe-ne-parvient-pas-a-marquer-lors-de-ses-debuts-en-liga\/#article","isPartOf":{"@id":"https:\/\/footdavant.fr\/actualites\/mbappe-ne-parvient-pas-a-marquer-lors-de-ses-debuts-en-liga\/"},"author":{"name":"Cl\u00e9ment","@id":"https:\/\/footdavant.fr\/actualites\/#\/schema\/person\/bc222566d95871b37e597b3ed3ba5e1d"},"headline":"Mbapp\u00e9 ne parvient pas \u00e0 marquer lors de ses d\u00e9buts en Liga","datePublished":"2024-08-19T10:48:45+00:00","dateModified":"2024-08-19T10:48:50+00:00","mainEntityOfPage":{"@id":"https:\/\/footdavant.fr\/actualites\/mbappe-ne-parvient-pas-a-marquer-lors-de-ses-debuts-en-liga\/"},"wordCount":620,"publisher":{"@id":"https:\/\/footdavant.fr\/actualites\/#organization"},"keywords":["d\u00e9buts","Liga","lors","marquer","Mbappe","parvient","pas","ses"],"articleSection":["Football"],"inLanguage":"fr-FR"},{"@type":"WebPage","@id":"https:\/\/footdavant.fr\/actualites\/mbappe-ne-parvient-pas-a-marquer-lors-de-ses-debuts-en-liga\/","url":"https:\/\/footdavant.fr\/actualites\/mbappe-ne-parvient-pas-a-marquer-lors-de-ses-debuts-en-liga\/","name":"Mbapp\u00e9 ne parvient pas \u00e0 marquer lors de ses d\u00e9buts en Liga","isPartOf":{"@id":"https:\/\/footdavant.fr\/actualites\/#website"},"datePublished":"2024-08-19T10:48:45+00:00","dateModified":"2024-08-19T10:48:50+00:00","breadcrumb":{"@id":"https:\/\/footdavant.fr\/actualites\/mbappe-ne-parvient-pas-a-marquer-lors-de-ses-debuts-en-liga\/#breadcrumb"},"inLanguage":"fr-FR","potentialAction":[{"@type":"ReadAction","target":["https:\/\/footdavant.fr\/actualites\/mbappe-ne-parvient-pas-a-marquer-lors-de-ses-debuts-en-liga\/"]}]},{"@type":"BreadcrumbList","@id":"https:\/\/footdavant.fr\/actualites\/mbappe-ne-parvient-pas-a-marquer-lors-de-ses-debuts-en-liga\/#breadcrumb","itemListElement":[{"@type":"ListItem","position":1,"name":"Accueil","item":"https:\/\/footdavant.fr\/actualites\/"},{"@type":"ListItem","position":2,"name":"Mbapp\u00e9 ne parvient pas \u00e0 marquer lors de ses d\u00e9buts en Liga"}]},{"@type":"WebSite","@id":"https:\/\/footdavant.fr\/actualites\/#website","url":"https:\/\/footdavant.fr\/actualites\/","name":"Foot d'avant","description":"","publisher":{"@id":"https:\/\/footdavant.fr\/actualites\/#organization"},"potentialAction":[{"@type":"SearchAction","target":{"@type":"EntryPoint","urlTemplate":"https:\/\/footdavant.fr\/actualites\/?s={search_term_string}"},"query-input":"required name=search_term_string"}],"inLanguage":"fr-FR"},{"@type":"Organization","@id":"https:\/\/footdavant.fr\/actualites\/#organization","name":"Foot d'avant","url":"https:\/\/footdavant.fr\/actualites\/","logo":{"@type":"ImageObject","inLanguage":"fr-FR","@id":"https:\/\/footdavant.fr\/actualites\/#\/schema\/logo\/image\/","url":"https:\/\/footdavant.fr\/actualites\/wp-content\/uploads\/2023\/09\/Copy-of-FootDavant-Logo.png","contentUrl":"https:\/\/footdavant.fr\/actualites\/wp-content\/uploads\/2023\/09\/Copy-of-FootDavant-Logo.png","width":936,"height":549,"caption":"Foot d'avant"},"image":{"@id":"https:\/\/footdavant.fr\/actualites\/#\/schema\/logo\/image\/"},"sameAs":["https:\/\/www.facebook.com\/Footdavant\/","https:\/\/twitter.com\/FootdavantFr","https:\/\/www.instagram.com\/footdavant.fr\/"]},{"@type":"Person","@id":"https:\/\/footdavant.fr\/actualites\/#\/schema\/person\/bc222566d95871b37e597b3ed3ba5e1d","name":"Cl\u00e9ment","image":{"@type":"ImageObject","inLanguage":"fr-FR","@id":"https:\/\/footdavant.fr\/actualites\/#\/schema\/person\/image\/","url":"https:\/\/secure.gravatar.com\/avatar\/7728b29aac2719421e1a9159b2254c44?s=96&d=mm&r=g","contentUrl":"https:\/\/secure.gravatar.com\/avatar\/7728b29aac2719421e1a9159b2254c44?s=96&d=mm&r=g","caption":"Cl\u00e9ment"},"sameAs":["https:\/\/footdavant.fr\/"]}]}},"_links":{"self":[{"href":"https:\/\/footdavant.fr\/actualites\/wp-json\/wp\/v2\/posts\/12417"}],"collection":[{"href":"https:\/\/footdavant.fr\/actualites\/wp-json\/wp\/v2\/posts"}],"about":[{"href":"https:\/\/footdavant.fr\/actualites\/wp-json\/wp\/v2\/types\/post"}],"author":[{"embeddable":true,"href":"https:\/\/footdavant.fr\/actualites\/wp-json\/wp\/v2\/users\/1"}],"replies":[{"embeddable":true,"href":"https:\/\/footdavant.fr\/actualites\/wp-json\/wp\/v2\/comments?post=12417"}],"version-history":[{"count":1,"href":"https:\/\/footdavant.fr\/actualites\/wp-json\/wp\/v2\/posts\/12417\/revisions"}],"predecessor-version":[{"id":12419,"href":"https:\/\/footdavant.fr\/actualites\/wp-json\/wp\/v2\/posts\/12417\/revisions\/12419"}],"wp:featuredmedia":[{"embeddable":true,"href":"https:\/\/footdavant.fr\/actualites\/wp-json\/wp\/v2\/media\/12418"}],"wp:attachment":[{"href":"https:\/\/footdavant.fr\/actualites\/wp-json\/wp\/v2\/media?parent=12417"}],"wp:term":[{"taxonomy":"category","embeddable":true,"href":"https:\/\/footdavant.fr\/actualites\/wp-json\/wp\/v2\/categories?post=12417"},{"taxonomy":"post_tag","embeddable":true,"href":"https:\/\/footdavant.fr\/actualites\/wp-json\/wp\/v2\/tags?post=12417"}],"curies":[{"name":"wp","href":"https:\/\/api.w.org\/{rel}","templated":true}]}}