{"id":12496,"date":"2024-08-21T08:49:47","date_gmt":"2024-08-21T06:49:47","guid":{"rendered":"https:\/\/footdavant.fr\/actualites\/agbonlahor-qualifie-las-de-33-ans-de-m-fiable-de-liverpool\/"},"modified":"2024-08-21T08:50:04","modified_gmt":"2024-08-21T06:50:04","slug":"agbonlahor-qualifie-las-de-33-ans-de-m-fiable-de-liverpool","status":"publish","type":"post","link":"https:\/\/footdavant.fr\/actualites\/agbonlahor-qualifie-las-de-33-ans-de-m-fiable-de-liverpool\/","title":{"rendered":"Agbonlahor qualifie l&#39;as de 33 ans de \u00ab M. Fiable \u00bb de Liverpool"},"content":{"rendered":"<p><\/p>\n<div id=\"article-body\">\n<!-- Article Start --><\/p>\n<p>Le capitaine de Liverpool, Virgil van Dijk, a \u00e9t\u00e9 d\u00e9crit comme le \u00ab M. Fiable \u00bb des Reds par l&#39;ancien attaquant de Premier League Gabriel Agbonlahor.<\/p>\n<p>L&#39;international n\u00e9erlandais a aid\u00e9 son \u00e9quipe \u00e0 remporter une victoire 2-0 contre Ipswich ce week-end, alors que l&#39;\u00e8re Arne Slot a d\u00e9marr\u00e9 parfaitement \u00e0 Portman Road.<\/p>\n<p>Le joueur de 33 ans, qui est maintenant entr\u00e9 dans la derni\u00e8re ann\u00e9e de son contrat actuel avec Liverpool, a jou\u00e9 un r\u00f4le \u00e9norme dans le deuxi\u00e8me but des Reds contre l&#39;\u00e9quipe nouvellement promue et Agbonlahor admet qu&#39;il a \u00e9t\u00e9 \u00e9poustoufl\u00e9 par la qualit\u00e9 de notre num\u00e9ro 4.<\/p>\n<p>  l&#39;ancien attaquant d&#39;Aston Villa a d\u00e9clar\u00e9 sur talkSPORT (via Rousing The Kop).<\/p>\n<\/p>\n<\/p>\n<p>Depuis son arriv\u00e9e \u00e0 Anfield en 2018, van Dijk est reconnu comme l&#39;un des meilleurs d\u00e9fenseurs du monde.<\/p>\n<p>Son style de d\u00e9fense calme et pos\u00e9 est brillant \u00e0 regarder, en plus de sa capacit\u00e9 de passe de classe mondiale qui a \u00e9t\u00e9 d\u00e9montr\u00e9e ce week-end.<\/p>\n<p>Il peut litt\u00e9ralement lancer des attaques depuis le bord de sa propre surface et nous avons de la chance de l&#39;avoir sous le maillot rouge semaine apr\u00e8s semaine.<\/p>\n<p>Bien qu&#39;il soit du mauvais c\u00f4t\u00e9 des 33 ans, l&#39;ancien joueur de Southampton prouve toujours qu&#39;il a ce qu&#39;il faut pour performer au plus haut niveau et il sera impatient d&#39;ajouter plus de troph\u00e9es \u00e0 sa collection d\u00e9j\u00e0 impressionnante cette saison.<\/p>\n<p>Ce soir, le N\u00e9erlandais a \u00e9t\u00e9 nomm\u00e9 dans l&#39;\u00e9quipe de l&#39;ann\u00e9e de la PFA Premier League &#8211; une r\u00e9compense bien m\u00e9rit\u00e9e pour notre capitaine !<\/p>\n<\/p>\n<p><span class=\"embed-youtube\" style=\"text-align:center; display: block;\"><\/span><\/p>\n<p><!-- Article End -->\t\t\t\t<\/div>\n","protected":false},"excerpt":{"rendered":"<p>Le capitaine de Liverpool, Virgil van Dijk, a \u00e9t\u00e9 d\u00e9crit comme le \u00ab M. Fiable \u00bb des Reds par l&#39;ancien attaquant de Premier League Gabriel<\/p>\n","protected":false},"author":1,"featured_media":12497,"comment_status":"closed","ping_status":"","sticky":false,"template":"","format":"standard","meta":{"footnotes":""},"categories":[3],"tags":[2423,209,1373,4719,53,907],"yoast_head":"<!-- This site is optimized with the Yoast SEO plugin v21.0 - https:\/\/yoast.com\/wordpress\/plugins\/seo\/ -->\n<title>Agbonlahor qualifie l&#039;as de 33 ans de \u00ab M. Fiable \u00bb de Liverpool<\/title>\n<meta name=\"robots\" content=\"index, follow, max-snippet:-1, max-image-preview:large, max-video-preview:-1\" \/>\n<link rel=\"canonical\" href=\"https:\/\/footdavant.fr\/actualites\/agbonlahor-qualifie-las-de-33-ans-de-m-fiable-de-liverpool\/\" \/>\n<meta property=\"og:locale\" content=\"fr_FR\" \/>\n<meta property=\"og:type\" content=\"article\" \/>\n<meta property=\"og:title\" content=\"Agbonlahor qualifie l&#039;as de 33 ans de \u00ab M. Fiable \u00bb de Liverpool\" \/>\n<meta property=\"og:description\" content=\"Le capitaine de Liverpool, Virgil van Dijk, a \u00e9t\u00e9 d\u00e9crit comme le \u00ab M. Fiable \u00bb des Reds par l&#039;ancien attaquant de Premier League Gabriel\" \/>\n<meta property=\"og:url\" content=\"https:\/\/footdavant.fr\/actualites\/agbonlahor-qualifie-las-de-33-ans-de-m-fiable-de-liverpool\/\" \/>\n<meta property=\"og:site_name\" content=\"Foot d&#039;avant\" \/>\n<meta property=\"article:publisher\" content=\"https:\/\/www.facebook.com\/Footdavant\/\" \/>\n<meta property=\"article:published_time\" content=\"2024-08-21T06:49:47+00:00\" \/>\n<meta property=\"article:modified_time\" content=\"2024-08-21T06:50:04+00:00\" \/>\n<meta property=\"og:image\" content=\"https:\/\/footdavant.fr\/actualites\/wp-content\/uploads\/2024\/08\/Agbonlahor-qualifie-l39as-de-33-ans-de-M-Fiable-scaled.jpg\" \/>\n\t<meta property=\"og:image:width\" content=\"2560\" \/>\n\t<meta property=\"og:image:height\" content=\"1706\" \/>\n\t<meta property=\"og:image:type\" content=\"image\/jpeg\" \/>\n<meta name=\"author\" content=\"Cl\u00e9ment\" \/>\n<meta name=\"twitter:card\" content=\"summary_large_image\" \/>\n<meta name=\"twitter:creator\" content=\"@FootdavantFr\" \/>\n<meta name=\"twitter:site\" content=\"@FootdavantFr\" \/>\n<meta name=\"twitter:label1\" content=\"\u00c9crit par\" \/>\n\t<meta name=\"twitter:data1\" content=\"Cl\u00e9ment\" \/>\n\t<meta name=\"twitter:label2\" content=\"Dur\u00e9e de lecture estim\u00e9e\" \/>\n\t<meta name=\"twitter:data2\" content=\"1 minute\" \/>\n<script type=\"application\/ld+json\" class=\"yoast-schema-graph\">{\"@context\":\"https:\/\/schema.org\",\"@graph\":[{\"@type\":\"Article\",\"@id\":\"https:\/\/footdavant.fr\/actualites\/agbonlahor-qualifie-las-de-33-ans-de-m-fiable-de-liverpool\/#article\",\"isPartOf\":{\"@id\":\"https:\/\/footdavant.fr\/actualites\/agbonlahor-qualifie-las-de-33-ans-de-m-fiable-de-liverpool\/\"},\"author\":{\"name\":\"Cl\u00e9ment\",\"@id\":\"https:\/\/footdavant.fr\/actualites\/#\/schema\/person\/bc222566d95871b37e597b3ed3ba5e1d\"},\"headline\":\"Agbonlahor qualifie l&#39;as de 33 ans de \u00ab M. Fiable \u00bb de Liverpool\",\"datePublished\":\"2024-08-21T06:49:47+00:00\",\"dateModified\":\"2024-08-21T06:50:04+00:00\",\"mainEntityOfPage\":{\"@id\":\"https:\/\/footdavant.fr\/actualites\/agbonlahor-qualifie-las-de-33-ans-de-m-fiable-de-liverpool\/\"},\"wordCount\":290,\"publisher\":{\"@id\":\"https:\/\/footdavant.fr\/actualites\/#organization\"},\"keywords\":[\"Agbonlahor\",\"ans\",\"fiable\",\"L39as\",\"Liverpool\",\"qualifie\"],\"articleSection\":[\"Football\"],\"inLanguage\":\"fr-FR\"},{\"@type\":\"WebPage\",\"@id\":\"https:\/\/footdavant.fr\/actualites\/agbonlahor-qualifie-las-de-33-ans-de-m-fiable-de-liverpool\/\",\"url\":\"https:\/\/footdavant.fr\/actualites\/agbonlahor-qualifie-las-de-33-ans-de-m-fiable-de-liverpool\/\",\"name\":\"Agbonlahor qualifie l&#39;as de 33 ans de \u00ab M. Fiable \u00bb de Liverpool\",\"isPartOf\":{\"@id\":\"https:\/\/footdavant.fr\/actualites\/#website\"},\"datePublished\":\"2024-08-21T06:49:47+00:00\",\"dateModified\":\"2024-08-21T06:50:04+00:00\",\"breadcrumb\":{\"@id\":\"https:\/\/footdavant.fr\/actualites\/agbonlahor-qualifie-las-de-33-ans-de-m-fiable-de-liverpool\/#breadcrumb\"},\"inLanguage\":\"fr-FR\",\"potentialAction\":[{\"@type\":\"ReadAction\",\"target\":[\"https:\/\/footdavant.fr\/actualites\/agbonlahor-qualifie-las-de-33-ans-de-m-fiable-de-liverpool\/\"]}]},{\"@type\":\"BreadcrumbList\",\"@id\":\"https:\/\/footdavant.fr\/actualites\/agbonlahor-qualifie-las-de-33-ans-de-m-fiable-de-liverpool\/#breadcrumb\",\"itemListElement\":[{\"@type\":\"ListItem\",\"position\":1,\"name\":\"Accueil\",\"item\":\"https:\/\/footdavant.fr\/actualites\/\"},{\"@type\":\"ListItem\",\"position\":2,\"name\":\"Agbonlahor qualifie l&#39;as de 33 ans de \u00ab M. Fiable \u00bb de Liverpool\"}]},{\"@type\":\"WebSite\",\"@id\":\"https:\/\/footdavant.fr\/actualites\/#website\",\"url\":\"https:\/\/footdavant.fr\/actualites\/\",\"name\":\"Foot d'avant\",\"description\":\"\",\"publisher\":{\"@id\":\"https:\/\/footdavant.fr\/actualites\/#organization\"},\"potentialAction\":[{\"@type\":\"SearchAction\",\"target\":{\"@type\":\"EntryPoint\",\"urlTemplate\":\"https:\/\/footdavant.fr\/actualites\/?s={search_term_string}\"},\"query-input\":\"required name=search_term_string\"}],\"inLanguage\":\"fr-FR\"},{\"@type\":\"Organization\",\"@id\":\"https:\/\/footdavant.fr\/actualites\/#organization\",\"name\":\"Foot d'avant\",\"url\":\"https:\/\/footdavant.fr\/actualites\/\",\"logo\":{\"@type\":\"ImageObject\",\"inLanguage\":\"fr-FR\",\"@id\":\"https:\/\/footdavant.fr\/actualites\/#\/schema\/logo\/image\/\",\"url\":\"https:\/\/footdavant.fr\/actualites\/wp-content\/uploads\/2023\/09\/Copy-of-FootDavant-Logo.png\",\"contentUrl\":\"https:\/\/footdavant.fr\/actualites\/wp-content\/uploads\/2023\/09\/Copy-of-FootDavant-Logo.png\",\"width\":936,\"height\":549,\"caption\":\"Foot d'avant\"},\"image\":{\"@id\":\"https:\/\/footdavant.fr\/actualites\/#\/schema\/logo\/image\/\"},\"sameAs\":[\"https:\/\/www.facebook.com\/Footdavant\/\",\"https:\/\/twitter.com\/FootdavantFr\",\"https:\/\/www.instagram.com\/footdavant.fr\/\"]},{\"@type\":\"Person\",\"@id\":\"https:\/\/footdavant.fr\/actualites\/#\/schema\/person\/bc222566d95871b37e597b3ed3ba5e1d\",\"name\":\"Cl\u00e9ment\",\"image\":{\"@type\":\"ImageObject\",\"inLanguage\":\"fr-FR\",\"@id\":\"https:\/\/footdavant.fr\/actualites\/#\/schema\/person\/image\/\",\"url\":\"https:\/\/secure.gravatar.com\/avatar\/7728b29aac2719421e1a9159b2254c44?s=96&d=mm&r=g\",\"contentUrl\":\"https:\/\/secure.gravatar.com\/avatar\/7728b29aac2719421e1a9159b2254c44?s=96&d=mm&r=g\",\"caption\":\"Cl\u00e9ment\"},\"sameAs\":[\"https:\/\/footdavant.fr\/\"]}]}<\/script>\n<!-- \/ Yoast SEO plugin. -->","yoast_head_json":{"title":"Agbonlahor qualifie l&#39;as de 33 ans de \u00ab M. Fiable \u00bb de Liverpool","robots":{"index":"index","follow":"follow","max-snippet":"max-snippet:-1","max-image-preview":"max-image-preview:large","max-video-preview":"max-video-preview:-1"},"canonical":"https:\/\/footdavant.fr\/actualites\/agbonlahor-qualifie-las-de-33-ans-de-m-fiable-de-liverpool\/","og_locale":"fr_FR","og_type":"article","og_title":"Agbonlahor qualifie l&#39;as de 33 ans de \u00ab M. Fiable \u00bb de Liverpool","og_description":"Le capitaine de Liverpool, Virgil van Dijk, a \u00e9t\u00e9 d\u00e9crit comme le \u00ab M. Fiable \u00bb des Reds par l&#39;ancien attaquant de Premier League Gabriel","og_url":"https:\/\/footdavant.fr\/actualites\/agbonlahor-qualifie-las-de-33-ans-de-m-fiable-de-liverpool\/","og_site_name":"Foot d&#039;avant","article_publisher":"https:\/\/www.facebook.com\/Footdavant\/","article_published_time":"2024-08-21T06:49:47+00:00","article_modified_time":"2024-08-21T06:50:04+00:00","og_image":[{"width":2560,"height":1706,"url":"https:\/\/footdavant.fr\/actualites\/wp-content\/uploads\/2024\/08\/Agbonlahor-qualifie-l39as-de-33-ans-de-M-Fiable-scaled.jpg","type":"image\/jpeg"}],"author":"Cl\u00e9ment","twitter_card":"summary_large_image","twitter_creator":"@FootdavantFr","twitter_site":"@FootdavantFr","twitter_misc":{"\u00c9crit par":"Cl\u00e9ment","Dur\u00e9e de lecture estim\u00e9e":"1 minute"},"schema":{"@context":"https:\/\/schema.org","@graph":[{"@type":"Article","@id":"https:\/\/footdavant.fr\/actualites\/agbonlahor-qualifie-las-de-33-ans-de-m-fiable-de-liverpool\/#article","isPartOf":{"@id":"https:\/\/footdavant.fr\/actualites\/agbonlahor-qualifie-las-de-33-ans-de-m-fiable-de-liverpool\/"},"author":{"name":"Cl\u00e9ment","@id":"https:\/\/footdavant.fr\/actualites\/#\/schema\/person\/bc222566d95871b37e597b3ed3ba5e1d"},"headline":"Agbonlahor qualifie l&#39;as de 33 ans de \u00ab M. Fiable \u00bb de Liverpool","datePublished":"2024-08-21T06:49:47+00:00","dateModified":"2024-08-21T06:50:04+00:00","mainEntityOfPage":{"@id":"https:\/\/footdavant.fr\/actualites\/agbonlahor-qualifie-las-de-33-ans-de-m-fiable-de-liverpool\/"},"wordCount":290,"publisher":{"@id":"https:\/\/footdavant.fr\/actualites\/#organization"},"keywords":["Agbonlahor","ans","fiable","L39as","Liverpool","qualifie"],"articleSection":["Football"],"inLanguage":"fr-FR"},{"@type":"WebPage","@id":"https:\/\/footdavant.fr\/actualites\/agbonlahor-qualifie-las-de-33-ans-de-m-fiable-de-liverpool\/","url":"https:\/\/footdavant.fr\/actualites\/agbonlahor-qualifie-las-de-33-ans-de-m-fiable-de-liverpool\/","name":"Agbonlahor qualifie l&#39;as de 33 ans de \u00ab M. Fiable \u00bb de Liverpool","isPartOf":{"@id":"https:\/\/footdavant.fr\/actualites\/#website"},"datePublished":"2024-08-21T06:49:47+00:00","dateModified":"2024-08-21T06:50:04+00:00","breadcrumb":{"@id":"https:\/\/footdavant.fr\/actualites\/agbonlahor-qualifie-las-de-33-ans-de-m-fiable-de-liverpool\/#breadcrumb"},"inLanguage":"fr-FR","potentialAction":[{"@type":"ReadAction","target":["https:\/\/footdavant.fr\/actualites\/agbonlahor-qualifie-las-de-33-ans-de-m-fiable-de-liverpool\/"]}]},{"@type":"BreadcrumbList","@id":"https:\/\/footdavant.fr\/actualites\/agbonlahor-qualifie-las-de-33-ans-de-m-fiable-de-liverpool\/#breadcrumb","itemListElement":[{"@type":"ListItem","position":1,"name":"Accueil","item":"https:\/\/footdavant.fr\/actualites\/"},{"@type":"ListItem","position":2,"name":"Agbonlahor qualifie l&#39;as de 33 ans de \u00ab M. Fiable \u00bb de Liverpool"}]},{"@type":"WebSite","@id":"https:\/\/footdavant.fr\/actualites\/#website","url":"https:\/\/footdavant.fr\/actualites\/","name":"Foot d'avant","description":"","publisher":{"@id":"https:\/\/footdavant.fr\/actualites\/#organization"},"potentialAction":[{"@type":"SearchAction","target":{"@type":"EntryPoint","urlTemplate":"https:\/\/footdavant.fr\/actualites\/?s={search_term_string}"},"query-input":"required name=search_term_string"}],"inLanguage":"fr-FR"},{"@type":"Organization","@id":"https:\/\/footdavant.fr\/actualites\/#organization","name":"Foot d'avant","url":"https:\/\/footdavant.fr\/actualites\/","logo":{"@type":"ImageObject","inLanguage":"fr-FR","@id":"https:\/\/footdavant.fr\/actualites\/#\/schema\/logo\/image\/","url":"https:\/\/footdavant.fr\/actualites\/wp-content\/uploads\/2023\/09\/Copy-of-FootDavant-Logo.png","contentUrl":"https:\/\/footdavant.fr\/actualites\/wp-content\/uploads\/2023\/09\/Copy-of-FootDavant-Logo.png","width":936,"height":549,"caption":"Foot d'avant"},"image":{"@id":"https:\/\/footdavant.fr\/actualites\/#\/schema\/logo\/image\/"},"sameAs":["https:\/\/www.facebook.com\/Footdavant\/","https:\/\/twitter.com\/FootdavantFr","https:\/\/www.instagram.com\/footdavant.fr\/"]},{"@type":"Person","@id":"https:\/\/footdavant.fr\/actualites\/#\/schema\/person\/bc222566d95871b37e597b3ed3ba5e1d","name":"Cl\u00e9ment","image":{"@type":"ImageObject","inLanguage":"fr-FR","@id":"https:\/\/footdavant.fr\/actualites\/#\/schema\/person\/image\/","url":"https:\/\/secure.gravatar.com\/avatar\/7728b29aac2719421e1a9159b2254c44?s=96&d=mm&r=g","contentUrl":"https:\/\/secure.gravatar.com\/avatar\/7728b29aac2719421e1a9159b2254c44?s=96&d=mm&r=g","caption":"Cl\u00e9ment"},"sameAs":["https:\/\/footdavant.fr\/"]}]}},"_links":{"self":[{"href":"https:\/\/footdavant.fr\/actualites\/wp-json\/wp\/v2\/posts\/12496"}],"collection":[{"href":"https:\/\/footdavant.fr\/actualites\/wp-json\/wp\/v2\/posts"}],"about":[{"href":"https:\/\/footdavant.fr\/actualites\/wp-json\/wp\/v2\/types\/post"}],"author":[{"embeddable":true,"href":"https:\/\/footdavant.fr\/actualites\/wp-json\/wp\/v2\/users\/1"}],"replies":[{"embeddable":true,"href":"https:\/\/footdavant.fr\/actualites\/wp-json\/wp\/v2\/comments?post=12496"}],"version-history":[{"count":1,"href":"https:\/\/footdavant.fr\/actualites\/wp-json\/wp\/v2\/posts\/12496\/revisions"}],"predecessor-version":[{"id":12498,"href":"https:\/\/footdavant.fr\/actualites\/wp-json\/wp\/v2\/posts\/12496\/revisions\/12498"}],"wp:featuredmedia":[{"embeddable":true,"href":"https:\/\/footdavant.fr\/actualites\/wp-json\/wp\/v2\/media\/12497"}],"wp:attachment":[{"href":"https:\/\/footdavant.fr\/actualites\/wp-json\/wp\/v2\/media?parent=12496"}],"wp:term":[{"taxonomy":"category","embeddable":true,"href":"https:\/\/footdavant.fr\/actualites\/wp-json\/wp\/v2\/categories?post=12496"},{"taxonomy":"post_tag","embeddable":true,"href":"https:\/\/footdavant.fr\/actualites\/wp-json\/wp\/v2\/tags?post=12496"}],"curies":[{"name":"wp","href":"https:\/\/api.w.org\/{rel}","templated":true}]}}