{"id":125,"date":"2023-11-01T07:46:04","date_gmt":"2023-11-01T06:46:04","guid":{"rendered":"https:\/\/footdavant.fr\/actualites\/les-49ers-ajoutent-a-la-defense-superieure-et-echangent-contre-edge-rusher-chase-young\/"},"modified":"2023-11-01T07:46:04","modified_gmt":"2023-11-01T06:46:04","slug":"les-49ers-ajoutent-a-la-defense-superieure-et-echangent-contre-edge-rusher-chase-young","status":"publish","type":"post","link":"https:\/\/footdavant.fr\/actualites\/les-49ers-ajoutent-a-la-defense-superieure-et-echangent-contre-edge-rusher-chase-young\/","title":{"rendered":"Les 49ers ajoutent \u00e0 la d\u00e9fense sup\u00e9rieure et \u00e9changent contre Edge Rusher Chase Young"},"content":{"rendered":"<div>\n<p>Les 49ers de San Francisco sont entr\u00e9s dans la saison avec l&rsquo;une des lignes d\u00e9fensives les plus redout\u00e9es de la NFL.  Ils ont eu le titre de joueur d\u00e9fensif de l&rsquo;ann\u00e9e en Nick Bosa apr\u00e8s une saison de 18,5 sacs, et ils ont ajout\u00e9 Javon Hargrave des Eagles pour accompagner Arik Armstead et le reste des fronts d\u00e9fensifs talentueux.<\/p>\n<h2>Les 49ers ajoutent Chase Young pour aider avec Pass Rush<\/h2>\n<blockquote class=\"twitter-tweet\">\n<p dir=\"ltr\" lang=\"en\">Sources : ancien choix n\u00b02 au classement g\u00e9n\u00e9ral <a rel=\"nofollow\" href=\"https:\/\/twitter.com\/hashtag\/Commanders?src=hash&amp;ref_src=twsrc%5Etfw\">#Commandants<\/a> DE Chase Young est \u00e9chang\u00e9 au <a rel=\"nofollow\" href=\"https:\/\/twitter.com\/hashtag\/49ers?src=hash&amp;ref_src=twsrc%5Etfw\">#49ers<\/a>.  Incroyable.  Probablement un choix de mi-tour en 2024.<\/p>\n<p>Apr\u00e8s avoir distribu\u00e9 Montez Sweat au <a rel=\"nofollow\" href=\"https:\/\/twitter.com\/hashtag\/Bears?src=hash&amp;ref_src=twsrc%5Etfw\">#Ours<\/a>Washington \u00e9change d\u00e9sormais Young contre l&rsquo;un des meilleurs de la NFL. <a rel=\"nofollow\" href=\"https:\/\/t.co\/pKuCkIw39U\">pic.twitter.com\/pKuCkIw39U<\/a><\/p>\n<p>\u2013 Ian Rapoport (@RapSheet) <a rel=\"nofollow\" href=\"https:\/\/twitter.com\/RapSheet\/status\/1719423282762461237?ref_src=twsrc%5Etfw\">31 octobre 2023<\/a><\/p>\n<\/blockquote>\n<p>Bien qu&rsquo;ils soient toujours redout\u00e9s et qu&rsquo;ils soient l&rsquo;une des meilleures unit\u00e9s de la ligue, la ru\u00e9e vers les passes des 49ers n&rsquo;a pas encore \u00e9t\u00e9 \u00e0 la hauteur des attentes cette saison.  Ils ont totalis\u00e9 18 sacs au cours des 8 premiers matchs, ce qui leur permet d&rsquo;en avoir 6 de moins que l&rsquo;an dernier, et Bosa a \u00e9t\u00e9 nettement plus silencieux.  Il n&rsquo;a que 3 sacs jusqu&rsquo;\u00e0 pr\u00e9sent, un rythme qui lui permettrait de terminer avec 6 ou 7 cette ann\u00e9e, bien loin des 18,5 de 2022.<\/p>\n<p>Mais l\u2019aide est en route.  Il y avait des rumeurs concernant les commandants de Washington et leur volont\u00e9 d&rsquo;\u00eatre vendeurs \u00e0 la date limite des \u00e9changes, et elles se sont av\u00e9r\u00e9es vraies.  Plus t\u00f4t dans la journ\u00e9e, l&rsquo;\u00e9quipe a \u00e9chang\u00e9 le passeur Montez Sweat aux Bears, bien que leurs d\u00e9placements et leurs transactions n&rsquo;aient pas \u00e9t\u00e9 termin\u00e9s.  Un peu plus d&rsquo;une heure plus tard, les Commanders ont conclu un \u00e9change contre l&rsquo;ancien choix n\u00b02 au classement g\u00e9n\u00e9ral Chase Young, l&rsquo;envoyant \u00e0 San Francisco en \u00e9change d&rsquo;un choix de troisi\u00e8me ronde en 2024.<\/p>\n<h2>Les jeunes peuvent-ils rester en assez bonne sant\u00e9 pour aider\u00a0?<\/h2>\n<blockquote class=\"twitter-tweet\">\n<p dir=\"ltr\" lang=\"en\">Commerce II : Washington distribue DE Chase Young aux 49ers de San Francisco pour un choix de troisi\u00e8me ronde, selon des sources.<\/p>\n<p>Le jour de la date limite des \u00e9changes, Washington a d\u00e9sormais abandonn\u00e9 Young et Montez Sweat, autrefois consid\u00e9r\u00e9s comme des acteurs fondateurs.<\/p>\n<p>\u2013Adam Schefter (@AdamSchefter) <a rel=\"nofollow\" href=\"https:\/\/twitter.com\/AdamSchefter\/status\/1719423994275807609?ref_src=twsrc%5Etfw\">31 octobre 2023<\/a><\/p>\n<\/blockquote>\n<p>Young n&rsquo;a pas \u00e9t\u00e9 \u00e0 la hauteur de son statut d&rsquo;ancien premier choix au rep\u00eachage, mais cela peut \u00eatre attribu\u00e9 en grande partie \u00e0 des blessures.  Il n&rsquo;a pas encore jou\u00e9 une saison compl\u00e8te au cours de sa carri\u00e8re de plus de 3 ans et a disput\u00e9 un total de 11 matchs au cours des deux derni\u00e8res saisons tout en se r\u00e9tablissant d&rsquo;une op\u00e9ration du LCA.  Il a r\u00e9alis\u00e9 7,5 sacs lors de sa saison recrue, mais n&rsquo;en a d\u00e9croch\u00e9 que 1,5 au cours des deux suivantes.  Young a jusqu\u2019\u00e0 pr\u00e9sent 5 sacs en 2023.<\/p>\n<p>Young aidera non seulement \u00e0 la course aux passes, mais l&rsquo;\u00e9change r\u00e9unira lui et Bosa, qui ont \u00e9t\u00e9 co\u00e9quipiers pendant deux ans \u00e0 Ohio State.<\/p>\n<p>Les 49ers sont actuellement en semaine de cong\u00e9 et ne rejoueront que le 11 novembre.  Ils affronteront les Jaguars sur la route dans l&rsquo;espoir de mettre fin \u00e0 leur s\u00e9quence de trois d\u00e9faites cons\u00e9cutives.<\/p>\n<\/p><\/div>\n<p><script async src=\"https:\/\/platform.twitter.com\/widgets.js\" charset=\"utf-8\"><\/script><\/p>\n","protected":false},"excerpt":{"rendered":"<p>Les 49ers de San Francisco sont entr\u00e9s dans la saison avec l&rsquo;une des lignes d\u00e9fensives les plus redout\u00e9es de la NFL. Ils ont eu le<\/p>\n","protected":false},"author":1,"featured_media":126,"comment_status":"closed","ping_status":"","sticky":false,"template":"","format":"standard","meta":{"footnotes":""},"categories":[3],"tags":[223,224,230,20,225,227,228,93,229,226,65],"yoast_head":"<!-- This site is optimized with the Yoast SEO plugin v21.0 - https:\/\/yoast.com\/wordpress\/plugins\/seo\/ -->\n<title>Les 49ers ajoutent \u00e0 la d\u00e9fense sup\u00e9rieure et \u00e9changent contre Edge Rusher Chase Young<\/title>\n<meta name=\"robots\" content=\"index, follow, max-snippet:-1, max-image-preview:large, max-video-preview:-1\" \/>\n<link rel=\"canonical\" href=\"https:\/\/footdavant.fr\/actualites\/les-49ers-ajoutent-a-la-defense-superieure-et-echangent-contre-edge-rusher-chase-young\/\" \/>\n<meta property=\"og:locale\" content=\"fr_FR\" \/>\n<meta property=\"og:type\" content=\"article\" \/>\n<meta property=\"og:title\" content=\"Les 49ers ajoutent \u00e0 la d\u00e9fense sup\u00e9rieure et \u00e9changent contre Edge Rusher Chase Young\" \/>\n<meta property=\"og:description\" content=\"Les 49ers de San Francisco sont entr\u00e9s dans la saison avec l&rsquo;une des lignes d\u00e9fensives les plus redout\u00e9es de la NFL. Ils ont eu le\" \/>\n<meta property=\"og:url\" content=\"https:\/\/footdavant.fr\/actualites\/les-49ers-ajoutent-a-la-defense-superieure-et-echangent-contre-edge-rusher-chase-young\/\" \/>\n<meta property=\"og:site_name\" content=\"Foot d&#039;avant\" \/>\n<meta property=\"article:publisher\" content=\"https:\/\/www.facebook.com\/Footdavant\/\" \/>\n<meta property=\"article:published_time\" content=\"2023-11-01T06:46:04+00:00\" \/>\n<meta property=\"og:image\" content=\"https:\/\/footdavant.fr\/actualites\/wp-content\/uploads\/2023\/11\/Les-49ers-ajoutent-a-la-defense-superieure-et-echangent-contre.jpeg\" \/>\n\t<meta property=\"og:image:width\" content=\"650\" \/>\n\t<meta property=\"og:image:height\" content=\"433\" \/>\n\t<meta property=\"og:image:type\" content=\"image\/jpeg\" \/>\n<meta name=\"author\" content=\"Cl\u00e9ment\" \/>\n<meta name=\"twitter:card\" content=\"summary_large_image\" \/>\n<meta name=\"twitter:creator\" content=\"@FootdavantFr\" \/>\n<meta name=\"twitter:site\" content=\"@FootdavantFr\" \/>\n<meta name=\"twitter:label1\" content=\"\u00c9crit par\" \/>\n\t<meta name=\"twitter:data1\" content=\"Cl\u00e9ment\" \/>\n\t<meta name=\"twitter:label2\" content=\"Dur\u00e9e de lecture estim\u00e9e\" \/>\n\t<meta name=\"twitter:data2\" content=\"3 minutes\" \/>\n<script type=\"application\/ld+json\" class=\"yoast-schema-graph\">{\"@context\":\"https:\/\/schema.org\",\"@graph\":[{\"@type\":\"Article\",\"@id\":\"https:\/\/footdavant.fr\/actualites\/les-49ers-ajoutent-a-la-defense-superieure-et-echangent-contre-edge-rusher-chase-young\/#article\",\"isPartOf\":{\"@id\":\"https:\/\/footdavant.fr\/actualites\/les-49ers-ajoutent-a-la-defense-superieure-et-echangent-contre-edge-rusher-chase-young\/\"},\"author\":{\"name\":\"Cl\u00e9ment\",\"@id\":\"https:\/\/footdavant.fr\/actualites\/#\/schema\/person\/bc222566d95871b37e597b3ed3ba5e1d\"},\"headline\":\"Les 49ers ajoutent \u00e0 la d\u00e9fense sup\u00e9rieure et \u00e9changent contre Edge Rusher Chase Young\",\"datePublished\":\"2023-11-01T06:46:04+00:00\",\"dateModified\":\"2023-11-01T06:46:04+00:00\",\"mainEntityOfPage\":{\"@id\":\"https:\/\/footdavant.fr\/actualites\/les-49ers-ajoutent-a-la-defense-superieure-et-echangent-contre-edge-rusher-chase-young\/\"},\"wordCount\":546,\"publisher\":{\"@id\":\"https:\/\/footdavant.fr\/actualites\/#organization\"},\"keywords\":[\"49ers\",\"ajoutent\",\"Chase\",\"contre\",\"d\u00e9fense\",\"\u00e9changent\",\"Edge\",\"les\",\"Rusher\",\"sup\u00e9rieure\",\"Young\"],\"articleSection\":[\"Football\"],\"inLanguage\":\"fr-FR\"},{\"@type\":\"WebPage\",\"@id\":\"https:\/\/footdavant.fr\/actualites\/les-49ers-ajoutent-a-la-defense-superieure-et-echangent-contre-edge-rusher-chase-young\/\",\"url\":\"https:\/\/footdavant.fr\/actualites\/les-49ers-ajoutent-a-la-defense-superieure-et-echangent-contre-edge-rusher-chase-young\/\",\"name\":\"Les 49ers ajoutent \u00e0 la d\u00e9fense sup\u00e9rieure et \u00e9changent contre Edge Rusher Chase Young\",\"isPartOf\":{\"@id\":\"https:\/\/footdavant.fr\/actualites\/#website\"},\"datePublished\":\"2023-11-01T06:46:04+00:00\",\"dateModified\":\"2023-11-01T06:46:04+00:00\",\"breadcrumb\":{\"@id\":\"https:\/\/footdavant.fr\/actualites\/les-49ers-ajoutent-a-la-defense-superieure-et-echangent-contre-edge-rusher-chase-young\/#breadcrumb\"},\"inLanguage\":\"fr-FR\",\"potentialAction\":[{\"@type\":\"ReadAction\",\"target\":[\"https:\/\/footdavant.fr\/actualites\/les-49ers-ajoutent-a-la-defense-superieure-et-echangent-contre-edge-rusher-chase-young\/\"]}]},{\"@type\":\"BreadcrumbList\",\"@id\":\"https:\/\/footdavant.fr\/actualites\/les-49ers-ajoutent-a-la-defense-superieure-et-echangent-contre-edge-rusher-chase-young\/#breadcrumb\",\"itemListElement\":[{\"@type\":\"ListItem\",\"position\":1,\"name\":\"Accueil\",\"item\":\"https:\/\/footdavant.fr\/actualites\/\"},{\"@type\":\"ListItem\",\"position\":2,\"name\":\"Les 49ers ajoutent \u00e0 la d\u00e9fense sup\u00e9rieure et \u00e9changent contre Edge Rusher Chase Young\"}]},{\"@type\":\"WebSite\",\"@id\":\"https:\/\/footdavant.fr\/actualites\/#website\",\"url\":\"https:\/\/footdavant.fr\/actualites\/\",\"name\":\"Foot d'avant\",\"description\":\"\",\"publisher\":{\"@id\":\"https:\/\/footdavant.fr\/actualites\/#organization\"},\"potentialAction\":[{\"@type\":\"SearchAction\",\"target\":{\"@type\":\"EntryPoint\",\"urlTemplate\":\"https:\/\/footdavant.fr\/actualites\/?s={search_term_string}\"},\"query-input\":\"required name=search_term_string\"}],\"inLanguage\":\"fr-FR\"},{\"@type\":\"Organization\",\"@id\":\"https:\/\/footdavant.fr\/actualites\/#organization\",\"name\":\"Foot d'avant\",\"url\":\"https:\/\/footdavant.fr\/actualites\/\",\"logo\":{\"@type\":\"ImageObject\",\"inLanguage\":\"fr-FR\",\"@id\":\"https:\/\/footdavant.fr\/actualites\/#\/schema\/logo\/image\/\",\"url\":\"https:\/\/footdavant.fr\/actualites\/wp-content\/uploads\/2023\/09\/Copy-of-FootDavant-Logo.png\",\"contentUrl\":\"https:\/\/footdavant.fr\/actualites\/wp-content\/uploads\/2023\/09\/Copy-of-FootDavant-Logo.png\",\"width\":936,\"height\":549,\"caption\":\"Foot d'avant\"},\"image\":{\"@id\":\"https:\/\/footdavant.fr\/actualites\/#\/schema\/logo\/image\/\"},\"sameAs\":[\"https:\/\/www.facebook.com\/Footdavant\/\",\"https:\/\/twitter.com\/FootdavantFr\",\"https:\/\/www.instagram.com\/footdavant.fr\/\"]},{\"@type\":\"Person\",\"@id\":\"https:\/\/footdavant.fr\/actualites\/#\/schema\/person\/bc222566d95871b37e597b3ed3ba5e1d\",\"name\":\"Cl\u00e9ment\",\"image\":{\"@type\":\"ImageObject\",\"inLanguage\":\"fr-FR\",\"@id\":\"https:\/\/footdavant.fr\/actualites\/#\/schema\/person\/image\/\",\"url\":\"https:\/\/secure.gravatar.com\/avatar\/7728b29aac2719421e1a9159b2254c44?s=96&d=mm&r=g\",\"contentUrl\":\"https:\/\/secure.gravatar.com\/avatar\/7728b29aac2719421e1a9159b2254c44?s=96&d=mm&r=g\",\"caption\":\"Cl\u00e9ment\"},\"sameAs\":[\"https:\/\/footdavant.fr\/\"]}]}<\/script>\n<!-- \/ Yoast SEO plugin. -->","yoast_head_json":{"title":"Les 49ers ajoutent \u00e0 la d\u00e9fense sup\u00e9rieure et \u00e9changent contre Edge Rusher Chase Young","robots":{"index":"index","follow":"follow","max-snippet":"max-snippet:-1","max-image-preview":"max-image-preview:large","max-video-preview":"max-video-preview:-1"},"canonical":"https:\/\/footdavant.fr\/actualites\/les-49ers-ajoutent-a-la-defense-superieure-et-echangent-contre-edge-rusher-chase-young\/","og_locale":"fr_FR","og_type":"article","og_title":"Les 49ers ajoutent \u00e0 la d\u00e9fense sup\u00e9rieure et \u00e9changent contre Edge Rusher Chase Young","og_description":"Les 49ers de San Francisco sont entr\u00e9s dans la saison avec l&rsquo;une des lignes d\u00e9fensives les plus redout\u00e9es de la NFL. Ils ont eu le","og_url":"https:\/\/footdavant.fr\/actualites\/les-49ers-ajoutent-a-la-defense-superieure-et-echangent-contre-edge-rusher-chase-young\/","og_site_name":"Foot d&#039;avant","article_publisher":"https:\/\/www.facebook.com\/Footdavant\/","article_published_time":"2023-11-01T06:46:04+00:00","og_image":[{"width":650,"height":433,"url":"https:\/\/footdavant.fr\/actualites\/wp-content\/uploads\/2023\/11\/Les-49ers-ajoutent-a-la-defense-superieure-et-echangent-contre.jpeg","type":"image\/jpeg"}],"author":"Cl\u00e9ment","twitter_card":"summary_large_image","twitter_creator":"@FootdavantFr","twitter_site":"@FootdavantFr","twitter_misc":{"\u00c9crit par":"Cl\u00e9ment","Dur\u00e9e de lecture estim\u00e9e":"3 minutes"},"schema":{"@context":"https:\/\/schema.org","@graph":[{"@type":"Article","@id":"https:\/\/footdavant.fr\/actualites\/les-49ers-ajoutent-a-la-defense-superieure-et-echangent-contre-edge-rusher-chase-young\/#article","isPartOf":{"@id":"https:\/\/footdavant.fr\/actualites\/les-49ers-ajoutent-a-la-defense-superieure-et-echangent-contre-edge-rusher-chase-young\/"},"author":{"name":"Cl\u00e9ment","@id":"https:\/\/footdavant.fr\/actualites\/#\/schema\/person\/bc222566d95871b37e597b3ed3ba5e1d"},"headline":"Les 49ers ajoutent \u00e0 la d\u00e9fense sup\u00e9rieure et \u00e9changent contre Edge Rusher Chase Young","datePublished":"2023-11-01T06:46:04+00:00","dateModified":"2023-11-01T06:46:04+00:00","mainEntityOfPage":{"@id":"https:\/\/footdavant.fr\/actualites\/les-49ers-ajoutent-a-la-defense-superieure-et-echangent-contre-edge-rusher-chase-young\/"},"wordCount":546,"publisher":{"@id":"https:\/\/footdavant.fr\/actualites\/#organization"},"keywords":["49ers","ajoutent","Chase","contre","d\u00e9fense","\u00e9changent","Edge","les","Rusher","sup\u00e9rieure","Young"],"articleSection":["Football"],"inLanguage":"fr-FR"},{"@type":"WebPage","@id":"https:\/\/footdavant.fr\/actualites\/les-49ers-ajoutent-a-la-defense-superieure-et-echangent-contre-edge-rusher-chase-young\/","url":"https:\/\/footdavant.fr\/actualites\/les-49ers-ajoutent-a-la-defense-superieure-et-echangent-contre-edge-rusher-chase-young\/","name":"Les 49ers ajoutent \u00e0 la d\u00e9fense sup\u00e9rieure et \u00e9changent contre Edge Rusher Chase Young","isPartOf":{"@id":"https:\/\/footdavant.fr\/actualites\/#website"},"datePublished":"2023-11-01T06:46:04+00:00","dateModified":"2023-11-01T06:46:04+00:00","breadcrumb":{"@id":"https:\/\/footdavant.fr\/actualites\/les-49ers-ajoutent-a-la-defense-superieure-et-echangent-contre-edge-rusher-chase-young\/#breadcrumb"},"inLanguage":"fr-FR","potentialAction":[{"@type":"ReadAction","target":["https:\/\/footdavant.fr\/actualites\/les-49ers-ajoutent-a-la-defense-superieure-et-echangent-contre-edge-rusher-chase-young\/"]}]},{"@type":"BreadcrumbList","@id":"https:\/\/footdavant.fr\/actualites\/les-49ers-ajoutent-a-la-defense-superieure-et-echangent-contre-edge-rusher-chase-young\/#breadcrumb","itemListElement":[{"@type":"ListItem","position":1,"name":"Accueil","item":"https:\/\/footdavant.fr\/actualites\/"},{"@type":"ListItem","position":2,"name":"Les 49ers ajoutent \u00e0 la d\u00e9fense sup\u00e9rieure et \u00e9changent contre Edge Rusher Chase Young"}]},{"@type":"WebSite","@id":"https:\/\/footdavant.fr\/actualites\/#website","url":"https:\/\/footdavant.fr\/actualites\/","name":"Foot d'avant","description":"","publisher":{"@id":"https:\/\/footdavant.fr\/actualites\/#organization"},"potentialAction":[{"@type":"SearchAction","target":{"@type":"EntryPoint","urlTemplate":"https:\/\/footdavant.fr\/actualites\/?s={search_term_string}"},"query-input":"required name=search_term_string"}],"inLanguage":"fr-FR"},{"@type":"Organization","@id":"https:\/\/footdavant.fr\/actualites\/#organization","name":"Foot d'avant","url":"https:\/\/footdavant.fr\/actualites\/","logo":{"@type":"ImageObject","inLanguage":"fr-FR","@id":"https:\/\/footdavant.fr\/actualites\/#\/schema\/logo\/image\/","url":"https:\/\/footdavant.fr\/actualites\/wp-content\/uploads\/2023\/09\/Copy-of-FootDavant-Logo.png","contentUrl":"https:\/\/footdavant.fr\/actualites\/wp-content\/uploads\/2023\/09\/Copy-of-FootDavant-Logo.png","width":936,"height":549,"caption":"Foot d'avant"},"image":{"@id":"https:\/\/footdavant.fr\/actualites\/#\/schema\/logo\/image\/"},"sameAs":["https:\/\/www.facebook.com\/Footdavant\/","https:\/\/twitter.com\/FootdavantFr","https:\/\/www.instagram.com\/footdavant.fr\/"]},{"@type":"Person","@id":"https:\/\/footdavant.fr\/actualites\/#\/schema\/person\/bc222566d95871b37e597b3ed3ba5e1d","name":"Cl\u00e9ment","image":{"@type":"ImageObject","inLanguage":"fr-FR","@id":"https:\/\/footdavant.fr\/actualites\/#\/schema\/person\/image\/","url":"https:\/\/secure.gravatar.com\/avatar\/7728b29aac2719421e1a9159b2254c44?s=96&d=mm&r=g","contentUrl":"https:\/\/secure.gravatar.com\/avatar\/7728b29aac2719421e1a9159b2254c44?s=96&d=mm&r=g","caption":"Cl\u00e9ment"},"sameAs":["https:\/\/footdavant.fr\/"]}]}},"_links":{"self":[{"href":"https:\/\/footdavant.fr\/actualites\/wp-json\/wp\/v2\/posts\/125"}],"collection":[{"href":"https:\/\/footdavant.fr\/actualites\/wp-json\/wp\/v2\/posts"}],"about":[{"href":"https:\/\/footdavant.fr\/actualites\/wp-json\/wp\/v2\/types\/post"}],"author":[{"embeddable":true,"href":"https:\/\/footdavant.fr\/actualites\/wp-json\/wp\/v2\/users\/1"}],"replies":[{"embeddable":true,"href":"https:\/\/footdavant.fr\/actualites\/wp-json\/wp\/v2\/comments?post=125"}],"version-history":[{"count":1,"href":"https:\/\/footdavant.fr\/actualites\/wp-json\/wp\/v2\/posts\/125\/revisions"}],"predecessor-version":[{"id":127,"href":"https:\/\/footdavant.fr\/actualites\/wp-json\/wp\/v2\/posts\/125\/revisions\/127"}],"wp:featuredmedia":[{"embeddable":true,"href":"https:\/\/footdavant.fr\/actualites\/wp-json\/wp\/v2\/media\/126"}],"wp:attachment":[{"href":"https:\/\/footdavant.fr\/actualites\/wp-json\/wp\/v2\/media?parent=125"}],"wp:term":[{"taxonomy":"category","embeddable":true,"href":"https:\/\/footdavant.fr\/actualites\/wp-json\/wp\/v2\/categories?post=125"},{"taxonomy":"post_tag","embeddable":true,"href":"https:\/\/footdavant.fr\/actualites\/wp-json\/wp\/v2\/tags?post=125"}],"curies":[{"name":"wp","href":"https:\/\/api.w.org\/{rel}","templated":true}]}}