{"id":12502,"date":"2024-08-21T12:48:36","date_gmt":"2024-08-21T10:48:36","guid":{"rendered":"https:\/\/footdavant.fr\/actualites\/tyreek-hill-a-ete-apercu-portant-une-attelle-amovible-sur-sa-main-droite-a-lentrainement\/"},"modified":"2024-08-21T12:48:36","modified_gmt":"2024-08-21T10:48:36","slug":"tyreek-hill-a-ete-apercu-portant-une-attelle-amovible-sur-sa-main-droite-a-lentrainement","status":"publish","type":"post","link":"https:\/\/footdavant.fr\/actualites\/tyreek-hill-a-ete-apercu-portant-une-attelle-amovible-sur-sa-main-droite-a-lentrainement\/","title":{"rendered":"Tyreek Hill a \u00e9t\u00e9 aper\u00e7u portant une attelle amovible sur sa main droite \u00e0 l&#39;entra\u00eenement"},"content":{"rendered":"<div>\n<p>Malgr\u00e9 la fin de l&#39;ann\u00e9e 2023, les Dolphins restent optimistes quant \u00e0 leur campagne 2024. L&#39;\u00e9quipe fait revenir tous ses joueurs offensifs cl\u00e9s, y compris Tyreek Hill, quatre fois All-Pro de la premi\u00e8re \u00e9quipe. Cameron Wolfe du NFL Network a rapport\u00e9 qu&#39;il avait vu Hill porter une attelle amovible sur sa main droite \u00e0 l&#39;entra\u00eenement mardi. L&#39;entra\u00eeneur-chef Mike McDaniel a d\u00e9clar\u00e9 qu&#39;il n&#39;\u00e9tait pas trop pr\u00e9occup\u00e9 par son v\u00e9t\u00e9ran WR et que l&#39;\u00e9quipe travaillait pour garder plusieurs joueurs en bonne sant\u00e9 pour la saison r\u00e9guli\u00e8re.<\/p>\n<h2>Tyreek Hill portait une attelle amovible sur sa main droite \u00e0 l&#39;entra\u00eenement mardi<\/h2>\n<blockquote class=\"twitter-tweet\">\n<p dir=\"ltr\" lang=\"en\">Le receveur des Dolphins Tyreek Hill est le dernier joueur en date \u00e0 \u00eatre victime d&#39;une blessure mineure. Il portait une attelle amovible \u00e0 la main droite pendant l&#39;entra\u00eenement d&#39;aujourd&#39;hui.<\/p>\n<p>Hill \u00e9tait en uniforme\/casque mais je ne l&#39;ai pas vu attraper une passe. Mike McDaniel a not\u00e9 la prudence avec de nombreux joueurs pour les garder en bonne sant\u00e9 pour la saison<\/p>\n<p>\u2014 Cameron Wolfe (@CameronWolfe) <a rel=\"nofollow\" href=\"https:\/\/twitter.com\/CameronWolfe\/status\/1825923229774454900?ref_src=twsrc%5Etfw\">20 ao\u00fbt 2024<\/a><\/p>\n<\/blockquote>\n<p>Selon le journaliste Cameron Wolfe, Tyreek Hill souffre d&#39;une \u00ab blessure mineure \u00bb. Hill a jou\u00e9 16 matchs au cours de chacune de ses trois derni\u00e8res saisons. La saison r\u00e9guli\u00e8re 2024 aura lieu dans moins de trois semaines et les Dolphins ont besoin que Hill reste en bonne sant\u00e9. Wolfe a indiqu\u00e9 qu&#39;il n&#39;avait pas vu le WR All-Pro attraper une passe lors de leur entra\u00eenement mardi. C&#39;est maintenant que Miami peut donner \u00e0 Hill le repos dont il a besoin. Hill est l&#39;un des meilleurs WR de la NFL, sinon le meilleur, et il n&#39;a pas besoin de jouer en pr\u00e9-saison. Miami ouvre la saison le dimanche 8 septembre, \u00e0 domicile contre les Jaguars de Jacksonville.<\/p>\n<p>En bonne sant\u00e9, Tyreek Hill est un receveur dynamique que peu de d\u00e9fenseurs peuvent g\u00e9rer. Au cours de chacune de ses deux derni\u00e8res saisons, Hill a r\u00e9alis\u00e9 119 r\u00e9ceptions et plus de 1 700 yards de r\u00e9ception. Au cours de sa campagne 2024, Hill a r\u00e9alis\u00e9 1 799 yards de r\u00e9ception, 13 touchdowns de r\u00e9ception et 112,5 yards par match en t\u00eate de la NFL. Miami veut s&#39;assurer que Hill aura ce type de production une fois la saison r\u00e9guli\u00e8re commenc\u00e9e. Si cela signifie que Hill doit rester sur le banc pendant les deux prochaines semaines, les Dolphins le feront. Heureusement, Cameron Wolfe a qualifi\u00e9 cela de \u00ab blessure mineure \u00bb et les fans des Dolphins ne devraient pas s&#39;inqui\u00e9ter. Hill a \u00e9t\u00e9 un WR durable qui a jou\u00e9 malgr\u00e9 des blessures au cours des derni\u00e8res saisons. L&#39;\u00e9quipe surveillera sa blessure \u00e0 la main droite \u00e0 l&#39;approche de la saison 2024.<\/p>\n<\/p><\/div>\n<p><script async src=\"https:\/\/platform.twitter.com\/widgets.js\" charset=\"utf-8\"><\/script><\/p>\n","protected":false},"excerpt":{"rendered":"<p>Malgr\u00e9 la fin de l&#39;ann\u00e9e 2023, les Dolphins restent optimistes quant \u00e0 leur campagne 2024. L&#39;\u00e9quipe fait revenir tous ses joueurs offensifs cl\u00e9s, y compris<\/p>\n","protected":false},"author":1,"featured_media":12503,"comment_status":"closed","ping_status":"","sticky":false,"template":"","format":"standard","meta":{"footnotes":""},"categories":[3],"tags":[6156,284,6155,6157,776,6153,4531,3681,6154,103,6152,92],"yoast_head":"<!-- This site is optimized with the Yoast SEO plugin v21.0 - https:\/\/yoast.com\/wordpress\/plugins\/seo\/ -->\n<title>Tyreek Hill a \u00e9t\u00e9 aper\u00e7u portant une attelle amovible sur sa main droite \u00e0 l&#039;entra\u00eenement<\/title>\n<meta name=\"robots\" content=\"index, follow, max-snippet:-1, max-image-preview:large, max-video-preview:-1\" \/>\n<link rel=\"canonical\" href=\"https:\/\/footdavant.fr\/actualites\/tyreek-hill-a-ete-apercu-portant-une-attelle-amovible-sur-sa-main-droite-a-lentrainement\/\" \/>\n<meta property=\"og:locale\" content=\"fr_FR\" \/>\n<meta property=\"og:type\" content=\"article\" \/>\n<meta property=\"og:title\" content=\"Tyreek Hill a \u00e9t\u00e9 aper\u00e7u portant une attelle amovible sur sa main droite \u00e0 l&#039;entra\u00eenement\" \/>\n<meta property=\"og:description\" content=\"Malgr\u00e9 la fin de l&#039;ann\u00e9e 2023, les Dolphins restent optimistes quant \u00e0 leur campagne 2024. L&#039;\u00e9quipe fait revenir tous ses joueurs offensifs cl\u00e9s, y compris\" \/>\n<meta property=\"og:url\" content=\"https:\/\/footdavant.fr\/actualites\/tyreek-hill-a-ete-apercu-portant-une-attelle-amovible-sur-sa-main-droite-a-lentrainement\/\" \/>\n<meta property=\"og:site_name\" content=\"Foot d&#039;avant\" \/>\n<meta property=\"article:publisher\" content=\"https:\/\/www.facebook.com\/Footdavant\/\" \/>\n<meta property=\"article:published_time\" content=\"2024-08-21T10:48:36+00:00\" \/>\n<meta property=\"og:image\" content=\"https:\/\/footdavant.fr\/actualites\/wp-content\/uploads\/2024\/08\/Tyreek-Hill-a-ete-apercu-portant-une-attelle-amovible-sur.jpg\" \/>\n\t<meta property=\"og:image:width\" content=\"696\" \/>\n\t<meta property=\"og:image:height\" content=\"464\" \/>\n\t<meta property=\"og:image:type\" content=\"image\/jpeg\" \/>\n<meta name=\"author\" content=\"Cl\u00e9ment\" \/>\n<meta name=\"twitter:card\" content=\"summary_large_image\" \/>\n<meta name=\"twitter:creator\" content=\"@FootdavantFr\" \/>\n<meta name=\"twitter:site\" content=\"@FootdavantFr\" \/>\n<meta name=\"twitter:label1\" content=\"\u00c9crit par\" \/>\n\t<meta name=\"twitter:data1\" content=\"Cl\u00e9ment\" \/>\n\t<meta name=\"twitter:label2\" content=\"Dur\u00e9e de lecture estim\u00e9e\" \/>\n\t<meta name=\"twitter:data2\" content=\"2 minutes\" \/>\n<script type=\"application\/ld+json\" class=\"yoast-schema-graph\">{\"@context\":\"https:\/\/schema.org\",\"@graph\":[{\"@type\":\"Article\",\"@id\":\"https:\/\/footdavant.fr\/actualites\/tyreek-hill-a-ete-apercu-portant-une-attelle-amovible-sur-sa-main-droite-a-lentrainement\/#article\",\"isPartOf\":{\"@id\":\"https:\/\/footdavant.fr\/actualites\/tyreek-hill-a-ete-apercu-portant-une-attelle-amovible-sur-sa-main-droite-a-lentrainement\/\"},\"author\":{\"name\":\"Cl\u00e9ment\",\"@id\":\"https:\/\/footdavant.fr\/actualites\/#\/schema\/person\/bc222566d95871b37e597b3ed3ba5e1d\"},\"headline\":\"Tyreek Hill a \u00e9t\u00e9 aper\u00e7u portant une attelle amovible sur sa main droite \u00e0 l&#39;entra\u00eenement\",\"datePublished\":\"2024-08-21T10:48:36+00:00\",\"dateModified\":\"2024-08-21T10:48:36+00:00\",\"mainEntityOfPage\":{\"@id\":\"https:\/\/footdavant.fr\/actualites\/tyreek-hill-a-ete-apercu-portant-une-attelle-amovible-sur-sa-main-droite-a-lentrainement\/\"},\"wordCount\":481,\"publisher\":{\"@id\":\"https:\/\/footdavant.fr\/actualites\/#organization\"},\"keywords\":[\"amovible\",\"Aper\u00e7u\",\"attelle\",\"droite\",\"\u00e9t\u00e9\",\"Hill\",\"l39entra\u00eenement\",\"main\",\"portant\",\"sur\",\"Tyreek\",\"une\"],\"articleSection\":[\"Football\"],\"inLanguage\":\"fr-FR\"},{\"@type\":\"WebPage\",\"@id\":\"https:\/\/footdavant.fr\/actualites\/tyreek-hill-a-ete-apercu-portant-une-attelle-amovible-sur-sa-main-droite-a-lentrainement\/\",\"url\":\"https:\/\/footdavant.fr\/actualites\/tyreek-hill-a-ete-apercu-portant-une-attelle-amovible-sur-sa-main-droite-a-lentrainement\/\",\"name\":\"Tyreek Hill a \u00e9t\u00e9 aper\u00e7u portant une attelle amovible sur sa main droite \u00e0 l&#39;entra\u00eenement\",\"isPartOf\":{\"@id\":\"https:\/\/footdavant.fr\/actualites\/#website\"},\"datePublished\":\"2024-08-21T10:48:36+00:00\",\"dateModified\":\"2024-08-21T10:48:36+00:00\",\"breadcrumb\":{\"@id\":\"https:\/\/footdavant.fr\/actualites\/tyreek-hill-a-ete-apercu-portant-une-attelle-amovible-sur-sa-main-droite-a-lentrainement\/#breadcrumb\"},\"inLanguage\":\"fr-FR\",\"potentialAction\":[{\"@type\":\"ReadAction\",\"target\":[\"https:\/\/footdavant.fr\/actualites\/tyreek-hill-a-ete-apercu-portant-une-attelle-amovible-sur-sa-main-droite-a-lentrainement\/\"]}]},{\"@type\":\"BreadcrumbList\",\"@id\":\"https:\/\/footdavant.fr\/actualites\/tyreek-hill-a-ete-apercu-portant-une-attelle-amovible-sur-sa-main-droite-a-lentrainement\/#breadcrumb\",\"itemListElement\":[{\"@type\":\"ListItem\",\"position\":1,\"name\":\"Accueil\",\"item\":\"https:\/\/footdavant.fr\/actualites\/\"},{\"@type\":\"ListItem\",\"position\":2,\"name\":\"Tyreek Hill a \u00e9t\u00e9 aper\u00e7u portant une attelle amovible sur sa main droite \u00e0 l&#39;entra\u00eenement\"}]},{\"@type\":\"WebSite\",\"@id\":\"https:\/\/footdavant.fr\/actualites\/#website\",\"url\":\"https:\/\/footdavant.fr\/actualites\/\",\"name\":\"Foot d'avant\",\"description\":\"\",\"publisher\":{\"@id\":\"https:\/\/footdavant.fr\/actualites\/#organization\"},\"potentialAction\":[{\"@type\":\"SearchAction\",\"target\":{\"@type\":\"EntryPoint\",\"urlTemplate\":\"https:\/\/footdavant.fr\/actualites\/?s={search_term_string}\"},\"query-input\":\"required name=search_term_string\"}],\"inLanguage\":\"fr-FR\"},{\"@type\":\"Organization\",\"@id\":\"https:\/\/footdavant.fr\/actualites\/#organization\",\"name\":\"Foot d'avant\",\"url\":\"https:\/\/footdavant.fr\/actualites\/\",\"logo\":{\"@type\":\"ImageObject\",\"inLanguage\":\"fr-FR\",\"@id\":\"https:\/\/footdavant.fr\/actualites\/#\/schema\/logo\/image\/\",\"url\":\"https:\/\/footdavant.fr\/actualites\/wp-content\/uploads\/2023\/09\/Copy-of-FootDavant-Logo.png\",\"contentUrl\":\"https:\/\/footdavant.fr\/actualites\/wp-content\/uploads\/2023\/09\/Copy-of-FootDavant-Logo.png\",\"width\":936,\"height\":549,\"caption\":\"Foot d'avant\"},\"image\":{\"@id\":\"https:\/\/footdavant.fr\/actualites\/#\/schema\/logo\/image\/\"},\"sameAs\":[\"https:\/\/www.facebook.com\/Footdavant\/\",\"https:\/\/twitter.com\/FootdavantFr\",\"https:\/\/www.instagram.com\/footdavant.fr\/\"]},{\"@type\":\"Person\",\"@id\":\"https:\/\/footdavant.fr\/actualites\/#\/schema\/person\/bc222566d95871b37e597b3ed3ba5e1d\",\"name\":\"Cl\u00e9ment\",\"image\":{\"@type\":\"ImageObject\",\"inLanguage\":\"fr-FR\",\"@id\":\"https:\/\/footdavant.fr\/actualites\/#\/schema\/person\/image\/\",\"url\":\"https:\/\/secure.gravatar.com\/avatar\/7728b29aac2719421e1a9159b2254c44?s=96&d=mm&r=g\",\"contentUrl\":\"https:\/\/secure.gravatar.com\/avatar\/7728b29aac2719421e1a9159b2254c44?s=96&d=mm&r=g\",\"caption\":\"Cl\u00e9ment\"},\"sameAs\":[\"https:\/\/footdavant.fr\/\"]}]}<\/script>\n<!-- \/ Yoast SEO plugin. -->","yoast_head_json":{"title":"Tyreek Hill a \u00e9t\u00e9 aper\u00e7u portant une attelle amovible sur sa main droite \u00e0 l&#39;entra\u00eenement","robots":{"index":"index","follow":"follow","max-snippet":"max-snippet:-1","max-image-preview":"max-image-preview:large","max-video-preview":"max-video-preview:-1"},"canonical":"https:\/\/footdavant.fr\/actualites\/tyreek-hill-a-ete-apercu-portant-une-attelle-amovible-sur-sa-main-droite-a-lentrainement\/","og_locale":"fr_FR","og_type":"article","og_title":"Tyreek Hill a \u00e9t\u00e9 aper\u00e7u portant une attelle amovible sur sa main droite \u00e0 l&#39;entra\u00eenement","og_description":"Malgr\u00e9 la fin de l&#39;ann\u00e9e 2023, les Dolphins restent optimistes quant \u00e0 leur campagne 2024. L&#39;\u00e9quipe fait revenir tous ses joueurs offensifs cl\u00e9s, y compris","og_url":"https:\/\/footdavant.fr\/actualites\/tyreek-hill-a-ete-apercu-portant-une-attelle-amovible-sur-sa-main-droite-a-lentrainement\/","og_site_name":"Foot d&#039;avant","article_publisher":"https:\/\/www.facebook.com\/Footdavant\/","article_published_time":"2024-08-21T10:48:36+00:00","og_image":[{"width":696,"height":464,"url":"https:\/\/footdavant.fr\/actualites\/wp-content\/uploads\/2024\/08\/Tyreek-Hill-a-ete-apercu-portant-une-attelle-amovible-sur.jpg","type":"image\/jpeg"}],"author":"Cl\u00e9ment","twitter_card":"summary_large_image","twitter_creator":"@FootdavantFr","twitter_site":"@FootdavantFr","twitter_misc":{"\u00c9crit par":"Cl\u00e9ment","Dur\u00e9e de lecture estim\u00e9e":"2 minutes"},"schema":{"@context":"https:\/\/schema.org","@graph":[{"@type":"Article","@id":"https:\/\/footdavant.fr\/actualites\/tyreek-hill-a-ete-apercu-portant-une-attelle-amovible-sur-sa-main-droite-a-lentrainement\/#article","isPartOf":{"@id":"https:\/\/footdavant.fr\/actualites\/tyreek-hill-a-ete-apercu-portant-une-attelle-amovible-sur-sa-main-droite-a-lentrainement\/"},"author":{"name":"Cl\u00e9ment","@id":"https:\/\/footdavant.fr\/actualites\/#\/schema\/person\/bc222566d95871b37e597b3ed3ba5e1d"},"headline":"Tyreek Hill a \u00e9t\u00e9 aper\u00e7u portant une attelle amovible sur sa main droite \u00e0 l&#39;entra\u00eenement","datePublished":"2024-08-21T10:48:36+00:00","dateModified":"2024-08-21T10:48:36+00:00","mainEntityOfPage":{"@id":"https:\/\/footdavant.fr\/actualites\/tyreek-hill-a-ete-apercu-portant-une-attelle-amovible-sur-sa-main-droite-a-lentrainement\/"},"wordCount":481,"publisher":{"@id":"https:\/\/footdavant.fr\/actualites\/#organization"},"keywords":["amovible","Aper\u00e7u","attelle","droite","\u00e9t\u00e9","Hill","l39entra\u00eenement","main","portant","sur","Tyreek","une"],"articleSection":["Football"],"inLanguage":"fr-FR"},{"@type":"WebPage","@id":"https:\/\/footdavant.fr\/actualites\/tyreek-hill-a-ete-apercu-portant-une-attelle-amovible-sur-sa-main-droite-a-lentrainement\/","url":"https:\/\/footdavant.fr\/actualites\/tyreek-hill-a-ete-apercu-portant-une-attelle-amovible-sur-sa-main-droite-a-lentrainement\/","name":"Tyreek Hill a \u00e9t\u00e9 aper\u00e7u portant une attelle amovible sur sa main droite \u00e0 l&#39;entra\u00eenement","isPartOf":{"@id":"https:\/\/footdavant.fr\/actualites\/#website"},"datePublished":"2024-08-21T10:48:36+00:00","dateModified":"2024-08-21T10:48:36+00:00","breadcrumb":{"@id":"https:\/\/footdavant.fr\/actualites\/tyreek-hill-a-ete-apercu-portant-une-attelle-amovible-sur-sa-main-droite-a-lentrainement\/#breadcrumb"},"inLanguage":"fr-FR","potentialAction":[{"@type":"ReadAction","target":["https:\/\/footdavant.fr\/actualites\/tyreek-hill-a-ete-apercu-portant-une-attelle-amovible-sur-sa-main-droite-a-lentrainement\/"]}]},{"@type":"BreadcrumbList","@id":"https:\/\/footdavant.fr\/actualites\/tyreek-hill-a-ete-apercu-portant-une-attelle-amovible-sur-sa-main-droite-a-lentrainement\/#breadcrumb","itemListElement":[{"@type":"ListItem","position":1,"name":"Accueil","item":"https:\/\/footdavant.fr\/actualites\/"},{"@type":"ListItem","position":2,"name":"Tyreek Hill a \u00e9t\u00e9 aper\u00e7u portant une attelle amovible sur sa main droite \u00e0 l&#39;entra\u00eenement"}]},{"@type":"WebSite","@id":"https:\/\/footdavant.fr\/actualites\/#website","url":"https:\/\/footdavant.fr\/actualites\/","name":"Foot d'avant","description":"","publisher":{"@id":"https:\/\/footdavant.fr\/actualites\/#organization"},"potentialAction":[{"@type":"SearchAction","target":{"@type":"EntryPoint","urlTemplate":"https:\/\/footdavant.fr\/actualites\/?s={search_term_string}"},"query-input":"required name=search_term_string"}],"inLanguage":"fr-FR"},{"@type":"Organization","@id":"https:\/\/footdavant.fr\/actualites\/#organization","name":"Foot d'avant","url":"https:\/\/footdavant.fr\/actualites\/","logo":{"@type":"ImageObject","inLanguage":"fr-FR","@id":"https:\/\/footdavant.fr\/actualites\/#\/schema\/logo\/image\/","url":"https:\/\/footdavant.fr\/actualites\/wp-content\/uploads\/2023\/09\/Copy-of-FootDavant-Logo.png","contentUrl":"https:\/\/footdavant.fr\/actualites\/wp-content\/uploads\/2023\/09\/Copy-of-FootDavant-Logo.png","width":936,"height":549,"caption":"Foot d'avant"},"image":{"@id":"https:\/\/footdavant.fr\/actualites\/#\/schema\/logo\/image\/"},"sameAs":["https:\/\/www.facebook.com\/Footdavant\/","https:\/\/twitter.com\/FootdavantFr","https:\/\/www.instagram.com\/footdavant.fr\/"]},{"@type":"Person","@id":"https:\/\/footdavant.fr\/actualites\/#\/schema\/person\/bc222566d95871b37e597b3ed3ba5e1d","name":"Cl\u00e9ment","image":{"@type":"ImageObject","inLanguage":"fr-FR","@id":"https:\/\/footdavant.fr\/actualites\/#\/schema\/person\/image\/","url":"https:\/\/secure.gravatar.com\/avatar\/7728b29aac2719421e1a9159b2254c44?s=96&d=mm&r=g","contentUrl":"https:\/\/secure.gravatar.com\/avatar\/7728b29aac2719421e1a9159b2254c44?s=96&d=mm&r=g","caption":"Cl\u00e9ment"},"sameAs":["https:\/\/footdavant.fr\/"]}]}},"_links":{"self":[{"href":"https:\/\/footdavant.fr\/actualites\/wp-json\/wp\/v2\/posts\/12502"}],"collection":[{"href":"https:\/\/footdavant.fr\/actualites\/wp-json\/wp\/v2\/posts"}],"about":[{"href":"https:\/\/footdavant.fr\/actualites\/wp-json\/wp\/v2\/types\/post"}],"author":[{"embeddable":true,"href":"https:\/\/footdavant.fr\/actualites\/wp-json\/wp\/v2\/users\/1"}],"replies":[{"embeddable":true,"href":"https:\/\/footdavant.fr\/actualites\/wp-json\/wp\/v2\/comments?post=12502"}],"version-history":[{"count":1,"href":"https:\/\/footdavant.fr\/actualites\/wp-json\/wp\/v2\/posts\/12502\/revisions"}],"predecessor-version":[{"id":12504,"href":"https:\/\/footdavant.fr\/actualites\/wp-json\/wp\/v2\/posts\/12502\/revisions\/12504"}],"wp:featuredmedia":[{"embeddable":true,"href":"https:\/\/footdavant.fr\/actualites\/wp-json\/wp\/v2\/media\/12503"}],"wp:attachment":[{"href":"https:\/\/footdavant.fr\/actualites\/wp-json\/wp\/v2\/media?parent=12502"}],"wp:term":[{"taxonomy":"category","embeddable":true,"href":"https:\/\/footdavant.fr\/actualites\/wp-json\/wp\/v2\/categories?post=12502"},{"taxonomy":"post_tag","embeddable":true,"href":"https:\/\/footdavant.fr\/actualites\/wp-json\/wp\/v2\/tags?post=12502"}],"curies":[{"name":"wp","href":"https:\/\/api.w.org\/{rel}","templated":true}]}}