{"id":1255,"date":"2023-11-22T05:39:35","date_gmt":"2023-11-22T04:39:35","guid":{"rendered":"https:\/\/footdavant.fr\/actualites\/jai-marque-plus-en-un-quart\/"},"modified":"2023-11-22T05:39:35","modified_gmt":"2023-11-22T04:39:35","slug":"jai-marque-plus-en-un-quart","status":"publish","type":"post","link":"https:\/\/footdavant.fr\/actualites\/jai-marque-plus-en-un-quart\/","title":{"rendered":"\u00ab\u00a0J&rsquo;ai marqu\u00e9 plus en un quart\u00a0\u00bb"},"content":{"rendered":"<div>\n<p>Les Golden State Warriors ont d\u00e9but\u00e9 la saison comme l&rsquo;une des \u00e9quipes les plus en vue de la NBA, avec une fiche de 5-1 au cours des six premiers matchs.  Mais le mois de novembre n&rsquo;a pas \u00e9t\u00e9 tendre avec eux, puisqu&rsquo;ils ont perdu six matchs de suite pour se retrouver au 10e rang de la Conf\u00e9rence Ouest avant le match de lundi.  Alors que toute l\u2019\u00e9quipe en dehors de Steph Curry a eu du mal \u00e0 tirer jusqu\u2019\u00e0 pr\u00e9sent cette saison, aucune performance terne n\u2019a peut-\u00eatre \u00e9t\u00e9 plus visible que celle de Klay Thompson.<\/p>\n<h2>Klay Thompson marque enfin 20 points dans un match<\/h2>\n<blockquote class=\"twitter-tweet\">\n<p dir=\"ltr\" lang=\"en\">Journaliste : \u00ab Est-ce vraiment important de marquer 20 pour la premi\u00e8re fois ? [this season]?\u00a0\u00bb<\/p>\n<p>Klay Thompson : \u00ab\u00a0\u00c7a fait du bien, mais j&rsquo;ai marqu\u00e9 plus de points en un quart-temps que ce soir.\u00a0\u00bb  \ud83d\udde3<\/p>\n<p>(via <a rel=\"nofollow\" href=\"https:\/\/twitter.com\/NBCSWarriors?ref_src=twsrc%5Etfw\">@NBCSWarriors<\/a>)<a rel=\"nofollow\" href=\"https:\/\/t.co\/fClIweZPLD\">pic.twitter.com\/fClIweZPLD<\/a><\/p>\n<p>&#8211; Points d&#8217;embrayage (@ClutchPoints) <a rel=\"nofollow\" href=\"https:\/\/twitter.com\/ClutchPoints\/status\/1727026690793332756?ref_src=twsrc%5Etfw\">21 novembre 2023<\/a><\/p>\n<\/blockquote>\n<p>Autrefois le premier joueur 3-et-D de la ligue, Thompson a, comme on pouvait s&rsquo;y attendre, r\u00e9gress\u00e9 un peu en raison de l&rsquo;\u00e2ge et des blessures \u00e0 la jambe cons\u00e9cutives mettant fin \u00e0 la saison.  Il a jou\u00e9 un r\u00f4le important dans la participation des Warriors \u00e0 un championnat il y a deux saisons, au cours de sa premi\u00e8re ann\u00e9e apr\u00e8s sa r\u00e9\u00e9ducation, bien que ses chiffres aient l\u00e9g\u00e8rement diminu\u00e9 \u00e0 mesure qu&rsquo;il atteignait le d\u00e9but de la trentaine.<\/p>\n<p>Les choses ont \u00e9t\u00e9 particuli\u00e8rement mauvaises pour Klay Thompson jusqu\u2019\u00e0 pr\u00e9sent en 2023-2024.  Sa moyenne de 14,4 points par match est la note la plus basse depuis sa saison recrue, soit pr\u00e8s de 8 points de moins que sa moyenne de l&rsquo;an dernier.  Son pourcentage \u00e0 trois points de 34 % est de loin la note la plus basse de sa carri\u00e8re, puisqu&rsquo;il n&rsquo;a termin\u00e9 qu&rsquo;une seule fois sous les 40 % (38,5 % en 2021-22).<\/p>\n<p>Les Warriors \u00e9taient sous le choc et Thompson ne faisait pas grand-chose pour arr\u00eater l&rsquo;h\u00e9morragie.  Au cours de ses 13 premiers matchs de la saison, le joueur qui affiche une moyenne de 19,7 points au cours de sa carri\u00e8re n&rsquo;a pas encore atteint la barre des 20 points une seule fois.<\/p>\n<h2>Effort complet de Golden State, Curry termine avec 32<\/h2>\n<blockquote class=\"twitter-tweet\">\n<p dir=\"ltr\" lang=\"en\">\u00ab Klay Thompson va tr\u00e8s bient\u00f4t disputer un match \u00e0 50 points \u00bb \u2014 Mully \ud83d\udc40 <a rel=\"nofollow\" href=\"https:\/\/t.co\/AvGZjC4rJb\">pic.twitter.com\/AvGZjC4rJb<\/a><\/p>\n<p>\u2013 Guerriers sur NBCS (@NBCSWarriors) <a rel=\"nofollow\" href=\"https:\/\/twitter.com\/NBCSWarriors\/status\/1726844574210080771?ref_src=twsrc%5Etfw\">21 novembre 2023<\/a><\/p>\n<\/blockquote>\n<p>Cela a chang\u00e9 lundi soir, quoique \u00e0 peine.  Les Warriors avaient vraiment besoin d&rsquo;une victoire et ont r\u00e9ussi \u00e0 vaincre les Houston Rockets, nouveaux venus, pour mettre fin \u00e0 leur malheureuse s\u00e9quence de d\u00e9faites.  C&rsquo;\u00e9tait peut-\u00eatre l&rsquo;effort le plus complet de Golden State toute la saison, puisque quatre joueurs ont marqu\u00e9 15+, men\u00e9s par les 32 de Curry. Klay Thompson \u00e9tait l&rsquo;un d&rsquo;entre eux, terminant avec 20 points sur 7 sur 16 aux tirs.<\/p>\n<p>Lorsqu&rsquo;on lui a demand\u00e9 apr\u00e8s le match ce que cela faisait de revenir du c\u00f4t\u00e9 positif de 20, Thompson a r\u00e9pondu :<\/p>\n<blockquote>\n<p>\u00c7a fait du bien, mais j&rsquo;ai marqu\u00e9 plus de points en un quart-temps que ce soir<\/p>\n<\/blockquote>\n<p>Thompson a d\u00e9j\u00e0 r\u00e9colt\u00e9 37 points en un seul quart-temps contre les Sacramento Kings, le plus grand nombre de points par joueur dans un seul quart-temps de l&rsquo;histoire de la NBA.<\/p>\n<p>La victoire a-t-elle \u00e9t\u00e9 suffisante pour remettre les Warriors sur les rails ?  Ils apprennent encore \u00e0 jouer avec Chris Paul au fur et \u00e0 mesure de son int\u00e9gration dans la rotation, et ils ont \u00e9galement \u00e9t\u00e9 confront\u00e9s \u00e0 la situation de Draymond Green tout au long du premier mois.  Ils affronteront les Phoenix Suns lors d&rsquo;un important match de d\u00e9but de saison mercredi soir.<\/p>\n<\/p><\/div>\n<p><script async src=\"https:\/\/platform.twitter.com\/widgets.js\" charset=\"utf-8\"><\/script><\/p>\n","protected":false},"excerpt":{"rendered":"<p>Les Golden State Warriors ont d\u00e9but\u00e9 la saison comme l&rsquo;une des \u00e9quipes les plus en vue de la NBA, avec une fiche de 5-1 au<\/p>\n","protected":false},"author":1,"featured_media":1256,"comment_status":"closed","ping_status":"","sticky":false,"template":"","format":"standard","meta":{"footnotes":""},"categories":[3],"tags":[221,274,1416],"yoast_head":"<!-- This site is optimized with the Yoast SEO plugin v21.0 - https:\/\/yoast.com\/wordpress\/plugins\/seo\/ -->\n<title>&quot;J&#039;ai marqu\u00e9 plus en un quart&quot;<\/title>\n<meta name=\"robots\" content=\"index, follow, max-snippet:-1, max-image-preview:large, max-video-preview:-1\" \/>\n<link rel=\"canonical\" href=\"https:\/\/footdavant.fr\/actualites\/jai-marque-plus-en-un-quart\/\" \/>\n<meta property=\"og:locale\" content=\"fr_FR\" \/>\n<meta property=\"og:type\" content=\"article\" \/>\n<meta property=\"og:title\" content=\"&quot;J&#039;ai marqu\u00e9 plus en un quart&quot;\" \/>\n<meta property=\"og:description\" content=\"Les Golden State Warriors ont d\u00e9but\u00e9 la saison comme l&rsquo;une des \u00e9quipes les plus en vue de la NBA, avec une fiche de 5-1 au\" \/>\n<meta property=\"og:url\" content=\"https:\/\/footdavant.fr\/actualites\/jai-marque-plus-en-un-quart\/\" \/>\n<meta property=\"og:site_name\" content=\"Foot d&#039;avant\" \/>\n<meta property=\"article:publisher\" content=\"https:\/\/www.facebook.com\/Footdavant\/\" \/>\n<meta property=\"article:published_time\" content=\"2023-11-22T04:39:35+00:00\" \/>\n<meta property=\"og:image\" content=\"https:\/\/footdavant.fr\/actualites\/wp-content\/uploads\/2023\/11\/Jai-marque-plus-en-un-quart.jpeg\" \/>\n\t<meta property=\"og:image:width\" content=\"650\" \/>\n\t<meta property=\"og:image:height\" content=\"366\" \/>\n\t<meta property=\"og:image:type\" content=\"image\/jpeg\" \/>\n<meta name=\"author\" content=\"Cl\u00e9ment\" \/>\n<meta name=\"twitter:card\" content=\"summary_large_image\" \/>\n<meta name=\"twitter:creator\" content=\"@FootdavantFr\" \/>\n<meta name=\"twitter:site\" content=\"@FootdavantFr\" \/>\n<meta name=\"twitter:label1\" content=\"\u00c9crit par\" \/>\n\t<meta name=\"twitter:data1\" content=\"Cl\u00e9ment\" \/>\n\t<meta name=\"twitter:label2\" content=\"Dur\u00e9e de lecture estim\u00e9e\" \/>\n\t<meta name=\"twitter:data2\" content=\"3 minutes\" \/>\n<script type=\"application\/ld+json\" class=\"yoast-schema-graph\">{\"@context\":\"https:\/\/schema.org\",\"@graph\":[{\"@type\":\"Article\",\"@id\":\"https:\/\/footdavant.fr\/actualites\/jai-marque-plus-en-un-quart\/#article\",\"isPartOf\":{\"@id\":\"https:\/\/footdavant.fr\/actualites\/jai-marque-plus-en-un-quart\/\"},\"author\":{\"name\":\"Cl\u00e9ment\",\"@id\":\"https:\/\/footdavant.fr\/actualites\/#\/schema\/person\/bc222566d95871b37e597b3ed3ba5e1d\"},\"headline\":\"\u00ab\u00a0J&rsquo;ai marqu\u00e9 plus en un quart\u00a0\u00bb\",\"datePublished\":\"2023-11-22T04:39:35+00:00\",\"dateModified\":\"2023-11-22T04:39:35+00:00\",\"mainEntityOfPage\":{\"@id\":\"https:\/\/footdavant.fr\/actualites\/jai-marque-plus-en-un-quart\/\"},\"wordCount\":600,\"publisher\":{\"@id\":\"https:\/\/footdavant.fr\/actualites\/#organization\"},\"keywords\":[\"jai\",\"marqu\u00e9\",\"quart\"],\"articleSection\":[\"Football\"],\"inLanguage\":\"fr-FR\"},{\"@type\":\"WebPage\",\"@id\":\"https:\/\/footdavant.fr\/actualites\/jai-marque-plus-en-un-quart\/\",\"url\":\"https:\/\/footdavant.fr\/actualites\/jai-marque-plus-en-un-quart\/\",\"name\":\"\\\"J'ai marqu\u00e9 plus en un quart\\\"\",\"isPartOf\":{\"@id\":\"https:\/\/footdavant.fr\/actualites\/#website\"},\"datePublished\":\"2023-11-22T04:39:35+00:00\",\"dateModified\":\"2023-11-22T04:39:35+00:00\",\"breadcrumb\":{\"@id\":\"https:\/\/footdavant.fr\/actualites\/jai-marque-plus-en-un-quart\/#breadcrumb\"},\"inLanguage\":\"fr-FR\",\"potentialAction\":[{\"@type\":\"ReadAction\",\"target\":[\"https:\/\/footdavant.fr\/actualites\/jai-marque-plus-en-un-quart\/\"]}]},{\"@type\":\"BreadcrumbList\",\"@id\":\"https:\/\/footdavant.fr\/actualites\/jai-marque-plus-en-un-quart\/#breadcrumb\",\"itemListElement\":[{\"@type\":\"ListItem\",\"position\":1,\"name\":\"Accueil\",\"item\":\"https:\/\/footdavant.fr\/actualites\/\"},{\"@type\":\"ListItem\",\"position\":2,\"name\":\"\u00ab\u00a0J&rsquo;ai marqu\u00e9 plus en un quart\u00a0\u00bb\"}]},{\"@type\":\"WebSite\",\"@id\":\"https:\/\/footdavant.fr\/actualites\/#website\",\"url\":\"https:\/\/footdavant.fr\/actualites\/\",\"name\":\"Foot d'avant\",\"description\":\"\",\"publisher\":{\"@id\":\"https:\/\/footdavant.fr\/actualites\/#organization\"},\"potentialAction\":[{\"@type\":\"SearchAction\",\"target\":{\"@type\":\"EntryPoint\",\"urlTemplate\":\"https:\/\/footdavant.fr\/actualites\/?s={search_term_string}\"},\"query-input\":\"required name=search_term_string\"}],\"inLanguage\":\"fr-FR\"},{\"@type\":\"Organization\",\"@id\":\"https:\/\/footdavant.fr\/actualites\/#organization\",\"name\":\"Foot d'avant\",\"url\":\"https:\/\/footdavant.fr\/actualites\/\",\"logo\":{\"@type\":\"ImageObject\",\"inLanguage\":\"fr-FR\",\"@id\":\"https:\/\/footdavant.fr\/actualites\/#\/schema\/logo\/image\/\",\"url\":\"https:\/\/footdavant.fr\/actualites\/wp-content\/uploads\/2023\/09\/Copy-of-FootDavant-Logo.png\",\"contentUrl\":\"https:\/\/footdavant.fr\/actualites\/wp-content\/uploads\/2023\/09\/Copy-of-FootDavant-Logo.png\",\"width\":936,\"height\":549,\"caption\":\"Foot d'avant\"},\"image\":{\"@id\":\"https:\/\/footdavant.fr\/actualites\/#\/schema\/logo\/image\/\"},\"sameAs\":[\"https:\/\/www.facebook.com\/Footdavant\/\",\"https:\/\/twitter.com\/FootdavantFr\",\"https:\/\/www.instagram.com\/footdavant.fr\/\"]},{\"@type\":\"Person\",\"@id\":\"https:\/\/footdavant.fr\/actualites\/#\/schema\/person\/bc222566d95871b37e597b3ed3ba5e1d\",\"name\":\"Cl\u00e9ment\",\"image\":{\"@type\":\"ImageObject\",\"inLanguage\":\"fr-FR\",\"@id\":\"https:\/\/footdavant.fr\/actualites\/#\/schema\/person\/image\/\",\"url\":\"https:\/\/secure.gravatar.com\/avatar\/7728b29aac2719421e1a9159b2254c44?s=96&d=mm&r=g\",\"contentUrl\":\"https:\/\/secure.gravatar.com\/avatar\/7728b29aac2719421e1a9159b2254c44?s=96&d=mm&r=g\",\"caption\":\"Cl\u00e9ment\"},\"sameAs\":[\"https:\/\/footdavant.fr\/\"]}]}<\/script>\n<!-- \/ Yoast SEO plugin. -->","yoast_head_json":{"title":"\"J'ai marqu\u00e9 plus en un quart\"","robots":{"index":"index","follow":"follow","max-snippet":"max-snippet:-1","max-image-preview":"max-image-preview:large","max-video-preview":"max-video-preview:-1"},"canonical":"https:\/\/footdavant.fr\/actualites\/jai-marque-plus-en-un-quart\/","og_locale":"fr_FR","og_type":"article","og_title":"\"J'ai marqu\u00e9 plus en un quart\"","og_description":"Les Golden State Warriors ont d\u00e9but\u00e9 la saison comme l&rsquo;une des \u00e9quipes les plus en vue de la NBA, avec une fiche de 5-1 au","og_url":"https:\/\/footdavant.fr\/actualites\/jai-marque-plus-en-un-quart\/","og_site_name":"Foot d&#039;avant","article_publisher":"https:\/\/www.facebook.com\/Footdavant\/","article_published_time":"2023-11-22T04:39:35+00:00","og_image":[{"width":650,"height":366,"url":"https:\/\/footdavant.fr\/actualites\/wp-content\/uploads\/2023\/11\/Jai-marque-plus-en-un-quart.jpeg","type":"image\/jpeg"}],"author":"Cl\u00e9ment","twitter_card":"summary_large_image","twitter_creator":"@FootdavantFr","twitter_site":"@FootdavantFr","twitter_misc":{"\u00c9crit par":"Cl\u00e9ment","Dur\u00e9e de lecture estim\u00e9e":"3 minutes"},"schema":{"@context":"https:\/\/schema.org","@graph":[{"@type":"Article","@id":"https:\/\/footdavant.fr\/actualites\/jai-marque-plus-en-un-quart\/#article","isPartOf":{"@id":"https:\/\/footdavant.fr\/actualites\/jai-marque-plus-en-un-quart\/"},"author":{"name":"Cl\u00e9ment","@id":"https:\/\/footdavant.fr\/actualites\/#\/schema\/person\/bc222566d95871b37e597b3ed3ba5e1d"},"headline":"\u00ab\u00a0J&rsquo;ai marqu\u00e9 plus en un quart\u00a0\u00bb","datePublished":"2023-11-22T04:39:35+00:00","dateModified":"2023-11-22T04:39:35+00:00","mainEntityOfPage":{"@id":"https:\/\/footdavant.fr\/actualites\/jai-marque-plus-en-un-quart\/"},"wordCount":600,"publisher":{"@id":"https:\/\/footdavant.fr\/actualites\/#organization"},"keywords":["jai","marqu\u00e9","quart"],"articleSection":["Football"],"inLanguage":"fr-FR"},{"@type":"WebPage","@id":"https:\/\/footdavant.fr\/actualites\/jai-marque-plus-en-un-quart\/","url":"https:\/\/footdavant.fr\/actualites\/jai-marque-plus-en-un-quart\/","name":"\"J'ai marqu\u00e9 plus en un quart\"","isPartOf":{"@id":"https:\/\/footdavant.fr\/actualites\/#website"},"datePublished":"2023-11-22T04:39:35+00:00","dateModified":"2023-11-22T04:39:35+00:00","breadcrumb":{"@id":"https:\/\/footdavant.fr\/actualites\/jai-marque-plus-en-un-quart\/#breadcrumb"},"inLanguage":"fr-FR","potentialAction":[{"@type":"ReadAction","target":["https:\/\/footdavant.fr\/actualites\/jai-marque-plus-en-un-quart\/"]}]},{"@type":"BreadcrumbList","@id":"https:\/\/footdavant.fr\/actualites\/jai-marque-plus-en-un-quart\/#breadcrumb","itemListElement":[{"@type":"ListItem","position":1,"name":"Accueil","item":"https:\/\/footdavant.fr\/actualites\/"},{"@type":"ListItem","position":2,"name":"\u00ab\u00a0J&rsquo;ai marqu\u00e9 plus en un quart\u00a0\u00bb"}]},{"@type":"WebSite","@id":"https:\/\/footdavant.fr\/actualites\/#website","url":"https:\/\/footdavant.fr\/actualites\/","name":"Foot d'avant","description":"","publisher":{"@id":"https:\/\/footdavant.fr\/actualites\/#organization"},"potentialAction":[{"@type":"SearchAction","target":{"@type":"EntryPoint","urlTemplate":"https:\/\/footdavant.fr\/actualites\/?s={search_term_string}"},"query-input":"required name=search_term_string"}],"inLanguage":"fr-FR"},{"@type":"Organization","@id":"https:\/\/footdavant.fr\/actualites\/#organization","name":"Foot d'avant","url":"https:\/\/footdavant.fr\/actualites\/","logo":{"@type":"ImageObject","inLanguage":"fr-FR","@id":"https:\/\/footdavant.fr\/actualites\/#\/schema\/logo\/image\/","url":"https:\/\/footdavant.fr\/actualites\/wp-content\/uploads\/2023\/09\/Copy-of-FootDavant-Logo.png","contentUrl":"https:\/\/footdavant.fr\/actualites\/wp-content\/uploads\/2023\/09\/Copy-of-FootDavant-Logo.png","width":936,"height":549,"caption":"Foot d'avant"},"image":{"@id":"https:\/\/footdavant.fr\/actualites\/#\/schema\/logo\/image\/"},"sameAs":["https:\/\/www.facebook.com\/Footdavant\/","https:\/\/twitter.com\/FootdavantFr","https:\/\/www.instagram.com\/footdavant.fr\/"]},{"@type":"Person","@id":"https:\/\/footdavant.fr\/actualites\/#\/schema\/person\/bc222566d95871b37e597b3ed3ba5e1d","name":"Cl\u00e9ment","image":{"@type":"ImageObject","inLanguage":"fr-FR","@id":"https:\/\/footdavant.fr\/actualites\/#\/schema\/person\/image\/","url":"https:\/\/secure.gravatar.com\/avatar\/7728b29aac2719421e1a9159b2254c44?s=96&d=mm&r=g","contentUrl":"https:\/\/secure.gravatar.com\/avatar\/7728b29aac2719421e1a9159b2254c44?s=96&d=mm&r=g","caption":"Cl\u00e9ment"},"sameAs":["https:\/\/footdavant.fr\/"]}]}},"_links":{"self":[{"href":"https:\/\/footdavant.fr\/actualites\/wp-json\/wp\/v2\/posts\/1255"}],"collection":[{"href":"https:\/\/footdavant.fr\/actualites\/wp-json\/wp\/v2\/posts"}],"about":[{"href":"https:\/\/footdavant.fr\/actualites\/wp-json\/wp\/v2\/types\/post"}],"author":[{"embeddable":true,"href":"https:\/\/footdavant.fr\/actualites\/wp-json\/wp\/v2\/users\/1"}],"replies":[{"embeddable":true,"href":"https:\/\/footdavant.fr\/actualites\/wp-json\/wp\/v2\/comments?post=1255"}],"version-history":[{"count":1,"href":"https:\/\/footdavant.fr\/actualites\/wp-json\/wp\/v2\/posts\/1255\/revisions"}],"predecessor-version":[{"id":1257,"href":"https:\/\/footdavant.fr\/actualites\/wp-json\/wp\/v2\/posts\/1255\/revisions\/1257"}],"wp:featuredmedia":[{"embeddable":true,"href":"https:\/\/footdavant.fr\/actualites\/wp-json\/wp\/v2\/media\/1256"}],"wp:attachment":[{"href":"https:\/\/footdavant.fr\/actualites\/wp-json\/wp\/v2\/media?parent=1255"}],"wp:term":[{"taxonomy":"category","embeddable":true,"href":"https:\/\/footdavant.fr\/actualites\/wp-json\/wp\/v2\/categories?post=1255"},{"taxonomy":"post_tag","embeddable":true,"href":"https:\/\/footdavant.fr\/actualites\/wp-json\/wp\/v2\/tags?post=1255"}],"curies":[{"name":"wp","href":"https:\/\/api.w.org\/{rel}","templated":true}]}}