{"id":12677,"date":"2024-08-26T08:48:23","date_gmt":"2024-08-26T06:48:23","guid":{"rendered":"https:\/\/footdavant.fr\/actualites\/ladolescent-du-real-madrid-endrick-impressionne-ancelotti-mais-mbappe-ne-parvient-pas-a-ouvrir-un-compte-en-championnat\/"},"modified":"2024-08-26T08:48:25","modified_gmt":"2024-08-26T06:48:25","slug":"ladolescent-du-real-madrid-endrick-impressionne-ancelotti-mais-mbappe-ne-parvient-pas-a-ouvrir-un-compte-en-championnat","status":"publish","type":"post","link":"https:\/\/footdavant.fr\/actualites\/ladolescent-du-real-madrid-endrick-impressionne-ancelotti-mais-mbappe-ne-parvient-pas-a-ouvrir-un-compte-en-championnat\/","title":{"rendered":"L&#39;adolescent du Real Madrid Endrick impressionne Ancelotti mais Mbapp\u00e9 ne parvient pas \u00e0 ouvrir un compte en championnat"},"content":{"rendered":"<div>\n<p>Carlo Ancelotti a \u00e9t\u00e9 impressionn\u00e9 par l&#39;impact d&#39;Endrick, qui a marqu\u00e9 lors de ses d\u00e9buts avec le Real Madrid lors de la victoire 3-0 contre Valladolid cet apr\u00e8s-midi.<\/p>\n<p>L&#39;ancien attaquant de Palmeiras a d\u00fb attendre 10 mois pour jouer pour Los Blancos en raison des r\u00e8gles de la FIFA sur les jeunes joueurs transf\u00e9r\u00e9s \u00e0 l&#39;\u00e9tranger, mais il a pris les devants avec un but dans le temps additionnel pour offrir \u00e0 Madrid une victoire moins convaincante que le score ne le sugg\u00e8re.<\/p>\n<blockquote class=\"twitter-tweet\">\n<p dir=\"ltr\" lang=\"en\">Objectif historique pour <a rel=\"nofollow\" href=\"https:\/\/twitter.com\/Endrick?ref_src=twsrc%5Etfw\" rel=\"nofollow noopener\">@Endrick<\/a> lors de ses d\u00e9buts officiels avec le Real Madrid.<a rel=\"nofollow\" href=\"https:\/\/twitter.com\/hashtag\/RealFootball?src=hash&amp;ref_src=twsrc%5Etfw\" rel=\"nofollow noopener\">#RealFootball<\/a> | <a rel=\"nofollow\" href=\"https:\/\/twitter.com\/hashtag\/RealMadridRealValladolid?src=hash&amp;ref_src=twsrc%5Etfw\" rel=\"nofollow noopener\">#RealMadridRealValladolid<\/a><\/p>\n<p>\u2014 Real Madrid CF \ud83c\uddec\ud83c\udde7\ud83c\uddfa\ud83c\uddf8 (@realmadriden) <a rel=\"nofollow\" href=\"https:\/\/twitter.com\/realmadriden\/status\/1827772225098830295?ref_src=twsrc%5Etfw\" rel=\"nofollow noopener\">25 ao\u00fbt 2024<\/a><\/p>\n<\/blockquote>\n<p>Le champion en titre a \u00e9t\u00e9 tenu en \u00e9chec par Valladolid jusqu&#39;\u00e0 la 50e minute, lorsque Federico Valverde a ouvert le score d&#39;une frappe fortement d\u00e9vi\u00e9e. Brahim Diaz a inscrit le deuxi\u00e8me but \u00e0 deux minutes de la fin, avant qu&#39;Endrick, qui avait remplac\u00e9 Kylian Mbapp\u00e9 10 minutes plus t\u00f4t, ne vienne rajouter un peu de brillance.<\/p>\n<p>Ancelotti a d\u00e9clar\u00e9 \u00e0 propos de l&#39;international br\u00e9silien : \u00ab Il a l&#39;air en forme. Il a un grand potentiel et, avec le but, il a montr\u00e9 toutes ses qualit\u00e9s. Il a un bon contr\u00f4le et une bonne frappe. \u00bb<\/p>\n<p>\u00ab C&#39;est un attaquant de surface de r\u00e9paration. Dans les petits espaces, il est tr\u00e8s, tr\u00e8s dangereux. \u00bb<\/p>\n<p><span data-sheets-root=\"1\">\t\t<\/p>\n<div data-elementor-type=\"container\" data-elementor-id=\"71694\" class=\"elementor elementor-71694\" data-elementor-post-type=\"elementor_library\">\n<div class=\"elementor-element elementor-element-770c5dce e-con-full e-flex e-con e-child\" data-id=\"770c5dce\" data-element_type=\"container\" data-settings='{\"background_background\":\"classic\"}'>\n<div class=\"elementor-element elementor-element-392e71f e-flex e-con-boxed e-con e-child\" data-id=\"392e71f\" data-element_type=\"container\">\n<div class=\"e-con-inner\">\n<div class=\"elementor-element elementor-element-7cc52db6 e-con-full e-flex e-con e-child\" data-id=\"7cc52db6\" data-element_type=\"container\">\n<div class=\"elementor-element elementor-element-224efc38 elementor-widget__width-initial elementor-widget elementor-widget-image\" data-id=\"224efc38\" data-element_type=\"widget\" data-widget_type=\"image.default\">\n<div class=\"elementor-widget-container\">\n\t\t\t\t\t\t\t\t\t\t\t\t\t\t\t\t\t\t\t\t\t\t\t\t\t\t<\/div>\n<\/p><\/div>\n<\/p><\/div>\n<div class=\"elementor-element elementor-element-70a9f85b e-con-full e-flex e-con e-child\" data-id=\"70a9f85b\" data-element_type=\"container\">\n<div class=\"elementor-element elementor-element-5e5a60d2 elementor-widget elementor-widget-heading\" data-id=\"5e5a60d2\" data-element_type=\"widget\" data-widget_type=\"heading.default\">\n<div class=\"elementor-widget-container\">\n<p class=\"elementor-heading-title elementor-size-default\">Misez 10 \u00a3 et obtenez 60 \u00a3 en paris gratuits et bonus<\/p>\n<\/p><\/div>\n<\/p><\/div>\n<\/p><\/div>\n<div class=\"elementor-element elementor-element-62b42b0b e-con-full e-flex e-con e-child\" data-id=\"62b42b0b\" data-element_type=\"container\">\n<div class=\"elementor-element elementor-element-265073fe elementor-widget elementor-widget-heading\" data-id=\"265073fe\" data-element_type=\"widget\" data-widget_type=\"heading.default\">\n<div class=\"elementor-widget-container\">\n<p class=\"elementor-heading-title elementor-size-default\">Valable aujourd&#39;hui : 26 ao\u00fbt 2024<\/p>\n<\/p><\/div>\n<\/p><\/div>\n<\/p><\/div>\n<\/p><\/div>\n<\/p><\/div>\n<div class=\"elementor-element elementor-element-1c5347b5 e-flex e-con-boxed e-con e-child\" data-id=\"1c5347b5\" data-element_type=\"container\">\n<div class=\"e-con-inner\">\n<div class=\"elementor-element elementor-element-5a3f3965 elementor-widget elementor-widget-text-editor\" data-id=\"5a3f3965\" data-element_type=\"widget\" data-widget_type=\"text-editor.default\">\n<div class=\"elementor-widget-container\">\n<p>18+. Jouez en toute s\u00e9curit\u00e9. Nouveaux joueurs uniquement, en utilisant le code promo T60. Valable \u00e0 partir du 13\/04\/2022. Jeu en ligne. Obtenez un bonus de 60 \u00a3 r\u00e9parti entre Vegas et Sports de la mani\u00e8re suivante &#8211; (i) D\u00e9posez 10 \u00a3 pour d\u00e9bloquer un pari gratuit Vegas de 20 \u00a3 sur les jeux s\u00e9lectionn\u00e9s (expiration de 72 heures, conditions de mise applicables) ; puis (ii) pariez 10 \u00a3 ou plus (cote 1\/2+) en esp\u00e8ces (hors d\u00e9p\u00f4t de 10 \u00a3) ou en gains Vegas (une fois les conditions de mise remplies). Une fois r\u00e9gl\u00e9, recevez 40 \u00a3 de paris sportifs gratuits hors march\u00e9s virtuels (4x 10 \u00a3, expiration de 7 jours). Des m\u00e9thodes de paiement et des restrictions de pays s&#39;appliquent. #ad Les conditions g\u00e9n\u00e9rales s&#39;appliquent<\/p>\n<\/p><\/div>\n<\/p><\/div>\n<\/p><\/div>\n<\/p><\/div>\n<\/p><\/div>\n<\/p><\/div>\n<p>\t\t<\/span><\/p>\n<p>L&#39;apparition tardive d&#39;Endrick lui a vol\u00e9 la vedette \u00e0 Mbapp\u00e9, qui a connu des difficult\u00e9s lors de ses d\u00e9buts en championnat \u00e0 domicile.<\/p>\n<p>Le capitaine fran\u00e7ais n&#39;a pas r\u00e9ussi \u00e0 marquer lors des deux premiers matchs de championnat du Real, mais Ancelotti n&#39;\u00e9tait pas inquiet et a d\u00e9fendu sa d\u00e9cision d&#39;utiliser Mbapp\u00e9 au centre d&#39;une attaque \u00e0 trois.<\/p>\n<p>\u00ab[Mbapp\u00e9] \u00ab C&#39;est un attaquant spectaculaire, il est tr\u00e8s rapide, il se d\u00e9place bien sans ballon \u00bb, a d\u00e9clar\u00e9 l&#39;Italien.<\/p>\n<p>\u00ab Il a eu trois occasions. Je pense qu&#39;\u00e0 ce poste, il marquera, comme il l&#39;a toujours fait. Je ne pense pas qu&#39;il doive jouer \u00e0 gauche ou \u00e0 droite. Il marquera des buts. \u00bb<\/p>\n<\/p><\/div>\n<p><script async src=\"https:\/\/platform.twitter.com\/widgets.js\" charset=\"utf-8\"><\/script><\/p>\n","protected":false},"excerpt":{"rendered":"<p>Carlo Ancelotti a \u00e9t\u00e9 impressionn\u00e9 par l&#39;impact d&#39;Endrick, qui a marqu\u00e9 lors de ses d\u00e9buts avec le Real Madrid lors de la victoire 3-0 contre<\/p>\n","protected":false},"author":1,"featured_media":12678,"comment_status":"closed","ping_status":"","sticky":false,"template":"","format":"standard","meta":{"footnotes":""},"categories":[3],"tags":[727,2086,4423,4273,1231,5350,303,365,63,6211,2829,71,302],"yoast_head":"<!-- This site is optimized with the Yoast SEO plugin v21.0 - https:\/\/yoast.com\/wordpress\/plugins\/seo\/ -->\n<title>L&#039;adolescent du Real Madrid Endrick impressionne Ancelotti mais Mbapp\u00e9 ne parvient pas \u00e0 ouvrir un compte en championnat<\/title>\n<meta name=\"robots\" content=\"index, follow, max-snippet:-1, max-image-preview:large, max-video-preview:-1\" \/>\n<link rel=\"canonical\" href=\"https:\/\/footdavant.fr\/actualites\/ladolescent-du-real-madrid-endrick-impressionne-ancelotti-mais-mbappe-ne-parvient-pas-a-ouvrir-un-compte-en-championnat\/\" \/>\n<meta property=\"og:locale\" content=\"fr_FR\" \/>\n<meta property=\"og:type\" content=\"article\" \/>\n<meta property=\"og:title\" content=\"L&#039;adolescent du Real Madrid Endrick impressionne Ancelotti mais Mbapp\u00e9 ne parvient pas \u00e0 ouvrir un compte en championnat\" \/>\n<meta property=\"og:description\" content=\"Carlo Ancelotti a \u00e9t\u00e9 impressionn\u00e9 par l&#039;impact d&#039;Endrick, qui a marqu\u00e9 lors de ses d\u00e9buts avec le Real Madrid lors de la victoire 3-0 contre\" \/>\n<meta property=\"og:url\" content=\"https:\/\/footdavant.fr\/actualites\/ladolescent-du-real-madrid-endrick-impressionne-ancelotti-mais-mbappe-ne-parvient-pas-a-ouvrir-un-compte-en-championnat\/\" \/>\n<meta property=\"og:site_name\" content=\"Foot d&#039;avant\" \/>\n<meta property=\"article:publisher\" content=\"https:\/\/www.facebook.com\/Footdavant\/\" \/>\n<meta property=\"article:published_time\" content=\"2024-08-26T06:48:23+00:00\" \/>\n<meta property=\"article:modified_time\" content=\"2024-08-26T06:48:25+00:00\" \/>\n<meta property=\"og:image\" content=\"https:\/\/footdavant.fr\/actualites\/wp-content\/uploads\/2024\/08\/L39adolescent-du-Real-Madrid-Endrick-impressionne-Ancelotti-mais-Mbappe-ne.jpg\" \/>\n\t<meta property=\"og:image:width\" content=\"1200\" \/>\n\t<meta property=\"og:image:height\" content=\"800\" \/>\n\t<meta property=\"og:image:type\" content=\"image\/jpeg\" \/>\n<meta name=\"author\" content=\"Cl\u00e9ment\" \/>\n<meta name=\"twitter:card\" content=\"summary_large_image\" \/>\n<meta name=\"twitter:creator\" content=\"@FootdavantFr\" \/>\n<meta name=\"twitter:site\" content=\"@FootdavantFr\" \/>\n<meta name=\"twitter:label1\" content=\"\u00c9crit par\" \/>\n\t<meta name=\"twitter:data1\" content=\"Cl\u00e9ment\" \/>\n\t<meta name=\"twitter:label2\" content=\"Dur\u00e9e de lecture estim\u00e9e\" \/>\n\t<meta name=\"twitter:data2\" content=\"2 minutes\" \/>\n<script type=\"application\/ld+json\" class=\"yoast-schema-graph\">{\"@context\":\"https:\/\/schema.org\",\"@graph\":[{\"@type\":\"Article\",\"@id\":\"https:\/\/footdavant.fr\/actualites\/ladolescent-du-real-madrid-endrick-impressionne-ancelotti-mais-mbappe-ne-parvient-pas-a-ouvrir-un-compte-en-championnat\/#article\",\"isPartOf\":{\"@id\":\"https:\/\/footdavant.fr\/actualites\/ladolescent-du-real-madrid-endrick-impressionne-ancelotti-mais-mbappe-ne-parvient-pas-a-ouvrir-un-compte-en-championnat\/\"},\"author\":{\"name\":\"Cl\u00e9ment\",\"@id\":\"https:\/\/footdavant.fr\/actualites\/#\/schema\/person\/bc222566d95871b37e597b3ed3ba5e1d\"},\"headline\":\"L&#39;adolescent du Real Madrid Endrick impressionne Ancelotti mais Mbapp\u00e9 ne parvient pas \u00e0 ouvrir un compte en championnat\",\"datePublished\":\"2024-08-26T06:48:23+00:00\",\"dateModified\":\"2024-08-26T06:48:25+00:00\",\"mainEntityOfPage\":{\"@id\":\"https:\/\/footdavant.fr\/actualites\/ladolescent-du-real-madrid-endrick-impressionne-ancelotti-mais-mbappe-ne-parvient-pas-a-ouvrir-un-compte-en-championnat\/\"},\"wordCount\":510,\"publisher\":{\"@id\":\"https:\/\/footdavant.fr\/actualites\/#organization\"},\"keywords\":[\"Ancelotti\",\"championnat\",\"compte\",\"Endrick\",\"impressionne\",\"l39adolescent\",\"Madrid\",\"mais\",\"Mbappe\",\"ouvrir\",\"parvient\",\"pas\",\"Real\"],\"articleSection\":[\"Football\"],\"inLanguage\":\"fr-FR\"},{\"@type\":\"WebPage\",\"@id\":\"https:\/\/footdavant.fr\/actualites\/ladolescent-du-real-madrid-endrick-impressionne-ancelotti-mais-mbappe-ne-parvient-pas-a-ouvrir-un-compte-en-championnat\/\",\"url\":\"https:\/\/footdavant.fr\/actualites\/ladolescent-du-real-madrid-endrick-impressionne-ancelotti-mais-mbappe-ne-parvient-pas-a-ouvrir-un-compte-en-championnat\/\",\"name\":\"L&#39;adolescent du Real Madrid Endrick impressionne Ancelotti mais Mbapp\u00e9 ne parvient pas \u00e0 ouvrir un compte en championnat\",\"isPartOf\":{\"@id\":\"https:\/\/footdavant.fr\/actualites\/#website\"},\"datePublished\":\"2024-08-26T06:48:23+00:00\",\"dateModified\":\"2024-08-26T06:48:25+00:00\",\"breadcrumb\":{\"@id\":\"https:\/\/footdavant.fr\/actualites\/ladolescent-du-real-madrid-endrick-impressionne-ancelotti-mais-mbappe-ne-parvient-pas-a-ouvrir-un-compte-en-championnat\/#breadcrumb\"},\"inLanguage\":\"fr-FR\",\"potentialAction\":[{\"@type\":\"ReadAction\",\"target\":[\"https:\/\/footdavant.fr\/actualites\/ladolescent-du-real-madrid-endrick-impressionne-ancelotti-mais-mbappe-ne-parvient-pas-a-ouvrir-un-compte-en-championnat\/\"]}]},{\"@type\":\"BreadcrumbList\",\"@id\":\"https:\/\/footdavant.fr\/actualites\/ladolescent-du-real-madrid-endrick-impressionne-ancelotti-mais-mbappe-ne-parvient-pas-a-ouvrir-un-compte-en-championnat\/#breadcrumb\",\"itemListElement\":[{\"@type\":\"ListItem\",\"position\":1,\"name\":\"Accueil\",\"item\":\"https:\/\/footdavant.fr\/actualites\/\"},{\"@type\":\"ListItem\",\"position\":2,\"name\":\"L&#39;adolescent du Real Madrid Endrick impressionne Ancelotti mais Mbapp\u00e9 ne parvient pas \u00e0 ouvrir un compte en championnat\"}]},{\"@type\":\"WebSite\",\"@id\":\"https:\/\/footdavant.fr\/actualites\/#website\",\"url\":\"https:\/\/footdavant.fr\/actualites\/\",\"name\":\"Foot d'avant\",\"description\":\"\",\"publisher\":{\"@id\":\"https:\/\/footdavant.fr\/actualites\/#organization\"},\"potentialAction\":[{\"@type\":\"SearchAction\",\"target\":{\"@type\":\"EntryPoint\",\"urlTemplate\":\"https:\/\/footdavant.fr\/actualites\/?s={search_term_string}\"},\"query-input\":\"required name=search_term_string\"}],\"inLanguage\":\"fr-FR\"},{\"@type\":\"Organization\",\"@id\":\"https:\/\/footdavant.fr\/actualites\/#organization\",\"name\":\"Foot d'avant\",\"url\":\"https:\/\/footdavant.fr\/actualites\/\",\"logo\":{\"@type\":\"ImageObject\",\"inLanguage\":\"fr-FR\",\"@id\":\"https:\/\/footdavant.fr\/actualites\/#\/schema\/logo\/image\/\",\"url\":\"https:\/\/footdavant.fr\/actualites\/wp-content\/uploads\/2023\/09\/Copy-of-FootDavant-Logo.png\",\"contentUrl\":\"https:\/\/footdavant.fr\/actualites\/wp-content\/uploads\/2023\/09\/Copy-of-FootDavant-Logo.png\",\"width\":936,\"height\":549,\"caption\":\"Foot d'avant\"},\"image\":{\"@id\":\"https:\/\/footdavant.fr\/actualites\/#\/schema\/logo\/image\/\"},\"sameAs\":[\"https:\/\/www.facebook.com\/Footdavant\/\",\"https:\/\/twitter.com\/FootdavantFr\",\"https:\/\/www.instagram.com\/footdavant.fr\/\"]},{\"@type\":\"Person\",\"@id\":\"https:\/\/footdavant.fr\/actualites\/#\/schema\/person\/bc222566d95871b37e597b3ed3ba5e1d\",\"name\":\"Cl\u00e9ment\",\"image\":{\"@type\":\"ImageObject\",\"inLanguage\":\"fr-FR\",\"@id\":\"https:\/\/footdavant.fr\/actualites\/#\/schema\/person\/image\/\",\"url\":\"https:\/\/secure.gravatar.com\/avatar\/7728b29aac2719421e1a9159b2254c44?s=96&d=mm&r=g\",\"contentUrl\":\"https:\/\/secure.gravatar.com\/avatar\/7728b29aac2719421e1a9159b2254c44?s=96&d=mm&r=g\",\"caption\":\"Cl\u00e9ment\"},\"sameAs\":[\"https:\/\/footdavant.fr\/\"]}]}<\/script>\n<!-- \/ Yoast SEO plugin. -->","yoast_head_json":{"title":"L&#39;adolescent du Real Madrid Endrick impressionne Ancelotti mais Mbapp\u00e9 ne parvient pas \u00e0 ouvrir un compte en championnat","robots":{"index":"index","follow":"follow","max-snippet":"max-snippet:-1","max-image-preview":"max-image-preview:large","max-video-preview":"max-video-preview:-1"},"canonical":"https:\/\/footdavant.fr\/actualites\/ladolescent-du-real-madrid-endrick-impressionne-ancelotti-mais-mbappe-ne-parvient-pas-a-ouvrir-un-compte-en-championnat\/","og_locale":"fr_FR","og_type":"article","og_title":"L&#39;adolescent du Real Madrid Endrick impressionne Ancelotti mais Mbapp\u00e9 ne parvient pas \u00e0 ouvrir un compte en championnat","og_description":"Carlo Ancelotti a \u00e9t\u00e9 impressionn\u00e9 par l&#39;impact d&#39;Endrick, qui a marqu\u00e9 lors de ses d\u00e9buts avec le Real Madrid lors de la victoire 3-0 contre","og_url":"https:\/\/footdavant.fr\/actualites\/ladolescent-du-real-madrid-endrick-impressionne-ancelotti-mais-mbappe-ne-parvient-pas-a-ouvrir-un-compte-en-championnat\/","og_site_name":"Foot d&#039;avant","article_publisher":"https:\/\/www.facebook.com\/Footdavant\/","article_published_time":"2024-08-26T06:48:23+00:00","article_modified_time":"2024-08-26T06:48:25+00:00","og_image":[{"width":1200,"height":800,"url":"https:\/\/footdavant.fr\/actualites\/wp-content\/uploads\/2024\/08\/L39adolescent-du-Real-Madrid-Endrick-impressionne-Ancelotti-mais-Mbappe-ne.jpg","type":"image\/jpeg"}],"author":"Cl\u00e9ment","twitter_card":"summary_large_image","twitter_creator":"@FootdavantFr","twitter_site":"@FootdavantFr","twitter_misc":{"\u00c9crit par":"Cl\u00e9ment","Dur\u00e9e de lecture estim\u00e9e":"2 minutes"},"schema":{"@context":"https:\/\/schema.org","@graph":[{"@type":"Article","@id":"https:\/\/footdavant.fr\/actualites\/ladolescent-du-real-madrid-endrick-impressionne-ancelotti-mais-mbappe-ne-parvient-pas-a-ouvrir-un-compte-en-championnat\/#article","isPartOf":{"@id":"https:\/\/footdavant.fr\/actualites\/ladolescent-du-real-madrid-endrick-impressionne-ancelotti-mais-mbappe-ne-parvient-pas-a-ouvrir-un-compte-en-championnat\/"},"author":{"name":"Cl\u00e9ment","@id":"https:\/\/footdavant.fr\/actualites\/#\/schema\/person\/bc222566d95871b37e597b3ed3ba5e1d"},"headline":"L&#39;adolescent du Real Madrid Endrick impressionne Ancelotti mais Mbapp\u00e9 ne parvient pas \u00e0 ouvrir un compte en championnat","datePublished":"2024-08-26T06:48:23+00:00","dateModified":"2024-08-26T06:48:25+00:00","mainEntityOfPage":{"@id":"https:\/\/footdavant.fr\/actualites\/ladolescent-du-real-madrid-endrick-impressionne-ancelotti-mais-mbappe-ne-parvient-pas-a-ouvrir-un-compte-en-championnat\/"},"wordCount":510,"publisher":{"@id":"https:\/\/footdavant.fr\/actualites\/#organization"},"keywords":["Ancelotti","championnat","compte","Endrick","impressionne","l39adolescent","Madrid","mais","Mbappe","ouvrir","parvient","pas","Real"],"articleSection":["Football"],"inLanguage":"fr-FR"},{"@type":"WebPage","@id":"https:\/\/footdavant.fr\/actualites\/ladolescent-du-real-madrid-endrick-impressionne-ancelotti-mais-mbappe-ne-parvient-pas-a-ouvrir-un-compte-en-championnat\/","url":"https:\/\/footdavant.fr\/actualites\/ladolescent-du-real-madrid-endrick-impressionne-ancelotti-mais-mbappe-ne-parvient-pas-a-ouvrir-un-compte-en-championnat\/","name":"L&#39;adolescent du Real Madrid Endrick impressionne Ancelotti mais Mbapp\u00e9 ne parvient pas \u00e0 ouvrir un compte en championnat","isPartOf":{"@id":"https:\/\/footdavant.fr\/actualites\/#website"},"datePublished":"2024-08-26T06:48:23+00:00","dateModified":"2024-08-26T06:48:25+00:00","breadcrumb":{"@id":"https:\/\/footdavant.fr\/actualites\/ladolescent-du-real-madrid-endrick-impressionne-ancelotti-mais-mbappe-ne-parvient-pas-a-ouvrir-un-compte-en-championnat\/#breadcrumb"},"inLanguage":"fr-FR","potentialAction":[{"@type":"ReadAction","target":["https:\/\/footdavant.fr\/actualites\/ladolescent-du-real-madrid-endrick-impressionne-ancelotti-mais-mbappe-ne-parvient-pas-a-ouvrir-un-compte-en-championnat\/"]}]},{"@type":"BreadcrumbList","@id":"https:\/\/footdavant.fr\/actualites\/ladolescent-du-real-madrid-endrick-impressionne-ancelotti-mais-mbappe-ne-parvient-pas-a-ouvrir-un-compte-en-championnat\/#breadcrumb","itemListElement":[{"@type":"ListItem","position":1,"name":"Accueil","item":"https:\/\/footdavant.fr\/actualites\/"},{"@type":"ListItem","position":2,"name":"L&#39;adolescent du Real Madrid Endrick impressionne Ancelotti mais Mbapp\u00e9 ne parvient pas \u00e0 ouvrir un compte en championnat"}]},{"@type":"WebSite","@id":"https:\/\/footdavant.fr\/actualites\/#website","url":"https:\/\/footdavant.fr\/actualites\/","name":"Foot d'avant","description":"","publisher":{"@id":"https:\/\/footdavant.fr\/actualites\/#organization"},"potentialAction":[{"@type":"SearchAction","target":{"@type":"EntryPoint","urlTemplate":"https:\/\/footdavant.fr\/actualites\/?s={search_term_string}"},"query-input":"required name=search_term_string"}],"inLanguage":"fr-FR"},{"@type":"Organization","@id":"https:\/\/footdavant.fr\/actualites\/#organization","name":"Foot d'avant","url":"https:\/\/footdavant.fr\/actualites\/","logo":{"@type":"ImageObject","inLanguage":"fr-FR","@id":"https:\/\/footdavant.fr\/actualites\/#\/schema\/logo\/image\/","url":"https:\/\/footdavant.fr\/actualites\/wp-content\/uploads\/2023\/09\/Copy-of-FootDavant-Logo.png","contentUrl":"https:\/\/footdavant.fr\/actualites\/wp-content\/uploads\/2023\/09\/Copy-of-FootDavant-Logo.png","width":936,"height":549,"caption":"Foot d'avant"},"image":{"@id":"https:\/\/footdavant.fr\/actualites\/#\/schema\/logo\/image\/"},"sameAs":["https:\/\/www.facebook.com\/Footdavant\/","https:\/\/twitter.com\/FootdavantFr","https:\/\/www.instagram.com\/footdavant.fr\/"]},{"@type":"Person","@id":"https:\/\/footdavant.fr\/actualites\/#\/schema\/person\/bc222566d95871b37e597b3ed3ba5e1d","name":"Cl\u00e9ment","image":{"@type":"ImageObject","inLanguage":"fr-FR","@id":"https:\/\/footdavant.fr\/actualites\/#\/schema\/person\/image\/","url":"https:\/\/secure.gravatar.com\/avatar\/7728b29aac2719421e1a9159b2254c44?s=96&d=mm&r=g","contentUrl":"https:\/\/secure.gravatar.com\/avatar\/7728b29aac2719421e1a9159b2254c44?s=96&d=mm&r=g","caption":"Cl\u00e9ment"},"sameAs":["https:\/\/footdavant.fr\/"]}]}},"_links":{"self":[{"href":"https:\/\/footdavant.fr\/actualites\/wp-json\/wp\/v2\/posts\/12677"}],"collection":[{"href":"https:\/\/footdavant.fr\/actualites\/wp-json\/wp\/v2\/posts"}],"about":[{"href":"https:\/\/footdavant.fr\/actualites\/wp-json\/wp\/v2\/types\/post"}],"author":[{"embeddable":true,"href":"https:\/\/footdavant.fr\/actualites\/wp-json\/wp\/v2\/users\/1"}],"replies":[{"embeddable":true,"href":"https:\/\/footdavant.fr\/actualites\/wp-json\/wp\/v2\/comments?post=12677"}],"version-history":[{"count":1,"href":"https:\/\/footdavant.fr\/actualites\/wp-json\/wp\/v2\/posts\/12677\/revisions"}],"predecessor-version":[{"id":12679,"href":"https:\/\/footdavant.fr\/actualites\/wp-json\/wp\/v2\/posts\/12677\/revisions\/12679"}],"wp:featuredmedia":[{"embeddable":true,"href":"https:\/\/footdavant.fr\/actualites\/wp-json\/wp\/v2\/media\/12678"}],"wp:attachment":[{"href":"https:\/\/footdavant.fr\/actualites\/wp-json\/wp\/v2\/media?parent=12677"}],"wp:term":[{"taxonomy":"category","embeddable":true,"href":"https:\/\/footdavant.fr\/actualites\/wp-json\/wp\/v2\/categories?post=12677"},{"taxonomy":"post_tag","embeddable":true,"href":"https:\/\/footdavant.fr\/actualites\/wp-json\/wp\/v2\/tags?post=12677"}],"curies":[{"name":"wp","href":"https:\/\/api.w.org\/{rel}","templated":true}]}}