{"id":12683,"date":"2024-08-26T12:48:08","date_gmt":"2024-08-26T10:48:08","guid":{"rendered":"https:\/\/footdavant.fr\/actualites\/la-presse-uruguayenne-revele-que-manuel-ugarte-rejoindra-man-united-dans-les-prochaines-heures\/"},"modified":"2024-08-26T12:48:12","modified_gmt":"2024-08-26T10:48:12","slug":"la-presse-uruguayenne-revele-que-manuel-ugarte-rejoindra-man-united-dans-les-prochaines-heures","status":"publish","type":"post","link":"https:\/\/footdavant.fr\/actualites\/la-presse-uruguayenne-revele-que-manuel-ugarte-rejoindra-man-united-dans-les-prochaines-heures\/","title":{"rendered":"La presse uruguayenne r\u00e9v\u00e8le que Manuel Ugarte rejoindra Man United \u00ab dans les prochaines heures \u00bb &#8211;"},"content":{"rendered":"<div id=\"penci-post-entry-inner\">\n<p>\t\t\t<i class=\"penci-post-countview-number-check\" style=\"display:none\">1<\/i><\/p>\n<p>Le milieu de terrain du Paris-Saint Germain Manuel Ugarte pourrait rejoindre Manchester United dans les \u00ab prochaines heures \u00bb avec un accord pour le joueur de 23 ans \u00ab pratiquement conclu \u00bb, selon un rapport en provenance d&#39;Uruguay.<\/p>\n<p>  Pa\u00eds, un journal uruguayen, r\u00e9v\u00e8le que \u00ab tout est sur la bonne voie \u00bb pour qu&#39;Ugarte quitte finalement Paris pour Manchester apr\u00e8s des semaines de n\u00e9gociations prolong\u00e9es entre les deux clubs (comme le rapporte ).<\/p>\n<p>United avait rapidement choisi Ugarte comme cible principale au milieu de terrain alors que le club cherche \u00e0 poursuivre sa refonte compl\u00e8te de l&#39;\u00e9quipe d&#39;Erik ten Hag.<\/p>\n<p>Bien que des recherches aient \u00e9t\u00e9 men\u00e9es sur des alternatives potentielles, notamment Youssouf Fofana, Sander Berge et Sofyan Amrabat, il est clair que la priorit\u00e9 des Diables Rouges reste un accord pour Ugarte.<\/p>\n<p>Le prix demand\u00e9 par le PSG \u2013 estim\u00e9 \u00e0 un moment donn\u00e9 \u00e0 70 millions d&#39;euros \u2013 a \u00e9t\u00e9 consid\u00e9r\u00e9 comme excessif par les responsables d&#39;Old Trafford et a, \u00e0 un moment donn\u00e9, menac\u00e9 de faire d\u00e9railler compl\u00e8tement les n\u00e9gociations.<\/p>\n<p>Les champions de Ligue 1 semblent plus dispos\u00e9s \u00e0 accepter un montant de l&#39;ordre de 60 millions d&#39;euros, ce qui correspond \u00e0 celui qu&#39;ils ont pay\u00e9 au Sporting Lisbonne l&#39;\u00e9t\u00e9 dernier pour Ugarte.<\/p>\n<p>Les contraintes financi\u00e8res ont toutefois \u00e9t\u00e9 fortes \u00e0 Old Trafford cet \u00e9t\u00e9. La pression exerc\u00e9e par les r\u00e8gles de rentabilit\u00e9 et de durabilit\u00e9 de la Premier League (PSR) a pouss\u00e9 United \u00e0 se concentrer autant sur les transferts sortants que sur les transferts entrants, le club cherchant \u00e0 g\u00e9n\u00e9rer des fonds suppl\u00e9mentaires gr\u00e2ce aux ventes.<\/p>\n<p>Hier, comme expliqu\u00e9 plus en d\u00e9tail ici, United a conclu un accord de 30 millions d&#39;euros pour vendre Scott McTominay \u00e0 Naples, en Serie A. Bien qu&#39;il reste quelques d\u00e9tails \u00e0 r\u00e9gler pour que le transfert soit valid\u00e9, il semble qu&#39;il s&#39;agisse d&#39;une formalit\u00e9 \u00e0 ce stade, toutes les parties concern\u00e9es \u00e9tant ouvertes \u00e0 l&#39;accord.<\/p>\n<p>McTominay, 27 ans, est un dipl\u00f4m\u00e9 de l&#39;acad\u00e9mie et son transfert constituera donc un \u00ab pur profit \u00bb du point de vue du PSR. <i>l&#39;Athl\u00e9tisme <\/i>d\u00e9crivent la vente comme \u00ab importante pour la conformit\u00e9 de United avec les r\u00e8gles financi\u00e8res de la Premier League et de l&#39;UEFA \u00bb.<\/p>\n<p>Par cons\u00e9quent, cette flexibilit\u00e9 financi\u00e8re accrue aura jou\u00e9 un r\u00f4le crucial dans la capacit\u00e9 de United \u00e0 poursuivre Ugarte comme rempla\u00e7ant de l&#39;international \u00e9cossais, des rapports sugg\u00e9rant que le club recherche un transfert permanent, plut\u00f4t que le pr\u00eat avec obligation d&#39;achat pr\u00e9c\u00e9demment signal\u00e9.<\/p>\n<p>C&#39;est peut-\u00eatre cette \u00e9volution qui a conduit \u00e0 l&#39;avanc\u00e9e des n\u00e9gociations et au transfert \u00ab pratiquement boucl\u00e9 \u00bb, comme le rapportent les rapports.<\/p>\n<p>Et avec la saison de United qui a re\u00e7u une confirmation d\u00e9cevante lors de la d\u00e9faite 2-1 de samedi contre Brighton &#038; Hove Albion, ainsi que la perspective inqui\u00e9tante de rencontrer son rival acharn\u00e9 Liverpool ce dimanche, l&#39;ajout d&#39;un milieu de terrain d\u00e9fensif combatif avec une exp\u00e9rience europ\u00e9enne et internationale d&#39;\u00e9lite avec du temps \u00e0 enregistrer d&#39;ici le week-end sera un \u00e9norme coup de pouce pour l&#39;\u00e9quipe de Ten Hag.<\/p>\n<hr>\n<p>\n <b>Jouez gratuitement pour gagner le nouveau kit United !<\/b> Nous offrons un nouveau prix \u00e0 chaque semaine de match de la PL, offert par Goat Kits\u00a0! Pour jouer, il vous suffit de (1) rejoindre la toute nouvelle ligue PL Challenge de cette semaine ici avec notre code de ligue puu1tk et de participer au concours de cette semaine. (2) <a rel=\"nofollow noopener\" href=\"https:\/\/twitter.com\/intent\/user?screen_name=_peoplesperson_\" target=\"_blank\">Suivez The Peoples Person sur X<\/a> et r\u00e9pondez \u00e0 la question d\u00e9cisive. Instructions et r\u00e8gles compl\u00e8tes ici.<br \/>\nVous pouvez \u00e9galement visiter Goat Kits sur goatkitstore.com et utiliser le code de r\u00e9duction TPP30 pour obtenir 30 % de r\u00e9duction sur votre premier achat !<br \/>\n<!--Article End--><\/p>\n<p><!-- CONTENT END 3 --><\/p><\/div>\n<p><script async src=\"https:\/\/platform.twitter.com\/widgets.js\" charset=\"utf-8\"><\/script><\/p>\n","protected":false},"excerpt":{"rendered":"<p>1 Le milieu de terrain du Paris-Saint Germain Manuel Ugarte pourrait rejoindre Manchester United dans les \u00ab prochaines heures \u00bb avec un accord pour le<\/p>\n","protected":false},"author":1,"featured_media":12684,"comment_status":"closed","ping_status":"","sticky":false,"template":"","format":"standard","meta":{"footnotes":""},"categories":[3],"tags":[19,2834,93,24,2787,1532,6212,1392,415,6073,13,4259],"yoast_head":"<!-- This site is optimized with the Yoast SEO plugin v21.0 - https:\/\/yoast.com\/wordpress\/plugins\/seo\/ -->\n<title>La presse uruguayenne r\u00e9v\u00e8le que Manuel Ugarte rejoindra Man United \u00ab dans les prochaines heures \u00bb -<\/title>\n<meta name=\"robots\" content=\"index, follow, max-snippet:-1, max-image-preview:large, max-video-preview:-1\" \/>\n<link rel=\"canonical\" href=\"https:\/\/footdavant.fr\/actualites\/la-presse-uruguayenne-revele-que-manuel-ugarte-rejoindra-man-united-dans-les-prochaines-heures\/\" \/>\n<meta property=\"og:locale\" content=\"fr_FR\" \/>\n<meta property=\"og:type\" content=\"article\" \/>\n<meta property=\"og:title\" content=\"La presse uruguayenne r\u00e9v\u00e8le que Manuel Ugarte rejoindra Man United \u00ab dans les prochaines heures \u00bb -\" \/>\n<meta property=\"og:description\" content=\"1 Le milieu de terrain du Paris-Saint Germain Manuel Ugarte pourrait rejoindre Manchester United dans les \u00ab prochaines heures \u00bb avec un accord pour le\" \/>\n<meta property=\"og:url\" content=\"https:\/\/footdavant.fr\/actualites\/la-presse-uruguayenne-revele-que-manuel-ugarte-rejoindra-man-united-dans-les-prochaines-heures\/\" \/>\n<meta property=\"og:site_name\" content=\"Foot d&#039;avant\" \/>\n<meta property=\"article:publisher\" content=\"https:\/\/www.facebook.com\/Footdavant\/\" \/>\n<meta property=\"article:published_time\" content=\"2024-08-26T10:48:08+00:00\" \/>\n<meta property=\"article:modified_time\" content=\"2024-08-26T10:48:12+00:00\" \/>\n<meta property=\"og:image\" content=\"https:\/\/footdavant.fr\/actualites\/wp-content\/uploads\/2024\/08\/La-presse-uruguayenne-revele-que-Manuel-Ugarte-rejoindra-Man-United.jpg\" \/>\n\t<meta property=\"og:image:width\" content=\"1600\" \/>\n\t<meta property=\"og:image:height\" content=\"704\" \/>\n\t<meta property=\"og:image:type\" content=\"image\/jpeg\" \/>\n<meta name=\"author\" content=\"Cl\u00e9ment\" \/>\n<meta name=\"twitter:card\" content=\"summary_large_image\" \/>\n<meta name=\"twitter:creator\" content=\"@FootdavantFr\" \/>\n<meta name=\"twitter:site\" content=\"@FootdavantFr\" \/>\n<meta name=\"twitter:label1\" content=\"\u00c9crit par\" \/>\n\t<meta name=\"twitter:data1\" content=\"Cl\u00e9ment\" \/>\n\t<meta name=\"twitter:label2\" content=\"Dur\u00e9e de lecture estim\u00e9e\" \/>\n\t<meta name=\"twitter:data2\" content=\"3 minutes\" \/>\n<script type=\"application\/ld+json\" class=\"yoast-schema-graph\">{\"@context\":\"https:\/\/schema.org\",\"@graph\":[{\"@type\":\"Article\",\"@id\":\"https:\/\/footdavant.fr\/actualites\/la-presse-uruguayenne-revele-que-manuel-ugarte-rejoindra-man-united-dans-les-prochaines-heures\/#article\",\"isPartOf\":{\"@id\":\"https:\/\/footdavant.fr\/actualites\/la-presse-uruguayenne-revele-que-manuel-ugarte-rejoindra-man-united-dans-les-prochaines-heures\/\"},\"author\":{\"name\":\"Cl\u00e9ment\",\"@id\":\"https:\/\/footdavant.fr\/actualites\/#\/schema\/person\/bc222566d95871b37e597b3ed3ba5e1d\"},\"headline\":\"La presse uruguayenne r\u00e9v\u00e8le que Manuel Ugarte rejoindra Man United \u00ab dans les prochaines heures \u00bb &#8211;\",\"datePublished\":\"2024-08-26T10:48:08+00:00\",\"dateModified\":\"2024-08-26T10:48:12+00:00\",\"mainEntityOfPage\":{\"@id\":\"https:\/\/footdavant.fr\/actualites\/la-presse-uruguayenne-revele-que-manuel-ugarte-rejoindra-man-united-dans-les-prochaines-heures\/\"},\"wordCount\":658,\"publisher\":{\"@id\":\"https:\/\/footdavant.fr\/actualites\/#organization\"},\"keywords\":[\"dans\",\"heures\",\"les\",\"Man\",\"Manuel\",\"presse\",\"prochaines\",\"rejoindra\",\"r\u00e9v\u00e8le\",\"Ugarte\",\"United\",\"uruguayenne\"],\"articleSection\":[\"Football\"],\"inLanguage\":\"fr-FR\"},{\"@type\":\"WebPage\",\"@id\":\"https:\/\/footdavant.fr\/actualites\/la-presse-uruguayenne-revele-que-manuel-ugarte-rejoindra-man-united-dans-les-prochaines-heures\/\",\"url\":\"https:\/\/footdavant.fr\/actualites\/la-presse-uruguayenne-revele-que-manuel-ugarte-rejoindra-man-united-dans-les-prochaines-heures\/\",\"name\":\"La presse uruguayenne r\u00e9v\u00e8le que Manuel Ugarte rejoindra Man United \u00ab dans les prochaines heures \u00bb -\",\"isPartOf\":{\"@id\":\"https:\/\/footdavant.fr\/actualites\/#website\"},\"datePublished\":\"2024-08-26T10:48:08+00:00\",\"dateModified\":\"2024-08-26T10:48:12+00:00\",\"breadcrumb\":{\"@id\":\"https:\/\/footdavant.fr\/actualites\/la-presse-uruguayenne-revele-que-manuel-ugarte-rejoindra-man-united-dans-les-prochaines-heures\/#breadcrumb\"},\"inLanguage\":\"fr-FR\",\"potentialAction\":[{\"@type\":\"ReadAction\",\"target\":[\"https:\/\/footdavant.fr\/actualites\/la-presse-uruguayenne-revele-que-manuel-ugarte-rejoindra-man-united-dans-les-prochaines-heures\/\"]}]},{\"@type\":\"BreadcrumbList\",\"@id\":\"https:\/\/footdavant.fr\/actualites\/la-presse-uruguayenne-revele-que-manuel-ugarte-rejoindra-man-united-dans-les-prochaines-heures\/#breadcrumb\",\"itemListElement\":[{\"@type\":\"ListItem\",\"position\":1,\"name\":\"Accueil\",\"item\":\"https:\/\/footdavant.fr\/actualites\/\"},{\"@type\":\"ListItem\",\"position\":2,\"name\":\"La presse uruguayenne r\u00e9v\u00e8le que Manuel Ugarte rejoindra Man United \u00ab dans les prochaines heures \u00bb &#8211;\"}]},{\"@type\":\"WebSite\",\"@id\":\"https:\/\/footdavant.fr\/actualites\/#website\",\"url\":\"https:\/\/footdavant.fr\/actualites\/\",\"name\":\"Foot d'avant\",\"description\":\"\",\"publisher\":{\"@id\":\"https:\/\/footdavant.fr\/actualites\/#organization\"},\"potentialAction\":[{\"@type\":\"SearchAction\",\"target\":{\"@type\":\"EntryPoint\",\"urlTemplate\":\"https:\/\/footdavant.fr\/actualites\/?s={search_term_string}\"},\"query-input\":\"required name=search_term_string\"}],\"inLanguage\":\"fr-FR\"},{\"@type\":\"Organization\",\"@id\":\"https:\/\/footdavant.fr\/actualites\/#organization\",\"name\":\"Foot d'avant\",\"url\":\"https:\/\/footdavant.fr\/actualites\/\",\"logo\":{\"@type\":\"ImageObject\",\"inLanguage\":\"fr-FR\",\"@id\":\"https:\/\/footdavant.fr\/actualites\/#\/schema\/logo\/image\/\",\"url\":\"https:\/\/footdavant.fr\/actualites\/wp-content\/uploads\/2023\/09\/Copy-of-FootDavant-Logo.png\",\"contentUrl\":\"https:\/\/footdavant.fr\/actualites\/wp-content\/uploads\/2023\/09\/Copy-of-FootDavant-Logo.png\",\"width\":936,\"height\":549,\"caption\":\"Foot d'avant\"},\"image\":{\"@id\":\"https:\/\/footdavant.fr\/actualites\/#\/schema\/logo\/image\/\"},\"sameAs\":[\"https:\/\/www.facebook.com\/Footdavant\/\",\"https:\/\/twitter.com\/FootdavantFr\",\"https:\/\/www.instagram.com\/footdavant.fr\/\"]},{\"@type\":\"Person\",\"@id\":\"https:\/\/footdavant.fr\/actualites\/#\/schema\/person\/bc222566d95871b37e597b3ed3ba5e1d\",\"name\":\"Cl\u00e9ment\",\"image\":{\"@type\":\"ImageObject\",\"inLanguage\":\"fr-FR\",\"@id\":\"https:\/\/footdavant.fr\/actualites\/#\/schema\/person\/image\/\",\"url\":\"https:\/\/secure.gravatar.com\/avatar\/7728b29aac2719421e1a9159b2254c44?s=96&d=mm&r=g\",\"contentUrl\":\"https:\/\/secure.gravatar.com\/avatar\/7728b29aac2719421e1a9159b2254c44?s=96&d=mm&r=g\",\"caption\":\"Cl\u00e9ment\"},\"sameAs\":[\"https:\/\/footdavant.fr\/\"]}]}<\/script>\n<!-- \/ Yoast SEO plugin. -->","yoast_head_json":{"title":"La presse uruguayenne r\u00e9v\u00e8le que Manuel Ugarte rejoindra Man United \u00ab dans les prochaines heures \u00bb -","robots":{"index":"index","follow":"follow","max-snippet":"max-snippet:-1","max-image-preview":"max-image-preview:large","max-video-preview":"max-video-preview:-1"},"canonical":"https:\/\/footdavant.fr\/actualites\/la-presse-uruguayenne-revele-que-manuel-ugarte-rejoindra-man-united-dans-les-prochaines-heures\/","og_locale":"fr_FR","og_type":"article","og_title":"La presse uruguayenne r\u00e9v\u00e8le que Manuel Ugarte rejoindra Man United \u00ab dans les prochaines heures \u00bb -","og_description":"1 Le milieu de terrain du Paris-Saint Germain Manuel Ugarte pourrait rejoindre Manchester United dans les \u00ab prochaines heures \u00bb avec un accord pour le","og_url":"https:\/\/footdavant.fr\/actualites\/la-presse-uruguayenne-revele-que-manuel-ugarte-rejoindra-man-united-dans-les-prochaines-heures\/","og_site_name":"Foot d&#039;avant","article_publisher":"https:\/\/www.facebook.com\/Footdavant\/","article_published_time":"2024-08-26T10:48:08+00:00","article_modified_time":"2024-08-26T10:48:12+00:00","og_image":[{"width":1600,"height":704,"url":"https:\/\/footdavant.fr\/actualites\/wp-content\/uploads\/2024\/08\/La-presse-uruguayenne-revele-que-Manuel-Ugarte-rejoindra-Man-United.jpg","type":"image\/jpeg"}],"author":"Cl\u00e9ment","twitter_card":"summary_large_image","twitter_creator":"@FootdavantFr","twitter_site":"@FootdavantFr","twitter_misc":{"\u00c9crit par":"Cl\u00e9ment","Dur\u00e9e de lecture estim\u00e9e":"3 minutes"},"schema":{"@context":"https:\/\/schema.org","@graph":[{"@type":"Article","@id":"https:\/\/footdavant.fr\/actualites\/la-presse-uruguayenne-revele-que-manuel-ugarte-rejoindra-man-united-dans-les-prochaines-heures\/#article","isPartOf":{"@id":"https:\/\/footdavant.fr\/actualites\/la-presse-uruguayenne-revele-que-manuel-ugarte-rejoindra-man-united-dans-les-prochaines-heures\/"},"author":{"name":"Cl\u00e9ment","@id":"https:\/\/footdavant.fr\/actualites\/#\/schema\/person\/bc222566d95871b37e597b3ed3ba5e1d"},"headline":"La presse uruguayenne r\u00e9v\u00e8le que Manuel Ugarte rejoindra Man United \u00ab dans les prochaines heures \u00bb &#8211;","datePublished":"2024-08-26T10:48:08+00:00","dateModified":"2024-08-26T10:48:12+00:00","mainEntityOfPage":{"@id":"https:\/\/footdavant.fr\/actualites\/la-presse-uruguayenne-revele-que-manuel-ugarte-rejoindra-man-united-dans-les-prochaines-heures\/"},"wordCount":658,"publisher":{"@id":"https:\/\/footdavant.fr\/actualites\/#organization"},"keywords":["dans","heures","les","Man","Manuel","presse","prochaines","rejoindra","r\u00e9v\u00e8le","Ugarte","United","uruguayenne"],"articleSection":["Football"],"inLanguage":"fr-FR"},{"@type":"WebPage","@id":"https:\/\/footdavant.fr\/actualites\/la-presse-uruguayenne-revele-que-manuel-ugarte-rejoindra-man-united-dans-les-prochaines-heures\/","url":"https:\/\/footdavant.fr\/actualites\/la-presse-uruguayenne-revele-que-manuel-ugarte-rejoindra-man-united-dans-les-prochaines-heures\/","name":"La presse uruguayenne r\u00e9v\u00e8le que Manuel Ugarte rejoindra Man United \u00ab dans les prochaines heures \u00bb -","isPartOf":{"@id":"https:\/\/footdavant.fr\/actualites\/#website"},"datePublished":"2024-08-26T10:48:08+00:00","dateModified":"2024-08-26T10:48:12+00:00","breadcrumb":{"@id":"https:\/\/footdavant.fr\/actualites\/la-presse-uruguayenne-revele-que-manuel-ugarte-rejoindra-man-united-dans-les-prochaines-heures\/#breadcrumb"},"inLanguage":"fr-FR","potentialAction":[{"@type":"ReadAction","target":["https:\/\/footdavant.fr\/actualites\/la-presse-uruguayenne-revele-que-manuel-ugarte-rejoindra-man-united-dans-les-prochaines-heures\/"]}]},{"@type":"BreadcrumbList","@id":"https:\/\/footdavant.fr\/actualites\/la-presse-uruguayenne-revele-que-manuel-ugarte-rejoindra-man-united-dans-les-prochaines-heures\/#breadcrumb","itemListElement":[{"@type":"ListItem","position":1,"name":"Accueil","item":"https:\/\/footdavant.fr\/actualites\/"},{"@type":"ListItem","position":2,"name":"La presse uruguayenne r\u00e9v\u00e8le que Manuel Ugarte rejoindra Man United \u00ab dans les prochaines heures \u00bb &#8211;"}]},{"@type":"WebSite","@id":"https:\/\/footdavant.fr\/actualites\/#website","url":"https:\/\/footdavant.fr\/actualites\/","name":"Foot d'avant","description":"","publisher":{"@id":"https:\/\/footdavant.fr\/actualites\/#organization"},"potentialAction":[{"@type":"SearchAction","target":{"@type":"EntryPoint","urlTemplate":"https:\/\/footdavant.fr\/actualites\/?s={search_term_string}"},"query-input":"required name=search_term_string"}],"inLanguage":"fr-FR"},{"@type":"Organization","@id":"https:\/\/footdavant.fr\/actualites\/#organization","name":"Foot d'avant","url":"https:\/\/footdavant.fr\/actualites\/","logo":{"@type":"ImageObject","inLanguage":"fr-FR","@id":"https:\/\/footdavant.fr\/actualites\/#\/schema\/logo\/image\/","url":"https:\/\/footdavant.fr\/actualites\/wp-content\/uploads\/2023\/09\/Copy-of-FootDavant-Logo.png","contentUrl":"https:\/\/footdavant.fr\/actualites\/wp-content\/uploads\/2023\/09\/Copy-of-FootDavant-Logo.png","width":936,"height":549,"caption":"Foot d'avant"},"image":{"@id":"https:\/\/footdavant.fr\/actualites\/#\/schema\/logo\/image\/"},"sameAs":["https:\/\/www.facebook.com\/Footdavant\/","https:\/\/twitter.com\/FootdavantFr","https:\/\/www.instagram.com\/footdavant.fr\/"]},{"@type":"Person","@id":"https:\/\/footdavant.fr\/actualites\/#\/schema\/person\/bc222566d95871b37e597b3ed3ba5e1d","name":"Cl\u00e9ment","image":{"@type":"ImageObject","inLanguage":"fr-FR","@id":"https:\/\/footdavant.fr\/actualites\/#\/schema\/person\/image\/","url":"https:\/\/secure.gravatar.com\/avatar\/7728b29aac2719421e1a9159b2254c44?s=96&d=mm&r=g","contentUrl":"https:\/\/secure.gravatar.com\/avatar\/7728b29aac2719421e1a9159b2254c44?s=96&d=mm&r=g","caption":"Cl\u00e9ment"},"sameAs":["https:\/\/footdavant.fr\/"]}]}},"_links":{"self":[{"href":"https:\/\/footdavant.fr\/actualites\/wp-json\/wp\/v2\/posts\/12683"}],"collection":[{"href":"https:\/\/footdavant.fr\/actualites\/wp-json\/wp\/v2\/posts"}],"about":[{"href":"https:\/\/footdavant.fr\/actualites\/wp-json\/wp\/v2\/types\/post"}],"author":[{"embeddable":true,"href":"https:\/\/footdavant.fr\/actualites\/wp-json\/wp\/v2\/users\/1"}],"replies":[{"embeddable":true,"href":"https:\/\/footdavant.fr\/actualites\/wp-json\/wp\/v2\/comments?post=12683"}],"version-history":[{"count":1,"href":"https:\/\/footdavant.fr\/actualites\/wp-json\/wp\/v2\/posts\/12683\/revisions"}],"predecessor-version":[{"id":12685,"href":"https:\/\/footdavant.fr\/actualites\/wp-json\/wp\/v2\/posts\/12683\/revisions\/12685"}],"wp:featuredmedia":[{"embeddable":true,"href":"https:\/\/footdavant.fr\/actualites\/wp-json\/wp\/v2\/media\/12684"}],"wp:attachment":[{"href":"https:\/\/footdavant.fr\/actualites\/wp-json\/wp\/v2\/media?parent=12683"}],"wp:term":[{"taxonomy":"category","embeddable":true,"href":"https:\/\/footdavant.fr\/actualites\/wp-json\/wp\/v2\/categories?post=12683"},{"taxonomy":"post_tag","embeddable":true,"href":"https:\/\/footdavant.fr\/actualites\/wp-json\/wp\/v2\/tags?post=12683"}],"curies":[{"name":"wp","href":"https:\/\/api.w.org\/{rel}","templated":true}]}}