{"id":12779,"date":"2024-08-28T14:48:34","date_gmt":"2024-08-28T12:48:34","guid":{"rendered":"https:\/\/footdavant.fr\/actualites\/la-star-de-manchester-united-prete-a-passer-un-examen-medical-avant-son-transfert-permanent-en-serie-a\/"},"modified":"2024-08-28T14:48:36","modified_gmt":"2024-08-28T12:48:36","slug":"la-star-de-manchester-united-prete-a-passer-un-examen-medical-avant-son-transfert-permanent-en-serie-a","status":"publish","type":"post","link":"https:\/\/footdavant.fr\/actualites\/la-star-de-manchester-united-prete-a-passer-un-examen-medical-avant-son-transfert-permanent-en-serie-a\/","title":{"rendered":"La star de Manchester United \u00ab pr\u00eate \u00bb \u00e0 passer un examen m\u00e9dical avant son transfert permanent en Serie A"},"content":{"rendered":"<p>Selon certaines informations, le milieu de terrain de Manchester United, Scott McTominay, se pr\u00e9parerait \u00e0 s&#39;envoler pour passer une visite m\u00e9dicale en Italie avant un transfert de 25,4 millions de livres sterling \u00e0 Naples.<\/p>\n<div id=\"article_body\" itemprop=\"articleBody\">\n<h3 class=\"firstPara\">\n<strong class=\"autotag\">Manchester United<\/strong> milieu de terrain <strong class=\"autotag\">Scott McTominay<\/strong> serait sur le point d&#39;achever un d\u00e9m\u00e9nagement permanent vers <strong class=\"autotag\">Naples<\/strong>.<\/h3>\n<p>Le joueur de 27 ans a pass\u00e9 la majeure partie de l&#39;\u00e9t\u00e9 \u00e0 l&#39;Euro 2024 en Allemagne, o\u00f9 <strong class=\"autotag\">Steve Clarke<\/strong>L&#39;\u00c9cosse \u00e9tait en qu\u00eate de gloire continentale.<\/p>\n<p>Apr\u00e8s avoir perdu leur match d&#39;ouverture du tournoi 5-1 contre l&#39;Allemagne, pays h\u00f4te, il n&#39;avait jamais sembl\u00e9 probable que la Tartan Army se qualifierait pour les huiti\u00e8mes de finale, et cela s&#39;est av\u00e9r\u00e9 \u00eatre le cas.<\/p>\n<p>Malgr\u00e9 la d\u00e9ception sur la sc\u00e8ne internationale, McTominay a tout de m\u00eame connu une saison individuelle productive en 2023-24, marquant 10 buts toutes comp\u00e9titions confondues pour Manchester United.<\/p>\n<p>Depuis qu&#39;il a obtenu son dipl\u00f4me de l&#39;acad\u00e9mie des Red Devils en 2017, l&#39;international, 52 fois s\u00e9lectionn\u00e9, a fait 255 apparitions pour les poids lourds de la Premier League, marquant \u00e0 29 reprises.<\/p>\n<p class=\"imgI\">\n<h2 class=\"k3\">McTominay de Manchester United pr\u00eat \u00e0 passer la visite m\u00e9dicale \u00e0 Naples ?<\/h2>\n<p>Selon <em>L&#39;Athl\u00e9tique<\/em>Le milieu de terrain de Manchester United, McTominay, se rapproche d&#39;une sortie du Th\u00e9\u00e2tre des R\u00eaves \u00e0 la fin de la fen\u00eatre d&#39;\u00e9t\u00e9.<\/p>\n<p>Le rapport affirme que les Red Devils et l&#39;\u00e9quipe italienne ont conclu un accord de 25,4 millions de livres sterling pour le joueur de 27 ans, qui n&#39;a jou\u00e9 que pour United dans le football de club professionnel.<\/p>\n<p>Il est entendu que McTominay et Naples doivent d\u00e9sormais s&#39;entendre sur des conditions personnelles appropri\u00e9es pour le joueur avant qu&#39;un transfert en Serie A ne soit confirm\u00e9.<\/p>\n<p>L&#39;accord \u00e9tant parvenu \u00e0 un stade avanc\u00e9, on pense que l&#39;\u00c9cossais va maintenant se rendre en Italie, o\u00f9 il effectuera d&#39;abord des tests m\u00e9dicaux.<\/p>\n<p>En raison des contributions de McTominay \u00e0 <strong class=\"autotag\">Erik le sorcier<\/strong>Apr\u00e8s avoir \u00e9t\u00e9 l&#39;un des meilleurs joueurs de l&#39;histoire du club la saison derni\u00e8re, Manchester United est r\u00e9ticent \u00e0 perdre le milieu de terrain mais ne peut pas lui garantir une place dans le onze de d\u00e9part \u00e0 Old Trafford.<\/p>\n<p class=\"imgI\"><img decoding=\"async\" loading=\"lazy\" class=\"l\" src=\"https:\/\/footdavant.fr\/actualites\/wp-content\/uploads\/2024\/08\/1724849314_387_La-star-de-Manchester-United-prete-a-passer.jpg\" title=\"Le manager de Fulham, Marco Silva, r\u00e9agit le 16 ao\u00fbt 2024\" alt=\"Le manager de Fulham, Marco Silva, r\u00e9agit le 16 ao\u00fbt 2024\" width=\"640\" height=\"480\"><\/p>\n<h2 class=\"k3\">Int\u00e9r\u00eat de la Premier League pour McTominay<\/h2>\n<p>Avec un transfert probable vers Naples, challenger de la Serie A, McTominay est pr\u00eat \u00e0 conserver la capacit\u00e9 de se battre pour des honneurs majeurs dans le football de club.<\/p>\n<p>Ce luxe aurait pu lui \u00eatre retir\u00e9 si le joueur de 27 ans avait sign\u00e9 pour Fulham, qui \u00e9tait tr\u00e8s int\u00e9ress\u00e9 par le milieu de terrain plus t\u00f4t dans la fen\u00eatre.<\/p>\n<p>On dit que les Cottagers ont soumis une offre de 20 millions de livres sterling pour les services de McTominay, bien que les Red Devils aient rapidement rejet\u00e9 les avances des Londoniens.<\/p>\n<p>Suppos\u00e9 venir du Paris Saint-Germain, <strong class=\"autotag\">Manuel Ugarte<\/strong> se pr\u00e9pare \u00e0 remplacer l&#39;\u00c9cossais au Th\u00e9\u00e2tre des R\u00eaves, l&#39;Uruguayen devant \u00eatre inscrit \u00e0 temps pour affronter Liverpool en Premier League le mois prochain.<\/p>\n<\/div>\n","protected":false},"excerpt":{"rendered":"<p>Selon certaines informations, le milieu de terrain de Manchester United, Scott McTominay, se pr\u00e9parerait \u00e0 s&#39;envoler pour passer une visite m\u00e9dicale en Italie avant un<\/p>\n","protected":false},"author":1,"featured_media":12780,"comment_status":"closed","ping_status":"","sticky":false,"template":"","format":"standard","meta":{"footnotes":""},"categories":[5],"tags":[491,3346,11,2462,3211,2230,1602,705,86,1621,700,13],"yoast_head":"<!-- This site is optimized with the Yoast SEO plugin v21.0 - https:\/\/yoast.com\/wordpress\/plugins\/seo\/ -->\n<title>La star de Manchester United \u00ab pr\u00eate \u00bb \u00e0 passer un examen m\u00e9dical avant son transfert permanent en Serie A<\/title>\n<meta name=\"robots\" content=\"index, follow, max-snippet:-1, max-image-preview:large, max-video-preview:-1\" \/>\n<link rel=\"canonical\" href=\"https:\/\/footdavant.fr\/actualites\/la-star-de-manchester-united-prete-a-passer-un-examen-medical-avant-son-transfert-permanent-en-serie-a\/\" \/>\n<meta property=\"og:locale\" content=\"fr_FR\" \/>\n<meta property=\"og:type\" content=\"article\" \/>\n<meta property=\"og:title\" content=\"La star de Manchester United \u00ab pr\u00eate \u00bb \u00e0 passer un examen m\u00e9dical avant son transfert permanent en Serie A\" \/>\n<meta property=\"og:description\" content=\"Selon certaines informations, le milieu de terrain de Manchester United, Scott McTominay, se pr\u00e9parerait \u00e0 s&#039;envoler pour passer une visite m\u00e9dicale en Italie avant un\" \/>\n<meta property=\"og:url\" content=\"https:\/\/footdavant.fr\/actualites\/la-star-de-manchester-united-prete-a-passer-un-examen-medical-avant-son-transfert-permanent-en-serie-a\/\" \/>\n<meta property=\"og:site_name\" content=\"Foot d&#039;avant\" \/>\n<meta property=\"article:publisher\" content=\"https:\/\/www.facebook.com\/Footdavant\/\" \/>\n<meta property=\"article:published_time\" content=\"2024-08-28T12:48:34+00:00\" \/>\n<meta property=\"article:modified_time\" content=\"2024-08-28T12:48:36+00:00\" \/>\n<meta property=\"og:image\" content=\"https:\/\/footdavant.fr\/actualites\/wp-content\/uploads\/2024\/08\/La-star-de-Manchester-United-prete-a-passer.jpg\" \/>\n\t<meta property=\"og:image:width\" content=\"640\" \/>\n\t<meta property=\"og:image:height\" content=\"480\" \/>\n\t<meta property=\"og:image:type\" content=\"image\/jpeg\" \/>\n<meta name=\"author\" content=\"Cl\u00e9ment\" \/>\n<meta name=\"twitter:card\" content=\"summary_large_image\" \/>\n<meta name=\"twitter:creator\" content=\"@FootdavantFr\" \/>\n<meta name=\"twitter:site\" content=\"@FootdavantFr\" \/>\n<meta name=\"twitter:label1\" content=\"\u00c9crit par\" \/>\n\t<meta name=\"twitter:data1\" content=\"Cl\u00e9ment\" \/>\n\t<meta name=\"twitter:label2\" content=\"Dur\u00e9e de lecture estim\u00e9e\" \/>\n\t<meta name=\"twitter:data2\" content=\"3 minutes\" \/>\n<script type=\"application\/ld+json\" class=\"yoast-schema-graph\">{\"@context\":\"https:\/\/schema.org\",\"@graph\":[{\"@type\":\"Article\",\"@id\":\"https:\/\/footdavant.fr\/actualites\/la-star-de-manchester-united-prete-a-passer-un-examen-medical-avant-son-transfert-permanent-en-serie-a\/#article\",\"isPartOf\":{\"@id\":\"https:\/\/footdavant.fr\/actualites\/la-star-de-manchester-united-prete-a-passer-un-examen-medical-avant-son-transfert-permanent-en-serie-a\/\"},\"author\":{\"name\":\"Cl\u00e9ment\",\"@id\":\"https:\/\/footdavant.fr\/actualites\/#\/schema\/person\/bc222566d95871b37e597b3ed3ba5e1d\"},\"headline\":\"La star de Manchester United \u00ab pr\u00eate \u00bb \u00e0 passer un examen m\u00e9dical avant son transfert permanent en Serie A\",\"datePublished\":\"2024-08-28T12:48:34+00:00\",\"dateModified\":\"2024-08-28T12:48:36+00:00\",\"mainEntityOfPage\":{\"@id\":\"https:\/\/footdavant.fr\/actualites\/la-star-de-manchester-united-prete-a-passer-un-examen-medical-avant-son-transfert-permanent-en-serie-a\/\"},\"wordCount\":537,\"publisher\":{\"@id\":\"https:\/\/footdavant.fr\/actualites\/#organization\"},\"keywords\":[\"avant\",\"examen\",\"Manchester\",\"m\u00e9dical\",\"Passer\",\"permanent\",\"pr\u00eat\u00e9\",\"s\u00e9rie\",\"son\",\"Star\",\"transfert\",\"United\"],\"articleSection\":[\"Premier League\"],\"inLanguage\":\"fr-FR\"},{\"@type\":\"WebPage\",\"@id\":\"https:\/\/footdavant.fr\/actualites\/la-star-de-manchester-united-prete-a-passer-un-examen-medical-avant-son-transfert-permanent-en-serie-a\/\",\"url\":\"https:\/\/footdavant.fr\/actualites\/la-star-de-manchester-united-prete-a-passer-un-examen-medical-avant-son-transfert-permanent-en-serie-a\/\",\"name\":\"La star de Manchester United \u00ab pr\u00eate \u00bb \u00e0 passer un examen m\u00e9dical avant son transfert permanent en Serie A\",\"isPartOf\":{\"@id\":\"https:\/\/footdavant.fr\/actualites\/#website\"},\"datePublished\":\"2024-08-28T12:48:34+00:00\",\"dateModified\":\"2024-08-28T12:48:36+00:00\",\"breadcrumb\":{\"@id\":\"https:\/\/footdavant.fr\/actualites\/la-star-de-manchester-united-prete-a-passer-un-examen-medical-avant-son-transfert-permanent-en-serie-a\/#breadcrumb\"},\"inLanguage\":\"fr-FR\",\"potentialAction\":[{\"@type\":\"ReadAction\",\"target\":[\"https:\/\/footdavant.fr\/actualites\/la-star-de-manchester-united-prete-a-passer-un-examen-medical-avant-son-transfert-permanent-en-serie-a\/\"]}]},{\"@type\":\"BreadcrumbList\",\"@id\":\"https:\/\/footdavant.fr\/actualites\/la-star-de-manchester-united-prete-a-passer-un-examen-medical-avant-son-transfert-permanent-en-serie-a\/#breadcrumb\",\"itemListElement\":[{\"@type\":\"ListItem\",\"position\":1,\"name\":\"Accueil\",\"item\":\"https:\/\/footdavant.fr\/actualites\/\"},{\"@type\":\"ListItem\",\"position\":2,\"name\":\"La star de Manchester United \u00ab pr\u00eate \u00bb \u00e0 passer un examen m\u00e9dical avant son transfert permanent en Serie A\"}]},{\"@type\":\"WebSite\",\"@id\":\"https:\/\/footdavant.fr\/actualites\/#website\",\"url\":\"https:\/\/footdavant.fr\/actualites\/\",\"name\":\"Foot d'avant\",\"description\":\"\",\"publisher\":{\"@id\":\"https:\/\/footdavant.fr\/actualites\/#organization\"},\"potentialAction\":[{\"@type\":\"SearchAction\",\"target\":{\"@type\":\"EntryPoint\",\"urlTemplate\":\"https:\/\/footdavant.fr\/actualites\/?s={search_term_string}\"},\"query-input\":\"required name=search_term_string\"}],\"inLanguage\":\"fr-FR\"},{\"@type\":\"Organization\",\"@id\":\"https:\/\/footdavant.fr\/actualites\/#organization\",\"name\":\"Foot d'avant\",\"url\":\"https:\/\/footdavant.fr\/actualites\/\",\"logo\":{\"@type\":\"ImageObject\",\"inLanguage\":\"fr-FR\",\"@id\":\"https:\/\/footdavant.fr\/actualites\/#\/schema\/logo\/image\/\",\"url\":\"https:\/\/footdavant.fr\/actualites\/wp-content\/uploads\/2023\/09\/Copy-of-FootDavant-Logo.png\",\"contentUrl\":\"https:\/\/footdavant.fr\/actualites\/wp-content\/uploads\/2023\/09\/Copy-of-FootDavant-Logo.png\",\"width\":936,\"height\":549,\"caption\":\"Foot d'avant\"},\"image\":{\"@id\":\"https:\/\/footdavant.fr\/actualites\/#\/schema\/logo\/image\/\"},\"sameAs\":[\"https:\/\/www.facebook.com\/Footdavant\/\",\"https:\/\/twitter.com\/FootdavantFr\",\"https:\/\/www.instagram.com\/footdavant.fr\/\"]},{\"@type\":\"Person\",\"@id\":\"https:\/\/footdavant.fr\/actualites\/#\/schema\/person\/bc222566d95871b37e597b3ed3ba5e1d\",\"name\":\"Cl\u00e9ment\",\"image\":{\"@type\":\"ImageObject\",\"inLanguage\":\"fr-FR\",\"@id\":\"https:\/\/footdavant.fr\/actualites\/#\/schema\/person\/image\/\",\"url\":\"https:\/\/secure.gravatar.com\/avatar\/7728b29aac2719421e1a9159b2254c44?s=96&d=mm&r=g\",\"contentUrl\":\"https:\/\/secure.gravatar.com\/avatar\/7728b29aac2719421e1a9159b2254c44?s=96&d=mm&r=g\",\"caption\":\"Cl\u00e9ment\"},\"sameAs\":[\"https:\/\/footdavant.fr\/\"]}]}<\/script>\n<!-- \/ Yoast SEO plugin. -->","yoast_head_json":{"title":"La star de Manchester United \u00ab pr\u00eate \u00bb \u00e0 passer un examen m\u00e9dical avant son transfert permanent en Serie A","robots":{"index":"index","follow":"follow","max-snippet":"max-snippet:-1","max-image-preview":"max-image-preview:large","max-video-preview":"max-video-preview:-1"},"canonical":"https:\/\/footdavant.fr\/actualites\/la-star-de-manchester-united-prete-a-passer-un-examen-medical-avant-son-transfert-permanent-en-serie-a\/","og_locale":"fr_FR","og_type":"article","og_title":"La star de Manchester United \u00ab pr\u00eate \u00bb \u00e0 passer un examen m\u00e9dical avant son transfert permanent en Serie A","og_description":"Selon certaines informations, le milieu de terrain de Manchester United, Scott McTominay, se pr\u00e9parerait \u00e0 s&#39;envoler pour passer une visite m\u00e9dicale en Italie avant un","og_url":"https:\/\/footdavant.fr\/actualites\/la-star-de-manchester-united-prete-a-passer-un-examen-medical-avant-son-transfert-permanent-en-serie-a\/","og_site_name":"Foot d&#039;avant","article_publisher":"https:\/\/www.facebook.com\/Footdavant\/","article_published_time":"2024-08-28T12:48:34+00:00","article_modified_time":"2024-08-28T12:48:36+00:00","og_image":[{"width":640,"height":480,"url":"https:\/\/footdavant.fr\/actualites\/wp-content\/uploads\/2024\/08\/La-star-de-Manchester-United-prete-a-passer.jpg","type":"image\/jpeg"}],"author":"Cl\u00e9ment","twitter_card":"summary_large_image","twitter_creator":"@FootdavantFr","twitter_site":"@FootdavantFr","twitter_misc":{"\u00c9crit par":"Cl\u00e9ment","Dur\u00e9e de lecture estim\u00e9e":"3 minutes"},"schema":{"@context":"https:\/\/schema.org","@graph":[{"@type":"Article","@id":"https:\/\/footdavant.fr\/actualites\/la-star-de-manchester-united-prete-a-passer-un-examen-medical-avant-son-transfert-permanent-en-serie-a\/#article","isPartOf":{"@id":"https:\/\/footdavant.fr\/actualites\/la-star-de-manchester-united-prete-a-passer-un-examen-medical-avant-son-transfert-permanent-en-serie-a\/"},"author":{"name":"Cl\u00e9ment","@id":"https:\/\/footdavant.fr\/actualites\/#\/schema\/person\/bc222566d95871b37e597b3ed3ba5e1d"},"headline":"La star de Manchester United \u00ab pr\u00eate \u00bb \u00e0 passer un examen m\u00e9dical avant son transfert permanent en Serie A","datePublished":"2024-08-28T12:48:34+00:00","dateModified":"2024-08-28T12:48:36+00:00","mainEntityOfPage":{"@id":"https:\/\/footdavant.fr\/actualites\/la-star-de-manchester-united-prete-a-passer-un-examen-medical-avant-son-transfert-permanent-en-serie-a\/"},"wordCount":537,"publisher":{"@id":"https:\/\/footdavant.fr\/actualites\/#organization"},"keywords":["avant","examen","Manchester","m\u00e9dical","Passer","permanent","pr\u00eat\u00e9","s\u00e9rie","son","Star","transfert","United"],"articleSection":["Premier League"],"inLanguage":"fr-FR"},{"@type":"WebPage","@id":"https:\/\/footdavant.fr\/actualites\/la-star-de-manchester-united-prete-a-passer-un-examen-medical-avant-son-transfert-permanent-en-serie-a\/","url":"https:\/\/footdavant.fr\/actualites\/la-star-de-manchester-united-prete-a-passer-un-examen-medical-avant-son-transfert-permanent-en-serie-a\/","name":"La star de Manchester United \u00ab pr\u00eate \u00bb \u00e0 passer un examen m\u00e9dical avant son transfert permanent en Serie A","isPartOf":{"@id":"https:\/\/footdavant.fr\/actualites\/#website"},"datePublished":"2024-08-28T12:48:34+00:00","dateModified":"2024-08-28T12:48:36+00:00","breadcrumb":{"@id":"https:\/\/footdavant.fr\/actualites\/la-star-de-manchester-united-prete-a-passer-un-examen-medical-avant-son-transfert-permanent-en-serie-a\/#breadcrumb"},"inLanguage":"fr-FR","potentialAction":[{"@type":"ReadAction","target":["https:\/\/footdavant.fr\/actualites\/la-star-de-manchester-united-prete-a-passer-un-examen-medical-avant-son-transfert-permanent-en-serie-a\/"]}]},{"@type":"BreadcrumbList","@id":"https:\/\/footdavant.fr\/actualites\/la-star-de-manchester-united-prete-a-passer-un-examen-medical-avant-son-transfert-permanent-en-serie-a\/#breadcrumb","itemListElement":[{"@type":"ListItem","position":1,"name":"Accueil","item":"https:\/\/footdavant.fr\/actualites\/"},{"@type":"ListItem","position":2,"name":"La star de Manchester United \u00ab pr\u00eate \u00bb \u00e0 passer un examen m\u00e9dical avant son transfert permanent en Serie A"}]},{"@type":"WebSite","@id":"https:\/\/footdavant.fr\/actualites\/#website","url":"https:\/\/footdavant.fr\/actualites\/","name":"Foot d'avant","description":"","publisher":{"@id":"https:\/\/footdavant.fr\/actualites\/#organization"},"potentialAction":[{"@type":"SearchAction","target":{"@type":"EntryPoint","urlTemplate":"https:\/\/footdavant.fr\/actualites\/?s={search_term_string}"},"query-input":"required name=search_term_string"}],"inLanguage":"fr-FR"},{"@type":"Organization","@id":"https:\/\/footdavant.fr\/actualites\/#organization","name":"Foot d'avant","url":"https:\/\/footdavant.fr\/actualites\/","logo":{"@type":"ImageObject","inLanguage":"fr-FR","@id":"https:\/\/footdavant.fr\/actualites\/#\/schema\/logo\/image\/","url":"https:\/\/footdavant.fr\/actualites\/wp-content\/uploads\/2023\/09\/Copy-of-FootDavant-Logo.png","contentUrl":"https:\/\/footdavant.fr\/actualites\/wp-content\/uploads\/2023\/09\/Copy-of-FootDavant-Logo.png","width":936,"height":549,"caption":"Foot d'avant"},"image":{"@id":"https:\/\/footdavant.fr\/actualites\/#\/schema\/logo\/image\/"},"sameAs":["https:\/\/www.facebook.com\/Footdavant\/","https:\/\/twitter.com\/FootdavantFr","https:\/\/www.instagram.com\/footdavant.fr\/"]},{"@type":"Person","@id":"https:\/\/footdavant.fr\/actualites\/#\/schema\/person\/bc222566d95871b37e597b3ed3ba5e1d","name":"Cl\u00e9ment","image":{"@type":"ImageObject","inLanguage":"fr-FR","@id":"https:\/\/footdavant.fr\/actualites\/#\/schema\/person\/image\/","url":"https:\/\/secure.gravatar.com\/avatar\/7728b29aac2719421e1a9159b2254c44?s=96&d=mm&r=g","contentUrl":"https:\/\/secure.gravatar.com\/avatar\/7728b29aac2719421e1a9159b2254c44?s=96&d=mm&r=g","caption":"Cl\u00e9ment"},"sameAs":["https:\/\/footdavant.fr\/"]}]}},"_links":{"self":[{"href":"https:\/\/footdavant.fr\/actualites\/wp-json\/wp\/v2\/posts\/12779"}],"collection":[{"href":"https:\/\/footdavant.fr\/actualites\/wp-json\/wp\/v2\/posts"}],"about":[{"href":"https:\/\/footdavant.fr\/actualites\/wp-json\/wp\/v2\/types\/post"}],"author":[{"embeddable":true,"href":"https:\/\/footdavant.fr\/actualites\/wp-json\/wp\/v2\/users\/1"}],"replies":[{"embeddable":true,"href":"https:\/\/footdavant.fr\/actualites\/wp-json\/wp\/v2\/comments?post=12779"}],"version-history":[{"count":1,"href":"https:\/\/footdavant.fr\/actualites\/wp-json\/wp\/v2\/posts\/12779\/revisions"}],"predecessor-version":[{"id":12781,"href":"https:\/\/footdavant.fr\/actualites\/wp-json\/wp\/v2\/posts\/12779\/revisions\/12781"}],"wp:featuredmedia":[{"embeddable":true,"href":"https:\/\/footdavant.fr\/actualites\/wp-json\/wp\/v2\/media\/12780"}],"wp:attachment":[{"href":"https:\/\/footdavant.fr\/actualites\/wp-json\/wp\/v2\/media?parent=12779"}],"wp:term":[{"taxonomy":"category","embeddable":true,"href":"https:\/\/footdavant.fr\/actualites\/wp-json\/wp\/v2\/categories?post=12779"},{"taxonomy":"post_tag","embeddable":true,"href":"https:\/\/footdavant.fr\/actualites\/wp-json\/wp\/v2\/tags?post=12779"}],"curies":[{"name":"wp","href":"https:\/\/api.w.org\/{rel}","templated":true}]}}