{"id":12782,"date":"2024-08-28T16:49:23","date_gmt":"2024-08-28T14:49:23","guid":{"rendered":"https:\/\/footdavant.fr\/actualites\/ivan-toney-serait-plus-adapte-a-chelsea-que-victor-osimhen-cest-plus-logique\/"},"modified":"2024-08-28T16:49:25","modified_gmt":"2024-08-28T14:49:25","slug":"ivan-toney-serait-plus-adapte-a-chelsea-que-victor-osimhen-cest-plus-logique","status":"publish","type":"post","link":"https:\/\/footdavant.fr\/actualites\/ivan-toney-serait-plus-adapte-a-chelsea-que-victor-osimhen-cest-plus-logique\/","title":{"rendered":"Ivan Toney serait plus adapt\u00e9 \u00e0 Chelsea que Victor Osimhen ; c&#39;est plus logique \u2013"},"content":{"rendered":"<div id=\"mvp-content-main\">\n<p>Chelsea est d\u00e9sormais li\u00e9 \u00e0 Ivan Toney et Victor Osimhen comme leurs deux principales cibles pour leur nouveau num\u00e9ro 9 avant la fin de cette fen\u00eatre de transfert vendredi.<\/p>\n<p>Il est tr\u00e8s tard pour essayer de conclure de telles grosses affaires, mais il semble que pour le moment, il soit probable que ce soit Toney ou Osimhen qui arrive comme nouvel attaquant de Chelsea cet \u00e9t\u00e9.<\/p>\n<p>Osimhen est g\u00e9nial et je serais heureux si Chelsea le recrutait. Mais pour moi, Toney est un meilleur choix et a plus de sens, et voici les raisons pour lesquelles :<\/p>\n<ul>\n<li>Les freins \u00e0 Nicolas Jackson : Toney est plus \u00e2g\u00e9 et ne bloquera pas la progression de Jackson. De plus, son exp\u00e9rience pourrait aider Jackson \u00e0 se d\u00e9velopper et il pourrait apprendre d&#39;autres aspects de son jeu aupr\u00e8s de Toney.<\/li>\n<li>Exp\u00e9rience et exp\u00e9rience en Premier League : C&#39;est un gros plus pour moi. Toney a beaucoup d&#39;exp\u00e9rience et il est un peu plus \u00e2g\u00e9. Il a \u00e9galement fait ses preuves en Premier League et vous savez qu&#39;il peut se mesurer aux plus grands et aux meilleurs d\u00e9fenseurs centraux de cette ligue.<\/li>\n<li>Jeu de liaison : je pense que Toney serait plus utile pour un football bas\u00e9 sur la possession parce qu&#39;il aime se lancer et s&#39;impliquer dans le jeu de construction, alors qu&#39;Osimhen n&#39;est pas tr\u00e8s bon avec le ballon et ne le retient pas aussi bien.<\/li>\n<li>Compl\u00e9ment 9 : Toney sait \u00e9galement o\u00f9 se trouve le filet, constitue une v\u00e9ritable menace dans les airs et peut \u00eatre une cible et un point focal si dangereux et constitue le 9 complet qui manque \u00e0 Chelsea et qu&#39;il doit ajouter.<\/li>\n<\/ul>\n<p>C&#39;est mon point de vue en tout cas, je comprends que d&#39;autres puissent ne pas \u00eatre d&#39;accord ou avoir des inqui\u00e9tudes. Mais pour moi, Toney \u00e0 Chelsea devrait \u00eatre une \u00e9vidence et devrait \u00eatre une priorit\u00e9 pour le club lors de ces deux ou trois derniers jours.<\/p>\n<p>Personnellement, c&#39;est gagnant-gagnant pour moi, car je serais heureux si nous signions Osimhen ou Toney.<\/p>\n<\/p>\n<p>\t\t\t\t\t\t\t\t\t<!--mvp-post-tags--><\/p><\/div>\n","protected":false},"excerpt":{"rendered":"<p>Chelsea est d\u00e9sormais li\u00e9 \u00e0 Ivan Toney et Victor Osimhen comme leurs deux principales cibles pour leur nouveau num\u00e9ro 9 avant la fin de cette<\/p>\n","protected":false},"author":1,"featured_media":12783,"comment_status":"closed","ping_status":"","sticky":false,"template":"","format":"standard","meta":{"footnotes":""},"categories":[3],"tags":[6229,4417,171,76,5136,1039,498,77,1038],"yoast_head":"<!-- This site is optimized with the Yoast SEO plugin v21.0 - https:\/\/yoast.com\/wordpress\/plugins\/seo\/ -->\n<title>Ivan Toney serait plus adapt\u00e9 \u00e0 Chelsea que Victor Osimhen ; c&#039;est plus logique \u2013<\/title>\n<meta name=\"robots\" content=\"index, follow, max-snippet:-1, max-image-preview:large, max-video-preview:-1\" \/>\n<link rel=\"canonical\" href=\"https:\/\/footdavant.fr\/actualites\/ivan-toney-serait-plus-adapte-a-chelsea-que-victor-osimhen-cest-plus-logique\/\" \/>\n<meta property=\"og:locale\" content=\"fr_FR\" \/>\n<meta property=\"og:type\" content=\"article\" \/>\n<meta property=\"og:title\" content=\"Ivan Toney serait plus adapt\u00e9 \u00e0 Chelsea que Victor Osimhen ; c&#039;est plus logique \u2013\" \/>\n<meta property=\"og:description\" content=\"Chelsea est d\u00e9sormais li\u00e9 \u00e0 Ivan Toney et Victor Osimhen comme leurs deux principales cibles pour leur nouveau num\u00e9ro 9 avant la fin de cette\" \/>\n<meta property=\"og:url\" content=\"https:\/\/footdavant.fr\/actualites\/ivan-toney-serait-plus-adapte-a-chelsea-que-victor-osimhen-cest-plus-logique\/\" \/>\n<meta property=\"og:site_name\" content=\"Foot d&#039;avant\" \/>\n<meta property=\"article:publisher\" content=\"https:\/\/www.facebook.com\/Footdavant\/\" \/>\n<meta property=\"article:published_time\" content=\"2024-08-28T14:49:23+00:00\" \/>\n<meta property=\"article:modified_time\" content=\"2024-08-28T14:49:25+00:00\" \/>\n<meta property=\"og:image\" content=\"https:\/\/footdavant.fr\/actualites\/wp-content\/uploads\/2024\/08\/Ivan-Toney-serait-plus-adapte-a-Chelsea-que-Victor-Osimhen.jpg\" \/>\n\t<meta property=\"og:image:width\" content=\"1000\" \/>\n\t<meta property=\"og:image:height\" content=\"600\" \/>\n\t<meta property=\"og:image:type\" content=\"image\/jpeg\" \/>\n<meta name=\"author\" content=\"Cl\u00e9ment\" \/>\n<meta name=\"twitter:card\" content=\"summary_large_image\" \/>\n<meta name=\"twitter:creator\" content=\"@FootdavantFr\" \/>\n<meta name=\"twitter:site\" content=\"@FootdavantFr\" \/>\n<meta name=\"twitter:label1\" content=\"\u00c9crit par\" \/>\n\t<meta name=\"twitter:data1\" content=\"Cl\u00e9ment\" \/>\n\t<meta name=\"twitter:label2\" content=\"Dur\u00e9e de lecture estim\u00e9e\" \/>\n\t<meta name=\"twitter:data2\" content=\"2 minutes\" \/>\n<script type=\"application\/ld+json\" class=\"yoast-schema-graph\">{\"@context\":\"https:\/\/schema.org\",\"@graph\":[{\"@type\":\"Article\",\"@id\":\"https:\/\/footdavant.fr\/actualites\/ivan-toney-serait-plus-adapte-a-chelsea-que-victor-osimhen-cest-plus-logique\/#article\",\"isPartOf\":{\"@id\":\"https:\/\/footdavant.fr\/actualites\/ivan-toney-serait-plus-adapte-a-chelsea-que-victor-osimhen-cest-plus-logique\/\"},\"author\":{\"name\":\"Cl\u00e9ment\",\"@id\":\"https:\/\/footdavant.fr\/actualites\/#\/schema\/person\/bc222566d95871b37e597b3ed3ba5e1d\"},\"headline\":\"Ivan Toney serait plus adapt\u00e9 \u00e0 Chelsea que Victor Osimhen ; c&#39;est plus logique \u2013\",\"datePublished\":\"2024-08-28T14:49:23+00:00\",\"dateModified\":\"2024-08-28T14:49:25+00:00\",\"mainEntityOfPage\":{\"@id\":\"https:\/\/footdavant.fr\/actualites\/ivan-toney-serait-plus-adapte-a-chelsea-que-victor-osimhen-cest-plus-logique\/\"},\"wordCount\":367,\"publisher\":{\"@id\":\"https:\/\/footdavant.fr\/actualites\/#organization\"},\"keywords\":[\"adapt\u00e9\",\"C39est\",\"Chelsea\",\"Ivan\",\"logique\",\"Osimhen\",\"serait\",\"Toney\",\"Victor\"],\"articleSection\":[\"Football\"],\"inLanguage\":\"fr-FR\"},{\"@type\":\"WebPage\",\"@id\":\"https:\/\/footdavant.fr\/actualites\/ivan-toney-serait-plus-adapte-a-chelsea-que-victor-osimhen-cest-plus-logique\/\",\"url\":\"https:\/\/footdavant.fr\/actualites\/ivan-toney-serait-plus-adapte-a-chelsea-que-victor-osimhen-cest-plus-logique\/\",\"name\":\"Ivan Toney serait plus adapt\u00e9 \u00e0 Chelsea que Victor Osimhen ; c&#39;est plus logique \u2013\",\"isPartOf\":{\"@id\":\"https:\/\/footdavant.fr\/actualites\/#website\"},\"datePublished\":\"2024-08-28T14:49:23+00:00\",\"dateModified\":\"2024-08-28T14:49:25+00:00\",\"breadcrumb\":{\"@id\":\"https:\/\/footdavant.fr\/actualites\/ivan-toney-serait-plus-adapte-a-chelsea-que-victor-osimhen-cest-plus-logique\/#breadcrumb\"},\"inLanguage\":\"fr-FR\",\"potentialAction\":[{\"@type\":\"ReadAction\",\"target\":[\"https:\/\/footdavant.fr\/actualites\/ivan-toney-serait-plus-adapte-a-chelsea-que-victor-osimhen-cest-plus-logique\/\"]}]},{\"@type\":\"BreadcrumbList\",\"@id\":\"https:\/\/footdavant.fr\/actualites\/ivan-toney-serait-plus-adapte-a-chelsea-que-victor-osimhen-cest-plus-logique\/#breadcrumb\",\"itemListElement\":[{\"@type\":\"ListItem\",\"position\":1,\"name\":\"Accueil\",\"item\":\"https:\/\/footdavant.fr\/actualites\/\"},{\"@type\":\"ListItem\",\"position\":2,\"name\":\"Ivan Toney serait plus adapt\u00e9 \u00e0 Chelsea que Victor Osimhen ; c&#39;est plus logique \u2013\"}]},{\"@type\":\"WebSite\",\"@id\":\"https:\/\/footdavant.fr\/actualites\/#website\",\"url\":\"https:\/\/footdavant.fr\/actualites\/\",\"name\":\"Foot d'avant\",\"description\":\"\",\"publisher\":{\"@id\":\"https:\/\/footdavant.fr\/actualites\/#organization\"},\"potentialAction\":[{\"@type\":\"SearchAction\",\"target\":{\"@type\":\"EntryPoint\",\"urlTemplate\":\"https:\/\/footdavant.fr\/actualites\/?s={search_term_string}\"},\"query-input\":\"required name=search_term_string\"}],\"inLanguage\":\"fr-FR\"},{\"@type\":\"Organization\",\"@id\":\"https:\/\/footdavant.fr\/actualites\/#organization\",\"name\":\"Foot d'avant\",\"url\":\"https:\/\/footdavant.fr\/actualites\/\",\"logo\":{\"@type\":\"ImageObject\",\"inLanguage\":\"fr-FR\",\"@id\":\"https:\/\/footdavant.fr\/actualites\/#\/schema\/logo\/image\/\",\"url\":\"https:\/\/footdavant.fr\/actualites\/wp-content\/uploads\/2023\/09\/Copy-of-FootDavant-Logo.png\",\"contentUrl\":\"https:\/\/footdavant.fr\/actualites\/wp-content\/uploads\/2023\/09\/Copy-of-FootDavant-Logo.png\",\"width\":936,\"height\":549,\"caption\":\"Foot d'avant\"},\"image\":{\"@id\":\"https:\/\/footdavant.fr\/actualites\/#\/schema\/logo\/image\/\"},\"sameAs\":[\"https:\/\/www.facebook.com\/Footdavant\/\",\"https:\/\/twitter.com\/FootdavantFr\",\"https:\/\/www.instagram.com\/footdavant.fr\/\"]},{\"@type\":\"Person\",\"@id\":\"https:\/\/footdavant.fr\/actualites\/#\/schema\/person\/bc222566d95871b37e597b3ed3ba5e1d\",\"name\":\"Cl\u00e9ment\",\"image\":{\"@type\":\"ImageObject\",\"inLanguage\":\"fr-FR\",\"@id\":\"https:\/\/footdavant.fr\/actualites\/#\/schema\/person\/image\/\",\"url\":\"https:\/\/secure.gravatar.com\/avatar\/7728b29aac2719421e1a9159b2254c44?s=96&d=mm&r=g\",\"contentUrl\":\"https:\/\/secure.gravatar.com\/avatar\/7728b29aac2719421e1a9159b2254c44?s=96&d=mm&r=g\",\"caption\":\"Cl\u00e9ment\"},\"sameAs\":[\"https:\/\/footdavant.fr\/\"]}]}<\/script>\n<!-- \/ Yoast SEO plugin. -->","yoast_head_json":{"title":"Ivan Toney serait plus adapt\u00e9 \u00e0 Chelsea que Victor Osimhen ; c&#39;est plus logique \u2013","robots":{"index":"index","follow":"follow","max-snippet":"max-snippet:-1","max-image-preview":"max-image-preview:large","max-video-preview":"max-video-preview:-1"},"canonical":"https:\/\/footdavant.fr\/actualites\/ivan-toney-serait-plus-adapte-a-chelsea-que-victor-osimhen-cest-plus-logique\/","og_locale":"fr_FR","og_type":"article","og_title":"Ivan Toney serait plus adapt\u00e9 \u00e0 Chelsea que Victor Osimhen ; c&#39;est plus logique \u2013","og_description":"Chelsea est d\u00e9sormais li\u00e9 \u00e0 Ivan Toney et Victor Osimhen comme leurs deux principales cibles pour leur nouveau num\u00e9ro 9 avant la fin de cette","og_url":"https:\/\/footdavant.fr\/actualites\/ivan-toney-serait-plus-adapte-a-chelsea-que-victor-osimhen-cest-plus-logique\/","og_site_name":"Foot d&#039;avant","article_publisher":"https:\/\/www.facebook.com\/Footdavant\/","article_published_time":"2024-08-28T14:49:23+00:00","article_modified_time":"2024-08-28T14:49:25+00:00","og_image":[{"width":1000,"height":600,"url":"https:\/\/footdavant.fr\/actualites\/wp-content\/uploads\/2024\/08\/Ivan-Toney-serait-plus-adapte-a-Chelsea-que-Victor-Osimhen.jpg","type":"image\/jpeg"}],"author":"Cl\u00e9ment","twitter_card":"summary_large_image","twitter_creator":"@FootdavantFr","twitter_site":"@FootdavantFr","twitter_misc":{"\u00c9crit par":"Cl\u00e9ment","Dur\u00e9e de lecture estim\u00e9e":"2 minutes"},"schema":{"@context":"https:\/\/schema.org","@graph":[{"@type":"Article","@id":"https:\/\/footdavant.fr\/actualites\/ivan-toney-serait-plus-adapte-a-chelsea-que-victor-osimhen-cest-plus-logique\/#article","isPartOf":{"@id":"https:\/\/footdavant.fr\/actualites\/ivan-toney-serait-plus-adapte-a-chelsea-que-victor-osimhen-cest-plus-logique\/"},"author":{"name":"Cl\u00e9ment","@id":"https:\/\/footdavant.fr\/actualites\/#\/schema\/person\/bc222566d95871b37e597b3ed3ba5e1d"},"headline":"Ivan Toney serait plus adapt\u00e9 \u00e0 Chelsea que Victor Osimhen ; c&#39;est plus logique \u2013","datePublished":"2024-08-28T14:49:23+00:00","dateModified":"2024-08-28T14:49:25+00:00","mainEntityOfPage":{"@id":"https:\/\/footdavant.fr\/actualites\/ivan-toney-serait-plus-adapte-a-chelsea-que-victor-osimhen-cest-plus-logique\/"},"wordCount":367,"publisher":{"@id":"https:\/\/footdavant.fr\/actualites\/#organization"},"keywords":["adapt\u00e9","C39est","Chelsea","Ivan","logique","Osimhen","serait","Toney","Victor"],"articleSection":["Football"],"inLanguage":"fr-FR"},{"@type":"WebPage","@id":"https:\/\/footdavant.fr\/actualites\/ivan-toney-serait-plus-adapte-a-chelsea-que-victor-osimhen-cest-plus-logique\/","url":"https:\/\/footdavant.fr\/actualites\/ivan-toney-serait-plus-adapte-a-chelsea-que-victor-osimhen-cest-plus-logique\/","name":"Ivan Toney serait plus adapt\u00e9 \u00e0 Chelsea que Victor Osimhen ; c&#39;est plus logique \u2013","isPartOf":{"@id":"https:\/\/footdavant.fr\/actualites\/#website"},"datePublished":"2024-08-28T14:49:23+00:00","dateModified":"2024-08-28T14:49:25+00:00","breadcrumb":{"@id":"https:\/\/footdavant.fr\/actualites\/ivan-toney-serait-plus-adapte-a-chelsea-que-victor-osimhen-cest-plus-logique\/#breadcrumb"},"inLanguage":"fr-FR","potentialAction":[{"@type":"ReadAction","target":["https:\/\/footdavant.fr\/actualites\/ivan-toney-serait-plus-adapte-a-chelsea-que-victor-osimhen-cest-plus-logique\/"]}]},{"@type":"BreadcrumbList","@id":"https:\/\/footdavant.fr\/actualites\/ivan-toney-serait-plus-adapte-a-chelsea-que-victor-osimhen-cest-plus-logique\/#breadcrumb","itemListElement":[{"@type":"ListItem","position":1,"name":"Accueil","item":"https:\/\/footdavant.fr\/actualites\/"},{"@type":"ListItem","position":2,"name":"Ivan Toney serait plus adapt\u00e9 \u00e0 Chelsea que Victor Osimhen ; c&#39;est plus logique \u2013"}]},{"@type":"WebSite","@id":"https:\/\/footdavant.fr\/actualites\/#website","url":"https:\/\/footdavant.fr\/actualites\/","name":"Foot d'avant","description":"","publisher":{"@id":"https:\/\/footdavant.fr\/actualites\/#organization"},"potentialAction":[{"@type":"SearchAction","target":{"@type":"EntryPoint","urlTemplate":"https:\/\/footdavant.fr\/actualites\/?s={search_term_string}"},"query-input":"required name=search_term_string"}],"inLanguage":"fr-FR"},{"@type":"Organization","@id":"https:\/\/footdavant.fr\/actualites\/#organization","name":"Foot d'avant","url":"https:\/\/footdavant.fr\/actualites\/","logo":{"@type":"ImageObject","inLanguage":"fr-FR","@id":"https:\/\/footdavant.fr\/actualites\/#\/schema\/logo\/image\/","url":"https:\/\/footdavant.fr\/actualites\/wp-content\/uploads\/2023\/09\/Copy-of-FootDavant-Logo.png","contentUrl":"https:\/\/footdavant.fr\/actualites\/wp-content\/uploads\/2023\/09\/Copy-of-FootDavant-Logo.png","width":936,"height":549,"caption":"Foot d'avant"},"image":{"@id":"https:\/\/footdavant.fr\/actualites\/#\/schema\/logo\/image\/"},"sameAs":["https:\/\/www.facebook.com\/Footdavant\/","https:\/\/twitter.com\/FootdavantFr","https:\/\/www.instagram.com\/footdavant.fr\/"]},{"@type":"Person","@id":"https:\/\/footdavant.fr\/actualites\/#\/schema\/person\/bc222566d95871b37e597b3ed3ba5e1d","name":"Cl\u00e9ment","image":{"@type":"ImageObject","inLanguage":"fr-FR","@id":"https:\/\/footdavant.fr\/actualites\/#\/schema\/person\/image\/","url":"https:\/\/secure.gravatar.com\/avatar\/7728b29aac2719421e1a9159b2254c44?s=96&d=mm&r=g","contentUrl":"https:\/\/secure.gravatar.com\/avatar\/7728b29aac2719421e1a9159b2254c44?s=96&d=mm&r=g","caption":"Cl\u00e9ment"},"sameAs":["https:\/\/footdavant.fr\/"]}]}},"_links":{"self":[{"href":"https:\/\/footdavant.fr\/actualites\/wp-json\/wp\/v2\/posts\/12782"}],"collection":[{"href":"https:\/\/footdavant.fr\/actualites\/wp-json\/wp\/v2\/posts"}],"about":[{"href":"https:\/\/footdavant.fr\/actualites\/wp-json\/wp\/v2\/types\/post"}],"author":[{"embeddable":true,"href":"https:\/\/footdavant.fr\/actualites\/wp-json\/wp\/v2\/users\/1"}],"replies":[{"embeddable":true,"href":"https:\/\/footdavant.fr\/actualites\/wp-json\/wp\/v2\/comments?post=12782"}],"version-history":[{"count":1,"href":"https:\/\/footdavant.fr\/actualites\/wp-json\/wp\/v2\/posts\/12782\/revisions"}],"predecessor-version":[{"id":12784,"href":"https:\/\/footdavant.fr\/actualites\/wp-json\/wp\/v2\/posts\/12782\/revisions\/12784"}],"wp:featuredmedia":[{"embeddable":true,"href":"https:\/\/footdavant.fr\/actualites\/wp-json\/wp\/v2\/media\/12783"}],"wp:attachment":[{"href":"https:\/\/footdavant.fr\/actualites\/wp-json\/wp\/v2\/media?parent=12782"}],"wp:term":[{"taxonomy":"category","embeddable":true,"href":"https:\/\/footdavant.fr\/actualites\/wp-json\/wp\/v2\/categories?post=12782"},{"taxonomy":"post_tag","embeddable":true,"href":"https:\/\/footdavant.fr\/actualites\/wp-json\/wp\/v2\/tags?post=12782"}],"curies":[{"name":"wp","href":"https:\/\/api.w.org\/{rel}","templated":true}]}}