{"id":12788,"date":"2024-08-28T20:48:06","date_gmt":"2024-08-28T18:48:06","guid":{"rendered":"https:\/\/footdavant.fr\/actualites\/mikel-merino-une-signature-judicieuse-a-un-poste-cle\/"},"modified":"2024-08-28T20:48:08","modified_gmt":"2024-08-28T18:48:08","slug":"mikel-merino-une-signature-judicieuse-a-un-poste-cle","status":"publish","type":"post","link":"https:\/\/footdavant.fr\/actualites\/mikel-merino-une-signature-judicieuse-a-un-poste-cle\/","title":{"rendered":"Mikel Merino : une signature judicieuse \u00e0 un poste cl\u00e9"},"content":{"rendered":"<div>\n<p>Il n&#39;y a qu&#39;un seul endroit pour commencer ce matin et c&#39;est l&#39;arriv\u00e9e officielle de Mikel Merino de la Real Sociedad.<\/p>\n<p>Ce n&#39;est pas vraiment un coup de tonnerre, mais c&#39;est certainement un ajout bienvenu \u00e0 une \u00e9quipe qui en a besoin apr\u00e8s les d\u00e9parts d&#39;Emile Smith Rowe et de Fabio Vieira du milieu de terrain. Il a 28 ans, il a beaucoup d&#39;exp\u00e9rience apr\u00e8s avoir jou\u00e9 en Espagne, en Angleterre et en Allemagne, et je pense que c&#39;est l&#39;une des raisons principales pour lesquelles nous l&#39;avons recrut\u00e9.<\/p>\n<p>En r\u00e8gle g\u00e9n\u00e9rale, Arsenal a recrut\u00e9 des joueurs plus jeunes ces derni\u00e8res ann\u00e9es, \u00e0 quelques exceptions pr\u00e8s comme Leandro Trossard et Jorginho, mais quand on pense \u00e0 la fa\u00e7on d&#39;augmenter une \u00e9quipe qui a \u00e9t\u00e9 si proche de remporter le titre la saison derni\u00e8re, un joueur du profil de Merino a beaucoup de sens. Il n&#39;aura pas besoin de plusieurs mois pour se mettre au niveau et accepter ce que Mikel Arteta lui demandera. Il est pratiquement pr\u00eat \u00e0 jouer, et je pense qu&#39;il y a (en grande partie) une v\u00e9ritable clart\u00e9 quant \u00e0 son r\u00f4le dans cette \u00e9quipe.<\/p>\n<p>En tant que joueur de 8 capable de r\u00e9cup\u00e9rer le ballon et de faire des duels, il s&#39;int\u00e9grera au milieu de terrain dans l&#39;espace laiss\u00e9 par Granit Xhaka lors de son d\u00e9part. Declan Rice a beaucoup jou\u00e9 \u00e0 ce poste ces derniers temps, mais je pense qu&#39;au fil de la saison (et si sa forme et son physique le permettent\/le dictent), il reculera un peu et que ce trio compos\u00e9 de Merino, Rice et Martin Odegaard sera de facto le premier choix. Bien s\u00fbr, des choses inattendues peuvent se produire (voir un certain K. Havertz pour en avoir la preuve), mais c&#39;est l\u00e0 que je pense que nous le verrons.<\/p>\n<p>J&#39;ai regard\u00e9 sa vid\u00e9o sur le site officiel, et au-del\u00e0 de son anglais impeccable, on peut voir qu&#39;il est s\u00e9rieux et qu&#39;il sait ce qu&#39;il attend de ce transfert \u00e0 un stade relativement tardif de sa carri\u00e8re. Il dit :<\/p>\n<blockquote>\n<p>\u00ab Je ne voudrais pas rejoindre un club qui ne correspond pas \u00e0 mes envies. Ce que je veux, c&#39;est grandir, gagner, r\u00e9aliser mes r\u00eaves et je pense que ce club a la m\u00eame mentalit\u00e9. C&#39;est quelque chose que j&#39;appr\u00e9cie beaucoup. J&#39;appr\u00e9cie beaucoup le travail qu&#39;ils font chaque jour. \u00bb<\/p>\n<\/blockquote>\n<p>Le prix est-il un peu \u00e9lev\u00e9 ? Probablement, mais s&#39;il arrive et joue bien, je ne pense pas que ce soit un sujet de discussion. Vous vous souviendrez que les gens ont lev\u00e9 plus d&#39;un sourcil \u00e0 l&#39;id\u00e9e de payer 50 millions de livres pour Ben White il y a quelques ann\u00e9es, personne ne parle jamais du prix que nous avons pay\u00e9 pour lui aujourd&#39;hui. Donc, c&#39;est au joueur de faire ses preuves, et comme je l&#39;ai dit plus haut, c&#39;est un tr\u00e8s bon joueur avec une vaste exp\u00e9rience qui devrait \u00eatre capable de se lancer plus ou moins rapidement.<\/p>\n<p>Il conna\u00eet Odegaard depuis la saison o\u00f9 il a \u00e9t\u00e9 pr\u00eat\u00e9 \u00e0 la Real Sociedad, ainsi que Kieran Tierney, et le fait qu&#39;il ait pass\u00e9 du temps en Angleterre (Newcastle !) signifie qu&#39;il ne devrait pas avoir de probl\u00e8mes pour s&#39;adapter \u00e0 la vie \u00e0 Londres. De plus, avec ses 1,88 m, il est un autre grand gaillard \u00e0 ajouter \u00e0 une \u00e9quipe d\u00e9j\u00e0 importante. Nicolas Jover doit \u00eatre ravi \u00e0 l&#39;id\u00e9e d&#39;avoir un autre joueur dans la surface adverse qui peut gagner des t\u00eates, et la taille imposante de cette \u00e9quipe d&#39;Arsenal est 100 % voulue.<\/p>\n<p>Donc, dans l&#39;ensemble, une signature dont je suis tr\u00e8s content, et nous attendrons de voir s&#39;il est impliqu\u00e9 pour le week-end. Je soup\u00e7onne le banc de Brighton, mais apr\u00e8s cela, je suis s\u00fbr qu&#39;il fera pression pour \u00eatre titulaire. Pour en savoir plus sur Mikel Merino en tant que joueur, vous pouvez consulter notre nouveau podcast de signature sur Patreon, et Phil a \u00e9galement son article sur notre nouveau num\u00e9ro 23 sur le site.<\/p>\n<p>\u2014<\/p>\n<p>Alors, maintenant, nous attendons de voir si quelque chose d&#39;autre se produit avant la fin de la fen\u00eatre. Avec un peu plus de 2 jours avant la fermeture de la fen\u00eatre, il ne reste pas beaucoup de temps pour faire quoi que ce soit. Il ne semble pas y avoir de liens concrets avec quelqu&#39;un de r\u00e9aliste pour le moment, mais esp\u00e9rons qu&#39;ils travaillent dur en arri\u00e8re-plan pour ajouter quelqu&#39;un \u00e0 l&#39;\u00e9quipe offensive. Mais plus le temps passe, plus on s&#39;inqui\u00e8te qu&#39;il n&#39;y ait personne. Ou peut-\u00eatre qu&#39;ils sont pr\u00eats \u00e0 attendre le joueur qu&#39;ils veulent vraiment s&#39;il n&#39;est pas disponible pendant cette fen\u00eatre.<\/p>\n<p>Au-del\u00e0 de cela, nous attendrons la confirmation du transfert d&#39;Eddie Nketiah \u00e0 Crystal Palace et du pr\u00eat de Fabio Vieira \u00e0 Porto. Southampton \u00e9tait int\u00e9ress\u00e9 par le gardien de Feyenoord Justin Bijlow, mais ce transfert a apparemment \u00e9chou\u00e9 en raison d&#39;inqui\u00e9tudes concernant son bilan de blessures. Est-ce que cela les remet dans le coup pour Aaron Ramsdale ? Voyons comment \u00e7a se passe.<\/p>\n<p>Pour l&#39;instant, passe une bonne journ\u00e9e.<\/p>\n<\/div>\n","protected":false},"excerpt":{"rendered":"<p>Il n&#39;y a qu&#39;un seul endroit pour commencer ce matin et c&#39;est l&#39;arriv\u00e9e officielle de Mikel Merino de la Real Sociedad. Ce n&#39;est pas vraiment<\/p>\n","protected":false},"author":1,"featured_media":12789,"comment_status":"closed","ping_status":"","sticky":false,"template":"","format":"standard","meta":{"footnotes":""},"categories":[3],"tags":[443,3145,5548,210,140,449,92],"yoast_head":"<!-- This site is optimized with the Yoast SEO plugin v21.0 - https:\/\/yoast.com\/wordpress\/plugins\/seo\/ -->\n<title>Mikel Merino : une signature judicieuse \u00e0 un poste cl\u00e9<\/title>\n<meta name=\"robots\" content=\"index, follow, max-snippet:-1, max-image-preview:large, max-video-preview:-1\" \/>\n<link rel=\"canonical\" href=\"https:\/\/footdavant.fr\/actualites\/mikel-merino-une-signature-judicieuse-a-un-poste-cle\/\" \/>\n<meta property=\"og:locale\" content=\"fr_FR\" \/>\n<meta property=\"og:type\" content=\"article\" \/>\n<meta property=\"og:title\" content=\"Mikel Merino : une signature judicieuse \u00e0 un poste cl\u00e9\" \/>\n<meta property=\"og:description\" content=\"Il n&#039;y a qu&#039;un seul endroit pour commencer ce matin et c&#039;est l&#039;arriv\u00e9e officielle de Mikel Merino de la Real Sociedad. Ce n&#039;est pas vraiment\" \/>\n<meta property=\"og:url\" content=\"https:\/\/footdavant.fr\/actualites\/mikel-merino-une-signature-judicieuse-a-un-poste-cle\/\" \/>\n<meta property=\"og:site_name\" content=\"Foot d&#039;avant\" \/>\n<meta property=\"article:publisher\" content=\"https:\/\/www.facebook.com\/Footdavant\/\" \/>\n<meta property=\"article:published_time\" content=\"2024-08-28T18:48:06+00:00\" \/>\n<meta property=\"article:modified_time\" content=\"2024-08-28T18:48:08+00:00\" \/>\n<meta property=\"og:image\" content=\"https:\/\/footdavant.fr\/actualites\/wp-content\/uploads\/2024\/08\/Mikel-Merino-une-signature-judicieuse-a-un-poste-cle.jpg\" \/>\n\t<meta property=\"og:image:width\" content=\"1500\" \/>\n\t<meta property=\"og:image:height\" content=\"750\" \/>\n\t<meta property=\"og:image:type\" content=\"image\/jpeg\" \/>\n<meta name=\"author\" content=\"Cl\u00e9ment\" \/>\n<meta name=\"twitter:card\" content=\"summary_large_image\" \/>\n<meta name=\"twitter:creator\" content=\"@FootdavantFr\" \/>\n<meta name=\"twitter:site\" content=\"@FootdavantFr\" \/>\n<meta name=\"twitter:label1\" content=\"\u00c9crit par\" \/>\n\t<meta name=\"twitter:data1\" content=\"Cl\u00e9ment\" \/>\n\t<meta name=\"twitter:label2\" content=\"Dur\u00e9e de lecture estim\u00e9e\" \/>\n\t<meta name=\"twitter:data2\" content=\"5 minutes\" \/>\n<script type=\"application\/ld+json\" class=\"yoast-schema-graph\">{\"@context\":\"https:\/\/schema.org\",\"@graph\":[{\"@type\":\"Article\",\"@id\":\"https:\/\/footdavant.fr\/actualites\/mikel-merino-une-signature-judicieuse-a-un-poste-cle\/#article\",\"isPartOf\":{\"@id\":\"https:\/\/footdavant.fr\/actualites\/mikel-merino-une-signature-judicieuse-a-un-poste-cle\/\"},\"author\":{\"name\":\"Cl\u00e9ment\",\"@id\":\"https:\/\/footdavant.fr\/actualites\/#\/schema\/person\/bc222566d95871b37e597b3ed3ba5e1d\"},\"headline\":\"Mikel Merino : une signature judicieuse \u00e0 un poste cl\u00e9\",\"datePublished\":\"2024-08-28T18:48:06+00:00\",\"dateModified\":\"2024-08-28T18:48:08+00:00\",\"mainEntityOfPage\":{\"@id\":\"https:\/\/footdavant.fr\/actualites\/mikel-merino-une-signature-judicieuse-a-un-poste-cle\/\"},\"wordCount\":922,\"publisher\":{\"@id\":\"https:\/\/footdavant.fr\/actualites\/#organization\"},\"keywords\":[\"cl\u00e9..\",\"judicieuse\",\"Merino\",\"Mikel\",\"poste\",\"signature\",\"une\"],\"articleSection\":[\"Football\"],\"inLanguage\":\"fr-FR\"},{\"@type\":\"WebPage\",\"@id\":\"https:\/\/footdavant.fr\/actualites\/mikel-merino-une-signature-judicieuse-a-un-poste-cle\/\",\"url\":\"https:\/\/footdavant.fr\/actualites\/mikel-merino-une-signature-judicieuse-a-un-poste-cle\/\",\"name\":\"Mikel Merino : une signature judicieuse \u00e0 un poste cl\u00e9\",\"isPartOf\":{\"@id\":\"https:\/\/footdavant.fr\/actualites\/#website\"},\"datePublished\":\"2024-08-28T18:48:06+00:00\",\"dateModified\":\"2024-08-28T18:48:08+00:00\",\"breadcrumb\":{\"@id\":\"https:\/\/footdavant.fr\/actualites\/mikel-merino-une-signature-judicieuse-a-un-poste-cle\/#breadcrumb\"},\"inLanguage\":\"fr-FR\",\"potentialAction\":[{\"@type\":\"ReadAction\",\"target\":[\"https:\/\/footdavant.fr\/actualites\/mikel-merino-une-signature-judicieuse-a-un-poste-cle\/\"]}]},{\"@type\":\"BreadcrumbList\",\"@id\":\"https:\/\/footdavant.fr\/actualites\/mikel-merino-une-signature-judicieuse-a-un-poste-cle\/#breadcrumb\",\"itemListElement\":[{\"@type\":\"ListItem\",\"position\":1,\"name\":\"Accueil\",\"item\":\"https:\/\/footdavant.fr\/actualites\/\"},{\"@type\":\"ListItem\",\"position\":2,\"name\":\"Mikel Merino : une signature judicieuse \u00e0 un poste cl\u00e9\"}]},{\"@type\":\"WebSite\",\"@id\":\"https:\/\/footdavant.fr\/actualites\/#website\",\"url\":\"https:\/\/footdavant.fr\/actualites\/\",\"name\":\"Foot d'avant\",\"description\":\"\",\"publisher\":{\"@id\":\"https:\/\/footdavant.fr\/actualites\/#organization\"},\"potentialAction\":[{\"@type\":\"SearchAction\",\"target\":{\"@type\":\"EntryPoint\",\"urlTemplate\":\"https:\/\/footdavant.fr\/actualites\/?s={search_term_string}\"},\"query-input\":\"required name=search_term_string\"}],\"inLanguage\":\"fr-FR\"},{\"@type\":\"Organization\",\"@id\":\"https:\/\/footdavant.fr\/actualites\/#organization\",\"name\":\"Foot d'avant\",\"url\":\"https:\/\/footdavant.fr\/actualites\/\",\"logo\":{\"@type\":\"ImageObject\",\"inLanguage\":\"fr-FR\",\"@id\":\"https:\/\/footdavant.fr\/actualites\/#\/schema\/logo\/image\/\",\"url\":\"https:\/\/footdavant.fr\/actualites\/wp-content\/uploads\/2023\/09\/Copy-of-FootDavant-Logo.png\",\"contentUrl\":\"https:\/\/footdavant.fr\/actualites\/wp-content\/uploads\/2023\/09\/Copy-of-FootDavant-Logo.png\",\"width\":936,\"height\":549,\"caption\":\"Foot d'avant\"},\"image\":{\"@id\":\"https:\/\/footdavant.fr\/actualites\/#\/schema\/logo\/image\/\"},\"sameAs\":[\"https:\/\/www.facebook.com\/Footdavant\/\",\"https:\/\/twitter.com\/FootdavantFr\",\"https:\/\/www.instagram.com\/footdavant.fr\/\"]},{\"@type\":\"Person\",\"@id\":\"https:\/\/footdavant.fr\/actualites\/#\/schema\/person\/bc222566d95871b37e597b3ed3ba5e1d\",\"name\":\"Cl\u00e9ment\",\"image\":{\"@type\":\"ImageObject\",\"inLanguage\":\"fr-FR\",\"@id\":\"https:\/\/footdavant.fr\/actualites\/#\/schema\/person\/image\/\",\"url\":\"https:\/\/secure.gravatar.com\/avatar\/7728b29aac2719421e1a9159b2254c44?s=96&d=mm&r=g\",\"contentUrl\":\"https:\/\/secure.gravatar.com\/avatar\/7728b29aac2719421e1a9159b2254c44?s=96&d=mm&r=g\",\"caption\":\"Cl\u00e9ment\"},\"sameAs\":[\"https:\/\/footdavant.fr\/\"]}]}<\/script>\n<!-- \/ Yoast SEO plugin. -->","yoast_head_json":{"title":"Mikel Merino : une signature judicieuse \u00e0 un poste cl\u00e9","robots":{"index":"index","follow":"follow","max-snippet":"max-snippet:-1","max-image-preview":"max-image-preview:large","max-video-preview":"max-video-preview:-1"},"canonical":"https:\/\/footdavant.fr\/actualites\/mikel-merino-une-signature-judicieuse-a-un-poste-cle\/","og_locale":"fr_FR","og_type":"article","og_title":"Mikel Merino : une signature judicieuse \u00e0 un poste cl\u00e9","og_description":"Il n&#39;y a qu&#39;un seul endroit pour commencer ce matin et c&#39;est l&#39;arriv\u00e9e officielle de Mikel Merino de la Real Sociedad. Ce n&#39;est pas vraiment","og_url":"https:\/\/footdavant.fr\/actualites\/mikel-merino-une-signature-judicieuse-a-un-poste-cle\/","og_site_name":"Foot d&#039;avant","article_publisher":"https:\/\/www.facebook.com\/Footdavant\/","article_published_time":"2024-08-28T18:48:06+00:00","article_modified_time":"2024-08-28T18:48:08+00:00","og_image":[{"width":1500,"height":750,"url":"https:\/\/footdavant.fr\/actualites\/wp-content\/uploads\/2024\/08\/Mikel-Merino-une-signature-judicieuse-a-un-poste-cle.jpg","type":"image\/jpeg"}],"author":"Cl\u00e9ment","twitter_card":"summary_large_image","twitter_creator":"@FootdavantFr","twitter_site":"@FootdavantFr","twitter_misc":{"\u00c9crit par":"Cl\u00e9ment","Dur\u00e9e de lecture estim\u00e9e":"5 minutes"},"schema":{"@context":"https:\/\/schema.org","@graph":[{"@type":"Article","@id":"https:\/\/footdavant.fr\/actualites\/mikel-merino-une-signature-judicieuse-a-un-poste-cle\/#article","isPartOf":{"@id":"https:\/\/footdavant.fr\/actualites\/mikel-merino-une-signature-judicieuse-a-un-poste-cle\/"},"author":{"name":"Cl\u00e9ment","@id":"https:\/\/footdavant.fr\/actualites\/#\/schema\/person\/bc222566d95871b37e597b3ed3ba5e1d"},"headline":"Mikel Merino : une signature judicieuse \u00e0 un poste cl\u00e9","datePublished":"2024-08-28T18:48:06+00:00","dateModified":"2024-08-28T18:48:08+00:00","mainEntityOfPage":{"@id":"https:\/\/footdavant.fr\/actualites\/mikel-merino-une-signature-judicieuse-a-un-poste-cle\/"},"wordCount":922,"publisher":{"@id":"https:\/\/footdavant.fr\/actualites\/#organization"},"keywords":["cl\u00e9..","judicieuse","Merino","Mikel","poste","signature","une"],"articleSection":["Football"],"inLanguage":"fr-FR"},{"@type":"WebPage","@id":"https:\/\/footdavant.fr\/actualites\/mikel-merino-une-signature-judicieuse-a-un-poste-cle\/","url":"https:\/\/footdavant.fr\/actualites\/mikel-merino-une-signature-judicieuse-a-un-poste-cle\/","name":"Mikel Merino : une signature judicieuse \u00e0 un poste cl\u00e9","isPartOf":{"@id":"https:\/\/footdavant.fr\/actualites\/#website"},"datePublished":"2024-08-28T18:48:06+00:00","dateModified":"2024-08-28T18:48:08+00:00","breadcrumb":{"@id":"https:\/\/footdavant.fr\/actualites\/mikel-merino-une-signature-judicieuse-a-un-poste-cle\/#breadcrumb"},"inLanguage":"fr-FR","potentialAction":[{"@type":"ReadAction","target":["https:\/\/footdavant.fr\/actualites\/mikel-merino-une-signature-judicieuse-a-un-poste-cle\/"]}]},{"@type":"BreadcrumbList","@id":"https:\/\/footdavant.fr\/actualites\/mikel-merino-une-signature-judicieuse-a-un-poste-cle\/#breadcrumb","itemListElement":[{"@type":"ListItem","position":1,"name":"Accueil","item":"https:\/\/footdavant.fr\/actualites\/"},{"@type":"ListItem","position":2,"name":"Mikel Merino : une signature judicieuse \u00e0 un poste cl\u00e9"}]},{"@type":"WebSite","@id":"https:\/\/footdavant.fr\/actualites\/#website","url":"https:\/\/footdavant.fr\/actualites\/","name":"Foot d'avant","description":"","publisher":{"@id":"https:\/\/footdavant.fr\/actualites\/#organization"},"potentialAction":[{"@type":"SearchAction","target":{"@type":"EntryPoint","urlTemplate":"https:\/\/footdavant.fr\/actualites\/?s={search_term_string}"},"query-input":"required name=search_term_string"}],"inLanguage":"fr-FR"},{"@type":"Organization","@id":"https:\/\/footdavant.fr\/actualites\/#organization","name":"Foot d'avant","url":"https:\/\/footdavant.fr\/actualites\/","logo":{"@type":"ImageObject","inLanguage":"fr-FR","@id":"https:\/\/footdavant.fr\/actualites\/#\/schema\/logo\/image\/","url":"https:\/\/footdavant.fr\/actualites\/wp-content\/uploads\/2023\/09\/Copy-of-FootDavant-Logo.png","contentUrl":"https:\/\/footdavant.fr\/actualites\/wp-content\/uploads\/2023\/09\/Copy-of-FootDavant-Logo.png","width":936,"height":549,"caption":"Foot d'avant"},"image":{"@id":"https:\/\/footdavant.fr\/actualites\/#\/schema\/logo\/image\/"},"sameAs":["https:\/\/www.facebook.com\/Footdavant\/","https:\/\/twitter.com\/FootdavantFr","https:\/\/www.instagram.com\/footdavant.fr\/"]},{"@type":"Person","@id":"https:\/\/footdavant.fr\/actualites\/#\/schema\/person\/bc222566d95871b37e597b3ed3ba5e1d","name":"Cl\u00e9ment","image":{"@type":"ImageObject","inLanguage":"fr-FR","@id":"https:\/\/footdavant.fr\/actualites\/#\/schema\/person\/image\/","url":"https:\/\/secure.gravatar.com\/avatar\/7728b29aac2719421e1a9159b2254c44?s=96&d=mm&r=g","contentUrl":"https:\/\/secure.gravatar.com\/avatar\/7728b29aac2719421e1a9159b2254c44?s=96&d=mm&r=g","caption":"Cl\u00e9ment"},"sameAs":["https:\/\/footdavant.fr\/"]}]}},"_links":{"self":[{"href":"https:\/\/footdavant.fr\/actualites\/wp-json\/wp\/v2\/posts\/12788"}],"collection":[{"href":"https:\/\/footdavant.fr\/actualites\/wp-json\/wp\/v2\/posts"}],"about":[{"href":"https:\/\/footdavant.fr\/actualites\/wp-json\/wp\/v2\/types\/post"}],"author":[{"embeddable":true,"href":"https:\/\/footdavant.fr\/actualites\/wp-json\/wp\/v2\/users\/1"}],"replies":[{"embeddable":true,"href":"https:\/\/footdavant.fr\/actualites\/wp-json\/wp\/v2\/comments?post=12788"}],"version-history":[{"count":1,"href":"https:\/\/footdavant.fr\/actualites\/wp-json\/wp\/v2\/posts\/12788\/revisions"}],"predecessor-version":[{"id":12790,"href":"https:\/\/footdavant.fr\/actualites\/wp-json\/wp\/v2\/posts\/12788\/revisions\/12790"}],"wp:featuredmedia":[{"embeddable":true,"href":"https:\/\/footdavant.fr\/actualites\/wp-json\/wp\/v2\/media\/12789"}],"wp:attachment":[{"href":"https:\/\/footdavant.fr\/actualites\/wp-json\/wp\/v2\/media?parent=12788"}],"wp:term":[{"taxonomy":"category","embeddable":true,"href":"https:\/\/footdavant.fr\/actualites\/wp-json\/wp\/v2\/categories?post=12788"},{"taxonomy":"post_tag","embeddable":true,"href":"https:\/\/footdavant.fr\/actualites\/wp-json\/wp\/v2\/tags?post=12788"}],"curies":[{"name":"wp","href":"https:\/\/api.w.org\/{rel}","templated":true}]}}