{"id":128,"date":"2023-11-01T08:02:44","date_gmt":"2023-11-01T07:02:44","guid":{"rendered":"https:\/\/footdavant.fr\/actualites\/le-patron-darsenal-mikel-arteta-preoccupe-par-les-blessures-de-gabriel-jesus-et-thomas-partey\/"},"modified":"2023-11-01T08:02:45","modified_gmt":"2023-11-01T07:02:45","slug":"le-patron-darsenal-mikel-arteta-preoccupe-par-les-blessures-de-gabriel-jesus-et-thomas-partey","status":"publish","type":"post","link":"https:\/\/footdavant.fr\/actualites\/le-patron-darsenal-mikel-arteta-preoccupe-par-les-blessures-de-gabriel-jesus-et-thomas-partey\/","title":{"rendered":"Le patron d&rsquo;Arsenal, Mikel Arteta, pr\u00e9occup\u00e9 par les blessures de Gabriel Jesus et Thomas Partey"},"content":{"rendered":"<p>Le manager d&rsquo;Arsenal, Mikel Arteta, admet son inqui\u00e9tude face aux blessures subies par Thomas Partey et Gabriel Jesus lors de la pr\u00e9paration et pendant la victoire de mardi contre S\u00e9ville.<\/p>\n<div id=\"article_body\" itemprop=\"articleBody\">\n<h3 class=\"firstPara\">\n<strong class=\"autotag\">Arsenal<\/strong> directeur <strong class=\"autotag\">Mikel Arteta<\/strong> a admis qu&rsquo;il \u00e9tait pr\u00e9occup\u00e9 par les blessures subies par <strong class=\"autotag\">Gabriel J\u00e9sus<\/strong> et <strong class=\"autotag\">Thomas Partey<\/strong> cette semaine.<\/h3>\n<p>Partey \u00e9tait un absent notable de l&rsquo;\u00e9quipe d&rsquo;Arsenal pour mardi soir. <strong class=\"autotag\">Ligue des champions<\/strong> Victoire sur <strong class=\"autotag\">S\u00e9ville<\/strong>le club confirmant qu&rsquo;il avait subi une blessure musculaire \u00e0 l&rsquo;entra\u00eenement lundi.<\/p>\n<p>Les Gunners ont pass\u00e9 une bonne soir\u00e9e sans le milieu de terrain dans leurs rangs, remportant une victoire 2-1 \u00e0 l&rsquo;Estadio Ramon Sanchez Pizjuan, ce qui les place en t\u00eate du groupe B avec six points en trois matchs jusqu&rsquo;\u00e0 pr\u00e9sent.<\/p>\n<p>Gabriel Jesus a produit une star \u00e0 S\u00e9ville, cr\u00e9ant le premier but du <strong class=\"autotag\">Gabriel Martinelli<\/strong> avec un virage intelligent et une passe en profondeur juste avant la mi-temps, puis en doublant l&rsquo;avance de son \u00e9quipe apr\u00e8s 53 minutes.<\/p>\n<p>Cependant, la soir\u00e9e de l&rsquo;attaquant br\u00e9silien a pris fin pr\u00e9matur\u00e9ment lorsqu&rsquo;il a demand\u00e9 \u00e0 \u00eatre retir\u00e9 apr\u00e8s avoir ressenti une sensation aux ischio-jambiers \u00e0 neuf minutes du terme.<\/p>\n<p>Arteta a r\u00e9v\u00e9l\u00e9 qu&rsquo;Arsenal devait maintenant attendre pour conna\u00eetre l&rsquo;\u00e9tendue de la blessure de Partey, qui serait un probl\u00e8me \u00e0 la cuisse, et a admis que le probl\u00e8me de J\u00e9sus n&rsquo;\u00e9tait \u00ab\u00a0pas bon\u00a0\u00bb.<\/p>\n<p class=\"imgI\">\n<p>\u00ab\u00a0Thomas s&rsquo;est bless\u00e9 hier \u00e0 l&rsquo;entra\u00eenement. Malheureusement, c&rsquo;est une blessure musculaire. Nous n&rsquo;en connaissons pas l&rsquo;\u00e9tendue, c&rsquo;est un gros rat\u00e9 pour nous\u00a0\u00bb, a d\u00e9clar\u00e9 Arteta. <em>TNT Sports<\/em>.<\/p>\n<p>\u00ab\u00a0[Jesus] J&rsquo;ai senti quelque chose dans ses ischio-jambiers.  Voyons.  Il a tout de suite demand\u00e9 \u00e0 \u00eatre remplac\u00e9, ce qui n&rsquo;est pas une bonne nouvelle car Gabi n&rsquo;est pas du tout un joueur qui fait \u00e7a donc il faudra attendre pour voir dans les prochains jours.\u00a0\u00bb<\/p>\n<p>Cependant, Jesus lui-m\u00eame a fourni une mise \u00e0 jour plus positive sur sa blessure apr\u00e8s le match, sugg\u00e9rant que la fatigue a peut-\u00eatre \u00e9galement jou\u00e9 un r\u00f4le.<\/p>\n<p>\u00ab\u00a0Voyons voir. Pour \u00eatre honn\u00eate, j&rsquo;\u00e9tais fatigu\u00e9. Mais je ne veux jamais partir. Je respecte toujours la d\u00e9cision du manager. Ce n&rsquo;\u00e9tait pas de chance. Voyons ce que c&rsquo;est\u00a0\u00bb, a-t-il d\u00e9clar\u00e9. <em>Actualit\u00e9s Sky Sports<\/em>.<\/p>\n<p>La victoire d&rsquo;Arsenal mardi soir signifie qu&rsquo;ils peuvent d\u00e9sormais se qualifier pour les huiti\u00e8mes de finale \u00e0 deux matches de la fin, apr\u00e8s avoir pris quatre points d&rsquo;avance sur la troisi\u00e8me place du groupe.<\/p>\n<p>Les Gunners devraient battre S\u00e9ville \u00e0 l&rsquo;Emirates Stadium le 8 novembre et esp\u00e9rer que Lens batte le PSV Eindhoven le m\u00eame soir pour assurer leur place en huiti\u00e8mes de finale de Ligue des Champions \u00e0 la premi\u00e8re occasion disponible.<\/p>\n<\/div>\n","protected":false},"excerpt":{"rendered":"<p>Le manager d&rsquo;Arsenal, Mikel Arteta, admet son inqui\u00e9tude face aux blessures subies par Thomas Partey et Gabriel Jesus lors de la pr\u00e9paration et pendant la<\/p>\n","protected":false},"author":1,"featured_media":129,"comment_status":"closed","ping_status":"","sticky":false,"template":"","format":"standard","meta":{"footnotes":""},"categories":[4],"tags":[211,155,59,233,234,93,210,75,236,231,232,235],"yoast_head":"<!-- This site is optimized with the Yoast SEO plugin v21.0 - https:\/\/yoast.com\/wordpress\/plugins\/seo\/ -->\n<title>Le patron d&#039;Arsenal, Mikel Arteta, pr\u00e9occup\u00e9 par les blessures de Gabriel Jesus et Thomas Partey<\/title>\n<meta name=\"robots\" content=\"index, follow, max-snippet:-1, max-image-preview:large, max-video-preview:-1\" \/>\n<link rel=\"canonical\" href=\"https:\/\/footdavant.fr\/actualites\/le-patron-darsenal-mikel-arteta-preoccupe-par-les-blessures-de-gabriel-jesus-et-thomas-partey\/\" \/>\n<meta property=\"og:locale\" content=\"fr_FR\" \/>\n<meta property=\"og:type\" content=\"article\" \/>\n<meta property=\"og:title\" content=\"Le patron d&#039;Arsenal, Mikel Arteta, pr\u00e9occup\u00e9 par les blessures de Gabriel Jesus et Thomas Partey\" \/>\n<meta property=\"og:description\" content=\"Le manager d&rsquo;Arsenal, Mikel Arteta, admet son inqui\u00e9tude face aux blessures subies par Thomas Partey et Gabriel Jesus lors de la pr\u00e9paration et pendant la\" \/>\n<meta property=\"og:url\" content=\"https:\/\/footdavant.fr\/actualites\/le-patron-darsenal-mikel-arteta-preoccupe-par-les-blessures-de-gabriel-jesus-et-thomas-partey\/\" \/>\n<meta property=\"og:site_name\" content=\"Foot d&#039;avant\" \/>\n<meta property=\"article:publisher\" content=\"https:\/\/www.facebook.com\/Footdavant\/\" \/>\n<meta property=\"article:published_time\" content=\"2023-11-01T07:02:44+00:00\" \/>\n<meta property=\"article:modified_time\" content=\"2023-11-01T07:02:45+00:00\" \/>\n<meta property=\"og:image\" content=\"https:\/\/footdavant.fr\/actualites\/wp-content\/uploads\/2023\/11\/Le-patron-dArsenal-Mikel-Arteta-preoccupe-par-les-blessures-de.jpg\" \/>\n\t<meta property=\"og:image:width\" content=\"640\" \/>\n\t<meta property=\"og:image:height\" content=\"480\" \/>\n\t<meta property=\"og:image:type\" content=\"image\/jpeg\" \/>\n<meta name=\"author\" content=\"Cl\u00e9ment\" \/>\n<meta name=\"twitter:card\" content=\"summary_large_image\" \/>\n<meta name=\"twitter:creator\" content=\"@FootdavantFr\" \/>\n<meta name=\"twitter:site\" content=\"@FootdavantFr\" \/>\n<meta name=\"twitter:label1\" content=\"\u00c9crit par\" \/>\n\t<meta name=\"twitter:data1\" content=\"Cl\u00e9ment\" \/>\n\t<meta name=\"twitter:label2\" content=\"Dur\u00e9e de lecture estim\u00e9e\" \/>\n\t<meta name=\"twitter:data2\" content=\"2 minutes\" \/>\n<script type=\"application\/ld+json\" class=\"yoast-schema-graph\">{\"@context\":\"https:\/\/schema.org\",\"@graph\":[{\"@type\":\"Article\",\"@id\":\"https:\/\/footdavant.fr\/actualites\/le-patron-darsenal-mikel-arteta-preoccupe-par-les-blessures-de-gabriel-jesus-et-thomas-partey\/#article\",\"isPartOf\":{\"@id\":\"https:\/\/footdavant.fr\/actualites\/le-patron-darsenal-mikel-arteta-preoccupe-par-les-blessures-de-gabriel-jesus-et-thomas-partey\/\"},\"author\":{\"name\":\"Cl\u00e9ment\",\"@id\":\"https:\/\/footdavant.fr\/actualites\/#\/schema\/person\/bc222566d95871b37e597b3ed3ba5e1d\"},\"headline\":\"Le patron d&rsquo;Arsenal, Mikel Arteta, pr\u00e9occup\u00e9 par les blessures de Gabriel Jesus et Thomas Partey\",\"datePublished\":\"2023-11-01T07:02:44+00:00\",\"dateModified\":\"2023-11-01T07:02:45+00:00\",\"mainEntityOfPage\":{\"@id\":\"https:\/\/footdavant.fr\/actualites\/le-patron-darsenal-mikel-arteta-preoccupe-par-les-blessures-de-gabriel-jesus-et-thomas-partey\/\"},\"wordCount\":478,\"publisher\":{\"@id\":\"https:\/\/footdavant.fr\/actualites\/#organization\"},\"keywords\":[\"Arteta\",\"blessures\",\"dArsenal\",\"Gabriel\",\"Jesus\",\"les\",\"Mikel\",\"par\",\"Partey\",\"patron\",\"pr\u00e9occup\u00e9\",\"Thomas\"],\"articleSection\":[\"Champions League\"],\"inLanguage\":\"fr-FR\"},{\"@type\":\"WebPage\",\"@id\":\"https:\/\/footdavant.fr\/actualites\/le-patron-darsenal-mikel-arteta-preoccupe-par-les-blessures-de-gabriel-jesus-et-thomas-partey\/\",\"url\":\"https:\/\/footdavant.fr\/actualites\/le-patron-darsenal-mikel-arteta-preoccupe-par-les-blessures-de-gabriel-jesus-et-thomas-partey\/\",\"name\":\"Le patron d'Arsenal, Mikel Arteta, pr\u00e9occup\u00e9 par les blessures de Gabriel Jesus et Thomas Partey\",\"isPartOf\":{\"@id\":\"https:\/\/footdavant.fr\/actualites\/#website\"},\"datePublished\":\"2023-11-01T07:02:44+00:00\",\"dateModified\":\"2023-11-01T07:02:45+00:00\",\"breadcrumb\":{\"@id\":\"https:\/\/footdavant.fr\/actualites\/le-patron-darsenal-mikel-arteta-preoccupe-par-les-blessures-de-gabriel-jesus-et-thomas-partey\/#breadcrumb\"},\"inLanguage\":\"fr-FR\",\"potentialAction\":[{\"@type\":\"ReadAction\",\"target\":[\"https:\/\/footdavant.fr\/actualites\/le-patron-darsenal-mikel-arteta-preoccupe-par-les-blessures-de-gabriel-jesus-et-thomas-partey\/\"]}]},{\"@type\":\"BreadcrumbList\",\"@id\":\"https:\/\/footdavant.fr\/actualites\/le-patron-darsenal-mikel-arteta-preoccupe-par-les-blessures-de-gabriel-jesus-et-thomas-partey\/#breadcrumb\",\"itemListElement\":[{\"@type\":\"ListItem\",\"position\":1,\"name\":\"Accueil\",\"item\":\"https:\/\/footdavant.fr\/actualites\/\"},{\"@type\":\"ListItem\",\"position\":2,\"name\":\"Le patron d&rsquo;Arsenal, Mikel Arteta, pr\u00e9occup\u00e9 par les blessures de Gabriel Jesus et Thomas Partey\"}]},{\"@type\":\"WebSite\",\"@id\":\"https:\/\/footdavant.fr\/actualites\/#website\",\"url\":\"https:\/\/footdavant.fr\/actualites\/\",\"name\":\"Foot d'avant\",\"description\":\"\",\"publisher\":{\"@id\":\"https:\/\/footdavant.fr\/actualites\/#organization\"},\"potentialAction\":[{\"@type\":\"SearchAction\",\"target\":{\"@type\":\"EntryPoint\",\"urlTemplate\":\"https:\/\/footdavant.fr\/actualites\/?s={search_term_string}\"},\"query-input\":\"required name=search_term_string\"}],\"inLanguage\":\"fr-FR\"},{\"@type\":\"Organization\",\"@id\":\"https:\/\/footdavant.fr\/actualites\/#organization\",\"name\":\"Foot d'avant\",\"url\":\"https:\/\/footdavant.fr\/actualites\/\",\"logo\":{\"@type\":\"ImageObject\",\"inLanguage\":\"fr-FR\",\"@id\":\"https:\/\/footdavant.fr\/actualites\/#\/schema\/logo\/image\/\",\"url\":\"https:\/\/footdavant.fr\/actualites\/wp-content\/uploads\/2023\/09\/Copy-of-FootDavant-Logo.png\",\"contentUrl\":\"https:\/\/footdavant.fr\/actualites\/wp-content\/uploads\/2023\/09\/Copy-of-FootDavant-Logo.png\",\"width\":936,\"height\":549,\"caption\":\"Foot d'avant\"},\"image\":{\"@id\":\"https:\/\/footdavant.fr\/actualites\/#\/schema\/logo\/image\/\"},\"sameAs\":[\"https:\/\/www.facebook.com\/Footdavant\/\",\"https:\/\/twitter.com\/FootdavantFr\",\"https:\/\/www.instagram.com\/footdavant.fr\/\"]},{\"@type\":\"Person\",\"@id\":\"https:\/\/footdavant.fr\/actualites\/#\/schema\/person\/bc222566d95871b37e597b3ed3ba5e1d\",\"name\":\"Cl\u00e9ment\",\"image\":{\"@type\":\"ImageObject\",\"inLanguage\":\"fr-FR\",\"@id\":\"https:\/\/footdavant.fr\/actualites\/#\/schema\/person\/image\/\",\"url\":\"https:\/\/secure.gravatar.com\/avatar\/7728b29aac2719421e1a9159b2254c44?s=96&d=mm&r=g\",\"contentUrl\":\"https:\/\/secure.gravatar.com\/avatar\/7728b29aac2719421e1a9159b2254c44?s=96&d=mm&r=g\",\"caption\":\"Cl\u00e9ment\"},\"sameAs\":[\"https:\/\/footdavant.fr\/\"]}]}<\/script>\n<!-- \/ Yoast SEO plugin. -->","yoast_head_json":{"title":"Le patron d'Arsenal, Mikel Arteta, pr\u00e9occup\u00e9 par les blessures de Gabriel Jesus et Thomas Partey","robots":{"index":"index","follow":"follow","max-snippet":"max-snippet:-1","max-image-preview":"max-image-preview:large","max-video-preview":"max-video-preview:-1"},"canonical":"https:\/\/footdavant.fr\/actualites\/le-patron-darsenal-mikel-arteta-preoccupe-par-les-blessures-de-gabriel-jesus-et-thomas-partey\/","og_locale":"fr_FR","og_type":"article","og_title":"Le patron d'Arsenal, Mikel Arteta, pr\u00e9occup\u00e9 par les blessures de Gabriel Jesus et Thomas Partey","og_description":"Le manager d&rsquo;Arsenal, Mikel Arteta, admet son inqui\u00e9tude face aux blessures subies par Thomas Partey et Gabriel Jesus lors de la pr\u00e9paration et pendant la","og_url":"https:\/\/footdavant.fr\/actualites\/le-patron-darsenal-mikel-arteta-preoccupe-par-les-blessures-de-gabriel-jesus-et-thomas-partey\/","og_site_name":"Foot d&#039;avant","article_publisher":"https:\/\/www.facebook.com\/Footdavant\/","article_published_time":"2023-11-01T07:02:44+00:00","article_modified_time":"2023-11-01T07:02:45+00:00","og_image":[{"width":640,"height":480,"url":"https:\/\/footdavant.fr\/actualites\/wp-content\/uploads\/2023\/11\/Le-patron-dArsenal-Mikel-Arteta-preoccupe-par-les-blessures-de.jpg","type":"image\/jpeg"}],"author":"Cl\u00e9ment","twitter_card":"summary_large_image","twitter_creator":"@FootdavantFr","twitter_site":"@FootdavantFr","twitter_misc":{"\u00c9crit par":"Cl\u00e9ment","Dur\u00e9e de lecture estim\u00e9e":"2 minutes"},"schema":{"@context":"https:\/\/schema.org","@graph":[{"@type":"Article","@id":"https:\/\/footdavant.fr\/actualites\/le-patron-darsenal-mikel-arteta-preoccupe-par-les-blessures-de-gabriel-jesus-et-thomas-partey\/#article","isPartOf":{"@id":"https:\/\/footdavant.fr\/actualites\/le-patron-darsenal-mikel-arteta-preoccupe-par-les-blessures-de-gabriel-jesus-et-thomas-partey\/"},"author":{"name":"Cl\u00e9ment","@id":"https:\/\/footdavant.fr\/actualites\/#\/schema\/person\/bc222566d95871b37e597b3ed3ba5e1d"},"headline":"Le patron d&rsquo;Arsenal, Mikel Arteta, pr\u00e9occup\u00e9 par les blessures de Gabriel Jesus et Thomas Partey","datePublished":"2023-11-01T07:02:44+00:00","dateModified":"2023-11-01T07:02:45+00:00","mainEntityOfPage":{"@id":"https:\/\/footdavant.fr\/actualites\/le-patron-darsenal-mikel-arteta-preoccupe-par-les-blessures-de-gabriel-jesus-et-thomas-partey\/"},"wordCount":478,"publisher":{"@id":"https:\/\/footdavant.fr\/actualites\/#organization"},"keywords":["Arteta","blessures","dArsenal","Gabriel","Jesus","les","Mikel","par","Partey","patron","pr\u00e9occup\u00e9","Thomas"],"articleSection":["Champions League"],"inLanguage":"fr-FR"},{"@type":"WebPage","@id":"https:\/\/footdavant.fr\/actualites\/le-patron-darsenal-mikel-arteta-preoccupe-par-les-blessures-de-gabriel-jesus-et-thomas-partey\/","url":"https:\/\/footdavant.fr\/actualites\/le-patron-darsenal-mikel-arteta-preoccupe-par-les-blessures-de-gabriel-jesus-et-thomas-partey\/","name":"Le patron d'Arsenal, Mikel Arteta, pr\u00e9occup\u00e9 par les blessures de Gabriel Jesus et Thomas Partey","isPartOf":{"@id":"https:\/\/footdavant.fr\/actualites\/#website"},"datePublished":"2023-11-01T07:02:44+00:00","dateModified":"2023-11-01T07:02:45+00:00","breadcrumb":{"@id":"https:\/\/footdavant.fr\/actualites\/le-patron-darsenal-mikel-arteta-preoccupe-par-les-blessures-de-gabriel-jesus-et-thomas-partey\/#breadcrumb"},"inLanguage":"fr-FR","potentialAction":[{"@type":"ReadAction","target":["https:\/\/footdavant.fr\/actualites\/le-patron-darsenal-mikel-arteta-preoccupe-par-les-blessures-de-gabriel-jesus-et-thomas-partey\/"]}]},{"@type":"BreadcrumbList","@id":"https:\/\/footdavant.fr\/actualites\/le-patron-darsenal-mikel-arteta-preoccupe-par-les-blessures-de-gabriel-jesus-et-thomas-partey\/#breadcrumb","itemListElement":[{"@type":"ListItem","position":1,"name":"Accueil","item":"https:\/\/footdavant.fr\/actualites\/"},{"@type":"ListItem","position":2,"name":"Le patron d&rsquo;Arsenal, Mikel Arteta, pr\u00e9occup\u00e9 par les blessures de Gabriel Jesus et Thomas Partey"}]},{"@type":"WebSite","@id":"https:\/\/footdavant.fr\/actualites\/#website","url":"https:\/\/footdavant.fr\/actualites\/","name":"Foot d'avant","description":"","publisher":{"@id":"https:\/\/footdavant.fr\/actualites\/#organization"},"potentialAction":[{"@type":"SearchAction","target":{"@type":"EntryPoint","urlTemplate":"https:\/\/footdavant.fr\/actualites\/?s={search_term_string}"},"query-input":"required name=search_term_string"}],"inLanguage":"fr-FR"},{"@type":"Organization","@id":"https:\/\/footdavant.fr\/actualites\/#organization","name":"Foot d'avant","url":"https:\/\/footdavant.fr\/actualites\/","logo":{"@type":"ImageObject","inLanguage":"fr-FR","@id":"https:\/\/footdavant.fr\/actualites\/#\/schema\/logo\/image\/","url":"https:\/\/footdavant.fr\/actualites\/wp-content\/uploads\/2023\/09\/Copy-of-FootDavant-Logo.png","contentUrl":"https:\/\/footdavant.fr\/actualites\/wp-content\/uploads\/2023\/09\/Copy-of-FootDavant-Logo.png","width":936,"height":549,"caption":"Foot d'avant"},"image":{"@id":"https:\/\/footdavant.fr\/actualites\/#\/schema\/logo\/image\/"},"sameAs":["https:\/\/www.facebook.com\/Footdavant\/","https:\/\/twitter.com\/FootdavantFr","https:\/\/www.instagram.com\/footdavant.fr\/"]},{"@type":"Person","@id":"https:\/\/footdavant.fr\/actualites\/#\/schema\/person\/bc222566d95871b37e597b3ed3ba5e1d","name":"Cl\u00e9ment","image":{"@type":"ImageObject","inLanguage":"fr-FR","@id":"https:\/\/footdavant.fr\/actualites\/#\/schema\/person\/image\/","url":"https:\/\/secure.gravatar.com\/avatar\/7728b29aac2719421e1a9159b2254c44?s=96&d=mm&r=g","contentUrl":"https:\/\/secure.gravatar.com\/avatar\/7728b29aac2719421e1a9159b2254c44?s=96&d=mm&r=g","caption":"Cl\u00e9ment"},"sameAs":["https:\/\/footdavant.fr\/"]}]}},"_links":{"self":[{"href":"https:\/\/footdavant.fr\/actualites\/wp-json\/wp\/v2\/posts\/128"}],"collection":[{"href":"https:\/\/footdavant.fr\/actualites\/wp-json\/wp\/v2\/posts"}],"about":[{"href":"https:\/\/footdavant.fr\/actualites\/wp-json\/wp\/v2\/types\/post"}],"author":[{"embeddable":true,"href":"https:\/\/footdavant.fr\/actualites\/wp-json\/wp\/v2\/users\/1"}],"replies":[{"embeddable":true,"href":"https:\/\/footdavant.fr\/actualites\/wp-json\/wp\/v2\/comments?post=128"}],"version-history":[{"count":1,"href":"https:\/\/footdavant.fr\/actualites\/wp-json\/wp\/v2\/posts\/128\/revisions"}],"predecessor-version":[{"id":130,"href":"https:\/\/footdavant.fr\/actualites\/wp-json\/wp\/v2\/posts\/128\/revisions\/130"}],"wp:featuredmedia":[{"embeddable":true,"href":"https:\/\/footdavant.fr\/actualites\/wp-json\/wp\/v2\/media\/129"}],"wp:attachment":[{"href":"https:\/\/footdavant.fr\/actualites\/wp-json\/wp\/v2\/media?parent=128"}],"wp:term":[{"taxonomy":"category","embeddable":true,"href":"https:\/\/footdavant.fr\/actualites\/wp-json\/wp\/v2\/categories?post=128"},{"taxonomy":"post_tag","embeddable":true,"href":"https:\/\/footdavant.fr\/actualites\/wp-json\/wp\/v2\/tags?post=128"}],"curies":[{"name":"wp","href":"https:\/\/api.w.org\/{rel}","templated":true}]}}