{"id":1285,"date":"2023-11-22T23:01:14","date_gmt":"2023-11-22T22:01:14","guid":{"rendered":"https:\/\/footdavant.fr\/actualites\/manchester-city-rejoint-la-course-pour-nico-williams\/"},"modified":"2023-11-22T23:01:15","modified_gmt":"2023-11-22T22:01:15","slug":"manchester-city-rejoint-la-course-pour-nico-williams","status":"publish","type":"post","link":"https:\/\/footdavant.fr\/actualites\/manchester-city-rejoint-la-course-pour-nico-williams\/","title":{"rendered":"Manchester City \u00ab rejoint la course pour Nico Williams \u00bb"},"content":{"rendered":"<p>Manchester City est le prochain club \u00e0 s&rsquo;int\u00e9resser d\u00e9sormais au jeune de l&rsquo;Athletic Bilbao, Nico Williams, selon un rapport.<\/p>\n<div id=\"article_body\" itemprop=\"articleBody\">\n<h3 class=\"firstPara\">\n<strong class=\"autotag\">Manchester City<\/strong> auraient rejoint la course pour <strong class=\"autotag\">Athl\u00e9tique Bilbao<\/strong> attaquant <strong class=\"autotag\">Nicolas Williams<\/strong>.<\/h3>\n<p>Williams est en fin de contrat l&rsquo;\u00e9t\u00e9 prochain et devrait quitter le club d&rsquo;o\u00f9 il a gravi les \u00e9chelons des jeunes.<\/p>\n<p>Apr\u00e8s avoir fait ses d\u00e9buts en \u00e9quipe premi\u00e8re lors de la saison 2020-21, Williams est depuis devenu un habitu\u00e9 du club basque malgr\u00e9 quelques soucis de blessures jusqu&rsquo;\u00e0 pr\u00e9sent cette saison.<\/p>\n<p>Le joueur de 21 ans est \u00e9galement d\u00e9sormais un international espagnol \u00e0 part enti\u00e8re, et a marqu\u00e9 un but et fourni trois passes d\u00e9cisives en trois apparitions lors des qualifications pour l&rsquo;Euro 2024.<\/p>\n<p>Point de vente espagnol <em>COMME<\/em> affirment que Man City entoure d\u00e9sormais le joueur, ainsi que de nombreux autres en Angleterre et en Espagne, \u00e9tant donn\u00e9 la possibilit\u00e9 de le signer \u00e0 un prix r\u00e9duit.<\/p>\n<p><strong class=\"autotag\">Barcelone<\/strong> et <strong class=\"autotag\">Real Madrid<\/strong> seraient int\u00e9ress\u00e9s, ainsi que <strong class=\"autotag\">Liverpool<\/strong> et <strong class=\"autotag\">Aston Villa<\/strong>qui selon <em>BirminghamEn direct<\/em>sont pr\u00eats \u00e0 offrir des frais de transfert raisonnables malgr\u00e9 l&rsquo;expiration imminente de son contrat.<\/p>\n<p class=\"imgI\">\n<p>Le rapport indique que des difficult\u00e9s financi\u00e8res signifient que l&rsquo;Athletic ne serait pas en mesure de proposer \u00e0 Williams de nouvelles conditions qui pourraient m\u00eame se rapprocher de celles qui pourraient lui \u00eatre propos\u00e9es par un club de Premier League ou par les g\u00e9ants espagnols.<\/p>\n<p>L&rsquo;agent de William a admis que son club ne lui avait pas encore propos\u00e9 de nouvelles conditions, mettant certains des plus grands clubs europ\u00e9ens en \u00e9tat d&rsquo;alerte.<\/p>\n<p>Parler \u00e0 <em>Le p\u00e9riodique d&rsquo;Espagne<\/em> R\u00e9cemment, Williams s&rsquo;est dit flatt\u00e9 que de \u00ab grandes \u00e9quipes \u00bb surveillent ses progr\u00e8s.<\/p>\n<p>Williams a r\u00e9v\u00e9l\u00e9: \u00ab\u00a0Je me sens tr\u00e8s bien. Je pense que cette saison, je fais un saut en termes de qualit\u00e9, je grandis en tant que footballeur, c&rsquo;est pour cela que je travaille chaque jour. Que de grandes \u00e9quipes comme le Bar\u00e7a, Madrid ou des clubs anglais sont me regarder signifie que je fais bien mon travail.<\/p>\n<p>L&rsquo;attaquant \u00e9tait parmi les buteurs avec son fr\u00e8re <strong class=\"autotag\">Inaki Williams<\/strong> lors d&rsquo;une impressionnante victoire 3-2 contre Villarreal il y a deux semaines, l&rsquo;aidant \u00e0 retrouver une place dans <strong class=\"autotag\">Luis de la Fuente<\/strong>L&rsquo;\u00e9quipe d&rsquo;Espagne pour les prochains internationaux.<\/p>\n<p>Williams a manqu\u00e9 l&rsquo;\u00e9quipe d&rsquo;octobre, mais a \u00e9t\u00e9 l&rsquo;un des principaux acteurs puisque l&rsquo;Espagne a enregistr\u00e9 des victoires 7-1 et 6-0 respectivement contre la G\u00e9orgie et Chypre, en septembre, marquant \u00e0 Tbilissi et enregistrant deux passes d\u00e9cisives en premi\u00e8re mi-temps contre les fouets du groupe.<\/p>\n<\/div>\n","protected":false},"excerpt":{"rendered":"<p>Manchester City est le prochain club \u00e0 s&rsquo;int\u00e9resser d\u00e9sormais au jeune de l&rsquo;Athletic Bilbao, Nico Williams, selon un rapport. Manchester City auraient rejoint la course<\/p>\n","protected":false},"author":1,"featured_media":1286,"comment_status":"closed","ping_status":"","sticky":false,"template":"","format":"standard","meta":{"footnotes":""},"categories":[5],"tags":[27,11,362,51,1444,1099],"yoast_head":"<!-- This site is optimized with the Yoast SEO plugin v21.0 - https:\/\/yoast.com\/wordpress\/plugins\/seo\/ -->\n<title>Manchester City \u00ab rejoint la course pour Nico Williams \u00bb<\/title>\n<meta name=\"robots\" content=\"index, follow, max-snippet:-1, max-image-preview:large, max-video-preview:-1\" \/>\n<link rel=\"canonical\" href=\"https:\/\/footdavant.fr\/actualites\/manchester-city-rejoint-la-course-pour-nico-williams\/\" \/>\n<meta property=\"og:locale\" content=\"fr_FR\" \/>\n<meta property=\"og:type\" content=\"article\" \/>\n<meta property=\"og:title\" content=\"Manchester City \u00ab rejoint la course pour Nico Williams \u00bb\" \/>\n<meta property=\"og:description\" content=\"Manchester City est le prochain club \u00e0 s&rsquo;int\u00e9resser d\u00e9sormais au jeune de l&rsquo;Athletic Bilbao, Nico Williams, selon un rapport. Manchester City auraient rejoint la course\" \/>\n<meta property=\"og:url\" content=\"https:\/\/footdavant.fr\/actualites\/manchester-city-rejoint-la-course-pour-nico-williams\/\" \/>\n<meta property=\"og:site_name\" content=\"Foot d&#039;avant\" \/>\n<meta property=\"article:publisher\" content=\"https:\/\/www.facebook.com\/Footdavant\/\" \/>\n<meta property=\"article:published_time\" content=\"2023-11-22T22:01:14+00:00\" \/>\n<meta property=\"article:modified_time\" content=\"2023-11-22T22:01:15+00:00\" \/>\n<meta property=\"og:image\" content=\"https:\/\/footdavant.fr\/actualites\/wp-content\/uploads\/2023\/11\/Manchester-City-rejoint-la-course-pour-Nico-Williams.jpg\" \/>\n\t<meta property=\"og:image:width\" content=\"640\" \/>\n\t<meta property=\"og:image:height\" content=\"480\" \/>\n\t<meta property=\"og:image:type\" content=\"image\/jpeg\" \/>\n<meta name=\"author\" content=\"Cl\u00e9ment\" \/>\n<meta name=\"twitter:card\" content=\"summary_large_image\" \/>\n<meta name=\"twitter:creator\" content=\"@FootdavantFr\" \/>\n<meta name=\"twitter:site\" content=\"@FootdavantFr\" \/>\n<meta name=\"twitter:label1\" content=\"\u00c9crit par\" \/>\n\t<meta name=\"twitter:data1\" content=\"Cl\u00e9ment\" \/>\n\t<meta name=\"twitter:label2\" content=\"Dur\u00e9e de lecture estim\u00e9e\" \/>\n\t<meta name=\"twitter:data2\" content=\"2 minutes\" \/>\n<script type=\"application\/ld+json\" class=\"yoast-schema-graph\">{\"@context\":\"https:\/\/schema.org\",\"@graph\":[{\"@type\":\"Article\",\"@id\":\"https:\/\/footdavant.fr\/actualites\/manchester-city-rejoint-la-course-pour-nico-williams\/#article\",\"isPartOf\":{\"@id\":\"https:\/\/footdavant.fr\/actualites\/manchester-city-rejoint-la-course-pour-nico-williams\/\"},\"author\":{\"name\":\"Cl\u00e9ment\",\"@id\":\"https:\/\/footdavant.fr\/actualites\/#\/schema\/person\/bc222566d95871b37e597b3ed3ba5e1d\"},\"headline\":\"Manchester City \u00ab rejoint la course pour Nico Williams \u00bb\",\"datePublished\":\"2023-11-22T22:01:14+00:00\",\"dateModified\":\"2023-11-22T22:01:15+00:00\",\"mainEntityOfPage\":{\"@id\":\"https:\/\/footdavant.fr\/actualites\/manchester-city-rejoint-la-course-pour-nico-williams\/\"},\"wordCount\":440,\"publisher\":{\"@id\":\"https:\/\/footdavant.fr\/actualites\/#organization\"},\"keywords\":[\"City\",\"Manchester\",\"Nico\",\"pour\",\"rejoint\",\"Williams\"],\"articleSection\":[\"Premier League\"],\"inLanguage\":\"fr-FR\"},{\"@type\":\"WebPage\",\"@id\":\"https:\/\/footdavant.fr\/actualites\/manchester-city-rejoint-la-course-pour-nico-williams\/\",\"url\":\"https:\/\/footdavant.fr\/actualites\/manchester-city-rejoint-la-course-pour-nico-williams\/\",\"name\":\"Manchester City \u00ab rejoint la course pour Nico Williams \u00bb\",\"isPartOf\":{\"@id\":\"https:\/\/footdavant.fr\/actualites\/#website\"},\"datePublished\":\"2023-11-22T22:01:14+00:00\",\"dateModified\":\"2023-11-22T22:01:15+00:00\",\"breadcrumb\":{\"@id\":\"https:\/\/footdavant.fr\/actualites\/manchester-city-rejoint-la-course-pour-nico-williams\/#breadcrumb\"},\"inLanguage\":\"fr-FR\",\"potentialAction\":[{\"@type\":\"ReadAction\",\"target\":[\"https:\/\/footdavant.fr\/actualites\/manchester-city-rejoint-la-course-pour-nico-williams\/\"]}]},{\"@type\":\"BreadcrumbList\",\"@id\":\"https:\/\/footdavant.fr\/actualites\/manchester-city-rejoint-la-course-pour-nico-williams\/#breadcrumb\",\"itemListElement\":[{\"@type\":\"ListItem\",\"position\":1,\"name\":\"Accueil\",\"item\":\"https:\/\/footdavant.fr\/actualites\/\"},{\"@type\":\"ListItem\",\"position\":2,\"name\":\"Manchester City \u00ab rejoint la course pour Nico Williams \u00bb\"}]},{\"@type\":\"WebSite\",\"@id\":\"https:\/\/footdavant.fr\/actualites\/#website\",\"url\":\"https:\/\/footdavant.fr\/actualites\/\",\"name\":\"Foot d'avant\",\"description\":\"\",\"publisher\":{\"@id\":\"https:\/\/footdavant.fr\/actualites\/#organization\"},\"potentialAction\":[{\"@type\":\"SearchAction\",\"target\":{\"@type\":\"EntryPoint\",\"urlTemplate\":\"https:\/\/footdavant.fr\/actualites\/?s={search_term_string}\"},\"query-input\":\"required name=search_term_string\"}],\"inLanguage\":\"fr-FR\"},{\"@type\":\"Organization\",\"@id\":\"https:\/\/footdavant.fr\/actualites\/#organization\",\"name\":\"Foot d'avant\",\"url\":\"https:\/\/footdavant.fr\/actualites\/\",\"logo\":{\"@type\":\"ImageObject\",\"inLanguage\":\"fr-FR\",\"@id\":\"https:\/\/footdavant.fr\/actualites\/#\/schema\/logo\/image\/\",\"url\":\"https:\/\/footdavant.fr\/actualites\/wp-content\/uploads\/2023\/09\/Copy-of-FootDavant-Logo.png\",\"contentUrl\":\"https:\/\/footdavant.fr\/actualites\/wp-content\/uploads\/2023\/09\/Copy-of-FootDavant-Logo.png\",\"width\":936,\"height\":549,\"caption\":\"Foot d'avant\"},\"image\":{\"@id\":\"https:\/\/footdavant.fr\/actualites\/#\/schema\/logo\/image\/\"},\"sameAs\":[\"https:\/\/www.facebook.com\/Footdavant\/\",\"https:\/\/twitter.com\/FootdavantFr\",\"https:\/\/www.instagram.com\/footdavant.fr\/\"]},{\"@type\":\"Person\",\"@id\":\"https:\/\/footdavant.fr\/actualites\/#\/schema\/person\/bc222566d95871b37e597b3ed3ba5e1d\",\"name\":\"Cl\u00e9ment\",\"image\":{\"@type\":\"ImageObject\",\"inLanguage\":\"fr-FR\",\"@id\":\"https:\/\/footdavant.fr\/actualites\/#\/schema\/person\/image\/\",\"url\":\"https:\/\/secure.gravatar.com\/avatar\/7728b29aac2719421e1a9159b2254c44?s=96&d=mm&r=g\",\"contentUrl\":\"https:\/\/secure.gravatar.com\/avatar\/7728b29aac2719421e1a9159b2254c44?s=96&d=mm&r=g\",\"caption\":\"Cl\u00e9ment\"},\"sameAs\":[\"https:\/\/footdavant.fr\/\"]}]}<\/script>\n<!-- \/ Yoast SEO plugin. -->","yoast_head_json":{"title":"Manchester City \u00ab rejoint la course pour Nico Williams \u00bb","robots":{"index":"index","follow":"follow","max-snippet":"max-snippet:-1","max-image-preview":"max-image-preview:large","max-video-preview":"max-video-preview:-1"},"canonical":"https:\/\/footdavant.fr\/actualites\/manchester-city-rejoint-la-course-pour-nico-williams\/","og_locale":"fr_FR","og_type":"article","og_title":"Manchester City \u00ab rejoint la course pour Nico Williams \u00bb","og_description":"Manchester City est le prochain club \u00e0 s&rsquo;int\u00e9resser d\u00e9sormais au jeune de l&rsquo;Athletic Bilbao, Nico Williams, selon un rapport. Manchester City auraient rejoint la course","og_url":"https:\/\/footdavant.fr\/actualites\/manchester-city-rejoint-la-course-pour-nico-williams\/","og_site_name":"Foot d&#039;avant","article_publisher":"https:\/\/www.facebook.com\/Footdavant\/","article_published_time":"2023-11-22T22:01:14+00:00","article_modified_time":"2023-11-22T22:01:15+00:00","og_image":[{"width":640,"height":480,"url":"https:\/\/footdavant.fr\/actualites\/wp-content\/uploads\/2023\/11\/Manchester-City-rejoint-la-course-pour-Nico-Williams.jpg","type":"image\/jpeg"}],"author":"Cl\u00e9ment","twitter_card":"summary_large_image","twitter_creator":"@FootdavantFr","twitter_site":"@FootdavantFr","twitter_misc":{"\u00c9crit par":"Cl\u00e9ment","Dur\u00e9e de lecture estim\u00e9e":"2 minutes"},"schema":{"@context":"https:\/\/schema.org","@graph":[{"@type":"Article","@id":"https:\/\/footdavant.fr\/actualites\/manchester-city-rejoint-la-course-pour-nico-williams\/#article","isPartOf":{"@id":"https:\/\/footdavant.fr\/actualites\/manchester-city-rejoint-la-course-pour-nico-williams\/"},"author":{"name":"Cl\u00e9ment","@id":"https:\/\/footdavant.fr\/actualites\/#\/schema\/person\/bc222566d95871b37e597b3ed3ba5e1d"},"headline":"Manchester City \u00ab rejoint la course pour Nico Williams \u00bb","datePublished":"2023-11-22T22:01:14+00:00","dateModified":"2023-11-22T22:01:15+00:00","mainEntityOfPage":{"@id":"https:\/\/footdavant.fr\/actualites\/manchester-city-rejoint-la-course-pour-nico-williams\/"},"wordCount":440,"publisher":{"@id":"https:\/\/footdavant.fr\/actualites\/#organization"},"keywords":["City","Manchester","Nico","pour","rejoint","Williams"],"articleSection":["Premier League"],"inLanguage":"fr-FR"},{"@type":"WebPage","@id":"https:\/\/footdavant.fr\/actualites\/manchester-city-rejoint-la-course-pour-nico-williams\/","url":"https:\/\/footdavant.fr\/actualites\/manchester-city-rejoint-la-course-pour-nico-williams\/","name":"Manchester City \u00ab rejoint la course pour Nico Williams \u00bb","isPartOf":{"@id":"https:\/\/footdavant.fr\/actualites\/#website"},"datePublished":"2023-11-22T22:01:14+00:00","dateModified":"2023-11-22T22:01:15+00:00","breadcrumb":{"@id":"https:\/\/footdavant.fr\/actualites\/manchester-city-rejoint-la-course-pour-nico-williams\/#breadcrumb"},"inLanguage":"fr-FR","potentialAction":[{"@type":"ReadAction","target":["https:\/\/footdavant.fr\/actualites\/manchester-city-rejoint-la-course-pour-nico-williams\/"]}]},{"@type":"BreadcrumbList","@id":"https:\/\/footdavant.fr\/actualites\/manchester-city-rejoint-la-course-pour-nico-williams\/#breadcrumb","itemListElement":[{"@type":"ListItem","position":1,"name":"Accueil","item":"https:\/\/footdavant.fr\/actualites\/"},{"@type":"ListItem","position":2,"name":"Manchester City \u00ab rejoint la course pour Nico Williams \u00bb"}]},{"@type":"WebSite","@id":"https:\/\/footdavant.fr\/actualites\/#website","url":"https:\/\/footdavant.fr\/actualites\/","name":"Foot d'avant","description":"","publisher":{"@id":"https:\/\/footdavant.fr\/actualites\/#organization"},"potentialAction":[{"@type":"SearchAction","target":{"@type":"EntryPoint","urlTemplate":"https:\/\/footdavant.fr\/actualites\/?s={search_term_string}"},"query-input":"required name=search_term_string"}],"inLanguage":"fr-FR"},{"@type":"Organization","@id":"https:\/\/footdavant.fr\/actualites\/#organization","name":"Foot d'avant","url":"https:\/\/footdavant.fr\/actualites\/","logo":{"@type":"ImageObject","inLanguage":"fr-FR","@id":"https:\/\/footdavant.fr\/actualites\/#\/schema\/logo\/image\/","url":"https:\/\/footdavant.fr\/actualites\/wp-content\/uploads\/2023\/09\/Copy-of-FootDavant-Logo.png","contentUrl":"https:\/\/footdavant.fr\/actualites\/wp-content\/uploads\/2023\/09\/Copy-of-FootDavant-Logo.png","width":936,"height":549,"caption":"Foot d'avant"},"image":{"@id":"https:\/\/footdavant.fr\/actualites\/#\/schema\/logo\/image\/"},"sameAs":["https:\/\/www.facebook.com\/Footdavant\/","https:\/\/twitter.com\/FootdavantFr","https:\/\/www.instagram.com\/footdavant.fr\/"]},{"@type":"Person","@id":"https:\/\/footdavant.fr\/actualites\/#\/schema\/person\/bc222566d95871b37e597b3ed3ba5e1d","name":"Cl\u00e9ment","image":{"@type":"ImageObject","inLanguage":"fr-FR","@id":"https:\/\/footdavant.fr\/actualites\/#\/schema\/person\/image\/","url":"https:\/\/secure.gravatar.com\/avatar\/7728b29aac2719421e1a9159b2254c44?s=96&d=mm&r=g","contentUrl":"https:\/\/secure.gravatar.com\/avatar\/7728b29aac2719421e1a9159b2254c44?s=96&d=mm&r=g","caption":"Cl\u00e9ment"},"sameAs":["https:\/\/footdavant.fr\/"]}]}},"_links":{"self":[{"href":"https:\/\/footdavant.fr\/actualites\/wp-json\/wp\/v2\/posts\/1285"}],"collection":[{"href":"https:\/\/footdavant.fr\/actualites\/wp-json\/wp\/v2\/posts"}],"about":[{"href":"https:\/\/footdavant.fr\/actualites\/wp-json\/wp\/v2\/types\/post"}],"author":[{"embeddable":true,"href":"https:\/\/footdavant.fr\/actualites\/wp-json\/wp\/v2\/users\/1"}],"replies":[{"embeddable":true,"href":"https:\/\/footdavant.fr\/actualites\/wp-json\/wp\/v2\/comments?post=1285"}],"version-history":[{"count":1,"href":"https:\/\/footdavant.fr\/actualites\/wp-json\/wp\/v2\/posts\/1285\/revisions"}],"predecessor-version":[{"id":1287,"href":"https:\/\/footdavant.fr\/actualites\/wp-json\/wp\/v2\/posts\/1285\/revisions\/1287"}],"wp:featuredmedia":[{"embeddable":true,"href":"https:\/\/footdavant.fr\/actualites\/wp-json\/wp\/v2\/media\/1286"}],"wp:attachment":[{"href":"https:\/\/footdavant.fr\/actualites\/wp-json\/wp\/v2\/media?parent=1285"}],"wp:term":[{"taxonomy":"category","embeddable":true,"href":"https:\/\/footdavant.fr\/actualites\/wp-json\/wp\/v2\/categories?post=1285"},{"taxonomy":"post_tag","embeddable":true,"href":"https:\/\/footdavant.fr\/actualites\/wp-json\/wp\/v2\/tags?post=1285"}],"curies":[{"name":"wp","href":"https:\/\/api.w.org\/{rel}","templated":true}]}}